{"id":12538,"date":"2024-05-31T10:48:15","date_gmt":"2024-05-31T08:48:15","guid":{"rendered":"https:\/\/www.emplea-te.com\/noticias-oposiciones\/?p=12538"},"modified":"2024-05-31T10:48:15","modified_gmt":"2024-05-31T08:48:15","slug":"ayuntamiento-de-san-sebastian-de-los-reyes-convocatoria-de-4-plazas-de-tecnico-de-gestion-a2-por-turno-libre","status":"publish","type":"post","link":"https:\/\/www.emplea-te.com\/noticias-oposiciones\/ayuntamiento-de-san-sebastian-de-los-reyes-convocatoria-de-4-plazas-de-tecnico-de-gestion-a2-por-turno-libre\/","title":{"rendered":"Ayuntamiento de San Sebasti\u00e1n de los Reyes. Convocatoria de 4 plazas de T\u00e9cnico de Gesti\u00f3n A2 por turno libre."},"content":{"rendered":"<p>Se publica en el BOCM de hoy, d\u00eda 31 de mayo de 2024, el\u00a0 Acuerdo para la ampliaci\u00f3n de plazas en los procesos selectivos de T\u00e9cnico\/a Administraci\u00f3n General y de T\u00e9cnico\/a de Gesti\u00f3n del Ayuntamiento de San Sebasti\u00e1n de los Reyes.<\/p>\n<p><strong>Ampliar la convocatoria para la provisi\u00f3n de dos plazas de T\u00e9cnico\/a de Gesti\u00f3n, encuadradas en el Grupo A, subgrupo A2,<\/strong> de la Subescala T\u00e9cnica y Escala de Administraci\u00f3n General, publicadas en el BOLET\u00cdN OFICIAL DE LA COMUNIDAD DE MADRID n\u00famero 23, de 27 de enero de 2023, sumando nueve en lugar de dos el total de plazas incluidas y reservando cuatro al turno de promoci\u00f3n interna, como resultado de ampliar siete plazas (c\u00f3digos 1010, 1022, 1124, 1172, 30220, 30221 y 30222) de personal funcionario de carrera, <strong>cuatro al turno libre<\/strong> y tres al turno de promoci\u00f3n interna.<\/p>\n<p>Se publicar\u00e1 el extracto de las nuevas convocatorias en el \u201cBolet\u00edn Oficial del Estado\u201d a los efectos de apertura de nuevo plazo de presentaci\u00f3n de solicitudes en ambos procesos, tanto para el turno libre como para el turno de promoci\u00f3n interna, manteniendo la vigencia de las solicitudes presentadas.<\/p>\n<p><a href=\"https:\/\/www.bocm.es\/boletin\/CM_Orden_BOCM\/2024\/05\/31\/BOCM-20240531-70.PDF\" target=\"_blank\" rel=\"noopener\"><strong>Accede a la modificaci\u00f3n de estas convocatorias publicado en el BOCM de hoy.\u00a0<\/strong><\/a><\/p>\n","protected":false},"excerpt":{"rendered":"<p>Se publica en el BOCM de hoy, d\u00eda 31 de mayo de 2024, el\u00a0 Acuerdo para la ampliaci\u00f3n de plazas en los procesos selectivos de T\u00e9cnico\/a Administraci\u00f3n General y de T\u00e9cnico\/a de Gesti\u00f3n del Ayuntamiento de San Sebasti\u00e1n de los Reyes. Ampliar la convocatoria para la provisi\u00f3n de dos plazas de T\u00e9cnico\/a de Gesti\u00f3n, encuadradas &hellip; <a href=\"https:\/\/www.emplea-te.com\/noticias-oposiciones\/ayuntamiento-de-san-sebastian-de-los-reyes-convocatoria-de-4-plazas-de-tecnico-de-gestion-a2-por-turno-libre\/\" class=\"more-link\">Continuar leyendo<span class=\"screen-reader-text\"> \u00abAyuntamiento de San Sebasti\u00e1n de los Reyes. Convocatoria de 4 plazas de T\u00e9cnico de Gesti\u00f3n A2 por turno libre.\u00bb<\/span><\/a><\/p>\n","protected":false},"author":1,"featured_media":0,"comment_status":"closed","ping_status":"closed","sticky":false,"template":"","format":"standard","meta":{"footnotes":""},"categories":[115,109],"tags":[117,103],"class_list":["post-12538","post","type-post","status-publish","format-standard","hentry","category-convocatoria-ayuntamientos","category-oposiciones-madrid","tag-anuncio-de-convocatoria","tag-informacion-procesos-selectivos"],"yoast_head":"<!-- This site is optimized with the Yoast SEO plugin v27.5 - https:\/\/yoast.com\/product\/yoast-seo-wordpress\/ -->\n<title>Ayuntamiento de San Sebasti\u00e1n de los Reyes. Convocatoria.<\/title>\n<meta name=\"description\" content=\"Ayuntamiento de San Sebasti\u00e1n de los Reyes. Convocatoria de 4 plazas de T\u00e9cnico de Gesti\u00f3n A2 por turno libre.\" \/>\n<meta name=\"robots\" content=\"index, follow, max-snippet:-1, max-image-preview:large, max-video-preview:-1\" \/>\n<link rel=\"canonical\" href=\"https:\/\/www.emplea-te.com\/noticias-oposiciones\/ayuntamiento-de-san-sebastian-de-los-reyes-convocatoria-de-4-plazas-de-tecnico-de-gestion-a2-por-turno-libre\/\" \/>\n<meta property=\"og:locale\" content=\"es_ES\" \/>\n<meta property=\"og:type\" content=\"article\" \/>\n<meta property=\"og:title\" content=\"Ayuntamiento de San Sebasti\u00e1n de los Reyes. Convocatoria.\" \/>\n<meta property=\"og:description\" content=\"Ayuntamiento de San Sebasti\u00e1n de los Reyes. Convocatoria de 4 plazas de T\u00e9cnico de Gesti\u00f3n A2 por turno libre.\" \/>\n<meta property=\"og:url\" content=\"https:\/\/www.emplea-te.com\/noticias-oposiciones\/ayuntamiento-de-san-sebastian-de-los-reyes-convocatoria-de-4-plazas-de-tecnico-de-gestion-a2-por-turno-libre\/\" \/>\n<meta property=\"og:site_name\" content=\"Noticas de oposiciones por Academia Emplea-te\" \/>\n<meta property=\"article:publisher\" content=\"https:\/\/www.facebook.com\/AcademiaEmpleate\/\" \/>\n<meta property=\"article:published_time\" content=\"2024-05-31T08:48:15+00:00\" \/>\n<meta name=\"author\" content=\"Empleate\" \/>\n<meta name=\"twitter:card\" content=\"summary_large_image\" \/>\n<meta name=\"twitter:creator\" content=\"@Emplea_Te\" \/>\n<meta name=\"twitter:site\" content=\"@Emplea_Te\" \/>\n<meta name=\"twitter:label1\" content=\"Escrito por\" \/>\n\t<meta name=\"twitter:data1\" content=\"Empleate\" \/>\n\t<meta name=\"twitter:label2\" content=\"Tiempo de lectura\" \/>\n\t<meta name=\"twitter:data2\" content=\"1 minuto\" \/>\n<script type=\"application\/ld+json\" class=\"yoast-schema-graph\">{\"@context\":\"https:\\\/\\\/schema.org\",\"@graph\":[{\"@type\":\"Article\",\"@id\":\"https:\\\/\\\/www.emplea-te.com\\\/noticias-oposiciones\\\/ayuntamiento-de-san-sebastian-de-los-reyes-convocatoria-de-4-plazas-de-tecnico-de-gestion-a2-por-turno-libre\\\/#article\",\"isPartOf\":{\"@id\":\"https:\\\/\\\/www.emplea-te.com\\\/noticias-oposiciones\\\/ayuntamiento-de-san-sebastian-de-los-reyes-convocatoria-de-4-plazas-de-tecnico-de-gestion-a2-por-turno-libre\\\/\"},\"author\":{\"name\":\"Empleate\",\"@id\":\"https:\\\/\\\/www.emplea-te.com\\\/noticias-oposiciones\\\/#\\\/schema\\\/person\\\/d1bc587e1af2b95e9c32aba1795509a6\"},\"headline\":\"Ayuntamiento de San Sebasti\u00e1n de los Reyes. Convocatoria de 4 plazas de T\u00e9cnico de Gesti\u00f3n A2 por turno libre.\",\"datePublished\":\"2024-05-31T08:48:15+00:00\",\"mainEntityOfPage\":{\"@id\":\"https:\\\/\\\/www.emplea-te.com\\\/noticias-oposiciones\\\/ayuntamiento-de-san-sebastian-de-los-reyes-convocatoria-de-4-plazas-de-tecnico-de-gestion-a2-por-turno-libre\\\/\"},\"wordCount\":232,\"publisher\":{\"@id\":\"https:\\\/\\\/www.emplea-te.com\\\/noticias-oposiciones\\\/#organization\"},\"keywords\":[\"Anuncio de convocatoria\",\"Informaci\u00f3n procesos selectivos\"],\"articleSection\":[\"CONVOCATORIA AYUNTAMIENTOS\",\"Oposiciones Madrid.\"],\"inLanguage\":\"es\"},{\"@type\":\"WebPage\",\"@id\":\"https:\\\/\\\/www.emplea-te.com\\\/noticias-oposiciones\\\/ayuntamiento-de-san-sebastian-de-los-reyes-convocatoria-de-4-plazas-de-tecnico-de-gestion-a2-por-turno-libre\\\/\",\"url\":\"https:\\\/\\\/www.emplea-te.com\\\/noticias-oposiciones\\\/ayuntamiento-de-san-sebastian-de-los-reyes-convocatoria-de-4-plazas-de-tecnico-de-gestion-a2-por-turno-libre\\\/\",\"name\":\"Ayuntamiento de San Sebasti\u00e1n de los Reyes. Convocatoria.\",\"isPartOf\":{\"@id\":\"https:\\\/\\\/www.emplea-te.com\\\/noticias-oposiciones\\\/#website\"},\"datePublished\":\"2024-05-31T08:48:15+00:00\",\"description\":\"Ayuntamiento de San Sebasti\u00e1n de los Reyes. Convocatoria de 4 plazas de T\u00e9cnico de Gesti\u00f3n A2 por turno libre.\",\"breadcrumb\":{\"@id\":\"https:\\\/\\\/www.emplea-te.com\\\/noticias-oposiciones\\\/ayuntamiento-de-san-sebastian-de-los-reyes-convocatoria-de-4-plazas-de-tecnico-de-gestion-a2-por-turno-libre\\\/#breadcrumb\"},\"inLanguage\":\"es\",\"potentialAction\":[{\"@type\":\"ReadAction\",\"target\":[\"https:\\\/\\\/www.emplea-te.com\\\/noticias-oposiciones\\\/ayuntamiento-de-san-sebastian-de-los-reyes-convocatoria-de-4-plazas-de-tecnico-de-gestion-a2-por-turno-libre\\\/\"]}]},{\"@type\":\"BreadcrumbList\",\"@id\":\"https:\\\/\\\/www.emplea-te.com\\\/noticias-oposiciones\\\/ayuntamiento-de-san-sebastian-de-los-reyes-convocatoria-de-4-plazas-de-tecnico-de-gestion-a2-por-turno-libre\\\/#breadcrumb\",\"itemListElement\":[{\"@type\":\"ListItem\",\"position\":1,\"name\":\"Noticias Oposiciones\",\"item\":\"https:\\\/\\\/www.emplea-te.com\\\/noticias-oposiciones\\\/\"},{\"@type\":\"ListItem\",\"position\":2,\"name\":\"Oposiciones Madrid.\",\"item\":\"https:\\\/\\\/www.emplea-te.com\\\/noticias-oposiciones\\\/categoria\\\/oposiciones-madrid\\\/\"},{\"@type\":\"ListItem\",\"position\":3,\"name\":\"Ayuntamiento de San Sebasti\u00e1n de los Reyes. Convocatoria de 4 plazas de T\u00e9cnico de Gesti\u00f3n A2 por turno libre.\"}]},{\"@type\":\"WebSite\",\"@id\":\"https:\\\/\\\/www.emplea-te.com\\\/noticias-oposiciones\\\/#website\",\"url\":\"https:\\\/\\\/www.emplea-te.com\\\/noticias-oposiciones\\\/\",\"name\":\"Noticas de oposiciones por Academia Emplea-te\",\"description\":\"Toda la actualidad de las ofertas y convocatorias.\",\"publisher\":{\"@id\":\"https:\\\/\\\/www.emplea-te.com\\\/noticias-oposiciones\\\/#organization\"},\"potentialAction\":[{\"@type\":\"SearchAction\",\"target\":{\"@type\":\"EntryPoint\",\"urlTemplate\":\"https:\\\/\\\/www.emplea-te.com\\\/noticias-oposiciones\\\/?s={search_term_string}\"},\"query-input\":{\"@type\":\"PropertyValueSpecification\",\"valueRequired\":true,\"valueName\":\"search_term_string\"}}],\"inLanguage\":\"es\"},{\"@type\":\"Organization\",\"@id\":\"https:\\\/\\\/www.emplea-te.com\\\/noticias-oposiciones\\\/#organization\",\"name\":\"Academia de oposiciones Empl\u00e9ate\",\"url\":\"https:\\\/\\\/www.emplea-te.com\\\/noticias-oposiciones\\\/\",\"logo\":{\"@type\":\"ImageObject\",\"inLanguage\":\"es\",\"@id\":\"https:\\\/\\\/www.emplea-te.com\\\/noticias-oposiciones\\\/#\\\/schema\\\/logo\\\/image\\\/\",\"url\":\"https:\\\/\\\/www.emplea-te.com\\\/noticias-oposiciones\\\/wp-content\\\/uploads\\\/2019\\\/04\\\/empleate.jpg\",\"contentUrl\":\"https:\\\/\\\/www.emplea-te.com\\\/noticias-oposiciones\\\/wp-content\\\/uploads\\\/2019\\\/04\\\/empleate.jpg\",\"width\":250,\"height\":150,\"caption\":\"Academia de oposiciones Empl\u00e9ate\"},\"image\":{\"@id\":\"https:\\\/\\\/www.emplea-te.com\\\/noticias-oposiciones\\\/#\\\/schema\\\/logo\\\/image\\\/\"},\"sameAs\":[\"https:\\\/\\\/www.facebook.com\\\/AcademiaEmpleate\\\/\",\"https:\\\/\\\/x.com\\\/Emplea_Te\",\"https:\\\/\\\/www.instagram.com\\\/academia_empleate\\\/\"]},{\"@type\":\"Person\",\"@id\":\"https:\\\/\\\/www.emplea-te.com\\\/noticias-oposiciones\\\/#\\\/schema\\\/person\\\/d1bc587e1af2b95e9c32aba1795509a6\",\"name\":\"Empleate\"}]}<\/script>\n<!-- \/ Yoast SEO plugin. -->","yoast_head_json":{"title":"Ayuntamiento de San Sebasti\u00e1n de los Reyes. Convocatoria.","description":"Ayuntamiento de San Sebasti\u00e1n de los Reyes. Convocatoria de 4 plazas de T\u00e9cnico de Gesti\u00f3n A2 por turno libre.","robots":{"index":"index","follow":"follow","max-snippet":"max-snippet:-1","max-image-preview":"max-image-preview:large","max-video-preview":"max-video-preview:-1"},"canonical":"https:\/\/www.emplea-te.com\/noticias-oposiciones\/ayuntamiento-de-san-sebastian-de-los-reyes-convocatoria-de-4-plazas-de-tecnico-de-gestion-a2-por-turno-libre\/","og_locale":"es_ES","og_type":"article","og_title":"Ayuntamiento de San Sebasti\u00e1n de los Reyes. Convocatoria.","og_description":"Ayuntamiento de San Sebasti\u00e1n de los Reyes. Convocatoria de 4 plazas de T\u00e9cnico de Gesti\u00f3n A2 por turno libre.","og_url":"https:\/\/www.emplea-te.com\/noticias-oposiciones\/ayuntamiento-de-san-sebastian-de-los-reyes-convocatoria-de-4-plazas-de-tecnico-de-gestion-a2-por-turno-libre\/","og_site_name":"Noticas de oposiciones por Academia Emplea-te","article_publisher":"https:\/\/www.facebook.com\/AcademiaEmpleate\/","article_published_time":"2024-05-31T08:48:15+00:00","author":"Empleate","twitter_card":"summary_large_image","twitter_creator":"@Emplea_Te","twitter_site":"@Emplea_Te","twitter_misc":{"Escrito por":"Empleate","Tiempo de lectura":"1 minuto"},"schema":{"@context":"https:\/\/schema.org","@graph":[{"@type":"Article","@id":"https:\/\/www.emplea-te.com\/noticias-oposiciones\/ayuntamiento-de-san-sebastian-de-los-reyes-convocatoria-de-4-plazas-de-tecnico-de-gestion-a2-por-turno-libre\/#article","isPartOf":{"@id":"https:\/\/www.emplea-te.com\/noticias-oposiciones\/ayuntamiento-de-san-sebastian-de-los-reyes-convocatoria-de-4-plazas-de-tecnico-de-gestion-a2-por-turno-libre\/"},"author":{"name":"Empleate","@id":"https:\/\/www.emplea-te.com\/noticias-oposiciones\/#\/schema\/person\/d1bc587e1af2b95e9c32aba1795509a6"},"headline":"Ayuntamiento de San Sebasti\u00e1n de los Reyes. Convocatoria de 4 plazas de T\u00e9cnico de Gesti\u00f3n A2 por turno libre.","datePublished":"2024-05-31T08:48:15+00:00","mainEntityOfPage":{"@id":"https:\/\/www.emplea-te.com\/noticias-oposiciones\/ayuntamiento-de-san-sebastian-de-los-reyes-convocatoria-de-4-plazas-de-tecnico-de-gestion-a2-por-turno-libre\/"},"wordCount":232,"publisher":{"@id":"https:\/\/www.emplea-te.com\/noticias-oposiciones\/#organization"},"keywords":["Anuncio de convocatoria","Informaci\u00f3n procesos selectivos"],"articleSection":["CONVOCATORIA AYUNTAMIENTOS","Oposiciones Madrid."],"inLanguage":"es"},{"@type":"WebPage","@id":"https:\/\/www.emplea-te.com\/noticias-oposiciones\/ayuntamiento-de-san-sebastian-de-los-reyes-convocatoria-de-4-plazas-de-tecnico-de-gestion-a2-por-turno-libre\/","url":"https:\/\/www.emplea-te.com\/noticias-oposiciones\/ayuntamiento-de-san-sebastian-de-los-reyes-convocatoria-de-4-plazas-de-tecnico-de-gestion-a2-por-turno-libre\/","name":"Ayuntamiento de San Sebasti\u00e1n de los Reyes. Convocatoria.","isPartOf":{"@id":"https:\/\/www.emplea-te.com\/noticias-oposiciones\/#website"},"datePublished":"2024-05-31T08:48:15+00:00","description":"Ayuntamiento de San Sebasti\u00e1n de los Reyes. Convocatoria de 4 plazas de T\u00e9cnico de Gesti\u00f3n A2 por turno libre.","breadcrumb":{"@id":"https:\/\/www.emplea-te.com\/noticias-oposiciones\/ayuntamiento-de-san-sebastian-de-los-reyes-convocatoria-de-4-plazas-de-tecnico-de-gestion-a2-por-turno-libre\/#breadcrumb"},"inLanguage":"es","potentialAction":[{"@type":"ReadAction","target":["https:\/\/www.emplea-te.com\/noticias-oposiciones\/ayuntamiento-de-san-sebastian-de-los-reyes-convocatoria-de-4-plazas-de-tecnico-de-gestion-a2-por-turno-libre\/"]}]},{"@type":"BreadcrumbList","@id":"https:\/\/www.emplea-te.com\/noticias-oposiciones\/ayuntamiento-de-san-sebastian-de-los-reyes-convocatoria-de-4-plazas-de-tecnico-de-gestion-a2-por-turno-libre\/#breadcrumb","itemListElement":[{"@type":"ListItem","position":1,"name":"Noticias Oposiciones","item":"https:\/\/www.emplea-te.com\/noticias-oposiciones\/"},{"@type":"ListItem","position":2,"name":"Oposiciones Madrid.","item":"https:\/\/www.emplea-te.com\/noticias-oposiciones\/categoria\/oposiciones-madrid\/"},{"@type":"ListItem","position":3,"name":"Ayuntamiento de San Sebasti\u00e1n de los Reyes. Convocatoria de 4 plazas de T\u00e9cnico de Gesti\u00f3n A2 por turno libre."}]},{"@type":"WebSite","@id":"https:\/\/www.emplea-te.com\/noticias-oposiciones\/#website","url":"https:\/\/www.emplea-te.com\/noticias-oposiciones\/","name":"Noticas de oposiciones por Academia Emplea-te","description":"Toda la actualidad de las ofertas y convocatorias.","publisher":{"@id":"https:\/\/www.emplea-te.com\/noticias-oposiciones\/#organization"},"potentialAction":[{"@type":"SearchAction","target":{"@type":"EntryPoint","urlTemplate":"https:\/\/www.emplea-te.com\/noticias-oposiciones\/?s={search_term_string}"},"query-input":{"@type":"PropertyValueSpecification","valueRequired":true,"valueName":"search_term_string"}}],"inLanguage":"es"},{"@type":"Organization","@id":"https:\/\/www.emplea-te.com\/noticias-oposiciones\/#organization","name":"Academia de oposiciones Empl\u00e9ate","url":"https:\/\/www.emplea-te.com\/noticias-oposiciones\/","logo":{"@type":"ImageObject","inLanguage":"es","@id":"https:\/\/www.emplea-te.com\/noticias-oposiciones\/#\/schema\/logo\/image\/","url":"https:\/\/www.emplea-te.com\/noticias-oposiciones\/wp-content\/uploads\/2019\/04\/empleate.jpg","contentUrl":"https:\/\/www.emplea-te.com\/noticias-oposiciones\/wp-content\/uploads\/2019\/04\/empleate.jpg","width":250,"height":150,"caption":"Academia de oposiciones Empl\u00e9ate"},"image":{"@id":"https:\/\/www.emplea-te.com\/noticias-oposiciones\/#\/schema\/logo\/image\/"},"sameAs":["https:\/\/www.facebook.com\/AcademiaEmpleate\/","https:\/\/x.com\/Emplea_Te","https:\/\/www.instagram.com\/academia_empleate\/"]},{"@type":"Person","@id":"https:\/\/www.emplea-te.com\/noticias-oposiciones\/#\/schema\/person\/d1bc587e1af2b95e9c32aba1795509a6","name":"Empleate"}]}},"_links":{"self":[{"href":"https:\/\/www.emplea-te.com\/noticias-oposiciones\/wp-json\/wp\/v2\/posts\/12538","targetHints":{"allow":["GET"]}}],"collection":[{"href":"https:\/\/www.emplea-te.com\/noticias-oposiciones\/wp-json\/wp\/v2\/posts"}],"about":[{"href":"https:\/\/www.emplea-te.com\/noticias-oposiciones\/wp-json\/wp\/v2\/types\/post"}],"author":[{"embeddable":true,"href":"https:\/\/www.emplea-te.com\/noticias-oposiciones\/wp-json\/wp\/v2\/users\/1"}],"replies":[{"embeddable":true,"href":"https:\/\/www.emplea-te.com\/noticias-oposiciones\/wp-json\/wp\/v2\/comments?post=12538"}],"version-history":[{"count":1,"href":"https:\/\/www.emplea-te.com\/noticias-oposiciones\/wp-json\/wp\/v2\/posts\/12538\/revisions"}],"predecessor-version":[{"id":12539,"href":"https:\/\/www.emplea-te.com\/noticias-oposiciones\/wp-json\/wp\/v2\/posts\/12538\/revisions\/12539"}],"wp:attachment":[{"href":"https:\/\/www.emplea-te.com\/noticias-oposiciones\/wp-json\/wp\/v2\/media?parent=12538"}],"wp:term":[{"taxonomy":"category","embeddable":true,"href":"https:\/\/www.emplea-te.com\/noticias-oposiciones\/wp-json\/wp\/v2\/categories?post=12538"},{"taxonomy":"post_tag","embeddable":true,"href":"https:\/\/www.emplea-te.com\/noticias-oposiciones\/wp-json\/wp\/v2\/tags?post=12538"}],"curies":[{"name":"wp","href":"https:\/\/api.w.org\/{rel}","templated":true}]}}