{"id":1256,"date":"2018-10-26T00:00:00","date_gmt":"2018-10-25T22:00:00","guid":{"rendered":"https:\/\/www.emplea-te.com\/noticias-oposiciones\/correos-se-ve-obligada-a-asumir-la-impugnacion-de-la-cgt-y-anular-12-preguntas\/"},"modified":"2018-10-26T00:00:00","modified_gmt":"2018-10-25T22:00:00","slug":"correos-se-ve-obligada-a-asumir-la-impugnacion-de-la-cgt-y-anular-12-preguntas","status":"publish","type":"post","link":"https:\/\/www.emplea-te.com\/noticias-oposiciones\/correos-se-ve-obligada-a-asumir-la-impugnacion-de-la-cgt-y-anular-12-preguntas\/","title":{"rendered":"<br>Correos se ve obligada a asumir la impugnaci\u00f3n de la CGT y anular 12 preguntas"},"content":{"rendered":"<p>El \ufffdrgano de Selecci\u00f3n del Examen, que est\u00e1 formado por 6 miembros de la empresa y 4 representantes de CCOO, UGT, CSIF y SINDICATO LIBRE, acaban de reconocer que dise\u00f1aron un examen extraordinario dopado con 11 preguntas repetidas del examen llevado a cabo el d\u00eda 30 de Septiembre.<\/p>\n<p>Este mismo \ufffd\u00bbrgano, es quien ha decidido quienes hac\u00edan la prueba extraordinaria del 21 de octubre tras valorar la documentaci\u00f3n aportada por el\/la canditato\/a. <\/p>\n<p><a href=\"\"http:\/\/www.cgtcorreosfederal.es\/blog\/denunciascgt-chapuza-correos-se-ve-obligada-asumir-la-impugnaci%C3%B3n-de-cgt-anula-12-preguntas\"\" target=\"\"_blank\"\" rel=\"noopener noreferrer\"nofollow\"\"><span class=\"\"wysiwyg-color-green\"\">Pod\u00e9is leer aqu\u00ed, las alegaciones y tambi\u00e9n el escrito que se present\u00f3 a la Mesa del Congreso de los Diputados.<\/span><\/a><span class=\"\"wysiwyg-color-green\"\"> <\/span><\/p>\n<p>\u00ab<\/p>\n","protected":false},"excerpt":{"rendered":"<p>El \ufffdrgano de Selecci\u00f3n del Examen, que est\u00e1 formado por 6 miembros de la empresa y 4 representantes de CCOO, UGT, CSIF y SINDICATO LIBRE, acaban de reconocer que dise\u00f1aron un examen extraordinario dopado con 11 preguntas repetidas del examen llevado a cabo el d\u00eda 30 de Septiembre. Este mismo \ufffd\u00bbrgano, es quien ha decidido &hellip; <a href=\"https:\/\/www.emplea-te.com\/noticias-oposiciones\/correos-se-ve-obligada-a-asumir-la-impugnacion-de-la-cgt-y-anular-12-preguntas\/\" class=\"more-link\">Continuar leyendo<span class=\"screen-reader-text\"> \u00ab<br \/>Correos se ve obligada a asumir la impugnaci\u00f3n de la CGT y anular 12 preguntas\u00bb<\/span><\/a><\/p>\n","protected":false},"author":1,"featured_media":0,"comment_status":"open","ping_status":"open","sticky":false,"template":"","format":"standard","meta":{"footnotes":""},"categories":[],"tags":[],"class_list":["post-1256","post","type-post","status-publish","format-standard","hentry"],"yoast_head":"<!-- This site is optimized with the Yoast SEO plugin v27.3 - https:\/\/yoast.com\/product\/yoast-seo-wordpress\/ -->\n<title>Correos se ve obligada a asumir la impugnaci\u00f3n de la CGT y anular 12 preguntas - Noticas de oposiciones por Academia Emplea-te<\/title>\n<meta name=\"description\" content=\"Correos se ve obligada a asumir la impugnaci\u00f3n de la CGT y anular 12 preguntas. Enlace a nota informativa y documento presentado a la Mesa de los Diputados.\" \/>\n<meta name=\"robots\" content=\"index, follow, max-snippet:-1, max-image-preview:large, max-video-preview:-1\" \/>\n<link rel=\"canonical\" href=\"https:\/\/www.emplea-te.com\/noticias-oposiciones\/correos-se-ve-obligada-a-asumir-la-impugnacion-de-la-cgt-y-anular-12-preguntas\/\" \/>\n<meta property=\"og:locale\" content=\"es_ES\" \/>\n<meta property=\"og:type\" content=\"article\" \/>\n<meta property=\"og:title\" content=\"Correos se ve obligada a asumir la impugnaci\u00f3n de la CGT y anular 12 preguntas - Noticas de oposiciones por Academia Emplea-te\" \/>\n<meta property=\"og:description\" content=\"Correos se ve obligada a asumir la impugnaci\u00f3n de la CGT y anular 12 preguntas. Enlace a nota informativa y documento presentado a la Mesa de los Diputados.\" \/>\n<meta property=\"og:url\" content=\"https:\/\/www.emplea-te.com\/noticias-oposiciones\/correos-se-ve-obligada-a-asumir-la-impugnacion-de-la-cgt-y-anular-12-preguntas\/\" \/>\n<meta property=\"og:site_name\" content=\"Noticas de oposiciones por Academia Emplea-te\" \/>\n<meta property=\"article:publisher\" content=\"https:\/\/www.facebook.com\/AcademiaEmpleate\/\" \/>\n<meta property=\"article:published_time\" content=\"2018-10-25T22:00:00+00:00\" \/>\n<meta name=\"author\" content=\"Empleate\" \/>\n<meta name=\"twitter:card\" content=\"summary_large_image\" \/>\n<meta name=\"twitter:creator\" content=\"@Emplea_Te\" \/>\n<meta name=\"twitter:site\" content=\"@Emplea_Te\" \/>\n<meta name=\"twitter:label1\" content=\"Escrito por\" \/>\n\t<meta name=\"twitter:data1\" content=\"Empleate\" \/>\n<script type=\"application\/ld+json\" class=\"yoast-schema-graph\">{\"@context\":\"https:\\\/\\\/schema.org\",\"@graph\":[{\"@type\":\"Article\",\"@id\":\"https:\\\/\\\/www.emplea-te.com\\\/noticias-oposiciones\\\/correos-se-ve-obligada-a-asumir-la-impugnacion-de-la-cgt-y-anular-12-preguntas\\\/#article\",\"isPartOf\":{\"@id\":\"https:\\\/\\\/www.emplea-te.com\\\/noticias-oposiciones\\\/correos-se-ve-obligada-a-asumir-la-impugnacion-de-la-cgt-y-anular-12-preguntas\\\/\"},\"author\":{\"name\":\"Empleate\",\"@id\":\"https:\\\/\\\/www.emplea-te.com\\\/noticias-oposiciones\\\/#\\\/schema\\\/person\\\/d1bc587e1af2b95e9c32aba1795509a6\"},\"headline\":\"Correos se ve obligada a asumir la impugnaci\u00f3n de la CGT y anular 12 preguntas\",\"datePublished\":\"2018-10-25T22:00:00+00:00\",\"mainEntityOfPage\":{\"@id\":\"https:\\\/\\\/www.emplea-te.com\\\/noticias-oposiciones\\\/correos-se-ve-obligada-a-asumir-la-impugnacion-de-la-cgt-y-anular-12-preguntas\\\/\"},\"wordCount\":111,\"commentCount\":0,\"publisher\":{\"@id\":\"https:\\\/\\\/www.emplea-te.com\\\/noticias-oposiciones\\\/#organization\"},\"inLanguage\":\"es\",\"potentialAction\":[{\"@type\":\"CommentAction\",\"name\":\"Comment\",\"target\":[\"https:\\\/\\\/www.emplea-te.com\\\/noticias-oposiciones\\\/correos-se-ve-obligada-a-asumir-la-impugnacion-de-la-cgt-y-anular-12-preguntas\\\/#respond\"]}]},{\"@type\":\"WebPage\",\"@id\":\"https:\\\/\\\/www.emplea-te.com\\\/noticias-oposiciones\\\/correos-se-ve-obligada-a-asumir-la-impugnacion-de-la-cgt-y-anular-12-preguntas\\\/\",\"url\":\"https:\\\/\\\/www.emplea-te.com\\\/noticias-oposiciones\\\/correos-se-ve-obligada-a-asumir-la-impugnacion-de-la-cgt-y-anular-12-preguntas\\\/\",\"name\":\"Correos se ve obligada a asumir la impugnaci\u00f3n de la CGT y anular 12 preguntas - Noticas de oposiciones por Academia Emplea-te\",\"isPartOf\":{\"@id\":\"https:\\\/\\\/www.emplea-te.com\\\/noticias-oposiciones\\\/#website\"},\"datePublished\":\"2018-10-25T22:00:00+00:00\",\"description\":\"Correos se ve obligada a asumir la impugnaci\u00f3n de la CGT y anular 12 preguntas. Enlace a nota informativa y documento presentado a la Mesa de los Diputados.\",\"breadcrumb\":{\"@id\":\"https:\\\/\\\/www.emplea-te.com\\\/noticias-oposiciones\\\/correos-se-ve-obligada-a-asumir-la-impugnacion-de-la-cgt-y-anular-12-preguntas\\\/#breadcrumb\"},\"inLanguage\":\"es\",\"potentialAction\":[{\"@type\":\"ReadAction\",\"target\":[\"https:\\\/\\\/www.emplea-te.com\\\/noticias-oposiciones\\\/correos-se-ve-obligada-a-asumir-la-impugnacion-de-la-cgt-y-anular-12-preguntas\\\/\"]}]},{\"@type\":\"BreadcrumbList\",\"@id\":\"https:\\\/\\\/www.emplea-te.com\\\/noticias-oposiciones\\\/correos-se-ve-obligada-a-asumir-la-impugnacion-de-la-cgt-y-anular-12-preguntas\\\/#breadcrumb\",\"itemListElement\":[{\"@type\":\"ListItem\",\"position\":1,\"name\":\"Noticias Oposiciones\",\"item\":\"https:\\\/\\\/www.emplea-te.com\\\/noticias-oposiciones\\\/\"},{\"@type\":\"ListItem\",\"position\":2,\"name\":\"Correos se ve obligada a asumir la impugnaci\u00f3n de la CGT y anular 12 preguntas\"}]},{\"@type\":\"WebSite\",\"@id\":\"https:\\\/\\\/www.emplea-te.com\\\/noticias-oposiciones\\\/#website\",\"url\":\"https:\\\/\\\/www.emplea-te.com\\\/noticias-oposiciones\\\/\",\"name\":\"Noticas de oposiciones por Academia Emplea-te\",\"description\":\"Toda la actualidad de las ofertas y convocatorias.\",\"publisher\":{\"@id\":\"https:\\\/\\\/www.emplea-te.com\\\/noticias-oposiciones\\\/#organization\"},\"potentialAction\":[{\"@type\":\"SearchAction\",\"target\":{\"@type\":\"EntryPoint\",\"urlTemplate\":\"https:\\\/\\\/www.emplea-te.com\\\/noticias-oposiciones\\\/?s={search_term_string}\"},\"query-input\":{\"@type\":\"PropertyValueSpecification\",\"valueRequired\":true,\"valueName\":\"search_term_string\"}}],\"inLanguage\":\"es\"},{\"@type\":\"Organization\",\"@id\":\"https:\\\/\\\/www.emplea-te.com\\\/noticias-oposiciones\\\/#organization\",\"name\":\"Academia de oposiciones Empl\u00e9ate\",\"url\":\"https:\\\/\\\/www.emplea-te.com\\\/noticias-oposiciones\\\/\",\"logo\":{\"@type\":\"ImageObject\",\"inLanguage\":\"es\",\"@id\":\"https:\\\/\\\/www.emplea-te.com\\\/noticias-oposiciones\\\/#\\\/schema\\\/logo\\\/image\\\/\",\"url\":\"https:\\\/\\\/www.emplea-te.com\\\/noticias-oposiciones\\\/wp-content\\\/uploads\\\/2019\\\/04\\\/empleate.jpg\",\"contentUrl\":\"https:\\\/\\\/www.emplea-te.com\\\/noticias-oposiciones\\\/wp-content\\\/uploads\\\/2019\\\/04\\\/empleate.jpg\",\"width\":250,\"height\":150,\"caption\":\"Academia de oposiciones Empl\u00e9ate\"},\"image\":{\"@id\":\"https:\\\/\\\/www.emplea-te.com\\\/noticias-oposiciones\\\/#\\\/schema\\\/logo\\\/image\\\/\"},\"sameAs\":[\"https:\\\/\\\/www.facebook.com\\\/AcademiaEmpleate\\\/\",\"https:\\\/\\\/x.com\\\/Emplea_Te\",\"https:\\\/\\\/www.instagram.com\\\/academia_empleate\\\/\"]},{\"@type\":\"Person\",\"@id\":\"https:\\\/\\\/www.emplea-te.com\\\/noticias-oposiciones\\\/#\\\/schema\\\/person\\\/d1bc587e1af2b95e9c32aba1795509a6\",\"name\":\"Empleate\"}]}<\/script>\n<!-- \/ Yoast SEO plugin. -->","yoast_head_json":{"title":"Correos se ve obligada a asumir la impugnaci\u00f3n de la CGT y anular 12 preguntas - Noticas de oposiciones por Academia Emplea-te","description":"Correos se ve obligada a asumir la impugnaci\u00f3n de la CGT y anular 12 preguntas. Enlace a nota informativa y documento presentado a la Mesa de los Diputados.","robots":{"index":"index","follow":"follow","max-snippet":"max-snippet:-1","max-image-preview":"max-image-preview:large","max-video-preview":"max-video-preview:-1"},"canonical":"https:\/\/www.emplea-te.com\/noticias-oposiciones\/correos-se-ve-obligada-a-asumir-la-impugnacion-de-la-cgt-y-anular-12-preguntas\/","og_locale":"es_ES","og_type":"article","og_title":"Correos se ve obligada a asumir la impugnaci\u00f3n de la CGT y anular 12 preguntas - Noticas de oposiciones por Academia Emplea-te","og_description":"Correos se ve obligada a asumir la impugnaci\u00f3n de la CGT y anular 12 preguntas. Enlace a nota informativa y documento presentado a la Mesa de los Diputados.","og_url":"https:\/\/www.emplea-te.com\/noticias-oposiciones\/correos-se-ve-obligada-a-asumir-la-impugnacion-de-la-cgt-y-anular-12-preguntas\/","og_site_name":"Noticas de oposiciones por Academia Emplea-te","article_publisher":"https:\/\/www.facebook.com\/AcademiaEmpleate\/","article_published_time":"2018-10-25T22:00:00+00:00","author":"Empleate","twitter_card":"summary_large_image","twitter_creator":"@Emplea_Te","twitter_site":"@Emplea_Te","twitter_misc":{"Escrito por":"Empleate"},"schema":{"@context":"https:\/\/schema.org","@graph":[{"@type":"Article","@id":"https:\/\/www.emplea-te.com\/noticias-oposiciones\/correos-se-ve-obligada-a-asumir-la-impugnacion-de-la-cgt-y-anular-12-preguntas\/#article","isPartOf":{"@id":"https:\/\/www.emplea-te.com\/noticias-oposiciones\/correos-se-ve-obligada-a-asumir-la-impugnacion-de-la-cgt-y-anular-12-preguntas\/"},"author":{"name":"Empleate","@id":"https:\/\/www.emplea-te.com\/noticias-oposiciones\/#\/schema\/person\/d1bc587e1af2b95e9c32aba1795509a6"},"headline":"Correos se ve obligada a asumir la impugnaci\u00f3n de la CGT y anular 12 preguntas","datePublished":"2018-10-25T22:00:00+00:00","mainEntityOfPage":{"@id":"https:\/\/www.emplea-te.com\/noticias-oposiciones\/correos-se-ve-obligada-a-asumir-la-impugnacion-de-la-cgt-y-anular-12-preguntas\/"},"wordCount":111,"commentCount":0,"publisher":{"@id":"https:\/\/www.emplea-te.com\/noticias-oposiciones\/#organization"},"inLanguage":"es","potentialAction":[{"@type":"CommentAction","name":"Comment","target":["https:\/\/www.emplea-te.com\/noticias-oposiciones\/correos-se-ve-obligada-a-asumir-la-impugnacion-de-la-cgt-y-anular-12-preguntas\/#respond"]}]},{"@type":"WebPage","@id":"https:\/\/www.emplea-te.com\/noticias-oposiciones\/correos-se-ve-obligada-a-asumir-la-impugnacion-de-la-cgt-y-anular-12-preguntas\/","url":"https:\/\/www.emplea-te.com\/noticias-oposiciones\/correos-se-ve-obligada-a-asumir-la-impugnacion-de-la-cgt-y-anular-12-preguntas\/","name":"Correos se ve obligada a asumir la impugnaci\u00f3n de la CGT y anular 12 preguntas - Noticas de oposiciones por Academia Emplea-te","isPartOf":{"@id":"https:\/\/www.emplea-te.com\/noticias-oposiciones\/#website"},"datePublished":"2018-10-25T22:00:00+00:00","description":"Correos se ve obligada a asumir la impugnaci\u00f3n de la CGT y anular 12 preguntas. Enlace a nota informativa y documento presentado a la Mesa de los Diputados.","breadcrumb":{"@id":"https:\/\/www.emplea-te.com\/noticias-oposiciones\/correos-se-ve-obligada-a-asumir-la-impugnacion-de-la-cgt-y-anular-12-preguntas\/#breadcrumb"},"inLanguage":"es","potentialAction":[{"@type":"ReadAction","target":["https:\/\/www.emplea-te.com\/noticias-oposiciones\/correos-se-ve-obligada-a-asumir-la-impugnacion-de-la-cgt-y-anular-12-preguntas\/"]}]},{"@type":"BreadcrumbList","@id":"https:\/\/www.emplea-te.com\/noticias-oposiciones\/correos-se-ve-obligada-a-asumir-la-impugnacion-de-la-cgt-y-anular-12-preguntas\/#breadcrumb","itemListElement":[{"@type":"ListItem","position":1,"name":"Noticias Oposiciones","item":"https:\/\/www.emplea-te.com\/noticias-oposiciones\/"},{"@type":"ListItem","position":2,"name":"Correos se ve obligada a asumir la impugnaci\u00f3n de la CGT y anular 12 preguntas"}]},{"@type":"WebSite","@id":"https:\/\/www.emplea-te.com\/noticias-oposiciones\/#website","url":"https:\/\/www.emplea-te.com\/noticias-oposiciones\/","name":"Noticas de oposiciones por Academia Emplea-te","description":"Toda la actualidad de las ofertas y convocatorias.","publisher":{"@id":"https:\/\/www.emplea-te.com\/noticias-oposiciones\/#organization"},"potentialAction":[{"@type":"SearchAction","target":{"@type":"EntryPoint","urlTemplate":"https:\/\/www.emplea-te.com\/noticias-oposiciones\/?s={search_term_string}"},"query-input":{"@type":"PropertyValueSpecification","valueRequired":true,"valueName":"search_term_string"}}],"inLanguage":"es"},{"@type":"Organization","@id":"https:\/\/www.emplea-te.com\/noticias-oposiciones\/#organization","name":"Academia de oposiciones Empl\u00e9ate","url":"https:\/\/www.emplea-te.com\/noticias-oposiciones\/","logo":{"@type":"ImageObject","inLanguage":"es","@id":"https:\/\/www.emplea-te.com\/noticias-oposiciones\/#\/schema\/logo\/image\/","url":"https:\/\/www.emplea-te.com\/noticias-oposiciones\/wp-content\/uploads\/2019\/04\/empleate.jpg","contentUrl":"https:\/\/www.emplea-te.com\/noticias-oposiciones\/wp-content\/uploads\/2019\/04\/empleate.jpg","width":250,"height":150,"caption":"Academia de oposiciones Empl\u00e9ate"},"image":{"@id":"https:\/\/www.emplea-te.com\/noticias-oposiciones\/#\/schema\/logo\/image\/"},"sameAs":["https:\/\/www.facebook.com\/AcademiaEmpleate\/","https:\/\/x.com\/Emplea_Te","https:\/\/www.instagram.com\/academia_empleate\/"]},{"@type":"Person","@id":"https:\/\/www.emplea-te.com\/noticias-oposiciones\/#\/schema\/person\/d1bc587e1af2b95e9c32aba1795509a6","name":"Empleate"}]}},"_links":{"self":[{"href":"https:\/\/www.emplea-te.com\/noticias-oposiciones\/wp-json\/wp\/v2\/posts\/1256","targetHints":{"allow":["GET"]}}],"collection":[{"href":"https:\/\/www.emplea-te.com\/noticias-oposiciones\/wp-json\/wp\/v2\/posts"}],"about":[{"href":"https:\/\/www.emplea-te.com\/noticias-oposiciones\/wp-json\/wp\/v2\/types\/post"}],"author":[{"embeddable":true,"href":"https:\/\/www.emplea-te.com\/noticias-oposiciones\/wp-json\/wp\/v2\/users\/1"}],"replies":[{"embeddable":true,"href":"https:\/\/www.emplea-te.com\/noticias-oposiciones\/wp-json\/wp\/v2\/comments?post=1256"}],"version-history":[{"count":0,"href":"https:\/\/www.emplea-te.com\/noticias-oposiciones\/wp-json\/wp\/v2\/posts\/1256\/revisions"}],"wp:attachment":[{"href":"https:\/\/www.emplea-te.com\/noticias-oposiciones\/wp-json\/wp\/v2\/media?parent=1256"}],"wp:term":[{"taxonomy":"category","embeddable":true,"href":"https:\/\/www.emplea-te.com\/noticias-oposiciones\/wp-json\/wp\/v2\/categories?post=1256"},{"taxonomy":"post_tag","embeddable":true,"href":"https:\/\/www.emplea-te.com\/noticias-oposiciones\/wp-json\/wp\/v2\/tags?post=1256"}],"curies":[{"name":"wp","href":"https:\/\/api.w.org\/{rel}","templated":true}]}}