{"id":1257,"date":"2018-10-30T00:00:00","date_gmt":"2018-10-29T23:00:00","guid":{"rendered":"https:\/\/www.emplea-te.com\/noticias-oposiciones\/el-sergas-aprobara-este-ano-una-oep-en-la-que-agotara-la-tasa-de-reposicion-antes-de-finales-de-ano\/"},"modified":"2018-10-30T00:00:00","modified_gmt":"2018-10-29T23:00:00","slug":"el-sergas-aprobara-este-ano-una-oep-en-la-que-agotara-la-tasa-de-reposicion-antes-de-finales-de-ano","status":"publish","type":"post","link":"https:\/\/www.emplea-te.com\/noticias-oposiciones\/el-sergas-aprobara-este-ano-una-oep-en-la-que-agotara-la-tasa-de-reposicion-antes-de-finales-de-ano\/","title":{"rendered":"<br>El SERGAS aprobar\u00e1 este a\u00f1o una OEP en la que agotar\u00e1 la tasa de reposici\u00f3n antes de &nbsp;finales de a\u00f1o."},"content":{"rendered":"<p>El SERGAS aprobar\u00e1 este a\u00f1o una OEP en la que agotar\u00e1 la tasa de reposici\u00f3n antes de finales de a\u00f1o. <\/p>\n<p>&nbsp;Se aprobar\u00e1 una nueva oferta p\u00fablico de emprego (OPE) en la que agotar\u00e1 la tasa de reposici\u00f3n antes de finales de este a\u00f1o., seg\u00fan anunci\u00f3 ayer el conselleiro de Sanidade, Jes\u00fas V\u00e1zquez Almui\u00f1a, en el Parlamento.<\/p>\n<p><a href=\"https:\/\/www.elcorreogallego.es\/galicia\/ecg\/sergas-aprobara-ano-nueva-ope\/idEdicion-2018-10-24\/idNoticia-1144196\/?fbclid=IwAR1A7WJNp3N4QXWKys_ggDgMrDvlILz7he8BQrvZYehTZGSg-VVfbX3PDKE\" target=\"_blank\" rel=\"nofollow noopener noreferrer\"><span class=\"wysiwyg-color-green\">Enla<\/span><\/a><a href=\"https:\/\/www.elcorreogallego.es\/galicia\/ecg\/sergas-aprobara-ano-nueva-ope\/idEdicion-2018-10-24\/idNoticia-1144196\/?fbclid=IwAR1A7WJNp3N4QXWKys_ggDgMrDvlILz7he8BQrvZYehTZGSg-VVfbX3PDKE\" target=\"_blank\" rel=\"nofollow noopener noreferrer\"><span class=\"wysiwyg-color-green\">ce al art\u00edculo del Correo Gallego<\/span><\/a><\/p>\n<p><a href=\"https:\/\/www.emplea-te.com\/11\/oposiciones-de-sanidad\" target=\"_blank\" rel=\"nofollow noopener noreferrer\"><span class=\"wysiwyg-color-green\">Informaci\u00f3n oposiciones SERGAS <\/span><\/a><\/p>\n","protected":false},"excerpt":{"rendered":"<p>El SERGAS aprobar\u00e1 este a\u00f1o una OEP en la que agotar\u00e1 la tasa de reposici\u00f3n antes de finales de a\u00f1o. &nbsp;Se aprobar\u00e1 una nueva oferta p\u00fablico de emprego (OPE) en la que agotar\u00e1 la tasa de reposici\u00f3n antes de finales de este a\u00f1o., seg\u00fan anunci\u00f3 ayer el conselleiro de Sanidade, Jes\u00fas V\u00e1zquez Almui\u00f1a, en el &hellip; <a href=\"https:\/\/www.emplea-te.com\/noticias-oposiciones\/el-sergas-aprobara-este-ano-una-oep-en-la-que-agotara-la-tasa-de-reposicion-antes-de-finales-de-ano\/\" class=\"more-link\">Continuar leyendo<span class=\"screen-reader-text\"> \u00ab<br \/>El SERGAS aprobar\u00e1 este a\u00f1o una OEP en la que agotar\u00e1 la tasa de reposici\u00f3n antes de &nbsp;finales de a\u00f1o.\u00bb<\/span><\/a><\/p>\n","protected":false},"author":1,"featured_media":0,"comment_status":"open","ping_status":"open","sticky":false,"template":"","format":"standard","meta":{"footnotes":""},"categories":[],"tags":[],"class_list":["post-1257","post","type-post","status-publish","format-standard","hentry"],"yoast_head":"<!-- This site is optimized with the Yoast SEO plugin v27.3 - https:\/\/yoast.com\/product\/yoast-seo-wordpress\/ -->\n<title>El SERGAS aprobar\u00e1 este a\u00f1o una OEP en la que agotar\u00e1 la tasa de reposici\u00f3n antes de &nbsp;finales de a\u00f1o. - Noticas de oposiciones por Academia Emplea-te<\/title>\n<meta name=\"description\" content=\"El SERGAS aprobar\u00e1 este a\u00f1o una OEP en la que agotar\u00e1 la tasa de reposici\u00f3n antes de finales de a\u00f1o. \u00a0Se aprobar\u00e1 una nueva oferta p\u00fablico de emprego (OPE) en la que agotar\u00e1 la tasa de reposici\u00f3n antes de finales de este a\u00f1o., seg\u00fan anunci\u00f3 ayer el conselleiro de Sanidade, Jes\u00fas V\u00e1zquez Almui\u00f1a, en el Parlamento.\" \/>\n<meta name=\"robots\" content=\"index, follow, max-snippet:-1, max-image-preview:large, max-video-preview:-1\" \/>\n<link rel=\"canonical\" href=\"https:\/\/www.emplea-te.com\/noticias-oposiciones\/el-sergas-aprobara-este-ano-una-oep-en-la-que-agotara-la-tasa-de-reposicion-antes-de-finales-de-ano\/\" \/>\n<meta property=\"og:locale\" content=\"es_ES\" \/>\n<meta property=\"og:type\" content=\"article\" \/>\n<meta property=\"og:title\" content=\"El SERGAS aprobar\u00e1 este a\u00f1o una OEP en la que agotar\u00e1 la tasa de reposici\u00f3n antes de &nbsp;finales de a\u00f1o. - Noticas de oposiciones por Academia Emplea-te\" \/>\n<meta property=\"og:description\" content=\"El SERGAS aprobar\u00e1 este a\u00f1o una OEP en la que agotar\u00e1 la tasa de reposici\u00f3n antes de finales de a\u00f1o. \u00a0Se aprobar\u00e1 una nueva oferta p\u00fablico de emprego (OPE) en la que agotar\u00e1 la tasa de reposici\u00f3n antes de finales de este a\u00f1o., seg\u00fan anunci\u00f3 ayer el conselleiro de Sanidade, Jes\u00fas V\u00e1zquez Almui\u00f1a, en el Parlamento.\" \/>\n<meta property=\"og:url\" content=\"https:\/\/www.emplea-te.com\/noticias-oposiciones\/el-sergas-aprobara-este-ano-una-oep-en-la-que-agotara-la-tasa-de-reposicion-antes-de-finales-de-ano\/\" \/>\n<meta property=\"og:site_name\" content=\"Noticas de oposiciones por Academia Emplea-te\" \/>\n<meta property=\"article:publisher\" content=\"https:\/\/www.facebook.com\/AcademiaEmpleate\/\" \/>\n<meta property=\"article:published_time\" content=\"2018-10-29T23:00:00+00:00\" \/>\n<meta name=\"author\" content=\"Empleate\" \/>\n<meta name=\"twitter:card\" content=\"summary_large_image\" \/>\n<meta name=\"twitter:creator\" content=\"@Emplea_Te\" \/>\n<meta name=\"twitter:site\" content=\"@Emplea_Te\" \/>\n<meta name=\"twitter:label1\" content=\"Escrito por\" \/>\n\t<meta name=\"twitter:data1\" content=\"Empleate\" \/>\n<script type=\"application\/ld+json\" class=\"yoast-schema-graph\">{\"@context\":\"https:\\\/\\\/schema.org\",\"@graph\":[{\"@type\":\"Article\",\"@id\":\"https:\\\/\\\/www.emplea-te.com\\\/noticias-oposiciones\\\/el-sergas-aprobara-este-ano-una-oep-en-la-que-agotara-la-tasa-de-reposicion-antes-de-finales-de-ano\\\/#article\",\"isPartOf\":{\"@id\":\"https:\\\/\\\/www.emplea-te.com\\\/noticias-oposiciones\\\/el-sergas-aprobara-este-ano-una-oep-en-la-que-agotara-la-tasa-de-reposicion-antes-de-finales-de-ano\\\/\"},\"author\":{\"name\":\"Empleate\",\"@id\":\"https:\\\/\\\/www.emplea-te.com\\\/noticias-oposiciones\\\/#\\\/schema\\\/person\\\/d1bc587e1af2b95e9c32aba1795509a6\"},\"headline\":\"El SERGAS aprobar\u00e1 este a\u00f1o una OEP en la que agotar\u00e1 la tasa de reposici\u00f3n antes de &nbsp;finales de a\u00f1o.\",\"datePublished\":\"2018-10-29T23:00:00+00:00\",\"mainEntityOfPage\":{\"@id\":\"https:\\\/\\\/www.emplea-te.com\\\/noticias-oposiciones\\\/el-sergas-aprobara-este-ano-una-oep-en-la-que-agotara-la-tasa-de-reposicion-antes-de-finales-de-ano\\\/\"},\"wordCount\":103,\"commentCount\":0,\"publisher\":{\"@id\":\"https:\\\/\\\/www.emplea-te.com\\\/noticias-oposiciones\\\/#organization\"},\"inLanguage\":\"es\",\"potentialAction\":[{\"@type\":\"CommentAction\",\"name\":\"Comment\",\"target\":[\"https:\\\/\\\/www.emplea-te.com\\\/noticias-oposiciones\\\/el-sergas-aprobara-este-ano-una-oep-en-la-que-agotara-la-tasa-de-reposicion-antes-de-finales-de-ano\\\/#respond\"]}]},{\"@type\":\"WebPage\",\"@id\":\"https:\\\/\\\/www.emplea-te.com\\\/noticias-oposiciones\\\/el-sergas-aprobara-este-ano-una-oep-en-la-que-agotara-la-tasa-de-reposicion-antes-de-finales-de-ano\\\/\",\"url\":\"https:\\\/\\\/www.emplea-te.com\\\/noticias-oposiciones\\\/el-sergas-aprobara-este-ano-una-oep-en-la-que-agotara-la-tasa-de-reposicion-antes-de-finales-de-ano\\\/\",\"name\":\"El SERGAS aprobar\u00e1 este a\u00f1o una OEP en la que agotar\u00e1 la tasa de reposici\u00f3n antes de &nbsp;finales de a\u00f1o. - Noticas de oposiciones por Academia Emplea-te\",\"isPartOf\":{\"@id\":\"https:\\\/\\\/www.emplea-te.com\\\/noticias-oposiciones\\\/#website\"},\"datePublished\":\"2018-10-29T23:00:00+00:00\",\"description\":\"El SERGAS aprobar\u00e1 este a\u00f1o una OEP en la que agotar\u00e1 la tasa de reposici\u00f3n antes de finales de a\u00f1o. \u00a0Se aprobar\u00e1 una nueva oferta p\u00fablico de emprego (OPE) en la que agotar\u00e1 la tasa de reposici\u00f3n antes de finales de este a\u00f1o., seg\u00fan anunci\u00f3 ayer el conselleiro de Sanidade, Jes\u00fas V\u00e1zquez Almui\u00f1a, en el Parlamento.\",\"breadcrumb\":{\"@id\":\"https:\\\/\\\/www.emplea-te.com\\\/noticias-oposiciones\\\/el-sergas-aprobara-este-ano-una-oep-en-la-que-agotara-la-tasa-de-reposicion-antes-de-finales-de-ano\\\/#breadcrumb\"},\"inLanguage\":\"es\",\"potentialAction\":[{\"@type\":\"ReadAction\",\"target\":[\"https:\\\/\\\/www.emplea-te.com\\\/noticias-oposiciones\\\/el-sergas-aprobara-este-ano-una-oep-en-la-que-agotara-la-tasa-de-reposicion-antes-de-finales-de-ano\\\/\"]}]},{\"@type\":\"BreadcrumbList\",\"@id\":\"https:\\\/\\\/www.emplea-te.com\\\/noticias-oposiciones\\\/el-sergas-aprobara-este-ano-una-oep-en-la-que-agotara-la-tasa-de-reposicion-antes-de-finales-de-ano\\\/#breadcrumb\",\"itemListElement\":[{\"@type\":\"ListItem\",\"position\":1,\"name\":\"Noticias Oposiciones\",\"item\":\"https:\\\/\\\/www.emplea-te.com\\\/noticias-oposiciones\\\/\"},{\"@type\":\"ListItem\",\"position\":2,\"name\":\"El SERGAS aprobar\u00e1 este a\u00f1o una OEP en la que agotar\u00e1 la tasa de reposici\u00f3n antes de &nbsp;finales de a\u00f1o.\"}]},{\"@type\":\"WebSite\",\"@id\":\"https:\\\/\\\/www.emplea-te.com\\\/noticias-oposiciones\\\/#website\",\"url\":\"https:\\\/\\\/www.emplea-te.com\\\/noticias-oposiciones\\\/\",\"name\":\"Noticas de oposiciones por Academia Emplea-te\",\"description\":\"Toda la actualidad de las ofertas y convocatorias.\",\"publisher\":{\"@id\":\"https:\\\/\\\/www.emplea-te.com\\\/noticias-oposiciones\\\/#organization\"},\"potentialAction\":[{\"@type\":\"SearchAction\",\"target\":{\"@type\":\"EntryPoint\",\"urlTemplate\":\"https:\\\/\\\/www.emplea-te.com\\\/noticias-oposiciones\\\/?s={search_term_string}\"},\"query-input\":{\"@type\":\"PropertyValueSpecification\",\"valueRequired\":true,\"valueName\":\"search_term_string\"}}],\"inLanguage\":\"es\"},{\"@type\":\"Organization\",\"@id\":\"https:\\\/\\\/www.emplea-te.com\\\/noticias-oposiciones\\\/#organization\",\"name\":\"Academia de oposiciones Empl\u00e9ate\",\"url\":\"https:\\\/\\\/www.emplea-te.com\\\/noticias-oposiciones\\\/\",\"logo\":{\"@type\":\"ImageObject\",\"inLanguage\":\"es\",\"@id\":\"https:\\\/\\\/www.emplea-te.com\\\/noticias-oposiciones\\\/#\\\/schema\\\/logo\\\/image\\\/\",\"url\":\"https:\\\/\\\/www.emplea-te.com\\\/noticias-oposiciones\\\/wp-content\\\/uploads\\\/2019\\\/04\\\/empleate.jpg\",\"contentUrl\":\"https:\\\/\\\/www.emplea-te.com\\\/noticias-oposiciones\\\/wp-content\\\/uploads\\\/2019\\\/04\\\/empleate.jpg\",\"width\":250,\"height\":150,\"caption\":\"Academia de oposiciones Empl\u00e9ate\"},\"image\":{\"@id\":\"https:\\\/\\\/www.emplea-te.com\\\/noticias-oposiciones\\\/#\\\/schema\\\/logo\\\/image\\\/\"},\"sameAs\":[\"https:\\\/\\\/www.facebook.com\\\/AcademiaEmpleate\\\/\",\"https:\\\/\\\/x.com\\\/Emplea_Te\",\"https:\\\/\\\/www.instagram.com\\\/academia_empleate\\\/\"]},{\"@type\":\"Person\",\"@id\":\"https:\\\/\\\/www.emplea-te.com\\\/noticias-oposiciones\\\/#\\\/schema\\\/person\\\/d1bc587e1af2b95e9c32aba1795509a6\",\"name\":\"Empleate\"}]}<\/script>\n<!-- \/ Yoast SEO plugin. -->","yoast_head_json":{"title":"El SERGAS aprobar\u00e1 este a\u00f1o una OEP en la que agotar\u00e1 la tasa de reposici\u00f3n antes de &nbsp;finales de a\u00f1o. - Noticas de oposiciones por Academia Emplea-te","description":"El SERGAS aprobar\u00e1 este a\u00f1o una OEP en la que agotar\u00e1 la tasa de reposici\u00f3n antes de finales de a\u00f1o. \u00a0Se aprobar\u00e1 una nueva oferta p\u00fablico de emprego (OPE) en la que agotar\u00e1 la tasa de reposici\u00f3n antes de finales de este a\u00f1o., seg\u00fan anunci\u00f3 ayer el conselleiro de Sanidade, Jes\u00fas V\u00e1zquez Almui\u00f1a, en el Parlamento.","robots":{"index":"index","follow":"follow","max-snippet":"max-snippet:-1","max-image-preview":"max-image-preview:large","max-video-preview":"max-video-preview:-1"},"canonical":"https:\/\/www.emplea-te.com\/noticias-oposiciones\/el-sergas-aprobara-este-ano-una-oep-en-la-que-agotara-la-tasa-de-reposicion-antes-de-finales-de-ano\/","og_locale":"es_ES","og_type":"article","og_title":"El SERGAS aprobar\u00e1 este a\u00f1o una OEP en la que agotar\u00e1 la tasa de reposici\u00f3n antes de &nbsp;finales de a\u00f1o. - Noticas de oposiciones por Academia Emplea-te","og_description":"El SERGAS aprobar\u00e1 este a\u00f1o una OEP en la que agotar\u00e1 la tasa de reposici\u00f3n antes de finales de a\u00f1o. \u00a0Se aprobar\u00e1 una nueva oferta p\u00fablico de emprego (OPE) en la que agotar\u00e1 la tasa de reposici\u00f3n antes de finales de este a\u00f1o., seg\u00fan anunci\u00f3 ayer el conselleiro de Sanidade, Jes\u00fas V\u00e1zquez Almui\u00f1a, en el Parlamento.","og_url":"https:\/\/www.emplea-te.com\/noticias-oposiciones\/el-sergas-aprobara-este-ano-una-oep-en-la-que-agotara-la-tasa-de-reposicion-antes-de-finales-de-ano\/","og_site_name":"Noticas de oposiciones por Academia Emplea-te","article_publisher":"https:\/\/www.facebook.com\/AcademiaEmpleate\/","article_published_time":"2018-10-29T23:00:00+00:00","author":"Empleate","twitter_card":"summary_large_image","twitter_creator":"@Emplea_Te","twitter_site":"@Emplea_Te","twitter_misc":{"Escrito por":"Empleate"},"schema":{"@context":"https:\/\/schema.org","@graph":[{"@type":"Article","@id":"https:\/\/www.emplea-te.com\/noticias-oposiciones\/el-sergas-aprobara-este-ano-una-oep-en-la-que-agotara-la-tasa-de-reposicion-antes-de-finales-de-ano\/#article","isPartOf":{"@id":"https:\/\/www.emplea-te.com\/noticias-oposiciones\/el-sergas-aprobara-este-ano-una-oep-en-la-que-agotara-la-tasa-de-reposicion-antes-de-finales-de-ano\/"},"author":{"name":"Empleate","@id":"https:\/\/www.emplea-te.com\/noticias-oposiciones\/#\/schema\/person\/d1bc587e1af2b95e9c32aba1795509a6"},"headline":"El SERGAS aprobar\u00e1 este a\u00f1o una OEP en la que agotar\u00e1 la tasa de reposici\u00f3n antes de &nbsp;finales de a\u00f1o.","datePublished":"2018-10-29T23:00:00+00:00","mainEntityOfPage":{"@id":"https:\/\/www.emplea-te.com\/noticias-oposiciones\/el-sergas-aprobara-este-ano-una-oep-en-la-que-agotara-la-tasa-de-reposicion-antes-de-finales-de-ano\/"},"wordCount":103,"commentCount":0,"publisher":{"@id":"https:\/\/www.emplea-te.com\/noticias-oposiciones\/#organization"},"inLanguage":"es","potentialAction":[{"@type":"CommentAction","name":"Comment","target":["https:\/\/www.emplea-te.com\/noticias-oposiciones\/el-sergas-aprobara-este-ano-una-oep-en-la-que-agotara-la-tasa-de-reposicion-antes-de-finales-de-ano\/#respond"]}]},{"@type":"WebPage","@id":"https:\/\/www.emplea-te.com\/noticias-oposiciones\/el-sergas-aprobara-este-ano-una-oep-en-la-que-agotara-la-tasa-de-reposicion-antes-de-finales-de-ano\/","url":"https:\/\/www.emplea-te.com\/noticias-oposiciones\/el-sergas-aprobara-este-ano-una-oep-en-la-que-agotara-la-tasa-de-reposicion-antes-de-finales-de-ano\/","name":"El SERGAS aprobar\u00e1 este a\u00f1o una OEP en la que agotar\u00e1 la tasa de reposici\u00f3n antes de &nbsp;finales de a\u00f1o. - Noticas de oposiciones por Academia Emplea-te","isPartOf":{"@id":"https:\/\/www.emplea-te.com\/noticias-oposiciones\/#website"},"datePublished":"2018-10-29T23:00:00+00:00","description":"El SERGAS aprobar\u00e1 este a\u00f1o una OEP en la que agotar\u00e1 la tasa de reposici\u00f3n antes de finales de a\u00f1o. \u00a0Se aprobar\u00e1 una nueva oferta p\u00fablico de emprego (OPE) en la que agotar\u00e1 la tasa de reposici\u00f3n antes de finales de este a\u00f1o., seg\u00fan anunci\u00f3 ayer el conselleiro de Sanidade, Jes\u00fas V\u00e1zquez Almui\u00f1a, en el Parlamento.","breadcrumb":{"@id":"https:\/\/www.emplea-te.com\/noticias-oposiciones\/el-sergas-aprobara-este-ano-una-oep-en-la-que-agotara-la-tasa-de-reposicion-antes-de-finales-de-ano\/#breadcrumb"},"inLanguage":"es","potentialAction":[{"@type":"ReadAction","target":["https:\/\/www.emplea-te.com\/noticias-oposiciones\/el-sergas-aprobara-este-ano-una-oep-en-la-que-agotara-la-tasa-de-reposicion-antes-de-finales-de-ano\/"]}]},{"@type":"BreadcrumbList","@id":"https:\/\/www.emplea-te.com\/noticias-oposiciones\/el-sergas-aprobara-este-ano-una-oep-en-la-que-agotara-la-tasa-de-reposicion-antes-de-finales-de-ano\/#breadcrumb","itemListElement":[{"@type":"ListItem","position":1,"name":"Noticias Oposiciones","item":"https:\/\/www.emplea-te.com\/noticias-oposiciones\/"},{"@type":"ListItem","position":2,"name":"El SERGAS aprobar\u00e1 este a\u00f1o una OEP en la que agotar\u00e1 la tasa de reposici\u00f3n antes de &nbsp;finales de a\u00f1o."}]},{"@type":"WebSite","@id":"https:\/\/www.emplea-te.com\/noticias-oposiciones\/#website","url":"https:\/\/www.emplea-te.com\/noticias-oposiciones\/","name":"Noticas de oposiciones por Academia Emplea-te","description":"Toda la actualidad de las ofertas y convocatorias.","publisher":{"@id":"https:\/\/www.emplea-te.com\/noticias-oposiciones\/#organization"},"potentialAction":[{"@type":"SearchAction","target":{"@type":"EntryPoint","urlTemplate":"https:\/\/www.emplea-te.com\/noticias-oposiciones\/?s={search_term_string}"},"query-input":{"@type":"PropertyValueSpecification","valueRequired":true,"valueName":"search_term_string"}}],"inLanguage":"es"},{"@type":"Organization","@id":"https:\/\/www.emplea-te.com\/noticias-oposiciones\/#organization","name":"Academia de oposiciones Empl\u00e9ate","url":"https:\/\/www.emplea-te.com\/noticias-oposiciones\/","logo":{"@type":"ImageObject","inLanguage":"es","@id":"https:\/\/www.emplea-te.com\/noticias-oposiciones\/#\/schema\/logo\/image\/","url":"https:\/\/www.emplea-te.com\/noticias-oposiciones\/wp-content\/uploads\/2019\/04\/empleate.jpg","contentUrl":"https:\/\/www.emplea-te.com\/noticias-oposiciones\/wp-content\/uploads\/2019\/04\/empleate.jpg","width":250,"height":150,"caption":"Academia de oposiciones Empl\u00e9ate"},"image":{"@id":"https:\/\/www.emplea-te.com\/noticias-oposiciones\/#\/schema\/logo\/image\/"},"sameAs":["https:\/\/www.facebook.com\/AcademiaEmpleate\/","https:\/\/x.com\/Emplea_Te","https:\/\/www.instagram.com\/academia_empleate\/"]},{"@type":"Person","@id":"https:\/\/www.emplea-te.com\/noticias-oposiciones\/#\/schema\/person\/d1bc587e1af2b95e9c32aba1795509a6","name":"Empleate"}]}},"_links":{"self":[{"href":"https:\/\/www.emplea-te.com\/noticias-oposiciones\/wp-json\/wp\/v2\/posts\/1257","targetHints":{"allow":["GET"]}}],"collection":[{"href":"https:\/\/www.emplea-te.com\/noticias-oposiciones\/wp-json\/wp\/v2\/posts"}],"about":[{"href":"https:\/\/www.emplea-te.com\/noticias-oposiciones\/wp-json\/wp\/v2\/types\/post"}],"author":[{"embeddable":true,"href":"https:\/\/www.emplea-te.com\/noticias-oposiciones\/wp-json\/wp\/v2\/users\/1"}],"replies":[{"embeddable":true,"href":"https:\/\/www.emplea-te.com\/noticias-oposiciones\/wp-json\/wp\/v2\/comments?post=1257"}],"version-history":[{"count":0,"href":"https:\/\/www.emplea-te.com\/noticias-oposiciones\/wp-json\/wp\/v2\/posts\/1257\/revisions"}],"wp:attachment":[{"href":"https:\/\/www.emplea-te.com\/noticias-oposiciones\/wp-json\/wp\/v2\/media?parent=1257"}],"wp:term":[{"taxonomy":"category","embeddable":true,"href":"https:\/\/www.emplea-te.com\/noticias-oposiciones\/wp-json\/wp\/v2\/categories?post=1257"},{"taxonomy":"post_tag","embeddable":true,"href":"https:\/\/www.emplea-te.com\/noticias-oposiciones\/wp-json\/wp\/v2\/tags?post=1257"}],"curies":[{"name":"wp","href":"https:\/\/api.w.org\/{rel}","templated":true}]}}