{"id":1258,"date":"2018-10-30T00:00:00","date_gmt":"2018-10-29T23:00:00","guid":{"rendered":"https:\/\/www.emplea-te.com\/noticias-oposiciones\/se-prepara-una-convocatoria-extraordinaria-para-plazas-de-policia-local-y-guardia-civil\/"},"modified":"2018-10-30T00:00:00","modified_gmt":"2018-10-29T23:00:00","slug":"se-prepara-una-convocatoria-extraordinaria-para-plazas-de-policia-local-y-guardia-civil","status":"publish","type":"post","link":"https:\/\/www.emplea-te.com\/noticias-oposiciones\/se-prepara-una-convocatoria-extraordinaria-para-plazas-de-policia-local-y-guardia-civil\/","title":{"rendered":"<br>Se prepara una convocatoria extraordinaria para plazas de Polic\u00eda Local y Guardia Civil."},"content":{"rendered":"<p>Se prepara una convocatoria extraordinaria para plazas de Guardia Civil y Polic\u00eda Local. <\/p>\n<p>El Ministerio del Interior se ha propuesto empezar a recuperar las 12.000 vacantes que se han quedado sin cubrir en los \u00faltimos seis a\u00f1os.<\/p>\n<p>En ese sentido, las fuentes consultadas explican que la Polic\u00eda Nacional y la Guardia Civil contaban, en la \u00e9poca de Alfredo P\u00e9rez Rubalcaba al frente del Ministerio, con un total de 155.000 efectivos. Ahora, sin embargo, esa cifra se ha reducido considerablemente, con 143.000 agentes, seg\u00fan las \u00faltimas cifras de Interior.<\/p>\n<p>Con estos datos en la mano, Marlaska se ha propuesto poner en marcha nuevas convocatorias extraordinarias para intentar tapar, poco a poco, el agujero de 12.000 polic\u00edas y guardias civiles existente a d\u00eda de hoy.<\/p>\n<p><\/p>\n<p><a href=\"https:\/\/www.emplea-te.com\/7\/oposiciones-de-cuerpos-de-seguridad-del-estado\" target=\"_blank\" rel=\"nofollow noopener noreferrer\"><span class=\"wysiwyg-color-green\">Prepara en nuestros cursos presenciales las oposiciones a Cuerpos de Seguridad. Accede a la informaci\u00f3n completa de estas oposiciones y de nuestros cursos presenciales. <\/span><\/a><\/p>\n<p><\/p>\n","protected":false},"excerpt":{"rendered":"<p>Se prepara una convocatoria extraordinaria para plazas de Guardia Civil y Polic\u00eda Local. El Ministerio del Interior se ha propuesto empezar a recuperar las 12.000 vacantes que se han quedado sin cubrir en los \u00faltimos seis a\u00f1os. En ese sentido, las fuentes consultadas explican que la Polic\u00eda Nacional y la Guardia Civil contaban, en la &hellip; <a href=\"https:\/\/www.emplea-te.com\/noticias-oposiciones\/se-prepara-una-convocatoria-extraordinaria-para-plazas-de-policia-local-y-guardia-civil\/\" class=\"more-link\">Continuar leyendo<span class=\"screen-reader-text\"> \u00ab<br \/>Se prepara una convocatoria extraordinaria para plazas de Polic\u00eda Local y Guardia Civil.\u00bb<\/span><\/a><\/p>\n","protected":false},"author":1,"featured_media":0,"comment_status":"open","ping_status":"open","sticky":false,"template":"","format":"standard","meta":{"footnotes":""},"categories":[],"tags":[],"class_list":["post-1258","post","type-post","status-publish","format-standard","hentry"],"yoast_head":"<!-- This site is optimized with the Yoast SEO plugin v27.3 - https:\/\/yoast.com\/product\/yoast-seo-wordpress\/ -->\n<title>Se prepara una convocatoria extraordinaria para plazas de Polic\u00eda Local y Guardia Civil. - Noticas de oposiciones por Academia Emplea-te<\/title>\n<meta name=\"description\" content=\"Se prepara una convocatoria extraordinaria para plazas de Guardia Civil y Polic\u00eda Local. El Ministerio del Interior se ha propuesto empezar a recuperar las 12.000 vacantes que se han quedado sin cubrir en los \u00faltimos seis a\u00f1os.\" \/>\n<meta name=\"robots\" content=\"index, follow, max-snippet:-1, max-image-preview:large, max-video-preview:-1\" \/>\n<link rel=\"canonical\" href=\"https:\/\/www.emplea-te.com\/noticias-oposiciones\/se-prepara-una-convocatoria-extraordinaria-para-plazas-de-policia-local-y-guardia-civil\/\" \/>\n<meta property=\"og:locale\" content=\"es_ES\" \/>\n<meta property=\"og:type\" content=\"article\" \/>\n<meta property=\"og:title\" content=\"Se prepara una convocatoria extraordinaria para plazas de Polic\u00eda Local y Guardia Civil. - Noticas de oposiciones por Academia Emplea-te\" \/>\n<meta property=\"og:description\" content=\"Se prepara una convocatoria extraordinaria para plazas de Guardia Civil y Polic\u00eda Local. El Ministerio del Interior se ha propuesto empezar a recuperar las 12.000 vacantes que se han quedado sin cubrir en los \u00faltimos seis a\u00f1os.\" \/>\n<meta property=\"og:url\" content=\"https:\/\/www.emplea-te.com\/noticias-oposiciones\/se-prepara-una-convocatoria-extraordinaria-para-plazas-de-policia-local-y-guardia-civil\/\" \/>\n<meta property=\"og:site_name\" content=\"Noticas de oposiciones por Academia Emplea-te\" \/>\n<meta property=\"article:publisher\" content=\"https:\/\/www.facebook.com\/AcademiaEmpleate\/\" \/>\n<meta property=\"article:published_time\" content=\"2018-10-29T23:00:00+00:00\" \/>\n<meta name=\"author\" content=\"Empleate\" \/>\n<meta name=\"twitter:card\" content=\"summary_large_image\" \/>\n<meta name=\"twitter:creator\" content=\"@Emplea_Te\" \/>\n<meta name=\"twitter:site\" content=\"@Emplea_Te\" \/>\n<meta name=\"twitter:label1\" content=\"Escrito por\" \/>\n\t<meta name=\"twitter:data1\" content=\"Empleate\" \/>\n\t<meta name=\"twitter:label2\" content=\"Tiempo de lectura\" \/>\n\t<meta name=\"twitter:data2\" content=\"1 minuto\" \/>\n<script type=\"application\/ld+json\" class=\"yoast-schema-graph\">{\"@context\":\"https:\\\/\\\/schema.org\",\"@graph\":[{\"@type\":\"Article\",\"@id\":\"https:\\\/\\\/www.emplea-te.com\\\/noticias-oposiciones\\\/se-prepara-una-convocatoria-extraordinaria-para-plazas-de-policia-local-y-guardia-civil\\\/#article\",\"isPartOf\":{\"@id\":\"https:\\\/\\\/www.emplea-te.com\\\/noticias-oposiciones\\\/se-prepara-una-convocatoria-extraordinaria-para-plazas-de-policia-local-y-guardia-civil\\\/\"},\"author\":{\"name\":\"Empleate\",\"@id\":\"https:\\\/\\\/www.emplea-te.com\\\/noticias-oposiciones\\\/#\\\/schema\\\/person\\\/d1bc587e1af2b95e9c32aba1795509a6\"},\"headline\":\"Se prepara una convocatoria extraordinaria para plazas de Polic\u00eda Local y Guardia Civil.\",\"datePublished\":\"2018-10-29T23:00:00+00:00\",\"mainEntityOfPage\":{\"@id\":\"https:\\\/\\\/www.emplea-te.com\\\/noticias-oposiciones\\\/se-prepara-una-convocatoria-extraordinaria-para-plazas-de-policia-local-y-guardia-civil\\\/\"},\"wordCount\":165,\"commentCount\":0,\"publisher\":{\"@id\":\"https:\\\/\\\/www.emplea-te.com\\\/noticias-oposiciones\\\/#organization\"},\"inLanguage\":\"es\",\"potentialAction\":[{\"@type\":\"CommentAction\",\"name\":\"Comment\",\"target\":[\"https:\\\/\\\/www.emplea-te.com\\\/noticias-oposiciones\\\/se-prepara-una-convocatoria-extraordinaria-para-plazas-de-policia-local-y-guardia-civil\\\/#respond\"]}]},{\"@type\":\"WebPage\",\"@id\":\"https:\\\/\\\/www.emplea-te.com\\\/noticias-oposiciones\\\/se-prepara-una-convocatoria-extraordinaria-para-plazas-de-policia-local-y-guardia-civil\\\/\",\"url\":\"https:\\\/\\\/www.emplea-te.com\\\/noticias-oposiciones\\\/se-prepara-una-convocatoria-extraordinaria-para-plazas-de-policia-local-y-guardia-civil\\\/\",\"name\":\"Se prepara una convocatoria extraordinaria para plazas de Polic\u00eda Local y Guardia Civil. - Noticas de oposiciones por Academia Emplea-te\",\"isPartOf\":{\"@id\":\"https:\\\/\\\/www.emplea-te.com\\\/noticias-oposiciones\\\/#website\"},\"datePublished\":\"2018-10-29T23:00:00+00:00\",\"description\":\"Se prepara una convocatoria extraordinaria para plazas de Guardia Civil y Polic\u00eda Local. El Ministerio del Interior se ha propuesto empezar a recuperar las 12.000 vacantes que se han quedado sin cubrir en los \u00faltimos seis a\u00f1os.\",\"breadcrumb\":{\"@id\":\"https:\\\/\\\/www.emplea-te.com\\\/noticias-oposiciones\\\/se-prepara-una-convocatoria-extraordinaria-para-plazas-de-policia-local-y-guardia-civil\\\/#breadcrumb\"},\"inLanguage\":\"es\",\"potentialAction\":[{\"@type\":\"ReadAction\",\"target\":[\"https:\\\/\\\/www.emplea-te.com\\\/noticias-oposiciones\\\/se-prepara-una-convocatoria-extraordinaria-para-plazas-de-policia-local-y-guardia-civil\\\/\"]}]},{\"@type\":\"BreadcrumbList\",\"@id\":\"https:\\\/\\\/www.emplea-te.com\\\/noticias-oposiciones\\\/se-prepara-una-convocatoria-extraordinaria-para-plazas-de-policia-local-y-guardia-civil\\\/#breadcrumb\",\"itemListElement\":[{\"@type\":\"ListItem\",\"position\":1,\"name\":\"Noticias Oposiciones\",\"item\":\"https:\\\/\\\/www.emplea-te.com\\\/noticias-oposiciones\\\/\"},{\"@type\":\"ListItem\",\"position\":2,\"name\":\"Se prepara una convocatoria extraordinaria para plazas de Polic\u00eda Local y Guardia Civil.\"}]},{\"@type\":\"WebSite\",\"@id\":\"https:\\\/\\\/www.emplea-te.com\\\/noticias-oposiciones\\\/#website\",\"url\":\"https:\\\/\\\/www.emplea-te.com\\\/noticias-oposiciones\\\/\",\"name\":\"Noticas de oposiciones por Academia Emplea-te\",\"description\":\"Toda la actualidad de las ofertas y convocatorias.\",\"publisher\":{\"@id\":\"https:\\\/\\\/www.emplea-te.com\\\/noticias-oposiciones\\\/#organization\"},\"potentialAction\":[{\"@type\":\"SearchAction\",\"target\":{\"@type\":\"EntryPoint\",\"urlTemplate\":\"https:\\\/\\\/www.emplea-te.com\\\/noticias-oposiciones\\\/?s={search_term_string}\"},\"query-input\":{\"@type\":\"PropertyValueSpecification\",\"valueRequired\":true,\"valueName\":\"search_term_string\"}}],\"inLanguage\":\"es\"},{\"@type\":\"Organization\",\"@id\":\"https:\\\/\\\/www.emplea-te.com\\\/noticias-oposiciones\\\/#organization\",\"name\":\"Academia de oposiciones Empl\u00e9ate\",\"url\":\"https:\\\/\\\/www.emplea-te.com\\\/noticias-oposiciones\\\/\",\"logo\":{\"@type\":\"ImageObject\",\"inLanguage\":\"es\",\"@id\":\"https:\\\/\\\/www.emplea-te.com\\\/noticias-oposiciones\\\/#\\\/schema\\\/logo\\\/image\\\/\",\"url\":\"https:\\\/\\\/www.emplea-te.com\\\/noticias-oposiciones\\\/wp-content\\\/uploads\\\/2019\\\/04\\\/empleate.jpg\",\"contentUrl\":\"https:\\\/\\\/www.emplea-te.com\\\/noticias-oposiciones\\\/wp-content\\\/uploads\\\/2019\\\/04\\\/empleate.jpg\",\"width\":250,\"height\":150,\"caption\":\"Academia de oposiciones Empl\u00e9ate\"},\"image\":{\"@id\":\"https:\\\/\\\/www.emplea-te.com\\\/noticias-oposiciones\\\/#\\\/schema\\\/logo\\\/image\\\/\"},\"sameAs\":[\"https:\\\/\\\/www.facebook.com\\\/AcademiaEmpleate\\\/\",\"https:\\\/\\\/x.com\\\/Emplea_Te\",\"https:\\\/\\\/www.instagram.com\\\/academia_empleate\\\/\"]},{\"@type\":\"Person\",\"@id\":\"https:\\\/\\\/www.emplea-te.com\\\/noticias-oposiciones\\\/#\\\/schema\\\/person\\\/d1bc587e1af2b95e9c32aba1795509a6\",\"name\":\"Empleate\"}]}<\/script>\n<!-- \/ Yoast SEO plugin. -->","yoast_head_json":{"title":"Se prepara una convocatoria extraordinaria para plazas de Polic\u00eda Local y Guardia Civil. - Noticas de oposiciones por Academia Emplea-te","description":"Se prepara una convocatoria extraordinaria para plazas de Guardia Civil y Polic\u00eda Local. El Ministerio del Interior se ha propuesto empezar a recuperar las 12.000 vacantes que se han quedado sin cubrir en los \u00faltimos seis a\u00f1os.","robots":{"index":"index","follow":"follow","max-snippet":"max-snippet:-1","max-image-preview":"max-image-preview:large","max-video-preview":"max-video-preview:-1"},"canonical":"https:\/\/www.emplea-te.com\/noticias-oposiciones\/se-prepara-una-convocatoria-extraordinaria-para-plazas-de-policia-local-y-guardia-civil\/","og_locale":"es_ES","og_type":"article","og_title":"Se prepara una convocatoria extraordinaria para plazas de Polic\u00eda Local y Guardia Civil. - Noticas de oposiciones por Academia Emplea-te","og_description":"Se prepara una convocatoria extraordinaria para plazas de Guardia Civil y Polic\u00eda Local. El Ministerio del Interior se ha propuesto empezar a recuperar las 12.000 vacantes que se han quedado sin cubrir en los \u00faltimos seis a\u00f1os.","og_url":"https:\/\/www.emplea-te.com\/noticias-oposiciones\/se-prepara-una-convocatoria-extraordinaria-para-plazas-de-policia-local-y-guardia-civil\/","og_site_name":"Noticas de oposiciones por Academia Emplea-te","article_publisher":"https:\/\/www.facebook.com\/AcademiaEmpleate\/","article_published_time":"2018-10-29T23:00:00+00:00","author":"Empleate","twitter_card":"summary_large_image","twitter_creator":"@Emplea_Te","twitter_site":"@Emplea_Te","twitter_misc":{"Escrito por":"Empleate","Tiempo de lectura":"1 minuto"},"schema":{"@context":"https:\/\/schema.org","@graph":[{"@type":"Article","@id":"https:\/\/www.emplea-te.com\/noticias-oposiciones\/se-prepara-una-convocatoria-extraordinaria-para-plazas-de-policia-local-y-guardia-civil\/#article","isPartOf":{"@id":"https:\/\/www.emplea-te.com\/noticias-oposiciones\/se-prepara-una-convocatoria-extraordinaria-para-plazas-de-policia-local-y-guardia-civil\/"},"author":{"name":"Empleate","@id":"https:\/\/www.emplea-te.com\/noticias-oposiciones\/#\/schema\/person\/d1bc587e1af2b95e9c32aba1795509a6"},"headline":"Se prepara una convocatoria extraordinaria para plazas de Polic\u00eda Local y Guardia Civil.","datePublished":"2018-10-29T23:00:00+00:00","mainEntityOfPage":{"@id":"https:\/\/www.emplea-te.com\/noticias-oposiciones\/se-prepara-una-convocatoria-extraordinaria-para-plazas-de-policia-local-y-guardia-civil\/"},"wordCount":165,"commentCount":0,"publisher":{"@id":"https:\/\/www.emplea-te.com\/noticias-oposiciones\/#organization"},"inLanguage":"es","potentialAction":[{"@type":"CommentAction","name":"Comment","target":["https:\/\/www.emplea-te.com\/noticias-oposiciones\/se-prepara-una-convocatoria-extraordinaria-para-plazas-de-policia-local-y-guardia-civil\/#respond"]}]},{"@type":"WebPage","@id":"https:\/\/www.emplea-te.com\/noticias-oposiciones\/se-prepara-una-convocatoria-extraordinaria-para-plazas-de-policia-local-y-guardia-civil\/","url":"https:\/\/www.emplea-te.com\/noticias-oposiciones\/se-prepara-una-convocatoria-extraordinaria-para-plazas-de-policia-local-y-guardia-civil\/","name":"Se prepara una convocatoria extraordinaria para plazas de Polic\u00eda Local y Guardia Civil. - Noticas de oposiciones por Academia Emplea-te","isPartOf":{"@id":"https:\/\/www.emplea-te.com\/noticias-oposiciones\/#website"},"datePublished":"2018-10-29T23:00:00+00:00","description":"Se prepara una convocatoria extraordinaria para plazas de Guardia Civil y Polic\u00eda Local. El Ministerio del Interior se ha propuesto empezar a recuperar las 12.000 vacantes que se han quedado sin cubrir en los \u00faltimos seis a\u00f1os.","breadcrumb":{"@id":"https:\/\/www.emplea-te.com\/noticias-oposiciones\/se-prepara-una-convocatoria-extraordinaria-para-plazas-de-policia-local-y-guardia-civil\/#breadcrumb"},"inLanguage":"es","potentialAction":[{"@type":"ReadAction","target":["https:\/\/www.emplea-te.com\/noticias-oposiciones\/se-prepara-una-convocatoria-extraordinaria-para-plazas-de-policia-local-y-guardia-civil\/"]}]},{"@type":"BreadcrumbList","@id":"https:\/\/www.emplea-te.com\/noticias-oposiciones\/se-prepara-una-convocatoria-extraordinaria-para-plazas-de-policia-local-y-guardia-civil\/#breadcrumb","itemListElement":[{"@type":"ListItem","position":1,"name":"Noticias Oposiciones","item":"https:\/\/www.emplea-te.com\/noticias-oposiciones\/"},{"@type":"ListItem","position":2,"name":"Se prepara una convocatoria extraordinaria para plazas de Polic\u00eda Local y Guardia Civil."}]},{"@type":"WebSite","@id":"https:\/\/www.emplea-te.com\/noticias-oposiciones\/#website","url":"https:\/\/www.emplea-te.com\/noticias-oposiciones\/","name":"Noticas de oposiciones por Academia Emplea-te","description":"Toda la actualidad de las ofertas y convocatorias.","publisher":{"@id":"https:\/\/www.emplea-te.com\/noticias-oposiciones\/#organization"},"potentialAction":[{"@type":"SearchAction","target":{"@type":"EntryPoint","urlTemplate":"https:\/\/www.emplea-te.com\/noticias-oposiciones\/?s={search_term_string}"},"query-input":{"@type":"PropertyValueSpecification","valueRequired":true,"valueName":"search_term_string"}}],"inLanguage":"es"},{"@type":"Organization","@id":"https:\/\/www.emplea-te.com\/noticias-oposiciones\/#organization","name":"Academia de oposiciones Empl\u00e9ate","url":"https:\/\/www.emplea-te.com\/noticias-oposiciones\/","logo":{"@type":"ImageObject","inLanguage":"es","@id":"https:\/\/www.emplea-te.com\/noticias-oposiciones\/#\/schema\/logo\/image\/","url":"https:\/\/www.emplea-te.com\/noticias-oposiciones\/wp-content\/uploads\/2019\/04\/empleate.jpg","contentUrl":"https:\/\/www.emplea-te.com\/noticias-oposiciones\/wp-content\/uploads\/2019\/04\/empleate.jpg","width":250,"height":150,"caption":"Academia de oposiciones Empl\u00e9ate"},"image":{"@id":"https:\/\/www.emplea-te.com\/noticias-oposiciones\/#\/schema\/logo\/image\/"},"sameAs":["https:\/\/www.facebook.com\/AcademiaEmpleate\/","https:\/\/x.com\/Emplea_Te","https:\/\/www.instagram.com\/academia_empleate\/"]},{"@type":"Person","@id":"https:\/\/www.emplea-te.com\/noticias-oposiciones\/#\/schema\/person\/d1bc587e1af2b95e9c32aba1795509a6","name":"Empleate"}]}},"_links":{"self":[{"href":"https:\/\/www.emplea-te.com\/noticias-oposiciones\/wp-json\/wp\/v2\/posts\/1258","targetHints":{"allow":["GET"]}}],"collection":[{"href":"https:\/\/www.emplea-te.com\/noticias-oposiciones\/wp-json\/wp\/v2\/posts"}],"about":[{"href":"https:\/\/www.emplea-te.com\/noticias-oposiciones\/wp-json\/wp\/v2\/types\/post"}],"author":[{"embeddable":true,"href":"https:\/\/www.emplea-te.com\/noticias-oposiciones\/wp-json\/wp\/v2\/users\/1"}],"replies":[{"embeddable":true,"href":"https:\/\/www.emplea-te.com\/noticias-oposiciones\/wp-json\/wp\/v2\/comments?post=1258"}],"version-history":[{"count":0,"href":"https:\/\/www.emplea-te.com\/noticias-oposiciones\/wp-json\/wp\/v2\/posts\/1258\/revisions"}],"wp:attachment":[{"href":"https:\/\/www.emplea-te.com\/noticias-oposiciones\/wp-json\/wp\/v2\/media?parent=1258"}],"wp:term":[{"taxonomy":"category","embeddable":true,"href":"https:\/\/www.emplea-te.com\/noticias-oposiciones\/wp-json\/wp\/v2\/categories?post=1258"},{"taxonomy":"post_tag","embeddable":true,"href":"https:\/\/www.emplea-te.com\/noticias-oposiciones\/wp-json\/wp\/v2\/tags?post=1258"}],"curies":[{"name":"wp","href":"https:\/\/api.w.org\/{rel}","templated":true}]}}