{"id":1259,"date":"2018-11-05T00:00:00","date_gmt":"2018-11-04T23:00:00","guid":{"rendered":"https:\/\/www.emplea-te.com\/noticias-oposiciones\/%ef%bf%bdsltimas-noticias-de-oposiciones-en-el-mes-de-octubre\/"},"modified":"2018-11-05T00:00:00","modified_gmt":"2018-11-04T23:00:00","slug":"%ef%bf%bdsltimas-noticias-de-oposiciones-en-el-mes-de-octubre","status":"publish","type":"post","link":"https:\/\/www.emplea-te.com\/noticias-oposiciones\/%ef%bf%bdsltimas-noticias-de-oposiciones-en-el-mes-de-octubre\/","title":{"rendered":"\ufffdsltimas noticias de oposiciones en el mes de Octubre. <br>"},"content":{"rendered":"<p><\/p>\n<p><b>Administrativo y Auxiliar Administrativo del ESTADO (turno libre).<\/b><\/p>\n<p>Despu\u00e9s de haber realizado de segundo ejercicio (el pasado d\u00eda 15 de septiembre) se espera que se conozcan las puntuaciones a mediados de este mes de Noviembre. <\/p>\n<p>Se estima que la convocatoria de la &nbsp;Oferta de Empleo P\u00fablico de 2018 se publique pr\u00f3ximamente, se habla de los primeros meses de 2019. <\/p>\n<p><b>IIPP Ayudante de prisiones (turno libre) <\/b><\/p>\n<p>Se ha publicado en el BOE &nbsp;la convocatoria&nbsp;para cubrir &nbsp;las 831 plazas que corresponden a la OEP de 2018. <\/p>\n<p><a href=\"https:\/\/www.emplea-te.com\/243-noticia-convocatoria-831-plazas-de-ayudante-de-prisiones-oep-2018-acceso-libre-\" target=\"_blank\" rel=\"nofollow noopener noreferrer\"><span class=\"wysiwyg-color-green\">Accede desde aqu\u00ed a la publicaci\u00f3n en el BOE <\/span><\/a><\/p>\n<p><b>Justicia . Auxilio Judicial, Tramitaci\u00f3n Procesal y Gesti\u00f3n Procesal y Administrativa <\/b><\/p>\n<p><u>Auxilio Judicial<\/u><\/p>\n<p><a href=\"https:\/\/www.emplea-te.com\/249-noticia-auxilio-judicial-(oep-2016)--publicado-el-acuerdo-con-la-propuesta-relacion-definitiva-de-aprobados\" target=\"_blank\" rel=\"nofollow noopener noreferrer\"><span class=\"wysiwyg-color-green\"><\/span><\/a><a href=\"https:\/\/www.emplea-te.com\/249-noticia-auxilio-judicial-(oep-2016)--publicado-el-acuerdo-con-la-propuesta-relacion-definitiva-de-aprobados\" target=\"_blank\" rel=\"nofollow noopener noreferrer\"><span class=\"wysiwyg-color-green\">Publicada en la Web del Ministerio de Justicia el acuerdo con la propuesta relaci\u00f3n definitiva de aprobados de Auxilio Judicial (OEP 2016)<\/span><\/a><\/p>\n<p><u>Tramitaci\u00f3n Procesal <\/u><\/p>\n<p><span><a href=\"https:\/\/www.emplea-te.com\/253-noticia-publicada-lista-definitiva-de-aprobados-y-relacion-de-plazas-de-tramitaci%C3%B3n-procesal-oep-2016-acceso-libre-\" target=\"_blank\" rel=\"nofollow noopener noreferrer\"><span class=\"wysiwyg-color-green\"><\/span><\/a><a href=\"https:\/\/www.emplea-te.com\/253-noticia-publicada-lista-definitiva-de-aprobados-y-relacion-de-plazas-de-tramitaci%C3%B3n-procesal-oep-2016-acceso-libre-\" target=\"_blank\" rel=\"nofollow noopener noreferrer\"><span class=\"wysiwyg-color-green\">Publicado en el BOE , la lista definitiva de aprobados de Tramitaci\u00f3n Procesal y relaci\u00f3n de plazas de los aspirantes que han superado la prueba correspondiente a la OEP 2016 (sistema acceso libre).<\/span><\/a><\/span><\/p>\n<p><span><u>Gesti\u00f3n Procesal y Administrativa<\/u> <\/span><\/p>\n<p><a href=\"https:\/\/www.emplea-te.com\/239-noticia-relacion-definitiva-de-aprobados-de-gestion-procesal-y-administrativa-sistema-de-acceso-libre-\" target=\"_blank\" rel=\"nofollow noopener noreferrer\"><span class=\"wysiwyg-color-green\">Se publica en el BOE&nbsp; la relaci\u00f3n de aspirantes que han superado el proceso selectivo para el ingreso (sistema acceso libre) en el Cuerpo de Gesti\u00f3n Procesal y Administrativa.<\/span><\/a><\/p>\n<p><b>Gesti\u00f3n Civil (Promoci\u00f3n Interna) <\/b><\/p>\n<p><span><a href=\"https:\/\/www.emplea-te.com\/257-noticia-publicadas-listas-de-aprobados-gesti%C3%B3n-civil-promocion-interna-segundo-ejercicio-\" target=\"_blank\" rel=\"nofollow noopener noreferrer\"><span class=\"wysiwyg-color-green\"><\/span><\/a><a href=\"https:\/\/www.emplea-te.com\/257-noticia-publicadas-listas-de-aprobados-gesti%C3%B3n-civil-promocion-interna-segundo-ejercicio-\" target=\"_blank\" rel=\"nofollow noopener noreferrer\"><span class=\"wysiwyg-color-green\">Publicada en la web del INAP la lista de aprobados de Gesti\u00f3n Civil (promoci\u00f3n interna) , segundo ejercicio.<\/span><\/a><\/span><\/p>\n<p><b>SERGAS (SERVICIO GALEGO DE SA\ufffdsDE) <\/b><\/p>\n<p><span><a href=\"https:\/\/www.emplea-te.com\/242-noticia-lista-provisional-de-aspirantes-admitidos-y-excluidos%C2%A0-en-las-categor%C3%ADas-de-auxiliar-administrativo-y-celador-sergas\" target=\"_blank\" rel=\"nofollow noopener noreferrer\"><span class=\"wysiwyg-color-green\"><\/span><\/a><a href=\"https:\/\/www.emplea-te.com\/242-noticia-lista-provisional-de-aspirantes-admitidos-y-excluidos%C2%A0-en-las-categor%C3%ADas-de-auxiliar-administrativo-y-celador-sergas\" target=\"_blank\" rel=\"nofollow noopener noreferrer\"><span class=\"wysiwyg-color-green\">Publicadas en la web del SERGAS y en el DOG las listas provisionales de admitidos y excluidos en proceso selectivo del SERGAS para las categor\u00edas de Auxiliar Administrativo y Celador.<\/span><\/a><\/span><\/p>\n<p><b>Administrativo Concello de Santiago de Compostela&nbsp;<\/b><b> <\/b><\/p>\n<p><span><a href=\"https:\/\/www.emplea-te.com\/244-noticia-publicada-en-dog%C2%A0anuncio-de-convocatoria-de-7-plazas-de-administrativo-para-el-concello-de-santiago-de-compostela-\" target=\"_blank\" rel=\"nofollow noopener noreferrer\"><span class=\"wysiwyg-color-green\"><\/span><\/a><a href=\"https:\/\/www.emplea-te.com\/244-noticia-publicada-en-dog%C2%A0anuncio-de-convocatoria-de-7-plazas-de-administrativo-para-el-concello-de-santiago-de-compostela-\" target=\"_blank\" rel=\"nofollow noopener noreferrer\"><span class=\"wysiwyg-color-green\">Publicado en el DOG el anuncio de convocatoria de 7 plazas de Administrativo (sistema acceso libre) para la provisi\u00f3n de plazas del Concello de Santiago de Compostela correspondientes a la OEP 2015 +2016 + &nbsp;2017<\/span><\/a><\/span><\/p>\n<p><b>Cuerpos de Seguridad (Polic\u00eda Local y Guardia Civil) <\/b><\/p>\n<p><a href=\"https:\/\/www.emplea-te.com\/262-noticia-se-prepara-una-convocatoria-extraordinaria-para-plazas-de-polic%C3%ADa-local-y-guardia-civil-\" target=\"_blank\" rel=\"nofollow noopener noreferrer\"><span class=\"wysiwyg-color-green\">Se prepara una convocatoria extraordinaria para plazas de Guardia Civil y Polic\u00eda Local.<\/span><\/a><\/p>\n<p><b>SERGAS (Servicio Galego de Sa\u00fade). Se espera que se convoquen 5.000 plazas hasta 2020.<\/b><\/p>\n<p><a href=\"https:\/\/www.emplea-te.com\/261-noticia-el-sergas-aprobara-este-a%C3%B1o-una-oep-en-la-que-agotara-la-tasa-de-reposici%C3%B3n-antes-de-%C2%A0finales-de-a%C3%B1o-\" target=\"_blank\" rel=\"nofollow noopener noreferrer\"><\/a><a href=\"https:\/\/www.emplea-te.com\/261-noticia-el-sergas-aprobara-este-a%C3%B1o-una-oep-en-la-que-agotara-la-tasa-de-reposici%C3%B3n-antes-de-%C2%A0finales-de-a%C3%B1o-\" target=\"_blank\" rel=\"nofollow noopener noreferrer\">&nbsp;<span class=\"wysiwyg-color-green\">Se aprobar\u00e1 una nueva oferta p\u00fablico de emprego (OPE) en la que agotar\u00e1 la tasa de reposici\u00f3n antes de finales de este a\u00f1o., seg\u00fan anunci\u00f3 ayer el conselleiro de Sanidade, Jes\u00fas V\u00e1zquez Almui\u00f1a, en el Parlamento.<\/span><\/a><\/p>\n<p><a href=\"https:\/\/www.emplea-te.com\/noticias-de-oposiciones\" target=\"_blank\" rel=\"nofollow noopener noreferrer\"><span class=\"wysiwyg-color-green\">Enlace a noticias de oposiciones de cada mes<\/span><\/a><\/p>\n<p><a href=\"https:\/\/www.emplea-te.com\/cursos-para-oposiciones\" target=\"_blank\" rel=\"nofollow noopener noreferrer\"><span class=\"wysiwyg-color-green\">Enlace a informaci\u00f3n de requisitos de oposiciones de administraci\u00f3n, Justicia, Sanidad, Correos, Administraci\u00f3n Local, IIPP, Cuerpos de Seguridad etc, y de nuestros cursos presenciales y academia. <\/span><\/a><\/p>\n<\/p>\n<p><\/p><\/p>\n","protected":false},"excerpt":{"rendered":"<p>Administrativo y Auxiliar Administrativo del ESTADO (turno libre). Despu\u00e9s de haber realizado de segundo ejercicio (el pasado d\u00eda 15 de septiembre) se espera que se conozcan las puntuaciones a mediados de este mes de Noviembre. Se estima que la convocatoria de la &nbsp;Oferta de Empleo P\u00fablico de 2018 se publique pr\u00f3ximamente, se habla de los &hellip; <a href=\"https:\/\/www.emplea-te.com\/noticias-oposiciones\/%ef%bf%bdsltimas-noticias-de-oposiciones-en-el-mes-de-octubre\/\" class=\"more-link\">Continuar leyendo<span class=\"screen-reader-text\"> \u00ab\ufffdsltimas noticias de oposiciones en el mes de Octubre. <br \/>\u00ab<\/span><\/a><\/p>\n","protected":false},"author":1,"featured_media":0,"comment_status":"open","ping_status":"open","sticky":false,"template":"","format":"standard","meta":{"footnotes":""},"categories":[],"tags":[],"class_list":["post-1259","post","type-post","status-publish","format-standard","hentry"],"yoast_head":"<!-- This site is optimized with the Yoast SEO plugin v27.3 - https:\/\/yoast.com\/product\/yoast-seo-wordpress\/ -->\n<title>\ufffdsltimas noticias de oposiciones en el mes de Octubre.  - Noticas de oposiciones por Academia Emplea-te<\/title>\n<meta name=\"description\" content=\"En este art\u00edculo os vamos a resumir las principales novedades de empleo p\u00fablico que se produjeron a lo largo del mes de octubre.\" \/>\n<meta name=\"robots\" content=\"index, follow, max-snippet:-1, max-image-preview:large, max-video-preview:-1\" \/>\n<link rel=\"canonical\" href=\"https:\/\/www.emplea-te.com\/noticias-oposiciones\/\ufffdsltimas-noticias-de-oposiciones-en-el-mes-de-octubre\/\" \/>\n<meta property=\"og:locale\" content=\"es_ES\" \/>\n<meta property=\"og:type\" content=\"article\" \/>\n<meta property=\"og:title\" content=\"\ufffdsltimas noticias de oposiciones en el mes de Octubre.  - Noticas de oposiciones por Academia Emplea-te\" \/>\n<meta property=\"og:description\" content=\"En este art\u00edculo os vamos a resumir las principales novedades de empleo p\u00fablico que se produjeron a lo largo del mes de octubre.\" \/>\n<meta property=\"og:url\" content=\"https:\/\/www.emplea-te.com\/noticias-oposiciones\/\ufffdsltimas-noticias-de-oposiciones-en-el-mes-de-octubre\/\" \/>\n<meta property=\"og:site_name\" content=\"Noticas de oposiciones por Academia Emplea-te\" \/>\n<meta property=\"article:publisher\" content=\"https:\/\/www.facebook.com\/AcademiaEmpleate\/\" \/>\n<meta property=\"article:published_time\" content=\"2018-11-04T23:00:00+00:00\" \/>\n<meta name=\"author\" content=\"Empleate\" \/>\n<meta name=\"twitter:card\" content=\"summary_large_image\" \/>\n<meta name=\"twitter:creator\" content=\"@Emplea_Te\" \/>\n<meta name=\"twitter:site\" content=\"@Emplea_Te\" \/>\n<meta name=\"twitter:label1\" content=\"Escrito por\" \/>\n\t<meta name=\"twitter:data1\" content=\"Empleate\" \/>\n\t<meta name=\"twitter:label2\" content=\"Tiempo de lectura\" \/>\n\t<meta name=\"twitter:data2\" content=\"2 minutos\" \/>\n<script type=\"application\/ld+json\" class=\"yoast-schema-graph\">{\"@context\":\"https:\\\/\\\/schema.org\",\"@graph\":[{\"@type\":\"Article\",\"@id\":\"https:\\\/\\\/www.emplea-te.com\\\/noticias-oposiciones\\\/%ef%bf%bdsltimas-noticias-de-oposiciones-en-el-mes-de-octubre\\\/#article\",\"isPartOf\":{\"@id\":\"https:\\\/\\\/www.emplea-te.com\\\/noticias-oposiciones\\\/%ef%bf%bdsltimas-noticias-de-oposiciones-en-el-mes-de-octubre\\\/\"},\"author\":{\"name\":\"Empleate\",\"@id\":\"https:\\\/\\\/www.emplea-te.com\\\/noticias-oposiciones\\\/#\\\/schema\\\/person\\\/d1bc587e1af2b95e9c32aba1795509a6\"},\"headline\":\"\ufffdsltimas noticias de oposiciones en el mes de Octubre.\",\"datePublished\":\"2018-11-04T23:00:00+00:00\",\"mainEntityOfPage\":{\"@id\":\"https:\\\/\\\/www.emplea-te.com\\\/noticias-oposiciones\\\/%ef%bf%bdsltimas-noticias-de-oposiciones-en-el-mes-de-octubre\\\/\"},\"wordCount\":434,\"commentCount\":0,\"publisher\":{\"@id\":\"https:\\\/\\\/www.emplea-te.com\\\/noticias-oposiciones\\\/#organization\"},\"inLanguage\":\"es\",\"potentialAction\":[{\"@type\":\"CommentAction\",\"name\":\"Comment\",\"target\":[\"https:\\\/\\\/www.emplea-te.com\\\/noticias-oposiciones\\\/%ef%bf%bdsltimas-noticias-de-oposiciones-en-el-mes-de-octubre\\\/#respond\"]}]},{\"@type\":\"WebPage\",\"@id\":\"https:\\\/\\\/www.emplea-te.com\\\/noticias-oposiciones\\\/%ef%bf%bdsltimas-noticias-de-oposiciones-en-el-mes-de-octubre\\\/\",\"url\":\"https:\\\/\\\/www.emplea-te.com\\\/noticias-oposiciones\\\/%ef%bf%bdsltimas-noticias-de-oposiciones-en-el-mes-de-octubre\\\/\",\"name\":\"\ufffdsltimas noticias de oposiciones en el mes de Octubre. - Noticas de oposiciones por Academia Emplea-te\",\"isPartOf\":{\"@id\":\"https:\\\/\\\/www.emplea-te.com\\\/noticias-oposiciones\\\/#website\"},\"datePublished\":\"2018-11-04T23:00:00+00:00\",\"description\":\"En este art\u00edculo os vamos a resumir las principales novedades de empleo p\u00fablico que se produjeron a lo largo del mes de octubre.\",\"breadcrumb\":{\"@id\":\"https:\\\/\\\/www.emplea-te.com\\\/noticias-oposiciones\\\/%ef%bf%bdsltimas-noticias-de-oposiciones-en-el-mes-de-octubre\\\/#breadcrumb\"},\"inLanguage\":\"es\",\"potentialAction\":[{\"@type\":\"ReadAction\",\"target\":[\"https:\\\/\\\/www.emplea-te.com\\\/noticias-oposiciones\\\/%ef%bf%bdsltimas-noticias-de-oposiciones-en-el-mes-de-octubre\\\/\"]}]},{\"@type\":\"BreadcrumbList\",\"@id\":\"https:\\\/\\\/www.emplea-te.com\\\/noticias-oposiciones\\\/%ef%bf%bdsltimas-noticias-de-oposiciones-en-el-mes-de-octubre\\\/#breadcrumb\",\"itemListElement\":[{\"@type\":\"ListItem\",\"position\":1,\"name\":\"Noticias Oposiciones\",\"item\":\"https:\\\/\\\/www.emplea-te.com\\\/noticias-oposiciones\\\/\"},{\"@type\":\"ListItem\",\"position\":2,\"name\":\"\ufffdsltimas noticias de oposiciones en el mes de Octubre.\"}]},{\"@type\":\"WebSite\",\"@id\":\"https:\\\/\\\/www.emplea-te.com\\\/noticias-oposiciones\\\/#website\",\"url\":\"https:\\\/\\\/www.emplea-te.com\\\/noticias-oposiciones\\\/\",\"name\":\"Noticas de oposiciones por Academia Emplea-te\",\"description\":\"Toda la actualidad de las ofertas y convocatorias.\",\"publisher\":{\"@id\":\"https:\\\/\\\/www.emplea-te.com\\\/noticias-oposiciones\\\/#organization\"},\"potentialAction\":[{\"@type\":\"SearchAction\",\"target\":{\"@type\":\"EntryPoint\",\"urlTemplate\":\"https:\\\/\\\/www.emplea-te.com\\\/noticias-oposiciones\\\/?s={search_term_string}\"},\"query-input\":{\"@type\":\"PropertyValueSpecification\",\"valueRequired\":true,\"valueName\":\"search_term_string\"}}],\"inLanguage\":\"es\"},{\"@type\":\"Organization\",\"@id\":\"https:\\\/\\\/www.emplea-te.com\\\/noticias-oposiciones\\\/#organization\",\"name\":\"Academia de oposiciones Empl\u00e9ate\",\"url\":\"https:\\\/\\\/www.emplea-te.com\\\/noticias-oposiciones\\\/\",\"logo\":{\"@type\":\"ImageObject\",\"inLanguage\":\"es\",\"@id\":\"https:\\\/\\\/www.emplea-te.com\\\/noticias-oposiciones\\\/#\\\/schema\\\/logo\\\/image\\\/\",\"url\":\"https:\\\/\\\/www.emplea-te.com\\\/noticias-oposiciones\\\/wp-content\\\/uploads\\\/2019\\\/04\\\/empleate.jpg\",\"contentUrl\":\"https:\\\/\\\/www.emplea-te.com\\\/noticias-oposiciones\\\/wp-content\\\/uploads\\\/2019\\\/04\\\/empleate.jpg\",\"width\":250,\"height\":150,\"caption\":\"Academia de oposiciones Empl\u00e9ate\"},\"image\":{\"@id\":\"https:\\\/\\\/www.emplea-te.com\\\/noticias-oposiciones\\\/#\\\/schema\\\/logo\\\/image\\\/\"},\"sameAs\":[\"https:\\\/\\\/www.facebook.com\\\/AcademiaEmpleate\\\/\",\"https:\\\/\\\/x.com\\\/Emplea_Te\",\"https:\\\/\\\/www.instagram.com\\\/academia_empleate\\\/\"]},{\"@type\":\"Person\",\"@id\":\"https:\\\/\\\/www.emplea-te.com\\\/noticias-oposiciones\\\/#\\\/schema\\\/person\\\/d1bc587e1af2b95e9c32aba1795509a6\",\"name\":\"Empleate\"}]}<\/script>\n<!-- \/ Yoast SEO plugin. -->","yoast_head_json":{"title":"\ufffdsltimas noticias de oposiciones en el mes de Octubre.  - Noticas de oposiciones por Academia Emplea-te","description":"En este art\u00edculo os vamos a resumir las principales novedades de empleo p\u00fablico que se produjeron a lo largo del mes de octubre.","robots":{"index":"index","follow":"follow","max-snippet":"max-snippet:-1","max-image-preview":"max-image-preview:large","max-video-preview":"max-video-preview:-1"},"canonical":"https:\/\/www.emplea-te.com\/noticias-oposiciones\/\ufffdsltimas-noticias-de-oposiciones-en-el-mes-de-octubre\/","og_locale":"es_ES","og_type":"article","og_title":"\ufffdsltimas noticias de oposiciones en el mes de Octubre.  - Noticas de oposiciones por Academia Emplea-te","og_description":"En este art\u00edculo os vamos a resumir las principales novedades de empleo p\u00fablico que se produjeron a lo largo del mes de octubre.","og_url":"https:\/\/www.emplea-te.com\/noticias-oposiciones\/\ufffdsltimas-noticias-de-oposiciones-en-el-mes-de-octubre\/","og_site_name":"Noticas de oposiciones por Academia Emplea-te","article_publisher":"https:\/\/www.facebook.com\/AcademiaEmpleate\/","article_published_time":"2018-11-04T23:00:00+00:00","author":"Empleate","twitter_card":"summary_large_image","twitter_creator":"@Emplea_Te","twitter_site":"@Emplea_Te","twitter_misc":{"Escrito por":"Empleate","Tiempo de lectura":"2 minutos"},"schema":{"@context":"https:\/\/schema.org","@graph":[{"@type":"Article","@id":"https:\/\/www.emplea-te.com\/noticias-oposiciones\/%ef%bf%bdsltimas-noticias-de-oposiciones-en-el-mes-de-octubre\/#article","isPartOf":{"@id":"https:\/\/www.emplea-te.com\/noticias-oposiciones\/%ef%bf%bdsltimas-noticias-de-oposiciones-en-el-mes-de-octubre\/"},"author":{"name":"Empleate","@id":"https:\/\/www.emplea-te.com\/noticias-oposiciones\/#\/schema\/person\/d1bc587e1af2b95e9c32aba1795509a6"},"headline":"\ufffdsltimas noticias de oposiciones en el mes de Octubre.","datePublished":"2018-11-04T23:00:00+00:00","mainEntityOfPage":{"@id":"https:\/\/www.emplea-te.com\/noticias-oposiciones\/%ef%bf%bdsltimas-noticias-de-oposiciones-en-el-mes-de-octubre\/"},"wordCount":434,"commentCount":0,"publisher":{"@id":"https:\/\/www.emplea-te.com\/noticias-oposiciones\/#organization"},"inLanguage":"es","potentialAction":[{"@type":"CommentAction","name":"Comment","target":["https:\/\/www.emplea-te.com\/noticias-oposiciones\/%ef%bf%bdsltimas-noticias-de-oposiciones-en-el-mes-de-octubre\/#respond"]}]},{"@type":"WebPage","@id":"https:\/\/www.emplea-te.com\/noticias-oposiciones\/%ef%bf%bdsltimas-noticias-de-oposiciones-en-el-mes-de-octubre\/","url":"https:\/\/www.emplea-te.com\/noticias-oposiciones\/%ef%bf%bdsltimas-noticias-de-oposiciones-en-el-mes-de-octubre\/","name":"\ufffdsltimas noticias de oposiciones en el mes de Octubre. - Noticas de oposiciones por Academia Emplea-te","isPartOf":{"@id":"https:\/\/www.emplea-te.com\/noticias-oposiciones\/#website"},"datePublished":"2018-11-04T23:00:00+00:00","description":"En este art\u00edculo os vamos a resumir las principales novedades de empleo p\u00fablico que se produjeron a lo largo del mes de octubre.","breadcrumb":{"@id":"https:\/\/www.emplea-te.com\/noticias-oposiciones\/%ef%bf%bdsltimas-noticias-de-oposiciones-en-el-mes-de-octubre\/#breadcrumb"},"inLanguage":"es","potentialAction":[{"@type":"ReadAction","target":["https:\/\/www.emplea-te.com\/noticias-oposiciones\/%ef%bf%bdsltimas-noticias-de-oposiciones-en-el-mes-de-octubre\/"]}]},{"@type":"BreadcrumbList","@id":"https:\/\/www.emplea-te.com\/noticias-oposiciones\/%ef%bf%bdsltimas-noticias-de-oposiciones-en-el-mes-de-octubre\/#breadcrumb","itemListElement":[{"@type":"ListItem","position":1,"name":"Noticias Oposiciones","item":"https:\/\/www.emplea-te.com\/noticias-oposiciones\/"},{"@type":"ListItem","position":2,"name":"\ufffdsltimas noticias de oposiciones en el mes de Octubre."}]},{"@type":"WebSite","@id":"https:\/\/www.emplea-te.com\/noticias-oposiciones\/#website","url":"https:\/\/www.emplea-te.com\/noticias-oposiciones\/","name":"Noticas de oposiciones por Academia Emplea-te","description":"Toda la actualidad de las ofertas y convocatorias.","publisher":{"@id":"https:\/\/www.emplea-te.com\/noticias-oposiciones\/#organization"},"potentialAction":[{"@type":"SearchAction","target":{"@type":"EntryPoint","urlTemplate":"https:\/\/www.emplea-te.com\/noticias-oposiciones\/?s={search_term_string}"},"query-input":{"@type":"PropertyValueSpecification","valueRequired":true,"valueName":"search_term_string"}}],"inLanguage":"es"},{"@type":"Organization","@id":"https:\/\/www.emplea-te.com\/noticias-oposiciones\/#organization","name":"Academia de oposiciones Empl\u00e9ate","url":"https:\/\/www.emplea-te.com\/noticias-oposiciones\/","logo":{"@type":"ImageObject","inLanguage":"es","@id":"https:\/\/www.emplea-te.com\/noticias-oposiciones\/#\/schema\/logo\/image\/","url":"https:\/\/www.emplea-te.com\/noticias-oposiciones\/wp-content\/uploads\/2019\/04\/empleate.jpg","contentUrl":"https:\/\/www.emplea-te.com\/noticias-oposiciones\/wp-content\/uploads\/2019\/04\/empleate.jpg","width":250,"height":150,"caption":"Academia de oposiciones Empl\u00e9ate"},"image":{"@id":"https:\/\/www.emplea-te.com\/noticias-oposiciones\/#\/schema\/logo\/image\/"},"sameAs":["https:\/\/www.facebook.com\/AcademiaEmpleate\/","https:\/\/x.com\/Emplea_Te","https:\/\/www.instagram.com\/academia_empleate\/"]},{"@type":"Person","@id":"https:\/\/www.emplea-te.com\/noticias-oposiciones\/#\/schema\/person\/d1bc587e1af2b95e9c32aba1795509a6","name":"Empleate"}]}},"_links":{"self":[{"href":"https:\/\/www.emplea-te.com\/noticias-oposiciones\/wp-json\/wp\/v2\/posts\/1259","targetHints":{"allow":["GET"]}}],"collection":[{"href":"https:\/\/www.emplea-te.com\/noticias-oposiciones\/wp-json\/wp\/v2\/posts"}],"about":[{"href":"https:\/\/www.emplea-te.com\/noticias-oposiciones\/wp-json\/wp\/v2\/types\/post"}],"author":[{"embeddable":true,"href":"https:\/\/www.emplea-te.com\/noticias-oposiciones\/wp-json\/wp\/v2\/users\/1"}],"replies":[{"embeddable":true,"href":"https:\/\/www.emplea-te.com\/noticias-oposiciones\/wp-json\/wp\/v2\/comments?post=1259"}],"version-history":[{"count":0,"href":"https:\/\/www.emplea-te.com\/noticias-oposiciones\/wp-json\/wp\/v2\/posts\/1259\/revisions"}],"wp:attachment":[{"href":"https:\/\/www.emplea-te.com\/noticias-oposiciones\/wp-json\/wp\/v2\/media?parent=1259"}],"wp:term":[{"taxonomy":"category","embeddable":true,"href":"https:\/\/www.emplea-te.com\/noticias-oposiciones\/wp-json\/wp\/v2\/categories?post=1259"},{"taxonomy":"post_tag","embeddable":true,"href":"https:\/\/www.emplea-te.com\/noticias-oposiciones\/wp-json\/wp\/v2\/tags?post=1259"}],"curies":[{"name":"wp","href":"https:\/\/api.w.org\/{rel}","templated":true}]}}