{"id":12624,"date":"2024-06-17T10:37:43","date_gmt":"2024-06-17T08:37:43","guid":{"rendered":"https:\/\/www.emplea-te.com\/noticias-oposiciones\/?p=12624"},"modified":"2024-06-17T10:38:13","modified_gmt":"2024-06-17T08:38:13","slug":"ayuntamiento-de-ortigueira-bases-convocatoria-proceso-selectivo-que-sera-convocado-para-cubrir-plaza-de-administrativo-c1-por-oposicion-turno-libre","status":"publish","type":"post","link":"https:\/\/www.emplea-te.com\/noticias-oposiciones\/ayuntamiento-de-ortigueira-bases-convocatoria-proceso-selectivo-que-sera-convocado-para-cubrir-plaza-de-administrativo-c1-por-oposicion-turno-libre\/","title":{"rendered":"Ayuntamiento de Ortigueira. Bases convocatoria proceso selectivo que ser\u00e1 convocado para cubrir plaza de Administrativo C1 por oposici\u00f3n turno libre."},"content":{"rendered":"<p>Se publica en el BOP de la Provincia de A Coru\u00f1a de hoy, d\u00eda 17 de junio de 2024, el Anuncio de las bases regidoras de la futura convocatoria de proceso selectivo que ser\u00e1 convocado para cubrir plaza de Administrativo C1 por oposici\u00f3n en turno libre y con formaci\u00f3n de bolsa de empleo.<\/p>\n<p>El plazo para presentar solicitudes ser\u00e1 de 20 d\u00edas h\u00e1biles a contar a partir del d\u00eda siguiente de la publicaci\u00f3n de la convocatoria en el BOE.<\/p>\n<p><a href=\"https:\/\/bop.dicoruna.es\/bopportal\/publicado\/2024\/06\/17\/2024_0000004122.pdf\" target=\"_blank\" rel=\"noopener\"><strong>Desde este enlace puedes acceder a la publicaci\u00f3n \u00edntegra de estas bases.\u00a0<\/strong><\/a><\/p>\n<p><a href=\"https:\/\/www.emplea-te.com\/noticias-oposiciones\/ver-pdf\/?pdf=https%3A%2F%2Fwww.emplea-te.com%2Fnoticias-oposiciones%2Fwp-content%2Fuploads%2F2024%2F06%2Fnew-EMPLEATE-Cursos-V4.pdf\" target=\"_blank\" rel=\"noopener\">Conoce nuestro m\u00e9todo<\/a><\/p>\n","protected":false},"excerpt":{"rendered":"<p>Se publica en el BOP de la Provincia de A Coru\u00f1a de hoy, d\u00eda 17 de junio de 2024, el Anuncio de las bases regidoras de la futura convocatoria de proceso selectivo que ser\u00e1 convocado para cubrir plaza de Administrativo C1 por oposici\u00f3n en turno libre y con formaci\u00f3n de bolsa de empleo. El plazo &hellip; <a href=\"https:\/\/www.emplea-te.com\/noticias-oposiciones\/ayuntamiento-de-ortigueira-bases-convocatoria-proceso-selectivo-que-sera-convocado-para-cubrir-plaza-de-administrativo-c1-por-oposicion-turno-libre\/\" class=\"more-link\">Continuar leyendo<span class=\"screen-reader-text\"> \u00abAyuntamiento de Ortigueira. Bases convocatoria proceso selectivo que ser\u00e1 convocado para cubrir plaza de Administrativo C1 por oposici\u00f3n turno libre.\u00bb<\/span><\/a><\/p>\n","protected":false},"author":1,"featured_media":0,"comment_status":"closed","ping_status":"closed","sticky":false,"template":"","format":"standard","meta":{"footnotes":""},"categories":[37,56],"tags":[117,103],"class_list":["post-12624","post","type-post","status-publish","format-standard","hentry","category-convocatorias-ayuntamientos","category-oposiciones-autonomicas-galicia","tag-anuncio-de-convocatoria","tag-informacion-procesos-selectivos"],"yoast_head":"<!-- This site is optimized with the Yoast SEO plugin v27.5 - https:\/\/yoast.com\/product\/yoast-seo-wordpress\/ -->\n<title>Ayuntamiento de Ortigueira. Bases convocatoria proceso selectivo que ser\u00e1 convocado para cubrir plaza de Administrativo C1 por oposici\u00f3n turno libre. - Noticas de oposiciones por Academia Emplea-te<\/title>\n<meta name=\"robots\" content=\"index, follow, max-snippet:-1, max-image-preview:large, max-video-preview:-1\" \/>\n<link rel=\"canonical\" href=\"https:\/\/www.emplea-te.com\/noticias-oposiciones\/ayuntamiento-de-ortigueira-bases-convocatoria-proceso-selectivo-que-sera-convocado-para-cubrir-plaza-de-administrativo-c1-por-oposicion-turno-libre\/\" \/>\n<meta property=\"og:locale\" content=\"es_ES\" \/>\n<meta property=\"og:type\" content=\"article\" \/>\n<meta property=\"og:title\" content=\"Ayuntamiento de Ortigueira. Bases convocatoria proceso selectivo que ser\u00e1 convocado para cubrir plaza de Administrativo C1 por oposici\u00f3n turno libre. - Noticas de oposiciones por Academia Emplea-te\" \/>\n<meta property=\"og:description\" content=\"Se publica en el BOP de la Provincia de A Coru\u00f1a de hoy, d\u00eda 17 de junio de 2024, el Anuncio de las bases regidoras de la futura convocatoria de proceso selectivo que ser\u00e1 convocado para cubrir plaza de Administrativo C1 por oposici\u00f3n en turno libre y con formaci\u00f3n de bolsa de empleo. El plazo &hellip; Continuar leyendo &quot;Ayuntamiento de Ortigueira. Bases convocatoria proceso selectivo que ser\u00e1 convocado para cubrir plaza de Administrativo C1 por oposici\u00f3n turno libre.&quot;\" \/>\n<meta property=\"og:url\" content=\"https:\/\/www.emplea-te.com\/noticias-oposiciones\/ayuntamiento-de-ortigueira-bases-convocatoria-proceso-selectivo-que-sera-convocado-para-cubrir-plaza-de-administrativo-c1-por-oposicion-turno-libre\/\" \/>\n<meta property=\"og:site_name\" content=\"Noticas de oposiciones por Academia Emplea-te\" \/>\n<meta property=\"article:publisher\" content=\"https:\/\/www.facebook.com\/AcademiaEmpleate\/\" \/>\n<meta property=\"article:published_time\" content=\"2024-06-17T08:37:43+00:00\" \/>\n<meta property=\"article:modified_time\" content=\"2024-06-17T08:38:13+00:00\" \/>\n<meta name=\"author\" content=\"Empleate\" \/>\n<meta name=\"twitter:card\" content=\"summary_large_image\" \/>\n<meta name=\"twitter:creator\" content=\"@Emplea_Te\" \/>\n<meta name=\"twitter:site\" content=\"@Emplea_Te\" \/>\n<meta name=\"twitter:label1\" content=\"Escrito por\" \/>\n\t<meta name=\"twitter:data1\" content=\"Empleate\" \/>\n\t<meta name=\"twitter:label2\" content=\"Tiempo de lectura\" \/>\n\t<meta name=\"twitter:data2\" content=\"1 minuto\" \/>\n<script type=\"application\/ld+json\" class=\"yoast-schema-graph\">{\"@context\":\"https:\\\/\\\/schema.org\",\"@graph\":[{\"@type\":\"Article\",\"@id\":\"https:\\\/\\\/www.emplea-te.com\\\/noticias-oposiciones\\\/ayuntamiento-de-ortigueira-bases-convocatoria-proceso-selectivo-que-sera-convocado-para-cubrir-plaza-de-administrativo-c1-por-oposicion-turno-libre\\\/#article\",\"isPartOf\":{\"@id\":\"https:\\\/\\\/www.emplea-te.com\\\/noticias-oposiciones\\\/ayuntamiento-de-ortigueira-bases-convocatoria-proceso-selectivo-que-sera-convocado-para-cubrir-plaza-de-administrativo-c1-por-oposicion-turno-libre\\\/\"},\"author\":{\"name\":\"Empleate\",\"@id\":\"https:\\\/\\\/www.emplea-te.com\\\/noticias-oposiciones\\\/#\\\/schema\\\/person\\\/d1bc587e1af2b95e9c32aba1795509a6\"},\"headline\":\"Ayuntamiento de Ortigueira. Bases convocatoria proceso selectivo que ser\u00e1 convocado para cubrir plaza de Administrativo C1 por oposici\u00f3n turno libre.\",\"datePublished\":\"2024-06-17T08:37:43+00:00\",\"dateModified\":\"2024-06-17T08:38:13+00:00\",\"mainEntityOfPage\":{\"@id\":\"https:\\\/\\\/www.emplea-te.com\\\/noticias-oposiciones\\\/ayuntamiento-de-ortigueira-bases-convocatoria-proceso-selectivo-que-sera-convocado-para-cubrir-plaza-de-administrativo-c1-por-oposicion-turno-libre\\\/\"},\"wordCount\":122,\"publisher\":{\"@id\":\"https:\\\/\\\/www.emplea-te.com\\\/noticias-oposiciones\\\/#organization\"},\"keywords\":[\"Anuncio de convocatoria\",\"Informaci\u00f3n procesos selectivos\"],\"articleSection\":[\"Convocatorias Ayuntamientos\",\"Oposiciones Auton\u00f3micas Galicia\"],\"inLanguage\":\"es\"},{\"@type\":\"WebPage\",\"@id\":\"https:\\\/\\\/www.emplea-te.com\\\/noticias-oposiciones\\\/ayuntamiento-de-ortigueira-bases-convocatoria-proceso-selectivo-que-sera-convocado-para-cubrir-plaza-de-administrativo-c1-por-oposicion-turno-libre\\\/\",\"url\":\"https:\\\/\\\/www.emplea-te.com\\\/noticias-oposiciones\\\/ayuntamiento-de-ortigueira-bases-convocatoria-proceso-selectivo-que-sera-convocado-para-cubrir-plaza-de-administrativo-c1-por-oposicion-turno-libre\\\/\",\"name\":\"Ayuntamiento de Ortigueira. Bases convocatoria proceso selectivo que ser\u00e1 convocado para cubrir plaza de Administrativo C1 por oposici\u00f3n turno libre. - Noticas de oposiciones por Academia Emplea-te\",\"isPartOf\":{\"@id\":\"https:\\\/\\\/www.emplea-te.com\\\/noticias-oposiciones\\\/#website\"},\"datePublished\":\"2024-06-17T08:37:43+00:00\",\"dateModified\":\"2024-06-17T08:38:13+00:00\",\"breadcrumb\":{\"@id\":\"https:\\\/\\\/www.emplea-te.com\\\/noticias-oposiciones\\\/ayuntamiento-de-ortigueira-bases-convocatoria-proceso-selectivo-que-sera-convocado-para-cubrir-plaza-de-administrativo-c1-por-oposicion-turno-libre\\\/#breadcrumb\"},\"inLanguage\":\"es\",\"potentialAction\":[{\"@type\":\"ReadAction\",\"target\":[\"https:\\\/\\\/www.emplea-te.com\\\/noticias-oposiciones\\\/ayuntamiento-de-ortigueira-bases-convocatoria-proceso-selectivo-que-sera-convocado-para-cubrir-plaza-de-administrativo-c1-por-oposicion-turno-libre\\\/\"]}]},{\"@type\":\"BreadcrumbList\",\"@id\":\"https:\\\/\\\/www.emplea-te.com\\\/noticias-oposiciones\\\/ayuntamiento-de-ortigueira-bases-convocatoria-proceso-selectivo-que-sera-convocado-para-cubrir-plaza-de-administrativo-c1-por-oposicion-turno-libre\\\/#breadcrumb\",\"itemListElement\":[{\"@type\":\"ListItem\",\"position\":1,\"name\":\"Noticias Oposiciones\",\"item\":\"https:\\\/\\\/www.emplea-te.com\\\/noticias-oposiciones\\\/\"},{\"@type\":\"ListItem\",\"position\":2,\"name\":\"Oposiciones Auton\u00f3micas Galicia\",\"item\":\"https:\\\/\\\/www.emplea-te.com\\\/noticias-oposiciones\\\/categoria\\\/oposiciones-autonomicas-galicia\\\/\"},{\"@type\":\"ListItem\",\"position\":3,\"name\":\"Ayuntamiento de Ortigueira. Bases convocatoria proceso selectivo que ser\u00e1 convocado para cubrir plaza de Administrativo C1 por oposici\u00f3n turno libre.\"}]},{\"@type\":\"WebSite\",\"@id\":\"https:\\\/\\\/www.emplea-te.com\\\/noticias-oposiciones\\\/#website\",\"url\":\"https:\\\/\\\/www.emplea-te.com\\\/noticias-oposiciones\\\/\",\"name\":\"Noticas de oposiciones por Academia Emplea-te\",\"description\":\"Toda la actualidad de las ofertas y convocatorias.\",\"publisher\":{\"@id\":\"https:\\\/\\\/www.emplea-te.com\\\/noticias-oposiciones\\\/#organization\"},\"potentialAction\":[{\"@type\":\"SearchAction\",\"target\":{\"@type\":\"EntryPoint\",\"urlTemplate\":\"https:\\\/\\\/www.emplea-te.com\\\/noticias-oposiciones\\\/?s={search_term_string}\"},\"query-input\":{\"@type\":\"PropertyValueSpecification\",\"valueRequired\":true,\"valueName\":\"search_term_string\"}}],\"inLanguage\":\"es\"},{\"@type\":\"Organization\",\"@id\":\"https:\\\/\\\/www.emplea-te.com\\\/noticias-oposiciones\\\/#organization\",\"name\":\"Academia de oposiciones Empl\u00e9ate\",\"url\":\"https:\\\/\\\/www.emplea-te.com\\\/noticias-oposiciones\\\/\",\"logo\":{\"@type\":\"ImageObject\",\"inLanguage\":\"es\",\"@id\":\"https:\\\/\\\/www.emplea-te.com\\\/noticias-oposiciones\\\/#\\\/schema\\\/logo\\\/image\\\/\",\"url\":\"https:\\\/\\\/www.emplea-te.com\\\/noticias-oposiciones\\\/wp-content\\\/uploads\\\/2019\\\/04\\\/empleate.jpg\",\"contentUrl\":\"https:\\\/\\\/www.emplea-te.com\\\/noticias-oposiciones\\\/wp-content\\\/uploads\\\/2019\\\/04\\\/empleate.jpg\",\"width\":250,\"height\":150,\"caption\":\"Academia de oposiciones Empl\u00e9ate\"},\"image\":{\"@id\":\"https:\\\/\\\/www.emplea-te.com\\\/noticias-oposiciones\\\/#\\\/schema\\\/logo\\\/image\\\/\"},\"sameAs\":[\"https:\\\/\\\/www.facebook.com\\\/AcademiaEmpleate\\\/\",\"https:\\\/\\\/x.com\\\/Emplea_Te\",\"https:\\\/\\\/www.instagram.com\\\/academia_empleate\\\/\"]},{\"@type\":\"Person\",\"@id\":\"https:\\\/\\\/www.emplea-te.com\\\/noticias-oposiciones\\\/#\\\/schema\\\/person\\\/d1bc587e1af2b95e9c32aba1795509a6\",\"name\":\"Empleate\"}]}<\/script>\n<!-- \/ Yoast SEO plugin. -->","yoast_head_json":{"title":"Ayuntamiento de Ortigueira. Bases convocatoria proceso selectivo que ser\u00e1 convocado para cubrir plaza de Administrativo C1 por oposici\u00f3n turno libre. - Noticas de oposiciones por Academia Emplea-te","robots":{"index":"index","follow":"follow","max-snippet":"max-snippet:-1","max-image-preview":"max-image-preview:large","max-video-preview":"max-video-preview:-1"},"canonical":"https:\/\/www.emplea-te.com\/noticias-oposiciones\/ayuntamiento-de-ortigueira-bases-convocatoria-proceso-selectivo-que-sera-convocado-para-cubrir-plaza-de-administrativo-c1-por-oposicion-turno-libre\/","og_locale":"es_ES","og_type":"article","og_title":"Ayuntamiento de Ortigueira. Bases convocatoria proceso selectivo que ser\u00e1 convocado para cubrir plaza de Administrativo C1 por oposici\u00f3n turno libre. - Noticas de oposiciones por Academia Emplea-te","og_description":"Se publica en el BOP de la Provincia de A Coru\u00f1a de hoy, d\u00eda 17 de junio de 2024, el Anuncio de las bases regidoras de la futura convocatoria de proceso selectivo que ser\u00e1 convocado para cubrir plaza de Administrativo C1 por oposici\u00f3n en turno libre y con formaci\u00f3n de bolsa de empleo. El plazo &hellip; Continuar leyendo \"Ayuntamiento de Ortigueira. Bases convocatoria proceso selectivo que ser\u00e1 convocado para cubrir plaza de Administrativo C1 por oposici\u00f3n turno libre.\"","og_url":"https:\/\/www.emplea-te.com\/noticias-oposiciones\/ayuntamiento-de-ortigueira-bases-convocatoria-proceso-selectivo-que-sera-convocado-para-cubrir-plaza-de-administrativo-c1-por-oposicion-turno-libre\/","og_site_name":"Noticas de oposiciones por Academia Emplea-te","article_publisher":"https:\/\/www.facebook.com\/AcademiaEmpleate\/","article_published_time":"2024-06-17T08:37:43+00:00","article_modified_time":"2024-06-17T08:38:13+00:00","author":"Empleate","twitter_card":"summary_large_image","twitter_creator":"@Emplea_Te","twitter_site":"@Emplea_Te","twitter_misc":{"Escrito por":"Empleate","Tiempo de lectura":"1 minuto"},"schema":{"@context":"https:\/\/schema.org","@graph":[{"@type":"Article","@id":"https:\/\/www.emplea-te.com\/noticias-oposiciones\/ayuntamiento-de-ortigueira-bases-convocatoria-proceso-selectivo-que-sera-convocado-para-cubrir-plaza-de-administrativo-c1-por-oposicion-turno-libre\/#article","isPartOf":{"@id":"https:\/\/www.emplea-te.com\/noticias-oposiciones\/ayuntamiento-de-ortigueira-bases-convocatoria-proceso-selectivo-que-sera-convocado-para-cubrir-plaza-de-administrativo-c1-por-oposicion-turno-libre\/"},"author":{"name":"Empleate","@id":"https:\/\/www.emplea-te.com\/noticias-oposiciones\/#\/schema\/person\/d1bc587e1af2b95e9c32aba1795509a6"},"headline":"Ayuntamiento de Ortigueira. Bases convocatoria proceso selectivo que ser\u00e1 convocado para cubrir plaza de Administrativo C1 por oposici\u00f3n turno libre.","datePublished":"2024-06-17T08:37:43+00:00","dateModified":"2024-06-17T08:38:13+00:00","mainEntityOfPage":{"@id":"https:\/\/www.emplea-te.com\/noticias-oposiciones\/ayuntamiento-de-ortigueira-bases-convocatoria-proceso-selectivo-que-sera-convocado-para-cubrir-plaza-de-administrativo-c1-por-oposicion-turno-libre\/"},"wordCount":122,"publisher":{"@id":"https:\/\/www.emplea-te.com\/noticias-oposiciones\/#organization"},"keywords":["Anuncio de convocatoria","Informaci\u00f3n procesos selectivos"],"articleSection":["Convocatorias Ayuntamientos","Oposiciones Auton\u00f3micas Galicia"],"inLanguage":"es"},{"@type":"WebPage","@id":"https:\/\/www.emplea-te.com\/noticias-oposiciones\/ayuntamiento-de-ortigueira-bases-convocatoria-proceso-selectivo-que-sera-convocado-para-cubrir-plaza-de-administrativo-c1-por-oposicion-turno-libre\/","url":"https:\/\/www.emplea-te.com\/noticias-oposiciones\/ayuntamiento-de-ortigueira-bases-convocatoria-proceso-selectivo-que-sera-convocado-para-cubrir-plaza-de-administrativo-c1-por-oposicion-turno-libre\/","name":"Ayuntamiento de Ortigueira. Bases convocatoria proceso selectivo que ser\u00e1 convocado para cubrir plaza de Administrativo C1 por oposici\u00f3n turno libre. - Noticas de oposiciones por Academia Emplea-te","isPartOf":{"@id":"https:\/\/www.emplea-te.com\/noticias-oposiciones\/#website"},"datePublished":"2024-06-17T08:37:43+00:00","dateModified":"2024-06-17T08:38:13+00:00","breadcrumb":{"@id":"https:\/\/www.emplea-te.com\/noticias-oposiciones\/ayuntamiento-de-ortigueira-bases-convocatoria-proceso-selectivo-que-sera-convocado-para-cubrir-plaza-de-administrativo-c1-por-oposicion-turno-libre\/#breadcrumb"},"inLanguage":"es","potentialAction":[{"@type":"ReadAction","target":["https:\/\/www.emplea-te.com\/noticias-oposiciones\/ayuntamiento-de-ortigueira-bases-convocatoria-proceso-selectivo-que-sera-convocado-para-cubrir-plaza-de-administrativo-c1-por-oposicion-turno-libre\/"]}]},{"@type":"BreadcrumbList","@id":"https:\/\/www.emplea-te.com\/noticias-oposiciones\/ayuntamiento-de-ortigueira-bases-convocatoria-proceso-selectivo-que-sera-convocado-para-cubrir-plaza-de-administrativo-c1-por-oposicion-turno-libre\/#breadcrumb","itemListElement":[{"@type":"ListItem","position":1,"name":"Noticias Oposiciones","item":"https:\/\/www.emplea-te.com\/noticias-oposiciones\/"},{"@type":"ListItem","position":2,"name":"Oposiciones Auton\u00f3micas Galicia","item":"https:\/\/www.emplea-te.com\/noticias-oposiciones\/categoria\/oposiciones-autonomicas-galicia\/"},{"@type":"ListItem","position":3,"name":"Ayuntamiento de Ortigueira. Bases convocatoria proceso selectivo que ser\u00e1 convocado para cubrir plaza de Administrativo C1 por oposici\u00f3n turno libre."}]},{"@type":"WebSite","@id":"https:\/\/www.emplea-te.com\/noticias-oposiciones\/#website","url":"https:\/\/www.emplea-te.com\/noticias-oposiciones\/","name":"Noticas de oposiciones por Academia Emplea-te","description":"Toda la actualidad de las ofertas y convocatorias.","publisher":{"@id":"https:\/\/www.emplea-te.com\/noticias-oposiciones\/#organization"},"potentialAction":[{"@type":"SearchAction","target":{"@type":"EntryPoint","urlTemplate":"https:\/\/www.emplea-te.com\/noticias-oposiciones\/?s={search_term_string}"},"query-input":{"@type":"PropertyValueSpecification","valueRequired":true,"valueName":"search_term_string"}}],"inLanguage":"es"},{"@type":"Organization","@id":"https:\/\/www.emplea-te.com\/noticias-oposiciones\/#organization","name":"Academia de oposiciones Empl\u00e9ate","url":"https:\/\/www.emplea-te.com\/noticias-oposiciones\/","logo":{"@type":"ImageObject","inLanguage":"es","@id":"https:\/\/www.emplea-te.com\/noticias-oposiciones\/#\/schema\/logo\/image\/","url":"https:\/\/www.emplea-te.com\/noticias-oposiciones\/wp-content\/uploads\/2019\/04\/empleate.jpg","contentUrl":"https:\/\/www.emplea-te.com\/noticias-oposiciones\/wp-content\/uploads\/2019\/04\/empleate.jpg","width":250,"height":150,"caption":"Academia de oposiciones Empl\u00e9ate"},"image":{"@id":"https:\/\/www.emplea-te.com\/noticias-oposiciones\/#\/schema\/logo\/image\/"},"sameAs":["https:\/\/www.facebook.com\/AcademiaEmpleate\/","https:\/\/x.com\/Emplea_Te","https:\/\/www.instagram.com\/academia_empleate\/"]},{"@type":"Person","@id":"https:\/\/www.emplea-te.com\/noticias-oposiciones\/#\/schema\/person\/d1bc587e1af2b95e9c32aba1795509a6","name":"Empleate"}]}},"_links":{"self":[{"href":"https:\/\/www.emplea-te.com\/noticias-oposiciones\/wp-json\/wp\/v2\/posts\/12624","targetHints":{"allow":["GET"]}}],"collection":[{"href":"https:\/\/www.emplea-te.com\/noticias-oposiciones\/wp-json\/wp\/v2\/posts"}],"about":[{"href":"https:\/\/www.emplea-te.com\/noticias-oposiciones\/wp-json\/wp\/v2\/types\/post"}],"author":[{"embeddable":true,"href":"https:\/\/www.emplea-te.com\/noticias-oposiciones\/wp-json\/wp\/v2\/users\/1"}],"replies":[{"embeddable":true,"href":"https:\/\/www.emplea-te.com\/noticias-oposiciones\/wp-json\/wp\/v2\/comments?post=12624"}],"version-history":[{"count":1,"href":"https:\/\/www.emplea-te.com\/noticias-oposiciones\/wp-json\/wp\/v2\/posts\/12624\/revisions"}],"predecessor-version":[{"id":12625,"href":"https:\/\/www.emplea-te.com\/noticias-oposiciones\/wp-json\/wp\/v2\/posts\/12624\/revisions\/12625"}],"wp:attachment":[{"href":"https:\/\/www.emplea-te.com\/noticias-oposiciones\/wp-json\/wp\/v2\/media?parent=12624"}],"wp:term":[{"taxonomy":"category","embeddable":true,"href":"https:\/\/www.emplea-te.com\/noticias-oposiciones\/wp-json\/wp\/v2\/categories?post=12624"},{"taxonomy":"post_tag","embeddable":true,"href":"https:\/\/www.emplea-te.com\/noticias-oposiciones\/wp-json\/wp\/v2\/tags?post=12624"}],"curies":[{"name":"wp","href":"https:\/\/api.w.org\/{rel}","templated":true}]}}