{"id":12626,"date":"2024-06-17T10:44:21","date_gmt":"2024-06-17T08:44:21","guid":{"rendered":"https:\/\/www.emplea-te.com\/noticias-oposiciones\/?p=12626"},"modified":"2024-06-17T10:44:21","modified_gmt":"2024-06-17T08:44:21","slug":"usc-escala-auxiliar-con-requisito-de-idioma-8-plazas-convocadas-turno-libre-criterios-valoracion-y-correccion-del-tercer-ejercicio","status":"publish","type":"post","link":"https:\/\/www.emplea-te.com\/noticias-oposiciones\/usc-escala-auxiliar-con-requisito-de-idioma-8-plazas-convocadas-turno-libre-criterios-valoracion-y-correccion-del-tercer-ejercicio\/","title":{"rendered":"USC. Escala Auxiliar con requisito de idioma. 8 plazas convocadas turno libre. Criterios valoraci\u00f3n y correcci\u00f3n del tercer ejercicio."},"content":{"rendered":"<p>Se publica en la Web de la USC, el acuerdo del Tribunal Calificador del proceso selectivo convocado para cubrir 8 plazas de la Escala Auxiliar con requisito de idioma por oposici\u00f3n en turno libre:<\/p>\n<p>El Tribunal acord\u00f3 sobre la realizaci\u00f3n del tercer ejercicio:<br \/>\nPRIMERO:<br \/>\nEste ejercicio, seg\u00fan la convocatoria, se calificar\u00e1 de 0 a 30 puntos y ser\u00e1 necesario para superarlo obtener un m\u00ednimo de 15 puntos. El Tribunal acord\u00f3 fijar el n\u00famero de respuestas correctas para obtener 15 puntos y superar el ejercicio en 10 respuestas correctas nietas, una vez descontada la penalizaci\u00f3n prevista en la convocatoria correspondiente a las respuestas incorrectas. Se recuerda que seg\u00fan la Convocatoria este ejercicio consistir\u00e1 \u201cen la realizaci\u00f3n de un supuesto pr\u00e1ctico elegido entre tres propuestos por el tribunal correspondientes a los temas de recursos humanos, gesti\u00f3n econ\u00f3mica y gesti\u00f3n acad\u00e9mica que figuran en el programa. El supuesto estar\u00e1 desglosado en 20 preguntas tipo test, con cuatro respuestas alternativas de las que solo una ser\u00e1 la correcta\u201d<\/p>\n<p>SEGUNDO:<br \/>\nLas preguntas no contestadas, as\u00ed como aquellas en las que se se\u00f1ale m\u00e1s de una respuesta o no se pueda distinguir c\u00f3mo correcta la se\u00f1alada en la hoja de respuestas en poder del Tribunal, no computan.<\/p>\n<p>TERCERO:<br \/>\nSe informa a las personas aspirantes de los siguientes aspectos relacionados con la organizaci\u00f3n del ejercicio:<br \/>\nLas personas aspirantes deber\u00e1n venir prove\u00eddas de documentaci\u00f3n oficial con fotograf\u00eda, que permita su identificaci\u00f3n (DNI, pasaporte o carn\u00e9 de conducir).<br \/>\nLas personas aspirantes deber\u00e1n venir prove\u00eddas de l\u00e1pices del n\u00famero 2 y goma de borrar.<br \/>\nNo se podr\u00e1 acceder a la prueba con tel\u00e9fonos m\u00f3viles, agendas electr\u00f3nicas, relojes inteligentes o cualquier otro tipo de dispositivo electr\u00f3nico.<br \/>\nNo se dispone de ning\u00fan tipo de servicio o dep\u00f3sito para recogida y custodia de este tipo de dispositivos no autorizados.<br \/>\nLa entrada a la prueba ser\u00e1 de acuerdo con la orden de llamamiento, que se iniciar\u00e1 a partir de las 10:45 horas.<\/p>\n<p>CUARTO:<br \/>\nLas instrucciones generales para el desarrollo del ejercicio figuran en el Anexo la esta publicaci\u00f3n. Se recuerda a los y a las aspirantes que el tiempo m\u00e1ximo de duraci\u00f3n del ejercicio ser\u00e1 de 90 minutos desde que el Tribunal indique su inicio.<\/p>\n<p><a href=\"https:\/\/assets.usc.gal\/sites\/default\/files\/pas\/2024-06\/Criterios%20correcci\u00f3n%20e%20instrucc%203%20exercicio.pdf_asinado.pdf_.pdf\" target=\"_blank\" rel=\"noopener\"><strong>Accede a la publicaci\u00f3n \u00edntegra desde este enlace.\u00a0<\/strong><\/a><\/p>\n","protected":false},"excerpt":{"rendered":"<p>Se publica en la Web de la USC, el acuerdo del Tribunal Calificador del proceso selectivo convocado para cubrir 8 plazas de la Escala Auxiliar con requisito de idioma por oposici\u00f3n en turno libre: El Tribunal acord\u00f3 sobre la realizaci\u00f3n del tercer ejercicio: PRIMERO: Este ejercicio, seg\u00fan la convocatoria, se calificar\u00e1 de 0 a 30 &hellip; <a href=\"https:\/\/www.emplea-te.com\/noticias-oposiciones\/usc-escala-auxiliar-con-requisito-de-idioma-8-plazas-convocadas-turno-libre-criterios-valoracion-y-correccion-del-tercer-ejercicio\/\" class=\"more-link\">Continuar leyendo<span class=\"screen-reader-text\"> \u00abUSC. Escala Auxiliar con requisito de idioma. 8 plazas convocadas turno libre. Criterios valoraci\u00f3n y correcci\u00f3n del tercer ejercicio.\u00bb<\/span><\/a><\/p>\n","protected":false},"author":1,"featured_media":0,"comment_status":"closed","ping_status":"closed","sticky":false,"template":"","format":"standard","meta":{"footnotes":""},"categories":[37,56],"tags":[49,103],"class_list":["post-12626","post","type-post","status-publish","format-standard","hentry","category-convocatorias-ayuntamientos","category-oposiciones-autonomicas-galicia","tag-convocatorias-de-oposiciones","tag-informacion-procesos-selectivos"],"yoast_head":"<!-- This site is optimized with the Yoast SEO plugin v27.5 - https:\/\/yoast.com\/product\/yoast-seo-wordpress\/ -->\n<title>USC. Escala Auxiliar con requisito de idioma. 8 plazas convocadas turno libre. Criterios valoraci\u00f3n y correcci\u00f3n del tercer ejercicio. - Noticas de oposiciones por Academia Emplea-te<\/title>\n<meta name=\"robots\" content=\"index, follow, max-snippet:-1, max-image-preview:large, max-video-preview:-1\" \/>\n<link rel=\"canonical\" href=\"https:\/\/www.emplea-te.com\/noticias-oposiciones\/usc-escala-auxiliar-con-requisito-de-idioma-8-plazas-convocadas-turno-libre-criterios-valoracion-y-correccion-del-tercer-ejercicio\/\" \/>\n<meta property=\"og:locale\" content=\"es_ES\" \/>\n<meta property=\"og:type\" content=\"article\" \/>\n<meta property=\"og:title\" content=\"USC. Escala Auxiliar con requisito de idioma. 8 plazas convocadas turno libre. Criterios valoraci\u00f3n y correcci\u00f3n del tercer ejercicio. - Noticas de oposiciones por Academia Emplea-te\" \/>\n<meta property=\"og:description\" content=\"Se publica en la Web de la USC, el acuerdo del Tribunal Calificador del proceso selectivo convocado para cubrir 8 plazas de la Escala Auxiliar con requisito de idioma por oposici\u00f3n en turno libre: El Tribunal acord\u00f3 sobre la realizaci\u00f3n del tercer ejercicio: PRIMERO: Este ejercicio, seg\u00fan la convocatoria, se calificar\u00e1 de 0 a 30 &hellip; Continuar leyendo &quot;USC. Escala Auxiliar con requisito de idioma. 8 plazas convocadas turno libre. Criterios valoraci\u00f3n y correcci\u00f3n del tercer ejercicio.&quot;\" \/>\n<meta property=\"og:url\" content=\"https:\/\/www.emplea-te.com\/noticias-oposiciones\/usc-escala-auxiliar-con-requisito-de-idioma-8-plazas-convocadas-turno-libre-criterios-valoracion-y-correccion-del-tercer-ejercicio\/\" \/>\n<meta property=\"og:site_name\" content=\"Noticas de oposiciones por Academia Emplea-te\" \/>\n<meta property=\"article:publisher\" content=\"https:\/\/www.facebook.com\/AcademiaEmpleate\/\" \/>\n<meta property=\"article:published_time\" content=\"2024-06-17T08:44:21+00:00\" \/>\n<meta name=\"author\" content=\"Empleate\" \/>\n<meta name=\"twitter:card\" content=\"summary_large_image\" \/>\n<meta name=\"twitter:creator\" content=\"@Emplea_Te\" \/>\n<meta name=\"twitter:site\" content=\"@Emplea_Te\" \/>\n<meta name=\"twitter:label1\" content=\"Escrito por\" \/>\n\t<meta name=\"twitter:data1\" content=\"Empleate\" \/>\n\t<meta name=\"twitter:label2\" content=\"Tiempo de lectura\" \/>\n\t<meta name=\"twitter:data2\" content=\"2 minutos\" \/>\n<script type=\"application\/ld+json\" class=\"yoast-schema-graph\">{\"@context\":\"https:\\\/\\\/schema.org\",\"@graph\":[{\"@type\":\"Article\",\"@id\":\"https:\\\/\\\/www.emplea-te.com\\\/noticias-oposiciones\\\/usc-escala-auxiliar-con-requisito-de-idioma-8-plazas-convocadas-turno-libre-criterios-valoracion-y-correccion-del-tercer-ejercicio\\\/#article\",\"isPartOf\":{\"@id\":\"https:\\\/\\\/www.emplea-te.com\\\/noticias-oposiciones\\\/usc-escala-auxiliar-con-requisito-de-idioma-8-plazas-convocadas-turno-libre-criterios-valoracion-y-correccion-del-tercer-ejercicio\\\/\"},\"author\":{\"name\":\"Empleate\",\"@id\":\"https:\\\/\\\/www.emplea-te.com\\\/noticias-oposiciones\\\/#\\\/schema\\\/person\\\/d1bc587e1af2b95e9c32aba1795509a6\"},\"headline\":\"USC. Escala Auxiliar con requisito de idioma. 8 plazas convocadas turno libre. Criterios valoraci\u00f3n y correcci\u00f3n del tercer ejercicio.\",\"datePublished\":\"2024-06-17T08:44:21+00:00\",\"mainEntityOfPage\":{\"@id\":\"https:\\\/\\\/www.emplea-te.com\\\/noticias-oposiciones\\\/usc-escala-auxiliar-con-requisito-de-idioma-8-plazas-convocadas-turno-libre-criterios-valoracion-y-correccion-del-tercer-ejercicio\\\/\"},\"wordCount\":416,\"publisher\":{\"@id\":\"https:\\\/\\\/www.emplea-te.com\\\/noticias-oposiciones\\\/#organization\"},\"keywords\":[\"Convocatoria\",\"Informaci\u00f3n procesos selectivos\"],\"articleSection\":[\"Convocatorias Ayuntamientos\",\"Oposiciones Auton\u00f3micas Galicia\"],\"inLanguage\":\"es\"},{\"@type\":\"WebPage\",\"@id\":\"https:\\\/\\\/www.emplea-te.com\\\/noticias-oposiciones\\\/usc-escala-auxiliar-con-requisito-de-idioma-8-plazas-convocadas-turno-libre-criterios-valoracion-y-correccion-del-tercer-ejercicio\\\/\",\"url\":\"https:\\\/\\\/www.emplea-te.com\\\/noticias-oposiciones\\\/usc-escala-auxiliar-con-requisito-de-idioma-8-plazas-convocadas-turno-libre-criterios-valoracion-y-correccion-del-tercer-ejercicio\\\/\",\"name\":\"USC. Escala Auxiliar con requisito de idioma. 8 plazas convocadas turno libre. Criterios valoraci\u00f3n y correcci\u00f3n del tercer ejercicio. - Noticas de oposiciones por Academia Emplea-te\",\"isPartOf\":{\"@id\":\"https:\\\/\\\/www.emplea-te.com\\\/noticias-oposiciones\\\/#website\"},\"datePublished\":\"2024-06-17T08:44:21+00:00\",\"breadcrumb\":{\"@id\":\"https:\\\/\\\/www.emplea-te.com\\\/noticias-oposiciones\\\/usc-escala-auxiliar-con-requisito-de-idioma-8-plazas-convocadas-turno-libre-criterios-valoracion-y-correccion-del-tercer-ejercicio\\\/#breadcrumb\"},\"inLanguage\":\"es\",\"potentialAction\":[{\"@type\":\"ReadAction\",\"target\":[\"https:\\\/\\\/www.emplea-te.com\\\/noticias-oposiciones\\\/usc-escala-auxiliar-con-requisito-de-idioma-8-plazas-convocadas-turno-libre-criterios-valoracion-y-correccion-del-tercer-ejercicio\\\/\"]}]},{\"@type\":\"BreadcrumbList\",\"@id\":\"https:\\\/\\\/www.emplea-te.com\\\/noticias-oposiciones\\\/usc-escala-auxiliar-con-requisito-de-idioma-8-plazas-convocadas-turno-libre-criterios-valoracion-y-correccion-del-tercer-ejercicio\\\/#breadcrumb\",\"itemListElement\":[{\"@type\":\"ListItem\",\"position\":1,\"name\":\"Noticias Oposiciones\",\"item\":\"https:\\\/\\\/www.emplea-te.com\\\/noticias-oposiciones\\\/\"},{\"@type\":\"ListItem\",\"position\":2,\"name\":\"Oposiciones Auton\u00f3micas Galicia\",\"item\":\"https:\\\/\\\/www.emplea-te.com\\\/noticias-oposiciones\\\/categoria\\\/oposiciones-autonomicas-galicia\\\/\"},{\"@type\":\"ListItem\",\"position\":3,\"name\":\"USC. Escala Auxiliar con requisito de idioma. 8 plazas convocadas turno libre. Criterios valoraci\u00f3n y correcci\u00f3n del tercer ejercicio.\"}]},{\"@type\":\"WebSite\",\"@id\":\"https:\\\/\\\/www.emplea-te.com\\\/noticias-oposiciones\\\/#website\",\"url\":\"https:\\\/\\\/www.emplea-te.com\\\/noticias-oposiciones\\\/\",\"name\":\"Noticas de oposiciones por Academia Emplea-te\",\"description\":\"Toda la actualidad de las ofertas y convocatorias.\",\"publisher\":{\"@id\":\"https:\\\/\\\/www.emplea-te.com\\\/noticias-oposiciones\\\/#organization\"},\"potentialAction\":[{\"@type\":\"SearchAction\",\"target\":{\"@type\":\"EntryPoint\",\"urlTemplate\":\"https:\\\/\\\/www.emplea-te.com\\\/noticias-oposiciones\\\/?s={search_term_string}\"},\"query-input\":{\"@type\":\"PropertyValueSpecification\",\"valueRequired\":true,\"valueName\":\"search_term_string\"}}],\"inLanguage\":\"es\"},{\"@type\":\"Organization\",\"@id\":\"https:\\\/\\\/www.emplea-te.com\\\/noticias-oposiciones\\\/#organization\",\"name\":\"Academia de oposiciones Empl\u00e9ate\",\"url\":\"https:\\\/\\\/www.emplea-te.com\\\/noticias-oposiciones\\\/\",\"logo\":{\"@type\":\"ImageObject\",\"inLanguage\":\"es\",\"@id\":\"https:\\\/\\\/www.emplea-te.com\\\/noticias-oposiciones\\\/#\\\/schema\\\/logo\\\/image\\\/\",\"url\":\"https:\\\/\\\/www.emplea-te.com\\\/noticias-oposiciones\\\/wp-content\\\/uploads\\\/2019\\\/04\\\/empleate.jpg\",\"contentUrl\":\"https:\\\/\\\/www.emplea-te.com\\\/noticias-oposiciones\\\/wp-content\\\/uploads\\\/2019\\\/04\\\/empleate.jpg\",\"width\":250,\"height\":150,\"caption\":\"Academia de oposiciones Empl\u00e9ate\"},\"image\":{\"@id\":\"https:\\\/\\\/www.emplea-te.com\\\/noticias-oposiciones\\\/#\\\/schema\\\/logo\\\/image\\\/\"},\"sameAs\":[\"https:\\\/\\\/www.facebook.com\\\/AcademiaEmpleate\\\/\",\"https:\\\/\\\/x.com\\\/Emplea_Te\",\"https:\\\/\\\/www.instagram.com\\\/academia_empleate\\\/\"]},{\"@type\":\"Person\",\"@id\":\"https:\\\/\\\/www.emplea-te.com\\\/noticias-oposiciones\\\/#\\\/schema\\\/person\\\/d1bc587e1af2b95e9c32aba1795509a6\",\"name\":\"Empleate\"}]}<\/script>\n<!-- \/ Yoast SEO plugin. -->","yoast_head_json":{"title":"USC. Escala Auxiliar con requisito de idioma. 8 plazas convocadas turno libre. Criterios valoraci\u00f3n y correcci\u00f3n del tercer ejercicio. - Noticas de oposiciones por Academia Emplea-te","robots":{"index":"index","follow":"follow","max-snippet":"max-snippet:-1","max-image-preview":"max-image-preview:large","max-video-preview":"max-video-preview:-1"},"canonical":"https:\/\/www.emplea-te.com\/noticias-oposiciones\/usc-escala-auxiliar-con-requisito-de-idioma-8-plazas-convocadas-turno-libre-criterios-valoracion-y-correccion-del-tercer-ejercicio\/","og_locale":"es_ES","og_type":"article","og_title":"USC. Escala Auxiliar con requisito de idioma. 8 plazas convocadas turno libre. Criterios valoraci\u00f3n y correcci\u00f3n del tercer ejercicio. - Noticas de oposiciones por Academia Emplea-te","og_description":"Se publica en la Web de la USC, el acuerdo del Tribunal Calificador del proceso selectivo convocado para cubrir 8 plazas de la Escala Auxiliar con requisito de idioma por oposici\u00f3n en turno libre: El Tribunal acord\u00f3 sobre la realizaci\u00f3n del tercer ejercicio: PRIMERO: Este ejercicio, seg\u00fan la convocatoria, se calificar\u00e1 de 0 a 30 &hellip; Continuar leyendo \"USC. Escala Auxiliar con requisito de idioma. 8 plazas convocadas turno libre. Criterios valoraci\u00f3n y correcci\u00f3n del tercer ejercicio.\"","og_url":"https:\/\/www.emplea-te.com\/noticias-oposiciones\/usc-escala-auxiliar-con-requisito-de-idioma-8-plazas-convocadas-turno-libre-criterios-valoracion-y-correccion-del-tercer-ejercicio\/","og_site_name":"Noticas de oposiciones por Academia Emplea-te","article_publisher":"https:\/\/www.facebook.com\/AcademiaEmpleate\/","article_published_time":"2024-06-17T08:44:21+00:00","author":"Empleate","twitter_card":"summary_large_image","twitter_creator":"@Emplea_Te","twitter_site":"@Emplea_Te","twitter_misc":{"Escrito por":"Empleate","Tiempo de lectura":"2 minutos"},"schema":{"@context":"https:\/\/schema.org","@graph":[{"@type":"Article","@id":"https:\/\/www.emplea-te.com\/noticias-oposiciones\/usc-escala-auxiliar-con-requisito-de-idioma-8-plazas-convocadas-turno-libre-criterios-valoracion-y-correccion-del-tercer-ejercicio\/#article","isPartOf":{"@id":"https:\/\/www.emplea-te.com\/noticias-oposiciones\/usc-escala-auxiliar-con-requisito-de-idioma-8-plazas-convocadas-turno-libre-criterios-valoracion-y-correccion-del-tercer-ejercicio\/"},"author":{"name":"Empleate","@id":"https:\/\/www.emplea-te.com\/noticias-oposiciones\/#\/schema\/person\/d1bc587e1af2b95e9c32aba1795509a6"},"headline":"USC. Escala Auxiliar con requisito de idioma. 8 plazas convocadas turno libre. Criterios valoraci\u00f3n y correcci\u00f3n del tercer ejercicio.","datePublished":"2024-06-17T08:44:21+00:00","mainEntityOfPage":{"@id":"https:\/\/www.emplea-te.com\/noticias-oposiciones\/usc-escala-auxiliar-con-requisito-de-idioma-8-plazas-convocadas-turno-libre-criterios-valoracion-y-correccion-del-tercer-ejercicio\/"},"wordCount":416,"publisher":{"@id":"https:\/\/www.emplea-te.com\/noticias-oposiciones\/#organization"},"keywords":["Convocatoria","Informaci\u00f3n procesos selectivos"],"articleSection":["Convocatorias Ayuntamientos","Oposiciones Auton\u00f3micas Galicia"],"inLanguage":"es"},{"@type":"WebPage","@id":"https:\/\/www.emplea-te.com\/noticias-oposiciones\/usc-escala-auxiliar-con-requisito-de-idioma-8-plazas-convocadas-turno-libre-criterios-valoracion-y-correccion-del-tercer-ejercicio\/","url":"https:\/\/www.emplea-te.com\/noticias-oposiciones\/usc-escala-auxiliar-con-requisito-de-idioma-8-plazas-convocadas-turno-libre-criterios-valoracion-y-correccion-del-tercer-ejercicio\/","name":"USC. Escala Auxiliar con requisito de idioma. 8 plazas convocadas turno libre. Criterios valoraci\u00f3n y correcci\u00f3n del tercer ejercicio. - Noticas de oposiciones por Academia Emplea-te","isPartOf":{"@id":"https:\/\/www.emplea-te.com\/noticias-oposiciones\/#website"},"datePublished":"2024-06-17T08:44:21+00:00","breadcrumb":{"@id":"https:\/\/www.emplea-te.com\/noticias-oposiciones\/usc-escala-auxiliar-con-requisito-de-idioma-8-plazas-convocadas-turno-libre-criterios-valoracion-y-correccion-del-tercer-ejercicio\/#breadcrumb"},"inLanguage":"es","potentialAction":[{"@type":"ReadAction","target":["https:\/\/www.emplea-te.com\/noticias-oposiciones\/usc-escala-auxiliar-con-requisito-de-idioma-8-plazas-convocadas-turno-libre-criterios-valoracion-y-correccion-del-tercer-ejercicio\/"]}]},{"@type":"BreadcrumbList","@id":"https:\/\/www.emplea-te.com\/noticias-oposiciones\/usc-escala-auxiliar-con-requisito-de-idioma-8-plazas-convocadas-turno-libre-criterios-valoracion-y-correccion-del-tercer-ejercicio\/#breadcrumb","itemListElement":[{"@type":"ListItem","position":1,"name":"Noticias Oposiciones","item":"https:\/\/www.emplea-te.com\/noticias-oposiciones\/"},{"@type":"ListItem","position":2,"name":"Oposiciones Auton\u00f3micas Galicia","item":"https:\/\/www.emplea-te.com\/noticias-oposiciones\/categoria\/oposiciones-autonomicas-galicia\/"},{"@type":"ListItem","position":3,"name":"USC. Escala Auxiliar con requisito de idioma. 8 plazas convocadas turno libre. Criterios valoraci\u00f3n y correcci\u00f3n del tercer ejercicio."}]},{"@type":"WebSite","@id":"https:\/\/www.emplea-te.com\/noticias-oposiciones\/#website","url":"https:\/\/www.emplea-te.com\/noticias-oposiciones\/","name":"Noticas de oposiciones por Academia Emplea-te","description":"Toda la actualidad de las ofertas y convocatorias.","publisher":{"@id":"https:\/\/www.emplea-te.com\/noticias-oposiciones\/#organization"},"potentialAction":[{"@type":"SearchAction","target":{"@type":"EntryPoint","urlTemplate":"https:\/\/www.emplea-te.com\/noticias-oposiciones\/?s={search_term_string}"},"query-input":{"@type":"PropertyValueSpecification","valueRequired":true,"valueName":"search_term_string"}}],"inLanguage":"es"},{"@type":"Organization","@id":"https:\/\/www.emplea-te.com\/noticias-oposiciones\/#organization","name":"Academia de oposiciones Empl\u00e9ate","url":"https:\/\/www.emplea-te.com\/noticias-oposiciones\/","logo":{"@type":"ImageObject","inLanguage":"es","@id":"https:\/\/www.emplea-te.com\/noticias-oposiciones\/#\/schema\/logo\/image\/","url":"https:\/\/www.emplea-te.com\/noticias-oposiciones\/wp-content\/uploads\/2019\/04\/empleate.jpg","contentUrl":"https:\/\/www.emplea-te.com\/noticias-oposiciones\/wp-content\/uploads\/2019\/04\/empleate.jpg","width":250,"height":150,"caption":"Academia de oposiciones Empl\u00e9ate"},"image":{"@id":"https:\/\/www.emplea-te.com\/noticias-oposiciones\/#\/schema\/logo\/image\/"},"sameAs":["https:\/\/www.facebook.com\/AcademiaEmpleate\/","https:\/\/x.com\/Emplea_Te","https:\/\/www.instagram.com\/academia_empleate\/"]},{"@type":"Person","@id":"https:\/\/www.emplea-te.com\/noticias-oposiciones\/#\/schema\/person\/d1bc587e1af2b95e9c32aba1795509a6","name":"Empleate"}]}},"_links":{"self":[{"href":"https:\/\/www.emplea-te.com\/noticias-oposiciones\/wp-json\/wp\/v2\/posts\/12626","targetHints":{"allow":["GET"]}}],"collection":[{"href":"https:\/\/www.emplea-te.com\/noticias-oposiciones\/wp-json\/wp\/v2\/posts"}],"about":[{"href":"https:\/\/www.emplea-te.com\/noticias-oposiciones\/wp-json\/wp\/v2\/types\/post"}],"author":[{"embeddable":true,"href":"https:\/\/www.emplea-te.com\/noticias-oposiciones\/wp-json\/wp\/v2\/users\/1"}],"replies":[{"embeddable":true,"href":"https:\/\/www.emplea-te.com\/noticias-oposiciones\/wp-json\/wp\/v2\/comments?post=12626"}],"version-history":[{"count":1,"href":"https:\/\/www.emplea-te.com\/noticias-oposiciones\/wp-json\/wp\/v2\/posts\/12626\/revisions"}],"predecessor-version":[{"id":12627,"href":"https:\/\/www.emplea-te.com\/noticias-oposiciones\/wp-json\/wp\/v2\/posts\/12626\/revisions\/12627"}],"wp:attachment":[{"href":"https:\/\/www.emplea-te.com\/noticias-oposiciones\/wp-json\/wp\/v2\/media?parent=12626"}],"wp:term":[{"taxonomy":"category","embeddable":true,"href":"https:\/\/www.emplea-te.com\/noticias-oposiciones\/wp-json\/wp\/v2\/categories?post=12626"},{"taxonomy":"post_tag","embeddable":true,"href":"https:\/\/www.emplea-te.com\/noticias-oposiciones\/wp-json\/wp\/v2\/tags?post=12626"}],"curies":[{"name":"wp","href":"https:\/\/api.w.org\/{rel}","templated":true}]}}