{"id":1263,"date":"2018-11-09T00:00:00","date_gmt":"2018-11-08T23:00:00","guid":{"rendered":"https:\/\/www.emplea-te.com\/noticias-oposiciones\/ejercicios-de-tecnico-de-la-gestion-administrativa-y-funcion-administrativa-del-sergas-lugar-y-fecha\/"},"modified":"2018-11-09T00:00:00","modified_gmt":"2018-11-08T23:00:00","slug":"ejercicios-de-tecnico-de-la-gestion-administrativa-y-funcion-administrativa-del-sergas-lugar-y-fecha","status":"publish","type":"post","link":"https:\/\/www.emplea-te.com\/noticias-oposiciones\/ejercicios-de-tecnico-de-la-gestion-administrativa-y-funcion-administrativa-del-sergas-lugar-y-fecha\/","title":{"rendered":"<br>Ejercicios de T\u00e9cnico de la Gesti\u00f3n Administrativa y Funci\u00f3n Administrativa del SERGAS, lugar y fecha"},"content":{"rendered":"<p>Hoy en el DOG se ha publicado el lugar y fecha de los ejercicios de T\u00e9cnico de la Gesti\u00f3n Administrativa y T\u00e9cnico de la Funci\u00f3n Administrativa.<\/p>\n<p><a href=\"https:\/\/www.xunta.gal\/dog\/Publicados\/2018\/20181109\/AnuncioG0003-021118-0003_es.pdf\" target=\"_blank\" rel=\"nofollow noopener noreferrer\"><span class=\"wysiwyg-color-green\">En la resoluci\u00f3n del DOG se establece:<\/span><\/a><\/p>\n<p><u>Primero.<\/u> Convocar a las personas aspirantes admitidas con car\u00e1cter definitivo en el concurso-oposici\u00f3n para el ingreso en las categor\u00edas de grupo t\u00e9cnico de la funci\u00f3n administrativa y grupo de gesti\u00f3n de la funci\u00f3n administrativa, convocado por Resoluci\u00f3n de la Direcci\u00f3n General de Recursos Humanos de 1 de marzo de 2018, para la realizaci\u00f3n de los ejercicios que integran la fase de oposici\u00f3n, en la fecha y hora que para cada categor\u00eda se indican en el anexo de esta resoluci\u00f3n.<br \/>Los ex\u00e1menes se realizar\u00e1n en el Recinto de la Feria Internacional de Galicia, avenida Recinto Ferial, s\/n, Silleda (Pontevedra).<\/p>\n<p><u>Segundo.<\/u><span class=\"wysiwyg-color-green\"> Publicar en la p\u00e1gina web del Servicio Gallego de Salud (<\/span><a href=\"http:\/\/www.sergas.es\" target=\"\" rel=\"noopener noreferrer\"><span class=\"wysiwyg-color-green\">www.sergas.es<\/span><\/a><span class=\"wysiwyg-color-green\">), <\/span>secci\u00f3n de empleo p\u00fablico, las distintas puertas de acceso al recinto de realizaci\u00f3n de las pruebas as\u00ed como los\/las aspirantes asignados\/as a cada una de ellas.<br \/>Cada aspirante deber\u00e1 consultar, con car\u00e1cter previo, la puerta de acceso que le corresponde.<\/p>\n<p><u>Tercero<\/u>. Las personas aspirantes deber\u00e1n ir provistas del documento nacional de identidad o documento fehaciente acreditativo de su identidad, y de bol\u00edgrafo azul o negro, de tinta imborrable.<\/p>\n<p><u>Cuarto.<\/u> Los\/las aspirantes ser\u00e1n convocados\/as en un \u00fanico llamamiento y ser\u00e1n excluidos\/as del concurso-oposici\u00f3n los\/las que no comparezcan. No ser\u00e1n tenidas en cuenta causas de fuerza mayor o cualquier otra causa para subsanar la no comparecencia.<\/p>\n<p>S\u00e1bado, 24 de noviembre de 2018 Grupo de gesti\u00f3n de la funci\u00f3n administrativa 9.30<\/p>\n<p>\nDomingo, 25 de noviembre de 2018 Grupo t\u00e9cnico de la funci\u00f3n administrativa 16.00<\/p>\n","protected":false},"excerpt":{"rendered":"<p>Hoy en el DOG se ha publicado el lugar y fecha de los ejercicios de T\u00e9cnico de la Gesti\u00f3n Administrativa y T\u00e9cnico de la Funci\u00f3n Administrativa. En la resoluci\u00f3n del DOG se establece: Primero. Convocar a las personas aspirantes admitidas con car\u00e1cter definitivo en el concurso-oposici\u00f3n para el ingreso en las categor\u00edas de grupo t\u00e9cnico &hellip; <a href=\"https:\/\/www.emplea-te.com\/noticias-oposiciones\/ejercicios-de-tecnico-de-la-gestion-administrativa-y-funcion-administrativa-del-sergas-lugar-y-fecha\/\" class=\"more-link\">Continuar leyendo<span class=\"screen-reader-text\"> \u00ab<br \/>Ejercicios de T\u00e9cnico de la Gesti\u00f3n Administrativa y Funci\u00f3n Administrativa del SERGAS, lugar y fecha\u00bb<\/span><\/a><\/p>\n","protected":false},"author":1,"featured_media":0,"comment_status":"open","ping_status":"open","sticky":false,"template":"","format":"standard","meta":{"footnotes":""},"categories":[],"tags":[],"class_list":["post-1263","post","type-post","status-publish","format-standard","hentry"],"yoast_head":"<!-- This site is optimized with the Yoast SEO plugin v27.3 - https:\/\/yoast.com\/product\/yoast-seo-wordpress\/ -->\n<title>Ejercicios de T\u00e9cnico de la Gesti\u00f3n Administrativa y Funci\u00f3n Administrativa del SERGAS, lugar y fecha - Noticas de oposiciones por Academia Emplea-te<\/title>\n<meta name=\"description\" content=\"Hoy (d\u00eda 9 de Noviembre) en el DOG se ha publicado el lugar y fecha de los ejercicios de T\u00e9cnico de la Gesti\u00f3n Administrativa y T\u00e9cnico de la Funci\u00f3n Administrativa. Enlace a resoluci\u00f3n DOG.\" \/>\n<meta name=\"robots\" content=\"index, follow, max-snippet:-1, max-image-preview:large, max-video-preview:-1\" \/>\n<link rel=\"canonical\" href=\"https:\/\/www.emplea-te.com\/noticias-oposiciones\/ejercicios-de-tecnico-de-la-gestion-administrativa-y-funcion-administrativa-del-sergas-lugar-y-fecha\/\" \/>\n<meta property=\"og:locale\" content=\"es_ES\" \/>\n<meta property=\"og:type\" content=\"article\" \/>\n<meta property=\"og:title\" content=\"Ejercicios de T\u00e9cnico de la Gesti\u00f3n Administrativa y Funci\u00f3n Administrativa del SERGAS, lugar y fecha - Noticas de oposiciones por Academia Emplea-te\" \/>\n<meta property=\"og:description\" content=\"Hoy (d\u00eda 9 de Noviembre) en el DOG se ha publicado el lugar y fecha de los ejercicios de T\u00e9cnico de la Gesti\u00f3n Administrativa y T\u00e9cnico de la Funci\u00f3n Administrativa. Enlace a resoluci\u00f3n DOG.\" \/>\n<meta property=\"og:url\" content=\"https:\/\/www.emplea-te.com\/noticias-oposiciones\/ejercicios-de-tecnico-de-la-gestion-administrativa-y-funcion-administrativa-del-sergas-lugar-y-fecha\/\" \/>\n<meta property=\"og:site_name\" content=\"Noticas de oposiciones por Academia Emplea-te\" \/>\n<meta property=\"article:publisher\" content=\"https:\/\/www.facebook.com\/AcademiaEmpleate\/\" \/>\n<meta property=\"article:published_time\" content=\"2018-11-08T23:00:00+00:00\" \/>\n<meta name=\"author\" content=\"Empleate\" \/>\n<meta name=\"twitter:card\" content=\"summary_large_image\" \/>\n<meta name=\"twitter:creator\" content=\"@Emplea_Te\" \/>\n<meta name=\"twitter:site\" content=\"@Emplea_Te\" \/>\n<meta name=\"twitter:label1\" content=\"Escrito por\" \/>\n\t<meta name=\"twitter:data1\" content=\"Empleate\" \/>\n\t<meta name=\"twitter:label2\" content=\"Tiempo de lectura\" \/>\n\t<meta name=\"twitter:data2\" content=\"2 minutos\" \/>\n<script type=\"application\/ld+json\" class=\"yoast-schema-graph\">{\"@context\":\"https:\\\/\\\/schema.org\",\"@graph\":[{\"@type\":\"Article\",\"@id\":\"https:\\\/\\\/www.emplea-te.com\\\/noticias-oposiciones\\\/ejercicios-de-tecnico-de-la-gestion-administrativa-y-funcion-administrativa-del-sergas-lugar-y-fecha\\\/#article\",\"isPartOf\":{\"@id\":\"https:\\\/\\\/www.emplea-te.com\\\/noticias-oposiciones\\\/ejercicios-de-tecnico-de-la-gestion-administrativa-y-funcion-administrativa-del-sergas-lugar-y-fecha\\\/\"},\"author\":{\"name\":\"Empleate\",\"@id\":\"https:\\\/\\\/www.emplea-te.com\\\/noticias-oposiciones\\\/#\\\/schema\\\/person\\\/d1bc587e1af2b95e9c32aba1795509a6\"},\"headline\":\"Ejercicios de T\u00e9cnico de la Gesti\u00f3n Administrativa y Funci\u00f3n Administrativa del SERGAS, lugar y fecha\",\"datePublished\":\"2018-11-08T23:00:00+00:00\",\"mainEntityOfPage\":{\"@id\":\"https:\\\/\\\/www.emplea-te.com\\\/noticias-oposiciones\\\/ejercicios-de-tecnico-de-la-gestion-administrativa-y-funcion-administrativa-del-sergas-lugar-y-fecha\\\/\"},\"wordCount\":329,\"commentCount\":0,\"publisher\":{\"@id\":\"https:\\\/\\\/www.emplea-te.com\\\/noticias-oposiciones\\\/#organization\"},\"inLanguage\":\"es\",\"potentialAction\":[{\"@type\":\"CommentAction\",\"name\":\"Comment\",\"target\":[\"https:\\\/\\\/www.emplea-te.com\\\/noticias-oposiciones\\\/ejercicios-de-tecnico-de-la-gestion-administrativa-y-funcion-administrativa-del-sergas-lugar-y-fecha\\\/#respond\"]}]},{\"@type\":\"WebPage\",\"@id\":\"https:\\\/\\\/www.emplea-te.com\\\/noticias-oposiciones\\\/ejercicios-de-tecnico-de-la-gestion-administrativa-y-funcion-administrativa-del-sergas-lugar-y-fecha\\\/\",\"url\":\"https:\\\/\\\/www.emplea-te.com\\\/noticias-oposiciones\\\/ejercicios-de-tecnico-de-la-gestion-administrativa-y-funcion-administrativa-del-sergas-lugar-y-fecha\\\/\",\"name\":\"Ejercicios de T\u00e9cnico de la Gesti\u00f3n Administrativa y Funci\u00f3n Administrativa del SERGAS, lugar y fecha - Noticas de oposiciones por Academia Emplea-te\",\"isPartOf\":{\"@id\":\"https:\\\/\\\/www.emplea-te.com\\\/noticias-oposiciones\\\/#website\"},\"datePublished\":\"2018-11-08T23:00:00+00:00\",\"description\":\"Hoy (d\u00eda 9 de Noviembre) en el DOG se ha publicado el lugar y fecha de los ejercicios de T\u00e9cnico de la Gesti\u00f3n Administrativa y T\u00e9cnico de la Funci\u00f3n Administrativa. Enlace a resoluci\u00f3n DOG.\",\"breadcrumb\":{\"@id\":\"https:\\\/\\\/www.emplea-te.com\\\/noticias-oposiciones\\\/ejercicios-de-tecnico-de-la-gestion-administrativa-y-funcion-administrativa-del-sergas-lugar-y-fecha\\\/#breadcrumb\"},\"inLanguage\":\"es\",\"potentialAction\":[{\"@type\":\"ReadAction\",\"target\":[\"https:\\\/\\\/www.emplea-te.com\\\/noticias-oposiciones\\\/ejercicios-de-tecnico-de-la-gestion-administrativa-y-funcion-administrativa-del-sergas-lugar-y-fecha\\\/\"]}]},{\"@type\":\"BreadcrumbList\",\"@id\":\"https:\\\/\\\/www.emplea-te.com\\\/noticias-oposiciones\\\/ejercicios-de-tecnico-de-la-gestion-administrativa-y-funcion-administrativa-del-sergas-lugar-y-fecha\\\/#breadcrumb\",\"itemListElement\":[{\"@type\":\"ListItem\",\"position\":1,\"name\":\"Noticias Oposiciones\",\"item\":\"https:\\\/\\\/www.emplea-te.com\\\/noticias-oposiciones\\\/\"},{\"@type\":\"ListItem\",\"position\":2,\"name\":\"Ejercicios de T\u00e9cnico de la Gesti\u00f3n Administrativa y Funci\u00f3n Administrativa del SERGAS, lugar y fecha\"}]},{\"@type\":\"WebSite\",\"@id\":\"https:\\\/\\\/www.emplea-te.com\\\/noticias-oposiciones\\\/#website\",\"url\":\"https:\\\/\\\/www.emplea-te.com\\\/noticias-oposiciones\\\/\",\"name\":\"Noticas de oposiciones por Academia Emplea-te\",\"description\":\"Toda la actualidad de las ofertas y convocatorias.\",\"publisher\":{\"@id\":\"https:\\\/\\\/www.emplea-te.com\\\/noticias-oposiciones\\\/#organization\"},\"potentialAction\":[{\"@type\":\"SearchAction\",\"target\":{\"@type\":\"EntryPoint\",\"urlTemplate\":\"https:\\\/\\\/www.emplea-te.com\\\/noticias-oposiciones\\\/?s={search_term_string}\"},\"query-input\":{\"@type\":\"PropertyValueSpecification\",\"valueRequired\":true,\"valueName\":\"search_term_string\"}}],\"inLanguage\":\"es\"},{\"@type\":\"Organization\",\"@id\":\"https:\\\/\\\/www.emplea-te.com\\\/noticias-oposiciones\\\/#organization\",\"name\":\"Academia de oposiciones Empl\u00e9ate\",\"url\":\"https:\\\/\\\/www.emplea-te.com\\\/noticias-oposiciones\\\/\",\"logo\":{\"@type\":\"ImageObject\",\"inLanguage\":\"es\",\"@id\":\"https:\\\/\\\/www.emplea-te.com\\\/noticias-oposiciones\\\/#\\\/schema\\\/logo\\\/image\\\/\",\"url\":\"https:\\\/\\\/www.emplea-te.com\\\/noticias-oposiciones\\\/wp-content\\\/uploads\\\/2019\\\/04\\\/empleate.jpg\",\"contentUrl\":\"https:\\\/\\\/www.emplea-te.com\\\/noticias-oposiciones\\\/wp-content\\\/uploads\\\/2019\\\/04\\\/empleate.jpg\",\"width\":250,\"height\":150,\"caption\":\"Academia de oposiciones Empl\u00e9ate\"},\"image\":{\"@id\":\"https:\\\/\\\/www.emplea-te.com\\\/noticias-oposiciones\\\/#\\\/schema\\\/logo\\\/image\\\/\"},\"sameAs\":[\"https:\\\/\\\/www.facebook.com\\\/AcademiaEmpleate\\\/\",\"https:\\\/\\\/x.com\\\/Emplea_Te\",\"https:\\\/\\\/www.instagram.com\\\/academia_empleate\\\/\"]},{\"@type\":\"Person\",\"@id\":\"https:\\\/\\\/www.emplea-te.com\\\/noticias-oposiciones\\\/#\\\/schema\\\/person\\\/d1bc587e1af2b95e9c32aba1795509a6\",\"name\":\"Empleate\"}]}<\/script>\n<!-- \/ Yoast SEO plugin. -->","yoast_head_json":{"title":"Ejercicios de T\u00e9cnico de la Gesti\u00f3n Administrativa y Funci\u00f3n Administrativa del SERGAS, lugar y fecha - Noticas de oposiciones por Academia Emplea-te","description":"Hoy (d\u00eda 9 de Noviembre) en el DOG se ha publicado el lugar y fecha de los ejercicios de T\u00e9cnico de la Gesti\u00f3n Administrativa y T\u00e9cnico de la Funci\u00f3n Administrativa. Enlace a resoluci\u00f3n DOG.","robots":{"index":"index","follow":"follow","max-snippet":"max-snippet:-1","max-image-preview":"max-image-preview:large","max-video-preview":"max-video-preview:-1"},"canonical":"https:\/\/www.emplea-te.com\/noticias-oposiciones\/ejercicios-de-tecnico-de-la-gestion-administrativa-y-funcion-administrativa-del-sergas-lugar-y-fecha\/","og_locale":"es_ES","og_type":"article","og_title":"Ejercicios de T\u00e9cnico de la Gesti\u00f3n Administrativa y Funci\u00f3n Administrativa del SERGAS, lugar y fecha - Noticas de oposiciones por Academia Emplea-te","og_description":"Hoy (d\u00eda 9 de Noviembre) en el DOG se ha publicado el lugar y fecha de los ejercicios de T\u00e9cnico de la Gesti\u00f3n Administrativa y T\u00e9cnico de la Funci\u00f3n Administrativa. Enlace a resoluci\u00f3n DOG.","og_url":"https:\/\/www.emplea-te.com\/noticias-oposiciones\/ejercicios-de-tecnico-de-la-gestion-administrativa-y-funcion-administrativa-del-sergas-lugar-y-fecha\/","og_site_name":"Noticas de oposiciones por Academia Emplea-te","article_publisher":"https:\/\/www.facebook.com\/AcademiaEmpleate\/","article_published_time":"2018-11-08T23:00:00+00:00","author":"Empleate","twitter_card":"summary_large_image","twitter_creator":"@Emplea_Te","twitter_site":"@Emplea_Te","twitter_misc":{"Escrito por":"Empleate","Tiempo de lectura":"2 minutos"},"schema":{"@context":"https:\/\/schema.org","@graph":[{"@type":"Article","@id":"https:\/\/www.emplea-te.com\/noticias-oposiciones\/ejercicios-de-tecnico-de-la-gestion-administrativa-y-funcion-administrativa-del-sergas-lugar-y-fecha\/#article","isPartOf":{"@id":"https:\/\/www.emplea-te.com\/noticias-oposiciones\/ejercicios-de-tecnico-de-la-gestion-administrativa-y-funcion-administrativa-del-sergas-lugar-y-fecha\/"},"author":{"name":"Empleate","@id":"https:\/\/www.emplea-te.com\/noticias-oposiciones\/#\/schema\/person\/d1bc587e1af2b95e9c32aba1795509a6"},"headline":"Ejercicios de T\u00e9cnico de la Gesti\u00f3n Administrativa y Funci\u00f3n Administrativa del SERGAS, lugar y fecha","datePublished":"2018-11-08T23:00:00+00:00","mainEntityOfPage":{"@id":"https:\/\/www.emplea-te.com\/noticias-oposiciones\/ejercicios-de-tecnico-de-la-gestion-administrativa-y-funcion-administrativa-del-sergas-lugar-y-fecha\/"},"wordCount":329,"commentCount":0,"publisher":{"@id":"https:\/\/www.emplea-te.com\/noticias-oposiciones\/#organization"},"inLanguage":"es","potentialAction":[{"@type":"CommentAction","name":"Comment","target":["https:\/\/www.emplea-te.com\/noticias-oposiciones\/ejercicios-de-tecnico-de-la-gestion-administrativa-y-funcion-administrativa-del-sergas-lugar-y-fecha\/#respond"]}]},{"@type":"WebPage","@id":"https:\/\/www.emplea-te.com\/noticias-oposiciones\/ejercicios-de-tecnico-de-la-gestion-administrativa-y-funcion-administrativa-del-sergas-lugar-y-fecha\/","url":"https:\/\/www.emplea-te.com\/noticias-oposiciones\/ejercicios-de-tecnico-de-la-gestion-administrativa-y-funcion-administrativa-del-sergas-lugar-y-fecha\/","name":"Ejercicios de T\u00e9cnico de la Gesti\u00f3n Administrativa y Funci\u00f3n Administrativa del SERGAS, lugar y fecha - Noticas de oposiciones por Academia Emplea-te","isPartOf":{"@id":"https:\/\/www.emplea-te.com\/noticias-oposiciones\/#website"},"datePublished":"2018-11-08T23:00:00+00:00","description":"Hoy (d\u00eda 9 de Noviembre) en el DOG se ha publicado el lugar y fecha de los ejercicios de T\u00e9cnico de la Gesti\u00f3n Administrativa y T\u00e9cnico de la Funci\u00f3n Administrativa. Enlace a resoluci\u00f3n DOG.","breadcrumb":{"@id":"https:\/\/www.emplea-te.com\/noticias-oposiciones\/ejercicios-de-tecnico-de-la-gestion-administrativa-y-funcion-administrativa-del-sergas-lugar-y-fecha\/#breadcrumb"},"inLanguage":"es","potentialAction":[{"@type":"ReadAction","target":["https:\/\/www.emplea-te.com\/noticias-oposiciones\/ejercicios-de-tecnico-de-la-gestion-administrativa-y-funcion-administrativa-del-sergas-lugar-y-fecha\/"]}]},{"@type":"BreadcrumbList","@id":"https:\/\/www.emplea-te.com\/noticias-oposiciones\/ejercicios-de-tecnico-de-la-gestion-administrativa-y-funcion-administrativa-del-sergas-lugar-y-fecha\/#breadcrumb","itemListElement":[{"@type":"ListItem","position":1,"name":"Noticias Oposiciones","item":"https:\/\/www.emplea-te.com\/noticias-oposiciones\/"},{"@type":"ListItem","position":2,"name":"Ejercicios de T\u00e9cnico de la Gesti\u00f3n Administrativa y Funci\u00f3n Administrativa del SERGAS, lugar y fecha"}]},{"@type":"WebSite","@id":"https:\/\/www.emplea-te.com\/noticias-oposiciones\/#website","url":"https:\/\/www.emplea-te.com\/noticias-oposiciones\/","name":"Noticas de oposiciones por Academia Emplea-te","description":"Toda la actualidad de las ofertas y convocatorias.","publisher":{"@id":"https:\/\/www.emplea-te.com\/noticias-oposiciones\/#organization"},"potentialAction":[{"@type":"SearchAction","target":{"@type":"EntryPoint","urlTemplate":"https:\/\/www.emplea-te.com\/noticias-oposiciones\/?s={search_term_string}"},"query-input":{"@type":"PropertyValueSpecification","valueRequired":true,"valueName":"search_term_string"}}],"inLanguage":"es"},{"@type":"Organization","@id":"https:\/\/www.emplea-te.com\/noticias-oposiciones\/#organization","name":"Academia de oposiciones Empl\u00e9ate","url":"https:\/\/www.emplea-te.com\/noticias-oposiciones\/","logo":{"@type":"ImageObject","inLanguage":"es","@id":"https:\/\/www.emplea-te.com\/noticias-oposiciones\/#\/schema\/logo\/image\/","url":"https:\/\/www.emplea-te.com\/noticias-oposiciones\/wp-content\/uploads\/2019\/04\/empleate.jpg","contentUrl":"https:\/\/www.emplea-te.com\/noticias-oposiciones\/wp-content\/uploads\/2019\/04\/empleate.jpg","width":250,"height":150,"caption":"Academia de oposiciones Empl\u00e9ate"},"image":{"@id":"https:\/\/www.emplea-te.com\/noticias-oposiciones\/#\/schema\/logo\/image\/"},"sameAs":["https:\/\/www.facebook.com\/AcademiaEmpleate\/","https:\/\/x.com\/Emplea_Te","https:\/\/www.instagram.com\/academia_empleate\/"]},{"@type":"Person","@id":"https:\/\/www.emplea-te.com\/noticias-oposiciones\/#\/schema\/person\/d1bc587e1af2b95e9c32aba1795509a6","name":"Empleate"}]}},"_links":{"self":[{"href":"https:\/\/www.emplea-te.com\/noticias-oposiciones\/wp-json\/wp\/v2\/posts\/1263","targetHints":{"allow":["GET"]}}],"collection":[{"href":"https:\/\/www.emplea-te.com\/noticias-oposiciones\/wp-json\/wp\/v2\/posts"}],"about":[{"href":"https:\/\/www.emplea-te.com\/noticias-oposiciones\/wp-json\/wp\/v2\/types\/post"}],"author":[{"embeddable":true,"href":"https:\/\/www.emplea-te.com\/noticias-oposiciones\/wp-json\/wp\/v2\/users\/1"}],"replies":[{"embeddable":true,"href":"https:\/\/www.emplea-te.com\/noticias-oposiciones\/wp-json\/wp\/v2\/comments?post=1263"}],"version-history":[{"count":0,"href":"https:\/\/www.emplea-te.com\/noticias-oposiciones\/wp-json\/wp\/v2\/posts\/1263\/revisions"}],"wp:attachment":[{"href":"https:\/\/www.emplea-te.com\/noticias-oposiciones\/wp-json\/wp\/v2\/media?parent=1263"}],"wp:term":[{"taxonomy":"category","embeddable":true,"href":"https:\/\/www.emplea-te.com\/noticias-oposiciones\/wp-json\/wp\/v2\/categories?post=1263"},{"taxonomy":"post_tag","embeddable":true,"href":"https:\/\/www.emplea-te.com\/noticias-oposiciones\/wp-json\/wp\/v2\/tags?post=1263"}],"curies":[{"name":"wp","href":"https:\/\/api.w.org\/{rel}","templated":true}]}}