{"id":1264,"date":"2018-11-12T00:00:00","date_gmt":"2018-11-11T23:00:00","guid":{"rendered":"https:\/\/www.emplea-te.com\/noticias-oposiciones\/convocatoria-proceso-selectivo-concello-de-sada-para-nombramiento-de-auxiliares-administrativos\/"},"modified":"2018-11-12T00:00:00","modified_gmt":"2018-11-11T23:00:00","slug":"convocatoria-proceso-selectivo-concello-de-sada-para-nombramiento-de-auxiliares-administrativos","status":"publish","type":"post","link":"https:\/\/www.emplea-te.com\/noticias-oposiciones\/convocatoria-proceso-selectivo-concello-de-sada-para-nombramiento-de-auxiliares-administrativos\/","title":{"rendered":"<br>Convocatoria proceso selectivo Concello de Sada para nombramiento de Auxiliares Administrativos."},"content":{"rendered":"<p>Publicado en el BOP la convocatoria para el nombramiento de funcionarios interinos en la subescala de Auxiliar Administrativo Concello de Sada.<\/p>\n<p><\/p>\n<p>Plazo de presentaci\u00f3n de instancias del 13 al 21 de noviembre.<\/p>\n<p>Sistema de oposici\u00f3n acceso libre.<\/p>\n<p><a href=\"http:\/\/bop.dicoruna.es\/bopportal\/publicado\/2018\/11\/12\/2018_0000008371.pdf\" target=\"_blank\" rel=\"nofollow noopener noreferrer\"><span class=\"wysiwyg-color-green\">Enlace publicaci\u00f3n BOP<\/span><\/a><span class=\"wysiwyg-color-green\"> <\/span><\/p>\n<p><span class=\"wysiwyg-color-green\"><br \/><\/span><\/p>\n<p><a href=\"https:\/\/www.emplea-te.com\/1\/oposiciones-de-administrativo-y-auxiliar-administrativo\" target=\"_blank\" rel=\"nofollow noopener noreferrer\"><span class=\"wysiwyg-color-green\">Accede a la informaci\u00f3n de nuestros grupos presenciales para preparar esta oposici\u00f3n <\/span><\/a><\/p>\n<p><\/p>\n","protected":false},"excerpt":{"rendered":"<p>Publicado en el BOP la convocatoria para el nombramiento de funcionarios interinos en la subescala de Auxiliar Administrativo Concello de Sada. Plazo de presentaci\u00f3n de instancias del 13 al 21 de noviembre. Sistema de oposici\u00f3n acceso libre. Enlace publicaci\u00f3n BOP Accede a la informaci\u00f3n de nuestros grupos presenciales para preparar esta oposici\u00f3n<\/p>\n","protected":false},"author":1,"featured_media":0,"comment_status":"open","ping_status":"open","sticky":false,"template":"","format":"standard","meta":{"footnotes":""},"categories":[],"tags":[],"class_list":["post-1264","post","type-post","status-publish","format-standard","hentry"],"yoast_head":"<!-- This site is optimized with the Yoast SEO plugin v27.3 - https:\/\/yoast.com\/product\/yoast-seo-wordpress\/ -->\n<title>Convocatoria proceso selectivo Concello de Sada para nombramiento de Auxiliares Administrativos. - Noticas de oposiciones por Academia Emplea-te<\/title>\n<meta name=\"description\" content=\"Publicado en el BOP la convocatoria para el nombramiento de funcionarios interinos en la subescala de Auxiliar Administrativo Concello de Sada. Enlace al BOP\" \/>\n<meta name=\"robots\" content=\"index, follow, max-snippet:-1, max-image-preview:large, max-video-preview:-1\" \/>\n<link rel=\"canonical\" href=\"https:\/\/www.emplea-te.com\/noticias-oposiciones\/convocatoria-proceso-selectivo-concello-de-sada-para-nombramiento-de-auxiliares-administrativos\/\" \/>\n<meta property=\"og:locale\" content=\"es_ES\" \/>\n<meta property=\"og:type\" content=\"article\" \/>\n<meta property=\"og:title\" content=\"Convocatoria proceso selectivo Concello de Sada para nombramiento de Auxiliares Administrativos. - Noticas de oposiciones por Academia Emplea-te\" \/>\n<meta property=\"og:description\" content=\"Publicado en el BOP la convocatoria para el nombramiento de funcionarios interinos en la subescala de Auxiliar Administrativo Concello de Sada. Enlace al BOP\" \/>\n<meta property=\"og:url\" content=\"https:\/\/www.emplea-te.com\/noticias-oposiciones\/convocatoria-proceso-selectivo-concello-de-sada-para-nombramiento-de-auxiliares-administrativos\/\" \/>\n<meta property=\"og:site_name\" content=\"Noticas de oposiciones por Academia Emplea-te\" \/>\n<meta property=\"article:publisher\" content=\"https:\/\/www.facebook.com\/AcademiaEmpleate\/\" \/>\n<meta property=\"article:published_time\" content=\"2018-11-11T23:00:00+00:00\" \/>\n<meta name=\"author\" content=\"Empleate\" \/>\n<meta name=\"twitter:card\" content=\"summary_large_image\" \/>\n<meta name=\"twitter:creator\" content=\"@Emplea_Te\" \/>\n<meta name=\"twitter:site\" content=\"@Emplea_Te\" \/>\n<meta name=\"twitter:label1\" content=\"Escrito por\" \/>\n\t<meta name=\"twitter:data1\" content=\"Empleate\" \/>\n<script type=\"application\/ld+json\" class=\"yoast-schema-graph\">{\"@context\":\"https:\\\/\\\/schema.org\",\"@graph\":[{\"@type\":\"Article\",\"@id\":\"https:\\\/\\\/www.emplea-te.com\\\/noticias-oposiciones\\\/convocatoria-proceso-selectivo-concello-de-sada-para-nombramiento-de-auxiliares-administrativos\\\/#article\",\"isPartOf\":{\"@id\":\"https:\\\/\\\/www.emplea-te.com\\\/noticias-oposiciones\\\/convocatoria-proceso-selectivo-concello-de-sada-para-nombramiento-de-auxiliares-administrativos\\\/\"},\"author\":{\"name\":\"Empleate\",\"@id\":\"https:\\\/\\\/www.emplea-te.com\\\/noticias-oposiciones\\\/#\\\/schema\\\/person\\\/d1bc587e1af2b95e9c32aba1795509a6\"},\"headline\":\"Convocatoria proceso selectivo Concello de Sada para nombramiento de Auxiliares Administrativos.\",\"datePublished\":\"2018-11-11T23:00:00+00:00\",\"mainEntityOfPage\":{\"@id\":\"https:\\\/\\\/www.emplea-te.com\\\/noticias-oposiciones\\\/convocatoria-proceso-selectivo-concello-de-sada-para-nombramiento-de-auxiliares-administrativos\\\/\"},\"wordCount\":66,\"commentCount\":0,\"publisher\":{\"@id\":\"https:\\\/\\\/www.emplea-te.com\\\/noticias-oposiciones\\\/#organization\"},\"inLanguage\":\"es\",\"potentialAction\":[{\"@type\":\"CommentAction\",\"name\":\"Comment\",\"target\":[\"https:\\\/\\\/www.emplea-te.com\\\/noticias-oposiciones\\\/convocatoria-proceso-selectivo-concello-de-sada-para-nombramiento-de-auxiliares-administrativos\\\/#respond\"]}]},{\"@type\":\"WebPage\",\"@id\":\"https:\\\/\\\/www.emplea-te.com\\\/noticias-oposiciones\\\/convocatoria-proceso-selectivo-concello-de-sada-para-nombramiento-de-auxiliares-administrativos\\\/\",\"url\":\"https:\\\/\\\/www.emplea-te.com\\\/noticias-oposiciones\\\/convocatoria-proceso-selectivo-concello-de-sada-para-nombramiento-de-auxiliares-administrativos\\\/\",\"name\":\"Convocatoria proceso selectivo Concello de Sada para nombramiento de Auxiliares Administrativos. - Noticas de oposiciones por Academia Emplea-te\",\"isPartOf\":{\"@id\":\"https:\\\/\\\/www.emplea-te.com\\\/noticias-oposiciones\\\/#website\"},\"datePublished\":\"2018-11-11T23:00:00+00:00\",\"description\":\"Publicado en el BOP la convocatoria para el nombramiento de funcionarios interinos en la subescala de Auxiliar Administrativo Concello de Sada. Enlace al BOP\",\"breadcrumb\":{\"@id\":\"https:\\\/\\\/www.emplea-te.com\\\/noticias-oposiciones\\\/convocatoria-proceso-selectivo-concello-de-sada-para-nombramiento-de-auxiliares-administrativos\\\/#breadcrumb\"},\"inLanguage\":\"es\",\"potentialAction\":[{\"@type\":\"ReadAction\",\"target\":[\"https:\\\/\\\/www.emplea-te.com\\\/noticias-oposiciones\\\/convocatoria-proceso-selectivo-concello-de-sada-para-nombramiento-de-auxiliares-administrativos\\\/\"]}]},{\"@type\":\"BreadcrumbList\",\"@id\":\"https:\\\/\\\/www.emplea-te.com\\\/noticias-oposiciones\\\/convocatoria-proceso-selectivo-concello-de-sada-para-nombramiento-de-auxiliares-administrativos\\\/#breadcrumb\",\"itemListElement\":[{\"@type\":\"ListItem\",\"position\":1,\"name\":\"Noticias Oposiciones\",\"item\":\"https:\\\/\\\/www.emplea-te.com\\\/noticias-oposiciones\\\/\"},{\"@type\":\"ListItem\",\"position\":2,\"name\":\"Convocatoria proceso selectivo Concello de Sada para nombramiento de Auxiliares Administrativos.\"}]},{\"@type\":\"WebSite\",\"@id\":\"https:\\\/\\\/www.emplea-te.com\\\/noticias-oposiciones\\\/#website\",\"url\":\"https:\\\/\\\/www.emplea-te.com\\\/noticias-oposiciones\\\/\",\"name\":\"Noticas de oposiciones por Academia Emplea-te\",\"description\":\"Toda la actualidad de las ofertas y convocatorias.\",\"publisher\":{\"@id\":\"https:\\\/\\\/www.emplea-te.com\\\/noticias-oposiciones\\\/#organization\"},\"potentialAction\":[{\"@type\":\"SearchAction\",\"target\":{\"@type\":\"EntryPoint\",\"urlTemplate\":\"https:\\\/\\\/www.emplea-te.com\\\/noticias-oposiciones\\\/?s={search_term_string}\"},\"query-input\":{\"@type\":\"PropertyValueSpecification\",\"valueRequired\":true,\"valueName\":\"search_term_string\"}}],\"inLanguage\":\"es\"},{\"@type\":\"Organization\",\"@id\":\"https:\\\/\\\/www.emplea-te.com\\\/noticias-oposiciones\\\/#organization\",\"name\":\"Academia de oposiciones Empl\u00e9ate\",\"url\":\"https:\\\/\\\/www.emplea-te.com\\\/noticias-oposiciones\\\/\",\"logo\":{\"@type\":\"ImageObject\",\"inLanguage\":\"es\",\"@id\":\"https:\\\/\\\/www.emplea-te.com\\\/noticias-oposiciones\\\/#\\\/schema\\\/logo\\\/image\\\/\",\"url\":\"https:\\\/\\\/www.emplea-te.com\\\/noticias-oposiciones\\\/wp-content\\\/uploads\\\/2019\\\/04\\\/empleate.jpg\",\"contentUrl\":\"https:\\\/\\\/www.emplea-te.com\\\/noticias-oposiciones\\\/wp-content\\\/uploads\\\/2019\\\/04\\\/empleate.jpg\",\"width\":250,\"height\":150,\"caption\":\"Academia de oposiciones Empl\u00e9ate\"},\"image\":{\"@id\":\"https:\\\/\\\/www.emplea-te.com\\\/noticias-oposiciones\\\/#\\\/schema\\\/logo\\\/image\\\/\"},\"sameAs\":[\"https:\\\/\\\/www.facebook.com\\\/AcademiaEmpleate\\\/\",\"https:\\\/\\\/x.com\\\/Emplea_Te\",\"https:\\\/\\\/www.instagram.com\\\/academia_empleate\\\/\"]},{\"@type\":\"Person\",\"@id\":\"https:\\\/\\\/www.emplea-te.com\\\/noticias-oposiciones\\\/#\\\/schema\\\/person\\\/d1bc587e1af2b95e9c32aba1795509a6\",\"name\":\"Empleate\"}]}<\/script>\n<!-- \/ Yoast SEO plugin. -->","yoast_head_json":{"title":"Convocatoria proceso selectivo Concello de Sada para nombramiento de Auxiliares Administrativos. - Noticas de oposiciones por Academia Emplea-te","description":"Publicado en el BOP la convocatoria para el nombramiento de funcionarios interinos en la subescala de Auxiliar Administrativo Concello de Sada. Enlace al BOP","robots":{"index":"index","follow":"follow","max-snippet":"max-snippet:-1","max-image-preview":"max-image-preview:large","max-video-preview":"max-video-preview:-1"},"canonical":"https:\/\/www.emplea-te.com\/noticias-oposiciones\/convocatoria-proceso-selectivo-concello-de-sada-para-nombramiento-de-auxiliares-administrativos\/","og_locale":"es_ES","og_type":"article","og_title":"Convocatoria proceso selectivo Concello de Sada para nombramiento de Auxiliares Administrativos. - Noticas de oposiciones por Academia Emplea-te","og_description":"Publicado en el BOP la convocatoria para el nombramiento de funcionarios interinos en la subescala de Auxiliar Administrativo Concello de Sada. Enlace al BOP","og_url":"https:\/\/www.emplea-te.com\/noticias-oposiciones\/convocatoria-proceso-selectivo-concello-de-sada-para-nombramiento-de-auxiliares-administrativos\/","og_site_name":"Noticas de oposiciones por Academia Emplea-te","article_publisher":"https:\/\/www.facebook.com\/AcademiaEmpleate\/","article_published_time":"2018-11-11T23:00:00+00:00","author":"Empleate","twitter_card":"summary_large_image","twitter_creator":"@Emplea_Te","twitter_site":"@Emplea_Te","twitter_misc":{"Escrito por":"Empleate"},"schema":{"@context":"https:\/\/schema.org","@graph":[{"@type":"Article","@id":"https:\/\/www.emplea-te.com\/noticias-oposiciones\/convocatoria-proceso-selectivo-concello-de-sada-para-nombramiento-de-auxiliares-administrativos\/#article","isPartOf":{"@id":"https:\/\/www.emplea-te.com\/noticias-oposiciones\/convocatoria-proceso-selectivo-concello-de-sada-para-nombramiento-de-auxiliares-administrativos\/"},"author":{"name":"Empleate","@id":"https:\/\/www.emplea-te.com\/noticias-oposiciones\/#\/schema\/person\/d1bc587e1af2b95e9c32aba1795509a6"},"headline":"Convocatoria proceso selectivo Concello de Sada para nombramiento de Auxiliares Administrativos.","datePublished":"2018-11-11T23:00:00+00:00","mainEntityOfPage":{"@id":"https:\/\/www.emplea-te.com\/noticias-oposiciones\/convocatoria-proceso-selectivo-concello-de-sada-para-nombramiento-de-auxiliares-administrativos\/"},"wordCount":66,"commentCount":0,"publisher":{"@id":"https:\/\/www.emplea-te.com\/noticias-oposiciones\/#organization"},"inLanguage":"es","potentialAction":[{"@type":"CommentAction","name":"Comment","target":["https:\/\/www.emplea-te.com\/noticias-oposiciones\/convocatoria-proceso-selectivo-concello-de-sada-para-nombramiento-de-auxiliares-administrativos\/#respond"]}]},{"@type":"WebPage","@id":"https:\/\/www.emplea-te.com\/noticias-oposiciones\/convocatoria-proceso-selectivo-concello-de-sada-para-nombramiento-de-auxiliares-administrativos\/","url":"https:\/\/www.emplea-te.com\/noticias-oposiciones\/convocatoria-proceso-selectivo-concello-de-sada-para-nombramiento-de-auxiliares-administrativos\/","name":"Convocatoria proceso selectivo Concello de Sada para nombramiento de Auxiliares Administrativos. - Noticas de oposiciones por Academia Emplea-te","isPartOf":{"@id":"https:\/\/www.emplea-te.com\/noticias-oposiciones\/#website"},"datePublished":"2018-11-11T23:00:00+00:00","description":"Publicado en el BOP la convocatoria para el nombramiento de funcionarios interinos en la subescala de Auxiliar Administrativo Concello de Sada. Enlace al BOP","breadcrumb":{"@id":"https:\/\/www.emplea-te.com\/noticias-oposiciones\/convocatoria-proceso-selectivo-concello-de-sada-para-nombramiento-de-auxiliares-administrativos\/#breadcrumb"},"inLanguage":"es","potentialAction":[{"@type":"ReadAction","target":["https:\/\/www.emplea-te.com\/noticias-oposiciones\/convocatoria-proceso-selectivo-concello-de-sada-para-nombramiento-de-auxiliares-administrativos\/"]}]},{"@type":"BreadcrumbList","@id":"https:\/\/www.emplea-te.com\/noticias-oposiciones\/convocatoria-proceso-selectivo-concello-de-sada-para-nombramiento-de-auxiliares-administrativos\/#breadcrumb","itemListElement":[{"@type":"ListItem","position":1,"name":"Noticias Oposiciones","item":"https:\/\/www.emplea-te.com\/noticias-oposiciones\/"},{"@type":"ListItem","position":2,"name":"Convocatoria proceso selectivo Concello de Sada para nombramiento de Auxiliares Administrativos."}]},{"@type":"WebSite","@id":"https:\/\/www.emplea-te.com\/noticias-oposiciones\/#website","url":"https:\/\/www.emplea-te.com\/noticias-oposiciones\/","name":"Noticas de oposiciones por Academia Emplea-te","description":"Toda la actualidad de las ofertas y convocatorias.","publisher":{"@id":"https:\/\/www.emplea-te.com\/noticias-oposiciones\/#organization"},"potentialAction":[{"@type":"SearchAction","target":{"@type":"EntryPoint","urlTemplate":"https:\/\/www.emplea-te.com\/noticias-oposiciones\/?s={search_term_string}"},"query-input":{"@type":"PropertyValueSpecification","valueRequired":true,"valueName":"search_term_string"}}],"inLanguage":"es"},{"@type":"Organization","@id":"https:\/\/www.emplea-te.com\/noticias-oposiciones\/#organization","name":"Academia de oposiciones Empl\u00e9ate","url":"https:\/\/www.emplea-te.com\/noticias-oposiciones\/","logo":{"@type":"ImageObject","inLanguage":"es","@id":"https:\/\/www.emplea-te.com\/noticias-oposiciones\/#\/schema\/logo\/image\/","url":"https:\/\/www.emplea-te.com\/noticias-oposiciones\/wp-content\/uploads\/2019\/04\/empleate.jpg","contentUrl":"https:\/\/www.emplea-te.com\/noticias-oposiciones\/wp-content\/uploads\/2019\/04\/empleate.jpg","width":250,"height":150,"caption":"Academia de oposiciones Empl\u00e9ate"},"image":{"@id":"https:\/\/www.emplea-te.com\/noticias-oposiciones\/#\/schema\/logo\/image\/"},"sameAs":["https:\/\/www.facebook.com\/AcademiaEmpleate\/","https:\/\/x.com\/Emplea_Te","https:\/\/www.instagram.com\/academia_empleate\/"]},{"@type":"Person","@id":"https:\/\/www.emplea-te.com\/noticias-oposiciones\/#\/schema\/person\/d1bc587e1af2b95e9c32aba1795509a6","name":"Empleate"}]}},"_links":{"self":[{"href":"https:\/\/www.emplea-te.com\/noticias-oposiciones\/wp-json\/wp\/v2\/posts\/1264","targetHints":{"allow":["GET"]}}],"collection":[{"href":"https:\/\/www.emplea-te.com\/noticias-oposiciones\/wp-json\/wp\/v2\/posts"}],"about":[{"href":"https:\/\/www.emplea-te.com\/noticias-oposiciones\/wp-json\/wp\/v2\/types\/post"}],"author":[{"embeddable":true,"href":"https:\/\/www.emplea-te.com\/noticias-oposiciones\/wp-json\/wp\/v2\/users\/1"}],"replies":[{"embeddable":true,"href":"https:\/\/www.emplea-te.com\/noticias-oposiciones\/wp-json\/wp\/v2\/comments?post=1264"}],"version-history":[{"count":0,"href":"https:\/\/www.emplea-te.com\/noticias-oposiciones\/wp-json\/wp\/v2\/posts\/1264\/revisions"}],"wp:attachment":[{"href":"https:\/\/www.emplea-te.com\/noticias-oposiciones\/wp-json\/wp\/v2\/media?parent=1264"}],"wp:term":[{"taxonomy":"category","embeddable":true,"href":"https:\/\/www.emplea-te.com\/noticias-oposiciones\/wp-json\/wp\/v2\/categories?post=1264"},{"taxonomy":"post_tag","embeddable":true,"href":"https:\/\/www.emplea-te.com\/noticias-oposiciones\/wp-json\/wp\/v2\/tags?post=1264"}],"curies":[{"name":"wp","href":"https:\/\/api.w.org\/{rel}","templated":true}]}}