{"id":1266,"date":"2018-11-23T00:00:00","date_gmt":"2018-11-22T23:00:00","guid":{"rendered":"https:\/\/www.emplea-te.com\/noticias-oposiciones\/xunta-de-galicia-aprobada-la-oferta-de-empleo-publico-para-2018-para-admistracion-general-y-sergas\/"},"modified":"2018-11-23T00:00:00","modified_gmt":"2018-11-22T23:00:00","slug":"xunta-de-galicia-aprobada-la-oferta-de-empleo-publico-para-2018-para-admistracion-general-y-sergas","status":"publish","type":"post","link":"https:\/\/www.emplea-te.com\/noticias-oposiciones\/xunta-de-galicia-aprobada-la-oferta-de-empleo-publico-para-2018-para-admistracion-general-y-sergas\/","title":{"rendered":"Xunta de Galicia. Aprobada la Oferta de Empleo P\u00fablico para 2018 para Admistraci\u00f3n General y SERGAS <br>"},"content":{"rendered":"<p>Xunta de Galicia.<br \/>Aprobada la oferta de empleo p\u00fablico 2018 para Administraci\u00f3n General y el SERGAS.<\/p>\n<p>Es la mayor oferta de Empleo desde el a\u00f1o 2008. <\/p>\n<p>Un total de 5.686 plazas ofertadas entre las que destacamos:<\/p>\n<p>2.175 plazas para la Administraci\u00f3n General que a su vez se distribuyen de esta forma:<\/p>\n<p>1448 de acceso libre<\/p>\n<p>150 de Promoci\u00f3n Interna<\/p>\n<p>577 funcionarizaci\u00f3n voluntaria<\/p>\n<p><a href=\"https:\/\/www.xunta.gal\/notas-de-prensa\/-\/nova\/35555\/feijoo-destaca-que-oferta-emprego-publico-para-2018-ascendera-5-686-prazas-maior\" target=\"_blank\" rel=\"nofollow noopener noreferrer\"><span class=\"wysiwyg-color-green\">Enlace a nota informativa publicada por la Xunta de Galicia<\/span><\/a><\/p>\n<p><\/p>\n<p><a href=\"https:\/\/www.emplea-te.com\/1\/oposiciones-de-administrativo-y-auxiliar-administrativo\" target=\"_blank\" rel=\"nofollow noopener noreferrer\"><span class=\"wysiwyg-color-green\">Prepara tus oposiciones de Administrativo y Auxiliar Administrativo en nuestros cursos presenciales.<\/span><\/a><\/p>\n<p><\/p>\n<p><\/p>\n<p><\/p>\n","protected":false},"excerpt":{"rendered":"<p>Xunta de Galicia.Aprobada la oferta de empleo p\u00fablico 2018 para Administraci\u00f3n General y el SERGAS. Es la mayor oferta de Empleo desde el a\u00f1o 2008. Un total de 5.686 plazas ofertadas entre las que destacamos: 2.175 plazas para la Administraci\u00f3n General que a su vez se distribuyen de esta forma: 1448 de acceso libre 150 &hellip; <a href=\"https:\/\/www.emplea-te.com\/noticias-oposiciones\/xunta-de-galicia-aprobada-la-oferta-de-empleo-publico-para-2018-para-admistracion-general-y-sergas\/\" class=\"more-link\">Continuar leyendo<span class=\"screen-reader-text\"> \u00abXunta de Galicia. Aprobada la Oferta de Empleo P\u00fablico para 2018 para Admistraci\u00f3n General y SERGAS <br \/>\u00ab<\/span><\/a><\/p>\n","protected":false},"author":1,"featured_media":0,"comment_status":"open","ping_status":"open","sticky":false,"template":"","format":"standard","meta":{"footnotes":""},"categories":[],"tags":[],"class_list":["post-1266","post","type-post","status-publish","format-standard","hentry"],"yoast_head":"<!-- This site is optimized with the Yoast SEO plugin v27.3 - https:\/\/yoast.com\/product\/yoast-seo-wordpress\/ -->\n<title>Xunta de Galicia. Aprobada la Oferta de Empleo P\u00fablico para 2018 para Admistraci\u00f3n General y SERGAS  - Noticas de oposiciones por Academia Emplea-te<\/title>\n<meta name=\"description\" content=\"Xunta de Galicia. Aprobada la oferta de empleo p\u00fablico 2018 para Administraci\u00f3n General y el SERGAS. La mayor oferta de empleo desde el a\u00f1o 2008. Enlace a nota informativa.\" \/>\n<meta name=\"robots\" content=\"index, follow, max-snippet:-1, max-image-preview:large, max-video-preview:-1\" \/>\n<link rel=\"canonical\" href=\"https:\/\/www.emplea-te.com\/noticias-oposiciones\/xunta-de-galicia-aprobada-la-oferta-de-empleo-publico-para-2018-para-admistracion-general-y-sergas\/\" \/>\n<meta property=\"og:locale\" content=\"es_ES\" \/>\n<meta property=\"og:type\" content=\"article\" \/>\n<meta property=\"og:title\" content=\"Xunta de Galicia. Aprobada la Oferta de Empleo P\u00fablico para 2018 para Admistraci\u00f3n General y SERGAS  - Noticas de oposiciones por Academia Emplea-te\" \/>\n<meta property=\"og:description\" content=\"Xunta de Galicia. Aprobada la oferta de empleo p\u00fablico 2018 para Administraci\u00f3n General y el SERGAS. La mayor oferta de empleo desde el a\u00f1o 2008. Enlace a nota informativa.\" \/>\n<meta property=\"og:url\" content=\"https:\/\/www.emplea-te.com\/noticias-oposiciones\/xunta-de-galicia-aprobada-la-oferta-de-empleo-publico-para-2018-para-admistracion-general-y-sergas\/\" \/>\n<meta property=\"og:site_name\" content=\"Noticas de oposiciones por Academia Emplea-te\" \/>\n<meta property=\"article:publisher\" content=\"https:\/\/www.facebook.com\/AcademiaEmpleate\/\" \/>\n<meta property=\"article:published_time\" content=\"2018-11-22T23:00:00+00:00\" \/>\n<meta name=\"author\" content=\"Empleate\" \/>\n<meta name=\"twitter:card\" content=\"summary_large_image\" \/>\n<meta name=\"twitter:creator\" content=\"@Emplea_Te\" \/>\n<meta name=\"twitter:site\" content=\"@Emplea_Te\" \/>\n<meta name=\"twitter:label1\" content=\"Escrito por\" \/>\n\t<meta name=\"twitter:data1\" content=\"Empleate\" \/>\n<script type=\"application\/ld+json\" class=\"yoast-schema-graph\">{\"@context\":\"https:\\\/\\\/schema.org\",\"@graph\":[{\"@type\":\"Article\",\"@id\":\"https:\\\/\\\/www.emplea-te.com\\\/noticias-oposiciones\\\/xunta-de-galicia-aprobada-la-oferta-de-empleo-publico-para-2018-para-admistracion-general-y-sergas\\\/#article\",\"isPartOf\":{\"@id\":\"https:\\\/\\\/www.emplea-te.com\\\/noticias-oposiciones\\\/xunta-de-galicia-aprobada-la-oferta-de-empleo-publico-para-2018-para-admistracion-general-y-sergas\\\/\"},\"author\":{\"name\":\"Empleate\",\"@id\":\"https:\\\/\\\/www.emplea-te.com\\\/noticias-oposiciones\\\/#\\\/schema\\\/person\\\/d1bc587e1af2b95e9c32aba1795509a6\"},\"headline\":\"Xunta de Galicia. Aprobada la Oferta de Empleo P\u00fablico para 2018 para Admistraci\u00f3n General y SERGAS\",\"datePublished\":\"2018-11-22T23:00:00+00:00\",\"mainEntityOfPage\":{\"@id\":\"https:\\\/\\\/www.emplea-te.com\\\/noticias-oposiciones\\\/xunta-de-galicia-aprobada-la-oferta-de-empleo-publico-para-2018-para-admistracion-general-y-sergas\\\/\"},\"wordCount\":100,\"commentCount\":0,\"publisher\":{\"@id\":\"https:\\\/\\\/www.emplea-te.com\\\/noticias-oposiciones\\\/#organization\"},\"inLanguage\":\"es\",\"potentialAction\":[{\"@type\":\"CommentAction\",\"name\":\"Comment\",\"target\":[\"https:\\\/\\\/www.emplea-te.com\\\/noticias-oposiciones\\\/xunta-de-galicia-aprobada-la-oferta-de-empleo-publico-para-2018-para-admistracion-general-y-sergas\\\/#respond\"]}]},{\"@type\":\"WebPage\",\"@id\":\"https:\\\/\\\/www.emplea-te.com\\\/noticias-oposiciones\\\/xunta-de-galicia-aprobada-la-oferta-de-empleo-publico-para-2018-para-admistracion-general-y-sergas\\\/\",\"url\":\"https:\\\/\\\/www.emplea-te.com\\\/noticias-oposiciones\\\/xunta-de-galicia-aprobada-la-oferta-de-empleo-publico-para-2018-para-admistracion-general-y-sergas\\\/\",\"name\":\"Xunta de Galicia. Aprobada la Oferta de Empleo P\u00fablico para 2018 para Admistraci\u00f3n General y SERGAS - Noticas de oposiciones por Academia Emplea-te\",\"isPartOf\":{\"@id\":\"https:\\\/\\\/www.emplea-te.com\\\/noticias-oposiciones\\\/#website\"},\"datePublished\":\"2018-11-22T23:00:00+00:00\",\"description\":\"Xunta de Galicia. Aprobada la oferta de empleo p\u00fablico 2018 para Administraci\u00f3n General y el SERGAS. La mayor oferta de empleo desde el a\u00f1o 2008. Enlace a nota informativa.\",\"breadcrumb\":{\"@id\":\"https:\\\/\\\/www.emplea-te.com\\\/noticias-oposiciones\\\/xunta-de-galicia-aprobada-la-oferta-de-empleo-publico-para-2018-para-admistracion-general-y-sergas\\\/#breadcrumb\"},\"inLanguage\":\"es\",\"potentialAction\":[{\"@type\":\"ReadAction\",\"target\":[\"https:\\\/\\\/www.emplea-te.com\\\/noticias-oposiciones\\\/xunta-de-galicia-aprobada-la-oferta-de-empleo-publico-para-2018-para-admistracion-general-y-sergas\\\/\"]}]},{\"@type\":\"BreadcrumbList\",\"@id\":\"https:\\\/\\\/www.emplea-te.com\\\/noticias-oposiciones\\\/xunta-de-galicia-aprobada-la-oferta-de-empleo-publico-para-2018-para-admistracion-general-y-sergas\\\/#breadcrumb\",\"itemListElement\":[{\"@type\":\"ListItem\",\"position\":1,\"name\":\"Noticias Oposiciones\",\"item\":\"https:\\\/\\\/www.emplea-te.com\\\/noticias-oposiciones\\\/\"},{\"@type\":\"ListItem\",\"position\":2,\"name\":\"Xunta de Galicia. Aprobada la Oferta de Empleo P\u00fablico para 2018 para Admistraci\u00f3n General y SERGAS\"}]},{\"@type\":\"WebSite\",\"@id\":\"https:\\\/\\\/www.emplea-te.com\\\/noticias-oposiciones\\\/#website\",\"url\":\"https:\\\/\\\/www.emplea-te.com\\\/noticias-oposiciones\\\/\",\"name\":\"Noticas de oposiciones por Academia Emplea-te\",\"description\":\"Toda la actualidad de las ofertas y convocatorias.\",\"publisher\":{\"@id\":\"https:\\\/\\\/www.emplea-te.com\\\/noticias-oposiciones\\\/#organization\"},\"potentialAction\":[{\"@type\":\"SearchAction\",\"target\":{\"@type\":\"EntryPoint\",\"urlTemplate\":\"https:\\\/\\\/www.emplea-te.com\\\/noticias-oposiciones\\\/?s={search_term_string}\"},\"query-input\":{\"@type\":\"PropertyValueSpecification\",\"valueRequired\":true,\"valueName\":\"search_term_string\"}}],\"inLanguage\":\"es\"},{\"@type\":\"Organization\",\"@id\":\"https:\\\/\\\/www.emplea-te.com\\\/noticias-oposiciones\\\/#organization\",\"name\":\"Academia de oposiciones Empl\u00e9ate\",\"url\":\"https:\\\/\\\/www.emplea-te.com\\\/noticias-oposiciones\\\/\",\"logo\":{\"@type\":\"ImageObject\",\"inLanguage\":\"es\",\"@id\":\"https:\\\/\\\/www.emplea-te.com\\\/noticias-oposiciones\\\/#\\\/schema\\\/logo\\\/image\\\/\",\"url\":\"https:\\\/\\\/www.emplea-te.com\\\/noticias-oposiciones\\\/wp-content\\\/uploads\\\/2019\\\/04\\\/empleate.jpg\",\"contentUrl\":\"https:\\\/\\\/www.emplea-te.com\\\/noticias-oposiciones\\\/wp-content\\\/uploads\\\/2019\\\/04\\\/empleate.jpg\",\"width\":250,\"height\":150,\"caption\":\"Academia de oposiciones Empl\u00e9ate\"},\"image\":{\"@id\":\"https:\\\/\\\/www.emplea-te.com\\\/noticias-oposiciones\\\/#\\\/schema\\\/logo\\\/image\\\/\"},\"sameAs\":[\"https:\\\/\\\/www.facebook.com\\\/AcademiaEmpleate\\\/\",\"https:\\\/\\\/x.com\\\/Emplea_Te\",\"https:\\\/\\\/www.instagram.com\\\/academia_empleate\\\/\"]},{\"@type\":\"Person\",\"@id\":\"https:\\\/\\\/www.emplea-te.com\\\/noticias-oposiciones\\\/#\\\/schema\\\/person\\\/d1bc587e1af2b95e9c32aba1795509a6\",\"name\":\"Empleate\"}]}<\/script>\n<!-- \/ Yoast SEO plugin. -->","yoast_head_json":{"title":"Xunta de Galicia. Aprobada la Oferta de Empleo P\u00fablico para 2018 para Admistraci\u00f3n General y SERGAS  - Noticas de oposiciones por Academia Emplea-te","description":"Xunta de Galicia. Aprobada la oferta de empleo p\u00fablico 2018 para Administraci\u00f3n General y el SERGAS. La mayor oferta de empleo desde el a\u00f1o 2008. Enlace a nota informativa.","robots":{"index":"index","follow":"follow","max-snippet":"max-snippet:-1","max-image-preview":"max-image-preview:large","max-video-preview":"max-video-preview:-1"},"canonical":"https:\/\/www.emplea-te.com\/noticias-oposiciones\/xunta-de-galicia-aprobada-la-oferta-de-empleo-publico-para-2018-para-admistracion-general-y-sergas\/","og_locale":"es_ES","og_type":"article","og_title":"Xunta de Galicia. Aprobada la Oferta de Empleo P\u00fablico para 2018 para Admistraci\u00f3n General y SERGAS  - Noticas de oposiciones por Academia Emplea-te","og_description":"Xunta de Galicia. Aprobada la oferta de empleo p\u00fablico 2018 para Administraci\u00f3n General y el SERGAS. La mayor oferta de empleo desde el a\u00f1o 2008. Enlace a nota informativa.","og_url":"https:\/\/www.emplea-te.com\/noticias-oposiciones\/xunta-de-galicia-aprobada-la-oferta-de-empleo-publico-para-2018-para-admistracion-general-y-sergas\/","og_site_name":"Noticas de oposiciones por Academia Emplea-te","article_publisher":"https:\/\/www.facebook.com\/AcademiaEmpleate\/","article_published_time":"2018-11-22T23:00:00+00:00","author":"Empleate","twitter_card":"summary_large_image","twitter_creator":"@Emplea_Te","twitter_site":"@Emplea_Te","twitter_misc":{"Escrito por":"Empleate"},"schema":{"@context":"https:\/\/schema.org","@graph":[{"@type":"Article","@id":"https:\/\/www.emplea-te.com\/noticias-oposiciones\/xunta-de-galicia-aprobada-la-oferta-de-empleo-publico-para-2018-para-admistracion-general-y-sergas\/#article","isPartOf":{"@id":"https:\/\/www.emplea-te.com\/noticias-oposiciones\/xunta-de-galicia-aprobada-la-oferta-de-empleo-publico-para-2018-para-admistracion-general-y-sergas\/"},"author":{"name":"Empleate","@id":"https:\/\/www.emplea-te.com\/noticias-oposiciones\/#\/schema\/person\/d1bc587e1af2b95e9c32aba1795509a6"},"headline":"Xunta de Galicia. Aprobada la Oferta de Empleo P\u00fablico para 2018 para Admistraci\u00f3n General y SERGAS","datePublished":"2018-11-22T23:00:00+00:00","mainEntityOfPage":{"@id":"https:\/\/www.emplea-te.com\/noticias-oposiciones\/xunta-de-galicia-aprobada-la-oferta-de-empleo-publico-para-2018-para-admistracion-general-y-sergas\/"},"wordCount":100,"commentCount":0,"publisher":{"@id":"https:\/\/www.emplea-te.com\/noticias-oposiciones\/#organization"},"inLanguage":"es","potentialAction":[{"@type":"CommentAction","name":"Comment","target":["https:\/\/www.emplea-te.com\/noticias-oposiciones\/xunta-de-galicia-aprobada-la-oferta-de-empleo-publico-para-2018-para-admistracion-general-y-sergas\/#respond"]}]},{"@type":"WebPage","@id":"https:\/\/www.emplea-te.com\/noticias-oposiciones\/xunta-de-galicia-aprobada-la-oferta-de-empleo-publico-para-2018-para-admistracion-general-y-sergas\/","url":"https:\/\/www.emplea-te.com\/noticias-oposiciones\/xunta-de-galicia-aprobada-la-oferta-de-empleo-publico-para-2018-para-admistracion-general-y-sergas\/","name":"Xunta de Galicia. Aprobada la Oferta de Empleo P\u00fablico para 2018 para Admistraci\u00f3n General y SERGAS - Noticas de oposiciones por Academia Emplea-te","isPartOf":{"@id":"https:\/\/www.emplea-te.com\/noticias-oposiciones\/#website"},"datePublished":"2018-11-22T23:00:00+00:00","description":"Xunta de Galicia. Aprobada la oferta de empleo p\u00fablico 2018 para Administraci\u00f3n General y el SERGAS. La mayor oferta de empleo desde el a\u00f1o 2008. Enlace a nota informativa.","breadcrumb":{"@id":"https:\/\/www.emplea-te.com\/noticias-oposiciones\/xunta-de-galicia-aprobada-la-oferta-de-empleo-publico-para-2018-para-admistracion-general-y-sergas\/#breadcrumb"},"inLanguage":"es","potentialAction":[{"@type":"ReadAction","target":["https:\/\/www.emplea-te.com\/noticias-oposiciones\/xunta-de-galicia-aprobada-la-oferta-de-empleo-publico-para-2018-para-admistracion-general-y-sergas\/"]}]},{"@type":"BreadcrumbList","@id":"https:\/\/www.emplea-te.com\/noticias-oposiciones\/xunta-de-galicia-aprobada-la-oferta-de-empleo-publico-para-2018-para-admistracion-general-y-sergas\/#breadcrumb","itemListElement":[{"@type":"ListItem","position":1,"name":"Noticias Oposiciones","item":"https:\/\/www.emplea-te.com\/noticias-oposiciones\/"},{"@type":"ListItem","position":2,"name":"Xunta de Galicia. Aprobada la Oferta de Empleo P\u00fablico para 2018 para Admistraci\u00f3n General y SERGAS"}]},{"@type":"WebSite","@id":"https:\/\/www.emplea-te.com\/noticias-oposiciones\/#website","url":"https:\/\/www.emplea-te.com\/noticias-oposiciones\/","name":"Noticas de oposiciones por Academia Emplea-te","description":"Toda la actualidad de las ofertas y convocatorias.","publisher":{"@id":"https:\/\/www.emplea-te.com\/noticias-oposiciones\/#organization"},"potentialAction":[{"@type":"SearchAction","target":{"@type":"EntryPoint","urlTemplate":"https:\/\/www.emplea-te.com\/noticias-oposiciones\/?s={search_term_string}"},"query-input":{"@type":"PropertyValueSpecification","valueRequired":true,"valueName":"search_term_string"}}],"inLanguage":"es"},{"@type":"Organization","@id":"https:\/\/www.emplea-te.com\/noticias-oposiciones\/#organization","name":"Academia de oposiciones Empl\u00e9ate","url":"https:\/\/www.emplea-te.com\/noticias-oposiciones\/","logo":{"@type":"ImageObject","inLanguage":"es","@id":"https:\/\/www.emplea-te.com\/noticias-oposiciones\/#\/schema\/logo\/image\/","url":"https:\/\/www.emplea-te.com\/noticias-oposiciones\/wp-content\/uploads\/2019\/04\/empleate.jpg","contentUrl":"https:\/\/www.emplea-te.com\/noticias-oposiciones\/wp-content\/uploads\/2019\/04\/empleate.jpg","width":250,"height":150,"caption":"Academia de oposiciones Empl\u00e9ate"},"image":{"@id":"https:\/\/www.emplea-te.com\/noticias-oposiciones\/#\/schema\/logo\/image\/"},"sameAs":["https:\/\/www.facebook.com\/AcademiaEmpleate\/","https:\/\/x.com\/Emplea_Te","https:\/\/www.instagram.com\/academia_empleate\/"]},{"@type":"Person","@id":"https:\/\/www.emplea-te.com\/noticias-oposiciones\/#\/schema\/person\/d1bc587e1af2b95e9c32aba1795509a6","name":"Empleate"}]}},"_links":{"self":[{"href":"https:\/\/www.emplea-te.com\/noticias-oposiciones\/wp-json\/wp\/v2\/posts\/1266","targetHints":{"allow":["GET"]}}],"collection":[{"href":"https:\/\/www.emplea-te.com\/noticias-oposiciones\/wp-json\/wp\/v2\/posts"}],"about":[{"href":"https:\/\/www.emplea-te.com\/noticias-oposiciones\/wp-json\/wp\/v2\/types\/post"}],"author":[{"embeddable":true,"href":"https:\/\/www.emplea-te.com\/noticias-oposiciones\/wp-json\/wp\/v2\/users\/1"}],"replies":[{"embeddable":true,"href":"https:\/\/www.emplea-te.com\/noticias-oposiciones\/wp-json\/wp\/v2\/comments?post=1266"}],"version-history":[{"count":0,"href":"https:\/\/www.emplea-te.com\/noticias-oposiciones\/wp-json\/wp\/v2\/posts\/1266\/revisions"}],"wp:attachment":[{"href":"https:\/\/www.emplea-te.com\/noticias-oposiciones\/wp-json\/wp\/v2\/media?parent=1266"}],"wp:term":[{"taxonomy":"category","embeddable":true,"href":"https:\/\/www.emplea-te.com\/noticias-oposiciones\/wp-json\/wp\/v2\/categories?post=1266"},{"taxonomy":"post_tag","embeddable":true,"href":"https:\/\/www.emplea-te.com\/noticias-oposiciones\/wp-json\/wp\/v2\/tags?post=1266"}],"curies":[{"name":"wp","href":"https:\/\/api.w.org\/{rel}","templated":true}]}}