{"id":1268,"date":"2018-11-27T00:00:00","date_gmt":"2018-11-26T23:00:00","guid":{"rendered":"https:\/\/www.emplea-te.com\/noticias-oposiciones\/borrador-oferta-empleo-publico-de-2018-xunta-de-galicia\/"},"modified":"2018-11-27T00:00:00","modified_gmt":"2018-11-26T23:00:00","slug":"borrador-oferta-empleo-publico-de-2018-xunta-de-galicia","status":"publish","type":"post","link":"https:\/\/www.emplea-te.com\/noticias-oposiciones\/borrador-oferta-empleo-publico-de-2018-xunta-de-galicia\/","title":{"rendered":"Borrador oferta empleo p\u00fablico de 2018 Xunta de Galicia<br><br>"},"content":{"rendered":"<p>La Direcci\u00f3n General de Funci\u00f3n P\u00fablica acaba de remitir el borrador del Decreto de la OEP 2018 de la Xunta de Galicia.<br \/>&nbsp;-El plazo de alegaciones est\u00e1 abierto hasta el pr\u00f3ximo jueves, 29 de noviembre a las 14:00.<br \/>Funci\u00f3n P\u00fablica sostiene que todo esto es sin perjuicio de continuar negociando el acuerdo de mejora del Empleo P\u00fablico.<\/p>\n<p><a href=\"https:\/\/heraldtoupeiras.es\/2018\/11\/26\/borrador-de-decreto-de-oep-2018-e-documentacion-sobre-as-prazas-a-funcionarizar-e-de-consolidacion\/?fbclid=IwAR1OSwIeO5tqv3GnR3kG_PplNZT-NsMxw3mZrx9Kg1eoo4wUYCq-1Zj6oVE\" target=\"_blank\" rel=\"nofollow noopener noreferrer\"><span class=\"wysiwyg-color-green\">Enlace a cada uno de los documentos del borrador <\/span><\/a><\/p>\n<p>Destacamos las siguientes plazas:<\/p>\n<p>Acceso libre:<\/p>\n<p>93 plazas Auxiliar Administrativo Subgrupo C2<\/p>\n<p>21 plazas Administrativo Subgrupo C1<\/p>\n<p>21 plazas Gesti\u00f3n Subgrupo A2<\/p>\n<p>89 plazas Subalterno<\/p>\n<\/p>\n<p>Promoci\u00f3n Interna:<\/p>\n<p>50 plazas Gesti\u00f3n Subgrupo A2<\/p>\n<p>70 plazas Administrativo Subgrupo C1<\/p>\n<p>20 plazas Auxiliar Administrativo Subgrupo C2<\/p>\n<\/p>\n<p>Accede a la informaci\u00f3n de cada una de las oposiciones&nbsp;&nbsp;y de nuestros grupos presenciales para preparar estas ofertas de empleo p\u00fablico de la Xunta de Galicia pinchando en estos enlaces:<\/p>\n<p><span class=\"wysiwyg-color-blue\">Oposiciones acceso libre Xunta de Galicia Administraci\u00f3n General<\/span><\/p>\n<p><a href=\"https:\/\/www.emplea-te.com\/43-oposiciones-de-administrativo\" target=\"_blank\" rel=\"nofollow noopener noreferrer\"><span class=\"wysiwyg-color-green\">Administrativo Xunta de Galicia Acceso libre<\/span><\/a><\/p>\n<p><a href=\"https:\/\/www.emplea-te.com\/42-oposiciones-de-auxiliar-administrativo\" target=\"_blank\" rel=\"nofollow noopener noreferrer\"><span class=\"wysiwyg-color-green\">Auxiliar Administrativo Xunta de Galicia Acceso libre<\/span><\/a><\/p>\n<p><a href=\"https:\/\/www.emplea-te.com\/1\/oposiciones-de-administrativo-y-auxiliar-administrativo\" target=\"_blank\" rel=\"nofollow noopener noreferrer\"><span class=\"wysiwyg-color-green\">Gesti\u00f3n Xunta de Galicia Acceso libre<\/span><\/a><\/p>\n<p><a href=\"https:\/\/www.emplea-te.com\/1\/oposiciones-de-administrativo-y-auxiliar-administrativo\" target=\"_blank\" rel=\"nofollow noopener noreferrer\"><span class=\"wysiwyg-color-green\">Subalterno Xunta de Galicia Acceso libre <\/span><\/a><\/p>\n<p><u><\/u><\/p>\n<p><span class=\"wysiwyg-color-navy\">Oposiciones Promoci\u00f3n Interna Xunta de Galicia Administraci\u00f3n General <\/span><\/p>\n<p><a href=\"https:\/\/www.emplea-te.com\/59-oposicion-cuerpo-de-gestion-xunta-de-galicia\" target=\"_blank\" rel=\"nofollow noopener noreferrer\"><span class=\"wysiwyg-color-green\">Gesti\u00f3n Xunta de Galicia Promoci\u00f3n Interna<\/span><\/a><\/p>\n<p><a href=\"https:\/\/www.emplea-te.com\/57-oposici%C3%93n-administrativo-xunta-(promocion-interna)\" target=\"_blank\" rel=\"nofollow noopener noreferrer\"><span class=\"wysiwyg-color-green\">Administrativo Xunta de Galicia promoci\u00f3n Interna<\/span><\/a><\/p>\n<p><a href=\"https:\/\/www.emplea-te.com\/52-oposici%C3%93n-de-aux.-administrativo-(-promocion-interna-)-\" target=\"_blank\" rel=\"nofollow noopener noreferrer\"><span class=\"wysiwyg-color-green\">Auxiliar Administrativo Xunta de Galicia Promoci\u00f3n Interna <\/span><\/a><\/p>\n<p><\/p>\n","protected":false},"excerpt":{"rendered":"<p>La Direcci\u00f3n General de Funci\u00f3n P\u00fablica acaba de remitir el borrador del Decreto de la OEP 2018 de la Xunta de Galicia.&nbsp;-El plazo de alegaciones est\u00e1 abierto hasta el pr\u00f3ximo jueves, 29 de noviembre a las 14:00.Funci\u00f3n P\u00fablica sostiene que todo esto es sin perjuicio de continuar negociando el acuerdo de mejora del Empleo P\u00fablico. &hellip; <a href=\"https:\/\/www.emplea-te.com\/noticias-oposiciones\/borrador-oferta-empleo-publico-de-2018-xunta-de-galicia\/\" class=\"more-link\">Continuar leyendo<span class=\"screen-reader-text\"> \u00abBorrador oferta empleo p\u00fablico de 2018 Xunta de Galicia<\/p>\n<p>\u00ab<\/span><\/a><\/p>\n","protected":false},"author":1,"featured_media":0,"comment_status":"open","ping_status":"open","sticky":false,"template":"","format":"standard","meta":{"footnotes":""},"categories":[],"tags":[],"class_list":["post-1268","post","type-post","status-publish","format-standard","hentry"],"yoast_head":"<!-- This site is optimized with the Yoast SEO plugin v27.3 - https:\/\/yoast.com\/product\/yoast-seo-wordpress\/ -->\n<title>Borrador oferta empleo p\u00fablico de 2018 Xunta de Galicia - Noticas de oposiciones por Academia Emplea-te<\/title>\n<meta name=\"description\" content=\"La Direcci\u00f3n General de Funci\u00f3n P\u00fablica acaba de remitir el borrador del Decreto de la OEP 2018 de la Xunta de Galicia. El plazo de alegaciones est\u00e1 abierto hasta el pr\u00f3ximo jueves, 29 de noviembre a las 14:00.Funci\u00f3n P\u00fablica sostiene que todo esto es sin perjuicio de continuar negociando el acuerdo de mejora del Empleo.Enlace a cada uno de los documentos del borrador .\" \/>\n<meta name=\"robots\" content=\"index, follow, max-snippet:-1, max-image-preview:large, max-video-preview:-1\" \/>\n<link rel=\"canonical\" href=\"https:\/\/www.emplea-te.com\/noticias-oposiciones\/borrador-oferta-empleo-publico-de-2018-xunta-de-galicia\/\" \/>\n<meta property=\"og:locale\" content=\"es_ES\" \/>\n<meta property=\"og:type\" content=\"article\" \/>\n<meta property=\"og:title\" content=\"Borrador oferta empleo p\u00fablico de 2018 Xunta de Galicia - Noticas de oposiciones por Academia Emplea-te\" \/>\n<meta property=\"og:description\" content=\"La Direcci\u00f3n General de Funci\u00f3n P\u00fablica acaba de remitir el borrador del Decreto de la OEP 2018 de la Xunta de Galicia. El plazo de alegaciones est\u00e1 abierto hasta el pr\u00f3ximo jueves, 29 de noviembre a las 14:00.Funci\u00f3n P\u00fablica sostiene que todo esto es sin perjuicio de continuar negociando el acuerdo de mejora del Empleo.Enlace a cada uno de los documentos del borrador .\" \/>\n<meta property=\"og:url\" content=\"https:\/\/www.emplea-te.com\/noticias-oposiciones\/borrador-oferta-empleo-publico-de-2018-xunta-de-galicia\/\" \/>\n<meta property=\"og:site_name\" content=\"Noticas de oposiciones por Academia Emplea-te\" \/>\n<meta property=\"article:publisher\" content=\"https:\/\/www.facebook.com\/AcademiaEmpleate\/\" \/>\n<meta property=\"article:published_time\" content=\"2018-11-26T23:00:00+00:00\" \/>\n<meta name=\"author\" content=\"Empleate\" \/>\n<meta name=\"twitter:card\" content=\"summary_large_image\" \/>\n<meta name=\"twitter:creator\" content=\"@Emplea_Te\" \/>\n<meta name=\"twitter:site\" content=\"@Emplea_Te\" \/>\n<meta name=\"twitter:label1\" content=\"Escrito por\" \/>\n\t<meta name=\"twitter:data1\" content=\"Empleate\" \/>\n\t<meta name=\"twitter:label2\" content=\"Tiempo de lectura\" \/>\n\t<meta name=\"twitter:data2\" content=\"1 minuto\" \/>\n<script type=\"application\/ld+json\" class=\"yoast-schema-graph\">{\"@context\":\"https:\\\/\\\/schema.org\",\"@graph\":[{\"@type\":\"Article\",\"@id\":\"https:\\\/\\\/www.emplea-te.com\\\/noticias-oposiciones\\\/borrador-oferta-empleo-publico-de-2018-xunta-de-galicia\\\/#article\",\"isPartOf\":{\"@id\":\"https:\\\/\\\/www.emplea-te.com\\\/noticias-oposiciones\\\/borrador-oferta-empleo-publico-de-2018-xunta-de-galicia\\\/\"},\"author\":{\"name\":\"Empleate\",\"@id\":\"https:\\\/\\\/www.emplea-te.com\\\/noticias-oposiciones\\\/#\\\/schema\\\/person\\\/d1bc587e1af2b95e9c32aba1795509a6\"},\"headline\":\"Borrador oferta empleo p\u00fablico de 2018 Xunta de Galicia\",\"datePublished\":\"2018-11-26T23:00:00+00:00\",\"mainEntityOfPage\":{\"@id\":\"https:\\\/\\\/www.emplea-te.com\\\/noticias-oposiciones\\\/borrador-oferta-empleo-publico-de-2018-xunta-de-galicia\\\/\"},\"wordCount\":222,\"commentCount\":0,\"publisher\":{\"@id\":\"https:\\\/\\\/www.emplea-te.com\\\/noticias-oposiciones\\\/#organization\"},\"inLanguage\":\"es\",\"potentialAction\":[{\"@type\":\"CommentAction\",\"name\":\"Comment\",\"target\":[\"https:\\\/\\\/www.emplea-te.com\\\/noticias-oposiciones\\\/borrador-oferta-empleo-publico-de-2018-xunta-de-galicia\\\/#respond\"]}]},{\"@type\":\"WebPage\",\"@id\":\"https:\\\/\\\/www.emplea-te.com\\\/noticias-oposiciones\\\/borrador-oferta-empleo-publico-de-2018-xunta-de-galicia\\\/\",\"url\":\"https:\\\/\\\/www.emplea-te.com\\\/noticias-oposiciones\\\/borrador-oferta-empleo-publico-de-2018-xunta-de-galicia\\\/\",\"name\":\"Borrador oferta empleo p\u00fablico de 2018 Xunta de Galicia - Noticas de oposiciones por Academia Emplea-te\",\"isPartOf\":{\"@id\":\"https:\\\/\\\/www.emplea-te.com\\\/noticias-oposiciones\\\/#website\"},\"datePublished\":\"2018-11-26T23:00:00+00:00\",\"description\":\"La Direcci\u00f3n General de Funci\u00f3n P\u00fablica acaba de remitir el borrador del Decreto de la OEP 2018 de la Xunta de Galicia. El plazo de alegaciones est\u00e1 abierto hasta el pr\u00f3ximo jueves, 29 de noviembre a las 14:00.Funci\u00f3n P\u00fablica sostiene que todo esto es sin perjuicio de continuar negociando el acuerdo de mejora del Empleo.Enlace a cada uno de los documentos del borrador .\",\"breadcrumb\":{\"@id\":\"https:\\\/\\\/www.emplea-te.com\\\/noticias-oposiciones\\\/borrador-oferta-empleo-publico-de-2018-xunta-de-galicia\\\/#breadcrumb\"},\"inLanguage\":\"es\",\"potentialAction\":[{\"@type\":\"ReadAction\",\"target\":[\"https:\\\/\\\/www.emplea-te.com\\\/noticias-oposiciones\\\/borrador-oferta-empleo-publico-de-2018-xunta-de-galicia\\\/\"]}]},{\"@type\":\"BreadcrumbList\",\"@id\":\"https:\\\/\\\/www.emplea-te.com\\\/noticias-oposiciones\\\/borrador-oferta-empleo-publico-de-2018-xunta-de-galicia\\\/#breadcrumb\",\"itemListElement\":[{\"@type\":\"ListItem\",\"position\":1,\"name\":\"Noticias Oposiciones\",\"item\":\"https:\\\/\\\/www.emplea-te.com\\\/noticias-oposiciones\\\/\"},{\"@type\":\"ListItem\",\"position\":2,\"name\":\"Borrador oferta empleo p\u00fablico de 2018 Xunta de Galicia\"}]},{\"@type\":\"WebSite\",\"@id\":\"https:\\\/\\\/www.emplea-te.com\\\/noticias-oposiciones\\\/#website\",\"url\":\"https:\\\/\\\/www.emplea-te.com\\\/noticias-oposiciones\\\/\",\"name\":\"Noticas de oposiciones por Academia Emplea-te\",\"description\":\"Toda la actualidad de las ofertas y convocatorias.\",\"publisher\":{\"@id\":\"https:\\\/\\\/www.emplea-te.com\\\/noticias-oposiciones\\\/#organization\"},\"potentialAction\":[{\"@type\":\"SearchAction\",\"target\":{\"@type\":\"EntryPoint\",\"urlTemplate\":\"https:\\\/\\\/www.emplea-te.com\\\/noticias-oposiciones\\\/?s={search_term_string}\"},\"query-input\":{\"@type\":\"PropertyValueSpecification\",\"valueRequired\":true,\"valueName\":\"search_term_string\"}}],\"inLanguage\":\"es\"},{\"@type\":\"Organization\",\"@id\":\"https:\\\/\\\/www.emplea-te.com\\\/noticias-oposiciones\\\/#organization\",\"name\":\"Academia de oposiciones Empl\u00e9ate\",\"url\":\"https:\\\/\\\/www.emplea-te.com\\\/noticias-oposiciones\\\/\",\"logo\":{\"@type\":\"ImageObject\",\"inLanguage\":\"es\",\"@id\":\"https:\\\/\\\/www.emplea-te.com\\\/noticias-oposiciones\\\/#\\\/schema\\\/logo\\\/image\\\/\",\"url\":\"https:\\\/\\\/www.emplea-te.com\\\/noticias-oposiciones\\\/wp-content\\\/uploads\\\/2019\\\/04\\\/empleate.jpg\",\"contentUrl\":\"https:\\\/\\\/www.emplea-te.com\\\/noticias-oposiciones\\\/wp-content\\\/uploads\\\/2019\\\/04\\\/empleate.jpg\",\"width\":250,\"height\":150,\"caption\":\"Academia de oposiciones Empl\u00e9ate\"},\"image\":{\"@id\":\"https:\\\/\\\/www.emplea-te.com\\\/noticias-oposiciones\\\/#\\\/schema\\\/logo\\\/image\\\/\"},\"sameAs\":[\"https:\\\/\\\/www.facebook.com\\\/AcademiaEmpleate\\\/\",\"https:\\\/\\\/x.com\\\/Emplea_Te\",\"https:\\\/\\\/www.instagram.com\\\/academia_empleate\\\/\"]},{\"@type\":\"Person\",\"@id\":\"https:\\\/\\\/www.emplea-te.com\\\/noticias-oposiciones\\\/#\\\/schema\\\/person\\\/d1bc587e1af2b95e9c32aba1795509a6\",\"name\":\"Empleate\"}]}<\/script>\n<!-- \/ Yoast SEO plugin. -->","yoast_head_json":{"title":"Borrador oferta empleo p\u00fablico de 2018 Xunta de Galicia - Noticas de oposiciones por Academia Emplea-te","description":"La Direcci\u00f3n General de Funci\u00f3n P\u00fablica acaba de remitir el borrador del Decreto de la OEP 2018 de la Xunta de Galicia. El plazo de alegaciones est\u00e1 abierto hasta el pr\u00f3ximo jueves, 29 de noviembre a las 14:00.Funci\u00f3n P\u00fablica sostiene que todo esto es sin perjuicio de continuar negociando el acuerdo de mejora del Empleo.Enlace a cada uno de los documentos del borrador .","robots":{"index":"index","follow":"follow","max-snippet":"max-snippet:-1","max-image-preview":"max-image-preview:large","max-video-preview":"max-video-preview:-1"},"canonical":"https:\/\/www.emplea-te.com\/noticias-oposiciones\/borrador-oferta-empleo-publico-de-2018-xunta-de-galicia\/","og_locale":"es_ES","og_type":"article","og_title":"Borrador oferta empleo p\u00fablico de 2018 Xunta de Galicia - Noticas de oposiciones por Academia Emplea-te","og_description":"La Direcci\u00f3n General de Funci\u00f3n P\u00fablica acaba de remitir el borrador del Decreto de la OEP 2018 de la Xunta de Galicia. El plazo de alegaciones est\u00e1 abierto hasta el pr\u00f3ximo jueves, 29 de noviembre a las 14:00.Funci\u00f3n P\u00fablica sostiene que todo esto es sin perjuicio de continuar negociando el acuerdo de mejora del Empleo.Enlace a cada uno de los documentos del borrador .","og_url":"https:\/\/www.emplea-te.com\/noticias-oposiciones\/borrador-oferta-empleo-publico-de-2018-xunta-de-galicia\/","og_site_name":"Noticas de oposiciones por Academia Emplea-te","article_publisher":"https:\/\/www.facebook.com\/AcademiaEmpleate\/","article_published_time":"2018-11-26T23:00:00+00:00","author":"Empleate","twitter_card":"summary_large_image","twitter_creator":"@Emplea_Te","twitter_site":"@Emplea_Te","twitter_misc":{"Escrito por":"Empleate","Tiempo de lectura":"1 minuto"},"schema":{"@context":"https:\/\/schema.org","@graph":[{"@type":"Article","@id":"https:\/\/www.emplea-te.com\/noticias-oposiciones\/borrador-oferta-empleo-publico-de-2018-xunta-de-galicia\/#article","isPartOf":{"@id":"https:\/\/www.emplea-te.com\/noticias-oposiciones\/borrador-oferta-empleo-publico-de-2018-xunta-de-galicia\/"},"author":{"name":"Empleate","@id":"https:\/\/www.emplea-te.com\/noticias-oposiciones\/#\/schema\/person\/d1bc587e1af2b95e9c32aba1795509a6"},"headline":"Borrador oferta empleo p\u00fablico de 2018 Xunta de Galicia","datePublished":"2018-11-26T23:00:00+00:00","mainEntityOfPage":{"@id":"https:\/\/www.emplea-te.com\/noticias-oposiciones\/borrador-oferta-empleo-publico-de-2018-xunta-de-galicia\/"},"wordCount":222,"commentCount":0,"publisher":{"@id":"https:\/\/www.emplea-te.com\/noticias-oposiciones\/#organization"},"inLanguage":"es","potentialAction":[{"@type":"CommentAction","name":"Comment","target":["https:\/\/www.emplea-te.com\/noticias-oposiciones\/borrador-oferta-empleo-publico-de-2018-xunta-de-galicia\/#respond"]}]},{"@type":"WebPage","@id":"https:\/\/www.emplea-te.com\/noticias-oposiciones\/borrador-oferta-empleo-publico-de-2018-xunta-de-galicia\/","url":"https:\/\/www.emplea-te.com\/noticias-oposiciones\/borrador-oferta-empleo-publico-de-2018-xunta-de-galicia\/","name":"Borrador oferta empleo p\u00fablico de 2018 Xunta de Galicia - Noticas de oposiciones por Academia Emplea-te","isPartOf":{"@id":"https:\/\/www.emplea-te.com\/noticias-oposiciones\/#website"},"datePublished":"2018-11-26T23:00:00+00:00","description":"La Direcci\u00f3n General de Funci\u00f3n P\u00fablica acaba de remitir el borrador del Decreto de la OEP 2018 de la Xunta de Galicia. El plazo de alegaciones est\u00e1 abierto hasta el pr\u00f3ximo jueves, 29 de noviembre a las 14:00.Funci\u00f3n P\u00fablica sostiene que todo esto es sin perjuicio de continuar negociando el acuerdo de mejora del Empleo.Enlace a cada uno de los documentos del borrador .","breadcrumb":{"@id":"https:\/\/www.emplea-te.com\/noticias-oposiciones\/borrador-oferta-empleo-publico-de-2018-xunta-de-galicia\/#breadcrumb"},"inLanguage":"es","potentialAction":[{"@type":"ReadAction","target":["https:\/\/www.emplea-te.com\/noticias-oposiciones\/borrador-oferta-empleo-publico-de-2018-xunta-de-galicia\/"]}]},{"@type":"BreadcrumbList","@id":"https:\/\/www.emplea-te.com\/noticias-oposiciones\/borrador-oferta-empleo-publico-de-2018-xunta-de-galicia\/#breadcrumb","itemListElement":[{"@type":"ListItem","position":1,"name":"Noticias Oposiciones","item":"https:\/\/www.emplea-te.com\/noticias-oposiciones\/"},{"@type":"ListItem","position":2,"name":"Borrador oferta empleo p\u00fablico de 2018 Xunta de Galicia"}]},{"@type":"WebSite","@id":"https:\/\/www.emplea-te.com\/noticias-oposiciones\/#website","url":"https:\/\/www.emplea-te.com\/noticias-oposiciones\/","name":"Noticas de oposiciones por Academia Emplea-te","description":"Toda la actualidad de las ofertas y convocatorias.","publisher":{"@id":"https:\/\/www.emplea-te.com\/noticias-oposiciones\/#organization"},"potentialAction":[{"@type":"SearchAction","target":{"@type":"EntryPoint","urlTemplate":"https:\/\/www.emplea-te.com\/noticias-oposiciones\/?s={search_term_string}"},"query-input":{"@type":"PropertyValueSpecification","valueRequired":true,"valueName":"search_term_string"}}],"inLanguage":"es"},{"@type":"Organization","@id":"https:\/\/www.emplea-te.com\/noticias-oposiciones\/#organization","name":"Academia de oposiciones Empl\u00e9ate","url":"https:\/\/www.emplea-te.com\/noticias-oposiciones\/","logo":{"@type":"ImageObject","inLanguage":"es","@id":"https:\/\/www.emplea-te.com\/noticias-oposiciones\/#\/schema\/logo\/image\/","url":"https:\/\/www.emplea-te.com\/noticias-oposiciones\/wp-content\/uploads\/2019\/04\/empleate.jpg","contentUrl":"https:\/\/www.emplea-te.com\/noticias-oposiciones\/wp-content\/uploads\/2019\/04\/empleate.jpg","width":250,"height":150,"caption":"Academia de oposiciones Empl\u00e9ate"},"image":{"@id":"https:\/\/www.emplea-te.com\/noticias-oposiciones\/#\/schema\/logo\/image\/"},"sameAs":["https:\/\/www.facebook.com\/AcademiaEmpleate\/","https:\/\/x.com\/Emplea_Te","https:\/\/www.instagram.com\/academia_empleate\/"]},{"@type":"Person","@id":"https:\/\/www.emplea-te.com\/noticias-oposiciones\/#\/schema\/person\/d1bc587e1af2b95e9c32aba1795509a6","name":"Empleate"}]}},"_links":{"self":[{"href":"https:\/\/www.emplea-te.com\/noticias-oposiciones\/wp-json\/wp\/v2\/posts\/1268","targetHints":{"allow":["GET"]}}],"collection":[{"href":"https:\/\/www.emplea-te.com\/noticias-oposiciones\/wp-json\/wp\/v2\/posts"}],"about":[{"href":"https:\/\/www.emplea-te.com\/noticias-oposiciones\/wp-json\/wp\/v2\/types\/post"}],"author":[{"embeddable":true,"href":"https:\/\/www.emplea-te.com\/noticias-oposiciones\/wp-json\/wp\/v2\/users\/1"}],"replies":[{"embeddable":true,"href":"https:\/\/www.emplea-te.com\/noticias-oposiciones\/wp-json\/wp\/v2\/comments?post=1268"}],"version-history":[{"count":0,"href":"https:\/\/www.emplea-te.com\/noticias-oposiciones\/wp-json\/wp\/v2\/posts\/1268\/revisions"}],"wp:attachment":[{"href":"https:\/\/www.emplea-te.com\/noticias-oposiciones\/wp-json\/wp\/v2\/media?parent=1268"}],"wp:term":[{"taxonomy":"category","embeddable":true,"href":"https:\/\/www.emplea-te.com\/noticias-oposiciones\/wp-json\/wp\/v2\/categories?post=1268"},{"taxonomy":"post_tag","embeddable":true,"href":"https:\/\/www.emplea-te.com\/noticias-oposiciones\/wp-json\/wp\/v2\/tags?post=1268"}],"curies":[{"name":"wp","href":"https:\/\/api.w.org\/{rel}","templated":true}]}}