{"id":1269,"date":"2018-11-29T00:00:00","date_gmt":"2018-11-28T23:00:00","guid":{"rendered":"https:\/\/www.emplea-te.com\/noticias-oposiciones\/gestion-procesal-turno-libre-nombramiento-de-funcionarios-y-asignacion-de-destino\/"},"modified":"2018-11-29T00:00:00","modified_gmt":"2018-11-28T23:00:00","slug":"gestion-procesal-turno-libre-nombramiento-de-funcionarios-y-asignacion-de-destino","status":"publish","type":"post","link":"https:\/\/www.emplea-te.com\/noticias-oposiciones\/gestion-procesal-turno-libre-nombramiento-de-funcionarios-y-asignacion-de-destino\/","title":{"rendered":"<br>Gesti\u00f3n Procesal turno libre. Nombramiento de funcionarios y asignaci\u00f3n de destino."},"content":{"rendered":"<p>Orden JUS\/1262\/2018, de 16 de noviembre, por la que se nombran funcionarios del Cuerpo de Gesti\u00f3n Procesal y Administrativa de la Administraci\u00f3n de Justicia, sistema general de acceso libre, a los aspirantes que superaron el proceso selectivo convocado por Orden JUS\/1165\/2017, de 24 de noviembre.<\/p>\n<p>Cuerpo de Gesti\u00f3n, por la que se nombran funcionarios que aprobaron por el turno libre y se les asigna destino.<\/p>\n<p><a href=\"https:\/\/www.csif.es\/contenido\/nacional\/administracion-de-justicia\/265268\" target=\"_blank\" rel=\"nofollow noopener noreferrer\"><span class=\"wysiwyg-color-green\">Nombramientos<\/span><\/a><\/p>\n<p><a href=\"https:\/\/www.csif.es\/contenido\/nacional\/administracion-de-justicia\/265268\" target=\"_blank\" rel=\"nofollow noopener noreferrer\"><span class=\"wysiwyg-color-green\">Destinos<\/span><\/a><\/p>\n<p><a href=\"https:\/\/www.emplea-te.com\/21-oposiciones-de-gestion-procesal-y-adiministrativa\" target=\"_blank\" rel=\"nofollow noopener noreferrer\"><span class=\"wysiwyg-color-green\">Accede a la informaci\u00f3n de c\u00f3mo preparar las oposiciones de Gesti\u00f3n Procesal en nuestros grupos presenciales y de la OEP 2017+2018<\/span><\/a><\/p>\n","protected":false},"excerpt":{"rendered":"<p>Orden JUS\/1262\/2018, de 16 de noviembre, por la que se nombran funcionarios del Cuerpo de Gesti\u00f3n Procesal y Administrativa de la Administraci\u00f3n de Justicia, sistema general de acceso libre, a los aspirantes que superaron el proceso selectivo convocado por Orden JUS\/1165\/2017, de 24 de noviembre. Cuerpo de Gesti\u00f3n, por la que se nombran funcionarios que &hellip; <a href=\"https:\/\/www.emplea-te.com\/noticias-oposiciones\/gestion-procesal-turno-libre-nombramiento-de-funcionarios-y-asignacion-de-destino\/\" class=\"more-link\">Continuar leyendo<span class=\"screen-reader-text\"> \u00ab<br \/>Gesti\u00f3n Procesal turno libre. Nombramiento de funcionarios y asignaci\u00f3n de destino.\u00bb<\/span><\/a><\/p>\n","protected":false},"author":1,"featured_media":0,"comment_status":"open","ping_status":"open","sticky":false,"template":"","format":"standard","meta":{"footnotes":""},"categories":[],"tags":[],"class_list":["post-1269","post","type-post","status-publish","format-standard","hentry"],"yoast_head":"<!-- This site is optimized with the Yoast SEO plugin v27.3 - https:\/\/yoast.com\/product\/yoast-seo-wordpress\/ -->\n<title>Gesti\u00f3n Procesal turno libre. Nombramiento de funcionarios y asignaci\u00f3n de destino. - Noticas de oposiciones por Academia Emplea-te<\/title>\n<meta name=\"description\" content=\"Orden JUS\/1262\/2018, de 16 de noviembre, por la que se nombran funcionarios del Cuerpo de Gesti\u00f3n Procesal y Administrativa de la Administraci\u00f3n de Justicia, sistema general de acceso libre, a los aspirantes que superaron el proceso selectivo convocado por Orden JUS\/1165\/2017, de 24 de noviembre. Enlace a documentos.\" \/>\n<meta name=\"robots\" content=\"index, follow, max-snippet:-1, max-image-preview:large, max-video-preview:-1\" \/>\n<link rel=\"canonical\" href=\"https:\/\/www.emplea-te.com\/noticias-oposiciones\/gestion-procesal-turno-libre-nombramiento-de-funcionarios-y-asignacion-de-destino\/\" \/>\n<meta property=\"og:locale\" content=\"es_ES\" \/>\n<meta property=\"og:type\" content=\"article\" \/>\n<meta property=\"og:title\" content=\"Gesti\u00f3n Procesal turno libre. Nombramiento de funcionarios y asignaci\u00f3n de destino. - Noticas de oposiciones por Academia Emplea-te\" \/>\n<meta property=\"og:description\" content=\"Orden JUS\/1262\/2018, de 16 de noviembre, por la que se nombran funcionarios del Cuerpo de Gesti\u00f3n Procesal y Administrativa de la Administraci\u00f3n de Justicia, sistema general de acceso libre, a los aspirantes que superaron el proceso selectivo convocado por Orden JUS\/1165\/2017, de 24 de noviembre. Enlace a documentos.\" \/>\n<meta property=\"og:url\" content=\"https:\/\/www.emplea-te.com\/noticias-oposiciones\/gestion-procesal-turno-libre-nombramiento-de-funcionarios-y-asignacion-de-destino\/\" \/>\n<meta property=\"og:site_name\" content=\"Noticas de oposiciones por Academia Emplea-te\" \/>\n<meta property=\"article:publisher\" content=\"https:\/\/www.facebook.com\/AcademiaEmpleate\/\" \/>\n<meta property=\"article:published_time\" content=\"2018-11-28T23:00:00+00:00\" \/>\n<meta name=\"author\" content=\"Empleate\" \/>\n<meta name=\"twitter:card\" content=\"summary_large_image\" \/>\n<meta name=\"twitter:creator\" content=\"@Emplea_Te\" \/>\n<meta name=\"twitter:site\" content=\"@Emplea_Te\" \/>\n<meta name=\"twitter:label1\" content=\"Escrito por\" \/>\n\t<meta name=\"twitter:data1\" content=\"Empleate\" \/>\n<script type=\"application\/ld+json\" class=\"yoast-schema-graph\">{\"@context\":\"https:\\\/\\\/schema.org\",\"@graph\":[{\"@type\":\"Article\",\"@id\":\"https:\\\/\\\/www.emplea-te.com\\\/noticias-oposiciones\\\/gestion-procesal-turno-libre-nombramiento-de-funcionarios-y-asignacion-de-destino\\\/#article\",\"isPartOf\":{\"@id\":\"https:\\\/\\\/www.emplea-te.com\\\/noticias-oposiciones\\\/gestion-procesal-turno-libre-nombramiento-de-funcionarios-y-asignacion-de-destino\\\/\"},\"author\":{\"name\":\"Empleate\",\"@id\":\"https:\\\/\\\/www.emplea-te.com\\\/noticias-oposiciones\\\/#\\\/schema\\\/person\\\/d1bc587e1af2b95e9c32aba1795509a6\"},\"headline\":\"Gesti\u00f3n Procesal turno libre. Nombramiento de funcionarios y asignaci\u00f3n de destino.\",\"datePublished\":\"2018-11-28T23:00:00+00:00\",\"mainEntityOfPage\":{\"@id\":\"https:\\\/\\\/www.emplea-te.com\\\/noticias-oposiciones\\\/gestion-procesal-turno-libre-nombramiento-de-funcionarios-y-asignacion-de-destino\\\/\"},\"wordCount\":104,\"commentCount\":0,\"publisher\":{\"@id\":\"https:\\\/\\\/www.emplea-te.com\\\/noticias-oposiciones\\\/#organization\"},\"inLanguage\":\"es\",\"potentialAction\":[{\"@type\":\"CommentAction\",\"name\":\"Comment\",\"target\":[\"https:\\\/\\\/www.emplea-te.com\\\/noticias-oposiciones\\\/gestion-procesal-turno-libre-nombramiento-de-funcionarios-y-asignacion-de-destino\\\/#respond\"]}]},{\"@type\":\"WebPage\",\"@id\":\"https:\\\/\\\/www.emplea-te.com\\\/noticias-oposiciones\\\/gestion-procesal-turno-libre-nombramiento-de-funcionarios-y-asignacion-de-destino\\\/\",\"url\":\"https:\\\/\\\/www.emplea-te.com\\\/noticias-oposiciones\\\/gestion-procesal-turno-libre-nombramiento-de-funcionarios-y-asignacion-de-destino\\\/\",\"name\":\"Gesti\u00f3n Procesal turno libre. Nombramiento de funcionarios y asignaci\u00f3n de destino. - Noticas de oposiciones por Academia Emplea-te\",\"isPartOf\":{\"@id\":\"https:\\\/\\\/www.emplea-te.com\\\/noticias-oposiciones\\\/#website\"},\"datePublished\":\"2018-11-28T23:00:00+00:00\",\"description\":\"Orden JUS\\\/1262\\\/2018, de 16 de noviembre, por la que se nombran funcionarios del Cuerpo de Gesti\u00f3n Procesal y Administrativa de la Administraci\u00f3n de Justicia, sistema general de acceso libre, a los aspirantes que superaron el proceso selectivo convocado por Orden JUS\\\/1165\\\/2017, de 24 de noviembre. Enlace a documentos.\",\"breadcrumb\":{\"@id\":\"https:\\\/\\\/www.emplea-te.com\\\/noticias-oposiciones\\\/gestion-procesal-turno-libre-nombramiento-de-funcionarios-y-asignacion-de-destino\\\/#breadcrumb\"},\"inLanguage\":\"es\",\"potentialAction\":[{\"@type\":\"ReadAction\",\"target\":[\"https:\\\/\\\/www.emplea-te.com\\\/noticias-oposiciones\\\/gestion-procesal-turno-libre-nombramiento-de-funcionarios-y-asignacion-de-destino\\\/\"]}]},{\"@type\":\"BreadcrumbList\",\"@id\":\"https:\\\/\\\/www.emplea-te.com\\\/noticias-oposiciones\\\/gestion-procesal-turno-libre-nombramiento-de-funcionarios-y-asignacion-de-destino\\\/#breadcrumb\",\"itemListElement\":[{\"@type\":\"ListItem\",\"position\":1,\"name\":\"Noticias Oposiciones\",\"item\":\"https:\\\/\\\/www.emplea-te.com\\\/noticias-oposiciones\\\/\"},{\"@type\":\"ListItem\",\"position\":2,\"name\":\"Gesti\u00f3n Procesal turno libre. Nombramiento de funcionarios y asignaci\u00f3n de destino.\"}]},{\"@type\":\"WebSite\",\"@id\":\"https:\\\/\\\/www.emplea-te.com\\\/noticias-oposiciones\\\/#website\",\"url\":\"https:\\\/\\\/www.emplea-te.com\\\/noticias-oposiciones\\\/\",\"name\":\"Noticas de oposiciones por Academia Emplea-te\",\"description\":\"Toda la actualidad de las ofertas y convocatorias.\",\"publisher\":{\"@id\":\"https:\\\/\\\/www.emplea-te.com\\\/noticias-oposiciones\\\/#organization\"},\"potentialAction\":[{\"@type\":\"SearchAction\",\"target\":{\"@type\":\"EntryPoint\",\"urlTemplate\":\"https:\\\/\\\/www.emplea-te.com\\\/noticias-oposiciones\\\/?s={search_term_string}\"},\"query-input\":{\"@type\":\"PropertyValueSpecification\",\"valueRequired\":true,\"valueName\":\"search_term_string\"}}],\"inLanguage\":\"es\"},{\"@type\":\"Organization\",\"@id\":\"https:\\\/\\\/www.emplea-te.com\\\/noticias-oposiciones\\\/#organization\",\"name\":\"Academia de oposiciones Empl\u00e9ate\",\"url\":\"https:\\\/\\\/www.emplea-te.com\\\/noticias-oposiciones\\\/\",\"logo\":{\"@type\":\"ImageObject\",\"inLanguage\":\"es\",\"@id\":\"https:\\\/\\\/www.emplea-te.com\\\/noticias-oposiciones\\\/#\\\/schema\\\/logo\\\/image\\\/\",\"url\":\"https:\\\/\\\/www.emplea-te.com\\\/noticias-oposiciones\\\/wp-content\\\/uploads\\\/2019\\\/04\\\/empleate.jpg\",\"contentUrl\":\"https:\\\/\\\/www.emplea-te.com\\\/noticias-oposiciones\\\/wp-content\\\/uploads\\\/2019\\\/04\\\/empleate.jpg\",\"width\":250,\"height\":150,\"caption\":\"Academia de oposiciones Empl\u00e9ate\"},\"image\":{\"@id\":\"https:\\\/\\\/www.emplea-te.com\\\/noticias-oposiciones\\\/#\\\/schema\\\/logo\\\/image\\\/\"},\"sameAs\":[\"https:\\\/\\\/www.facebook.com\\\/AcademiaEmpleate\\\/\",\"https:\\\/\\\/x.com\\\/Emplea_Te\",\"https:\\\/\\\/www.instagram.com\\\/academia_empleate\\\/\"]},{\"@type\":\"Person\",\"@id\":\"https:\\\/\\\/www.emplea-te.com\\\/noticias-oposiciones\\\/#\\\/schema\\\/person\\\/d1bc587e1af2b95e9c32aba1795509a6\",\"name\":\"Empleate\"}]}<\/script>\n<!-- \/ Yoast SEO plugin. -->","yoast_head_json":{"title":"Gesti\u00f3n Procesal turno libre. Nombramiento de funcionarios y asignaci\u00f3n de destino. - Noticas de oposiciones por Academia Emplea-te","description":"Orden JUS\/1262\/2018, de 16 de noviembre, por la que se nombran funcionarios del Cuerpo de Gesti\u00f3n Procesal y Administrativa de la Administraci\u00f3n de Justicia, sistema general de acceso libre, a los aspirantes que superaron el proceso selectivo convocado por Orden JUS\/1165\/2017, de 24 de noviembre. Enlace a documentos.","robots":{"index":"index","follow":"follow","max-snippet":"max-snippet:-1","max-image-preview":"max-image-preview:large","max-video-preview":"max-video-preview:-1"},"canonical":"https:\/\/www.emplea-te.com\/noticias-oposiciones\/gestion-procesal-turno-libre-nombramiento-de-funcionarios-y-asignacion-de-destino\/","og_locale":"es_ES","og_type":"article","og_title":"Gesti\u00f3n Procesal turno libre. Nombramiento de funcionarios y asignaci\u00f3n de destino. - Noticas de oposiciones por Academia Emplea-te","og_description":"Orden JUS\/1262\/2018, de 16 de noviembre, por la que se nombran funcionarios del Cuerpo de Gesti\u00f3n Procesal y Administrativa de la Administraci\u00f3n de Justicia, sistema general de acceso libre, a los aspirantes que superaron el proceso selectivo convocado por Orden JUS\/1165\/2017, de 24 de noviembre. Enlace a documentos.","og_url":"https:\/\/www.emplea-te.com\/noticias-oposiciones\/gestion-procesal-turno-libre-nombramiento-de-funcionarios-y-asignacion-de-destino\/","og_site_name":"Noticas de oposiciones por Academia Emplea-te","article_publisher":"https:\/\/www.facebook.com\/AcademiaEmpleate\/","article_published_time":"2018-11-28T23:00:00+00:00","author":"Empleate","twitter_card":"summary_large_image","twitter_creator":"@Emplea_Te","twitter_site":"@Emplea_Te","twitter_misc":{"Escrito por":"Empleate"},"schema":{"@context":"https:\/\/schema.org","@graph":[{"@type":"Article","@id":"https:\/\/www.emplea-te.com\/noticias-oposiciones\/gestion-procesal-turno-libre-nombramiento-de-funcionarios-y-asignacion-de-destino\/#article","isPartOf":{"@id":"https:\/\/www.emplea-te.com\/noticias-oposiciones\/gestion-procesal-turno-libre-nombramiento-de-funcionarios-y-asignacion-de-destino\/"},"author":{"name":"Empleate","@id":"https:\/\/www.emplea-te.com\/noticias-oposiciones\/#\/schema\/person\/d1bc587e1af2b95e9c32aba1795509a6"},"headline":"Gesti\u00f3n Procesal turno libre. Nombramiento de funcionarios y asignaci\u00f3n de destino.","datePublished":"2018-11-28T23:00:00+00:00","mainEntityOfPage":{"@id":"https:\/\/www.emplea-te.com\/noticias-oposiciones\/gestion-procesal-turno-libre-nombramiento-de-funcionarios-y-asignacion-de-destino\/"},"wordCount":104,"commentCount":0,"publisher":{"@id":"https:\/\/www.emplea-te.com\/noticias-oposiciones\/#organization"},"inLanguage":"es","potentialAction":[{"@type":"CommentAction","name":"Comment","target":["https:\/\/www.emplea-te.com\/noticias-oposiciones\/gestion-procesal-turno-libre-nombramiento-de-funcionarios-y-asignacion-de-destino\/#respond"]}]},{"@type":"WebPage","@id":"https:\/\/www.emplea-te.com\/noticias-oposiciones\/gestion-procesal-turno-libre-nombramiento-de-funcionarios-y-asignacion-de-destino\/","url":"https:\/\/www.emplea-te.com\/noticias-oposiciones\/gestion-procesal-turno-libre-nombramiento-de-funcionarios-y-asignacion-de-destino\/","name":"Gesti\u00f3n Procesal turno libre. Nombramiento de funcionarios y asignaci\u00f3n de destino. - Noticas de oposiciones por Academia Emplea-te","isPartOf":{"@id":"https:\/\/www.emplea-te.com\/noticias-oposiciones\/#website"},"datePublished":"2018-11-28T23:00:00+00:00","description":"Orden JUS\/1262\/2018, de 16 de noviembre, por la que se nombran funcionarios del Cuerpo de Gesti\u00f3n Procesal y Administrativa de la Administraci\u00f3n de Justicia, sistema general de acceso libre, a los aspirantes que superaron el proceso selectivo convocado por Orden JUS\/1165\/2017, de 24 de noviembre. Enlace a documentos.","breadcrumb":{"@id":"https:\/\/www.emplea-te.com\/noticias-oposiciones\/gestion-procesal-turno-libre-nombramiento-de-funcionarios-y-asignacion-de-destino\/#breadcrumb"},"inLanguage":"es","potentialAction":[{"@type":"ReadAction","target":["https:\/\/www.emplea-te.com\/noticias-oposiciones\/gestion-procesal-turno-libre-nombramiento-de-funcionarios-y-asignacion-de-destino\/"]}]},{"@type":"BreadcrumbList","@id":"https:\/\/www.emplea-te.com\/noticias-oposiciones\/gestion-procesal-turno-libre-nombramiento-de-funcionarios-y-asignacion-de-destino\/#breadcrumb","itemListElement":[{"@type":"ListItem","position":1,"name":"Noticias Oposiciones","item":"https:\/\/www.emplea-te.com\/noticias-oposiciones\/"},{"@type":"ListItem","position":2,"name":"Gesti\u00f3n Procesal turno libre. Nombramiento de funcionarios y asignaci\u00f3n de destino."}]},{"@type":"WebSite","@id":"https:\/\/www.emplea-te.com\/noticias-oposiciones\/#website","url":"https:\/\/www.emplea-te.com\/noticias-oposiciones\/","name":"Noticas de oposiciones por Academia Emplea-te","description":"Toda la actualidad de las ofertas y convocatorias.","publisher":{"@id":"https:\/\/www.emplea-te.com\/noticias-oposiciones\/#organization"},"potentialAction":[{"@type":"SearchAction","target":{"@type":"EntryPoint","urlTemplate":"https:\/\/www.emplea-te.com\/noticias-oposiciones\/?s={search_term_string}"},"query-input":{"@type":"PropertyValueSpecification","valueRequired":true,"valueName":"search_term_string"}}],"inLanguage":"es"},{"@type":"Organization","@id":"https:\/\/www.emplea-te.com\/noticias-oposiciones\/#organization","name":"Academia de oposiciones Empl\u00e9ate","url":"https:\/\/www.emplea-te.com\/noticias-oposiciones\/","logo":{"@type":"ImageObject","inLanguage":"es","@id":"https:\/\/www.emplea-te.com\/noticias-oposiciones\/#\/schema\/logo\/image\/","url":"https:\/\/www.emplea-te.com\/noticias-oposiciones\/wp-content\/uploads\/2019\/04\/empleate.jpg","contentUrl":"https:\/\/www.emplea-te.com\/noticias-oposiciones\/wp-content\/uploads\/2019\/04\/empleate.jpg","width":250,"height":150,"caption":"Academia de oposiciones Empl\u00e9ate"},"image":{"@id":"https:\/\/www.emplea-te.com\/noticias-oposiciones\/#\/schema\/logo\/image\/"},"sameAs":["https:\/\/www.facebook.com\/AcademiaEmpleate\/","https:\/\/x.com\/Emplea_Te","https:\/\/www.instagram.com\/academia_empleate\/"]},{"@type":"Person","@id":"https:\/\/www.emplea-te.com\/noticias-oposiciones\/#\/schema\/person\/d1bc587e1af2b95e9c32aba1795509a6","name":"Empleate"}]}},"_links":{"self":[{"href":"https:\/\/www.emplea-te.com\/noticias-oposiciones\/wp-json\/wp\/v2\/posts\/1269","targetHints":{"allow":["GET"]}}],"collection":[{"href":"https:\/\/www.emplea-te.com\/noticias-oposiciones\/wp-json\/wp\/v2\/posts"}],"about":[{"href":"https:\/\/www.emplea-te.com\/noticias-oposiciones\/wp-json\/wp\/v2\/types\/post"}],"author":[{"embeddable":true,"href":"https:\/\/www.emplea-te.com\/noticias-oposiciones\/wp-json\/wp\/v2\/users\/1"}],"replies":[{"embeddable":true,"href":"https:\/\/www.emplea-te.com\/noticias-oposiciones\/wp-json\/wp\/v2\/comments?post=1269"}],"version-history":[{"count":0,"href":"https:\/\/www.emplea-te.com\/noticias-oposiciones\/wp-json\/wp\/v2\/posts\/1269\/revisions"}],"wp:attachment":[{"href":"https:\/\/www.emplea-te.com\/noticias-oposiciones\/wp-json\/wp\/v2\/media?parent=1269"}],"wp:term":[{"taxonomy":"category","embeddable":true,"href":"https:\/\/www.emplea-te.com\/noticias-oposiciones\/wp-json\/wp\/v2\/categories?post=1269"},{"taxonomy":"post_tag","embeddable":true,"href":"https:\/\/www.emplea-te.com\/noticias-oposiciones\/wp-json\/wp\/v2\/tags?post=1269"}],"curies":[{"name":"wp","href":"https:\/\/api.w.org\/{rel}","templated":true}]}}