{"id":1271,"date":"2018-12-03T00:00:00","date_gmt":"2018-12-02T23:00:00","guid":{"rendered":"https:\/\/www.emplea-te.com\/noticias-oposiciones\/vocabulario-juridico\/"},"modified":"2018-12-03T00:00:00","modified_gmt":"2018-12-02T23:00:00","slug":"vocabulario-juridico","status":"publish","type":"post","link":"https:\/\/www.emplea-te.com\/noticias-oposiciones\/vocabulario-juridico\/","title":{"rendered":"Vocabulario Jur\u00eddico.<br>"},"content":{"rendered":"<p>Compartimos con vosotros&nbsp;algunos&nbsp;conceptos jur\u00eddicos, vocabulario jur\u00eddico b\u00e1sico que a la hora de estudiar es muy conveniente tener claro.<\/p>\n<\/p>\n<p><b>Decreto-Ley<\/b><br \/>Disposici\u00f3n provisional con fuerza de ley dictada por el Gobierno por razones de<br \/>urgencia. Tiene \u00e1mbito material restringido y ha de ser revalidado por el Congreso.<br \/>Tambi\u00e9n pueden dictarlos las Comunidades Aut\u00f3nomas si est\u00e1 previsto en su Estatuto<br \/>de Autonom\u00eda. Si los dicta el Gobierno, van precedidos de la palabra \u00abReal\u00bb.<\/p>\n<p><b>Decreto legislativo<\/b><br \/>Decreto con fuerza de ley aprobado por el Gobierno en virtud de delegaci\u00f3n expresa<br \/>de las Cortes. Se conoce tambi\u00e9n como legislaci\u00f3n delegada. Tambi\u00e9n pueden dictarlos<br \/>las Comunidades Aut\u00f3nomas. Si los dicta el Gobierno, van precedidos de la palabra<br \/>\u00abReal\u00bb.<\/p>\n<p><b>Denuncia<\/b><br \/>Puesta en conocimiento de la autoridad de unos hechos a partir de los cuales \u00e9sta<br \/>debe actuar de oficio. No debe confundirse con una instancia, reclamaci\u00f3n o recurso,<br \/>puesto que la denuncia no lleva siempre a la iniciaci\u00f3n del expediente, ni edenunciante<br \/>es parte necesaria en el mismo.<\/p>\n<p><b>Derechos Fundamentales:<\/b><br \/>Los reconocidos por la Constituci\u00f3n en su T\u00edtulo primero y, concretamente, en la<br \/>Secci\u00f3n Primera de su cap\u00edtulo segundo. S\u00f3lo pueden regularse por ley org\u00e1nica<br \/>(respetando siempre su contenido esencial) y su vulneraci\u00f3n es susceptible de recurso de amparo<\/p>\n<\/p>\n<p><b>Edictos<\/b><br \/>V\u00eda de publicidad de acuerdos oficiales, que puede consistir en un tabl\u00f3n de anuncios<br \/>(tabl\u00f3n de edictos) o en la inclusi\u00f3n de un texto en publicaciones peri\u00f3dicas (diarios o<br \/>Boletines Oficiales); cuando se usa para la notificaci\u00f3n a personas en paradero<br \/>desconocido, se habla de \u00abnotificaci\u00f3n por edictos\u00bb<\/p>\n<\/p>\n<p><b>Ejecutividad<\/b><br \/>Cualidad del acto administrativo por la cual est\u00e1 destinado a producir efectos. El<br \/>principio de eficacia de los actos hace excepcional su suspensi\u00f3n, incluso aunque se<br \/>interponga un recurso, salvo en las cuestiones que afecten a derechos fundamentales<br \/>y libertades p\u00fablicas.<\/p>\n<p><b>Estatuto<\/b><br \/>Conjunto normativo complejo, cuyos preceptos est\u00e1n interrelacionados, que se aplica<br \/>en bloque a sus destinatarios (as\u00ed, se habla del \u00abEstatuto B\u00e1sico del Empleado<br \/>P\u00fablico\u00bb, de los \u00abEstatutos universitarios\u00bb etc).<\/p>\n<p>Norma institucional b\u00e1sica de cada Comunidad Aut\u00f3noma. Reviste la forma de ley<br \/>org\u00e1nica con sistemas peculiares de modificaci\u00f3n y se integra en el ordenamiento<br \/>superior del Estado.<\/p>\n<p><a href=\"https:\/\/www.emplea-te.com\/2\/oposiciones-de-justicia-y-hacienda\" target=\"_blank\" rel=\"nofollow noopener noreferrer\"><span class=\"wysiwyg-color-green\">Accede a la informaci\u00f3n de nuestros grupos presenciales para prepara tus oposiciones a la Administraci\u00f3n de Justicia.<\/span><\/a><span class=\"wysiwyg-color-green\"> <\/span><\/p>\n","protected":false},"excerpt":{"rendered":"<p>Compartimos con vosotros&nbsp;algunos&nbsp;conceptos jur\u00eddicos, vocabulario jur\u00eddico b\u00e1sico que a la hora de estudiar es muy conveniente tener claro. Decreto-LeyDisposici\u00f3n provisional con fuerza de ley dictada por el Gobierno por razones deurgencia. Tiene \u00e1mbito material restringido y ha de ser revalidado por el Congreso.Tambi\u00e9n pueden dictarlos las Comunidades Aut\u00f3nomas si est\u00e1 previsto en su Estatutode Autonom\u00eda. &hellip; <a href=\"https:\/\/www.emplea-te.com\/noticias-oposiciones\/vocabulario-juridico\/\" class=\"more-link\">Continuar leyendo<span class=\"screen-reader-text\"> \u00abVocabulario Jur\u00eddico.<br \/>\u00ab<\/span><\/a><\/p>\n","protected":false},"author":1,"featured_media":0,"comment_status":"open","ping_status":"open","sticky":false,"template":"","format":"standard","meta":{"footnotes":""},"categories":[],"tags":[],"class_list":["post-1271","post","type-post","status-publish","format-standard","hentry"],"yoast_head":"<!-- This site is optimized with the Yoast SEO plugin v27.3 - https:\/\/yoast.com\/product\/yoast-seo-wordpress\/ -->\n<title>Vocabulario Jur\u00eddico. - Noticas de oposiciones por Academia Emplea-te<\/title>\n<meta name=\"description\" content=\"Compartimos con vosotros\u00a0algunos\u00a0conceptos jur\u00eddicos, vocabulario jur\u00eddico b\u00e1sico que a la hora de estudiar es muy conveniente tener claro.\" \/>\n<meta name=\"robots\" content=\"index, follow, max-snippet:-1, max-image-preview:large, max-video-preview:-1\" \/>\n<link rel=\"canonical\" href=\"https:\/\/www.emplea-te.com\/noticias-oposiciones\/vocabulario-juridico\/\" \/>\n<meta property=\"og:locale\" content=\"es_ES\" \/>\n<meta property=\"og:type\" content=\"article\" \/>\n<meta property=\"og:title\" content=\"Vocabulario Jur\u00eddico. - Noticas de oposiciones por Academia Emplea-te\" \/>\n<meta property=\"og:description\" content=\"Compartimos con vosotros\u00a0algunos\u00a0conceptos jur\u00eddicos, vocabulario jur\u00eddico b\u00e1sico que a la hora de estudiar es muy conveniente tener claro.\" \/>\n<meta property=\"og:url\" content=\"https:\/\/www.emplea-te.com\/noticias-oposiciones\/vocabulario-juridico\/\" \/>\n<meta property=\"og:site_name\" content=\"Noticas de oposiciones por Academia Emplea-te\" \/>\n<meta property=\"article:publisher\" content=\"https:\/\/www.facebook.com\/AcademiaEmpleate\/\" \/>\n<meta property=\"article:published_time\" content=\"2018-12-02T23:00:00+00:00\" \/>\n<meta name=\"author\" content=\"Empleate\" \/>\n<meta name=\"twitter:card\" content=\"summary_large_image\" \/>\n<meta name=\"twitter:creator\" content=\"@Emplea_Te\" \/>\n<meta name=\"twitter:site\" content=\"@Emplea_Te\" \/>\n<meta name=\"twitter:label1\" content=\"Escrito por\" \/>\n\t<meta name=\"twitter:data1\" content=\"Empleate\" \/>\n\t<meta name=\"twitter:label2\" content=\"Tiempo de lectura\" \/>\n\t<meta name=\"twitter:data2\" content=\"2 minutos\" \/>\n<script type=\"application\/ld+json\" class=\"yoast-schema-graph\">{\"@context\":\"https:\\\/\\\/schema.org\",\"@graph\":[{\"@type\":\"Article\",\"@id\":\"https:\\\/\\\/www.emplea-te.com\\\/noticias-oposiciones\\\/vocabulario-juridico\\\/#article\",\"isPartOf\":{\"@id\":\"https:\\\/\\\/www.emplea-te.com\\\/noticias-oposiciones\\\/vocabulario-juridico\\\/\"},\"author\":{\"name\":\"Empleate\",\"@id\":\"https:\\\/\\\/www.emplea-te.com\\\/noticias-oposiciones\\\/#\\\/schema\\\/person\\\/d1bc587e1af2b95e9c32aba1795509a6\"},\"headline\":\"Vocabulario Jur\u00eddico.\",\"datePublished\":\"2018-12-02T23:00:00+00:00\",\"mainEntityOfPage\":{\"@id\":\"https:\\\/\\\/www.emplea-te.com\\\/noticias-oposiciones\\\/vocabulario-juridico\\\/\"},\"wordCount\":397,\"commentCount\":0,\"publisher\":{\"@id\":\"https:\\\/\\\/www.emplea-te.com\\\/noticias-oposiciones\\\/#organization\"},\"inLanguage\":\"es\",\"potentialAction\":[{\"@type\":\"CommentAction\",\"name\":\"Comment\",\"target\":[\"https:\\\/\\\/www.emplea-te.com\\\/noticias-oposiciones\\\/vocabulario-juridico\\\/#respond\"]}]},{\"@type\":\"WebPage\",\"@id\":\"https:\\\/\\\/www.emplea-te.com\\\/noticias-oposiciones\\\/vocabulario-juridico\\\/\",\"url\":\"https:\\\/\\\/www.emplea-te.com\\\/noticias-oposiciones\\\/vocabulario-juridico\\\/\",\"name\":\"Vocabulario Jur\u00eddico. - Noticas de oposiciones por Academia Emplea-te\",\"isPartOf\":{\"@id\":\"https:\\\/\\\/www.emplea-te.com\\\/noticias-oposiciones\\\/#website\"},\"datePublished\":\"2018-12-02T23:00:00+00:00\",\"description\":\"Compartimos con vosotros\u00a0algunos\u00a0conceptos jur\u00eddicos, vocabulario jur\u00eddico b\u00e1sico que a la hora de estudiar es muy conveniente tener claro.\",\"breadcrumb\":{\"@id\":\"https:\\\/\\\/www.emplea-te.com\\\/noticias-oposiciones\\\/vocabulario-juridico\\\/#breadcrumb\"},\"inLanguage\":\"es\",\"potentialAction\":[{\"@type\":\"ReadAction\",\"target\":[\"https:\\\/\\\/www.emplea-te.com\\\/noticias-oposiciones\\\/vocabulario-juridico\\\/\"]}]},{\"@type\":\"BreadcrumbList\",\"@id\":\"https:\\\/\\\/www.emplea-te.com\\\/noticias-oposiciones\\\/vocabulario-juridico\\\/#breadcrumb\",\"itemListElement\":[{\"@type\":\"ListItem\",\"position\":1,\"name\":\"Noticias Oposiciones\",\"item\":\"https:\\\/\\\/www.emplea-te.com\\\/noticias-oposiciones\\\/\"},{\"@type\":\"ListItem\",\"position\":2,\"name\":\"Vocabulario Jur\u00eddico.\"}]},{\"@type\":\"WebSite\",\"@id\":\"https:\\\/\\\/www.emplea-te.com\\\/noticias-oposiciones\\\/#website\",\"url\":\"https:\\\/\\\/www.emplea-te.com\\\/noticias-oposiciones\\\/\",\"name\":\"Noticas de oposiciones por Academia Emplea-te\",\"description\":\"Toda la actualidad de las ofertas y convocatorias.\",\"publisher\":{\"@id\":\"https:\\\/\\\/www.emplea-te.com\\\/noticias-oposiciones\\\/#organization\"},\"potentialAction\":[{\"@type\":\"SearchAction\",\"target\":{\"@type\":\"EntryPoint\",\"urlTemplate\":\"https:\\\/\\\/www.emplea-te.com\\\/noticias-oposiciones\\\/?s={search_term_string}\"},\"query-input\":{\"@type\":\"PropertyValueSpecification\",\"valueRequired\":true,\"valueName\":\"search_term_string\"}}],\"inLanguage\":\"es\"},{\"@type\":\"Organization\",\"@id\":\"https:\\\/\\\/www.emplea-te.com\\\/noticias-oposiciones\\\/#organization\",\"name\":\"Academia de oposiciones Empl\u00e9ate\",\"url\":\"https:\\\/\\\/www.emplea-te.com\\\/noticias-oposiciones\\\/\",\"logo\":{\"@type\":\"ImageObject\",\"inLanguage\":\"es\",\"@id\":\"https:\\\/\\\/www.emplea-te.com\\\/noticias-oposiciones\\\/#\\\/schema\\\/logo\\\/image\\\/\",\"url\":\"https:\\\/\\\/www.emplea-te.com\\\/noticias-oposiciones\\\/wp-content\\\/uploads\\\/2019\\\/04\\\/empleate.jpg\",\"contentUrl\":\"https:\\\/\\\/www.emplea-te.com\\\/noticias-oposiciones\\\/wp-content\\\/uploads\\\/2019\\\/04\\\/empleate.jpg\",\"width\":250,\"height\":150,\"caption\":\"Academia de oposiciones Empl\u00e9ate\"},\"image\":{\"@id\":\"https:\\\/\\\/www.emplea-te.com\\\/noticias-oposiciones\\\/#\\\/schema\\\/logo\\\/image\\\/\"},\"sameAs\":[\"https:\\\/\\\/www.facebook.com\\\/AcademiaEmpleate\\\/\",\"https:\\\/\\\/x.com\\\/Emplea_Te\",\"https:\\\/\\\/www.instagram.com\\\/academia_empleate\\\/\"]},{\"@type\":\"Person\",\"@id\":\"https:\\\/\\\/www.emplea-te.com\\\/noticias-oposiciones\\\/#\\\/schema\\\/person\\\/d1bc587e1af2b95e9c32aba1795509a6\",\"name\":\"Empleate\"}]}<\/script>\n<!-- \/ Yoast SEO plugin. -->","yoast_head_json":{"title":"Vocabulario Jur\u00eddico. - Noticas de oposiciones por Academia Emplea-te","description":"Compartimos con vosotros\u00a0algunos\u00a0conceptos jur\u00eddicos, vocabulario jur\u00eddico b\u00e1sico que a la hora de estudiar es muy conveniente tener claro.","robots":{"index":"index","follow":"follow","max-snippet":"max-snippet:-1","max-image-preview":"max-image-preview:large","max-video-preview":"max-video-preview:-1"},"canonical":"https:\/\/www.emplea-te.com\/noticias-oposiciones\/vocabulario-juridico\/","og_locale":"es_ES","og_type":"article","og_title":"Vocabulario Jur\u00eddico. - Noticas de oposiciones por Academia Emplea-te","og_description":"Compartimos con vosotros\u00a0algunos\u00a0conceptos jur\u00eddicos, vocabulario jur\u00eddico b\u00e1sico que a la hora de estudiar es muy conveniente tener claro.","og_url":"https:\/\/www.emplea-te.com\/noticias-oposiciones\/vocabulario-juridico\/","og_site_name":"Noticas de oposiciones por Academia Emplea-te","article_publisher":"https:\/\/www.facebook.com\/AcademiaEmpleate\/","article_published_time":"2018-12-02T23:00:00+00:00","author":"Empleate","twitter_card":"summary_large_image","twitter_creator":"@Emplea_Te","twitter_site":"@Emplea_Te","twitter_misc":{"Escrito por":"Empleate","Tiempo de lectura":"2 minutos"},"schema":{"@context":"https:\/\/schema.org","@graph":[{"@type":"Article","@id":"https:\/\/www.emplea-te.com\/noticias-oposiciones\/vocabulario-juridico\/#article","isPartOf":{"@id":"https:\/\/www.emplea-te.com\/noticias-oposiciones\/vocabulario-juridico\/"},"author":{"name":"Empleate","@id":"https:\/\/www.emplea-te.com\/noticias-oposiciones\/#\/schema\/person\/d1bc587e1af2b95e9c32aba1795509a6"},"headline":"Vocabulario Jur\u00eddico.","datePublished":"2018-12-02T23:00:00+00:00","mainEntityOfPage":{"@id":"https:\/\/www.emplea-te.com\/noticias-oposiciones\/vocabulario-juridico\/"},"wordCount":397,"commentCount":0,"publisher":{"@id":"https:\/\/www.emplea-te.com\/noticias-oposiciones\/#organization"},"inLanguage":"es","potentialAction":[{"@type":"CommentAction","name":"Comment","target":["https:\/\/www.emplea-te.com\/noticias-oposiciones\/vocabulario-juridico\/#respond"]}]},{"@type":"WebPage","@id":"https:\/\/www.emplea-te.com\/noticias-oposiciones\/vocabulario-juridico\/","url":"https:\/\/www.emplea-te.com\/noticias-oposiciones\/vocabulario-juridico\/","name":"Vocabulario Jur\u00eddico. - Noticas de oposiciones por Academia Emplea-te","isPartOf":{"@id":"https:\/\/www.emplea-te.com\/noticias-oposiciones\/#website"},"datePublished":"2018-12-02T23:00:00+00:00","description":"Compartimos con vosotros\u00a0algunos\u00a0conceptos jur\u00eddicos, vocabulario jur\u00eddico b\u00e1sico que a la hora de estudiar es muy conveniente tener claro.","breadcrumb":{"@id":"https:\/\/www.emplea-te.com\/noticias-oposiciones\/vocabulario-juridico\/#breadcrumb"},"inLanguage":"es","potentialAction":[{"@type":"ReadAction","target":["https:\/\/www.emplea-te.com\/noticias-oposiciones\/vocabulario-juridico\/"]}]},{"@type":"BreadcrumbList","@id":"https:\/\/www.emplea-te.com\/noticias-oposiciones\/vocabulario-juridico\/#breadcrumb","itemListElement":[{"@type":"ListItem","position":1,"name":"Noticias Oposiciones","item":"https:\/\/www.emplea-te.com\/noticias-oposiciones\/"},{"@type":"ListItem","position":2,"name":"Vocabulario Jur\u00eddico."}]},{"@type":"WebSite","@id":"https:\/\/www.emplea-te.com\/noticias-oposiciones\/#website","url":"https:\/\/www.emplea-te.com\/noticias-oposiciones\/","name":"Noticas de oposiciones por Academia Emplea-te","description":"Toda la actualidad de las ofertas y convocatorias.","publisher":{"@id":"https:\/\/www.emplea-te.com\/noticias-oposiciones\/#organization"},"potentialAction":[{"@type":"SearchAction","target":{"@type":"EntryPoint","urlTemplate":"https:\/\/www.emplea-te.com\/noticias-oposiciones\/?s={search_term_string}"},"query-input":{"@type":"PropertyValueSpecification","valueRequired":true,"valueName":"search_term_string"}}],"inLanguage":"es"},{"@type":"Organization","@id":"https:\/\/www.emplea-te.com\/noticias-oposiciones\/#organization","name":"Academia de oposiciones Empl\u00e9ate","url":"https:\/\/www.emplea-te.com\/noticias-oposiciones\/","logo":{"@type":"ImageObject","inLanguage":"es","@id":"https:\/\/www.emplea-te.com\/noticias-oposiciones\/#\/schema\/logo\/image\/","url":"https:\/\/www.emplea-te.com\/noticias-oposiciones\/wp-content\/uploads\/2019\/04\/empleate.jpg","contentUrl":"https:\/\/www.emplea-te.com\/noticias-oposiciones\/wp-content\/uploads\/2019\/04\/empleate.jpg","width":250,"height":150,"caption":"Academia de oposiciones Empl\u00e9ate"},"image":{"@id":"https:\/\/www.emplea-te.com\/noticias-oposiciones\/#\/schema\/logo\/image\/"},"sameAs":["https:\/\/www.facebook.com\/AcademiaEmpleate\/","https:\/\/x.com\/Emplea_Te","https:\/\/www.instagram.com\/academia_empleate\/"]},{"@type":"Person","@id":"https:\/\/www.emplea-te.com\/noticias-oposiciones\/#\/schema\/person\/d1bc587e1af2b95e9c32aba1795509a6","name":"Empleate"}]}},"_links":{"self":[{"href":"https:\/\/www.emplea-te.com\/noticias-oposiciones\/wp-json\/wp\/v2\/posts\/1271","targetHints":{"allow":["GET"]}}],"collection":[{"href":"https:\/\/www.emplea-te.com\/noticias-oposiciones\/wp-json\/wp\/v2\/posts"}],"about":[{"href":"https:\/\/www.emplea-te.com\/noticias-oposiciones\/wp-json\/wp\/v2\/types\/post"}],"author":[{"embeddable":true,"href":"https:\/\/www.emplea-te.com\/noticias-oposiciones\/wp-json\/wp\/v2\/users\/1"}],"replies":[{"embeddable":true,"href":"https:\/\/www.emplea-te.com\/noticias-oposiciones\/wp-json\/wp\/v2\/comments?post=1271"}],"version-history":[{"count":0,"href":"https:\/\/www.emplea-te.com\/noticias-oposiciones\/wp-json\/wp\/v2\/posts\/1271\/revisions"}],"wp:attachment":[{"href":"https:\/\/www.emplea-te.com\/noticias-oposiciones\/wp-json\/wp\/v2\/media?parent=1271"}],"wp:term":[{"taxonomy":"category","embeddable":true,"href":"https:\/\/www.emplea-te.com\/noticias-oposiciones\/wp-json\/wp\/v2\/categories?post=1271"},{"taxonomy":"post_tag","embeddable":true,"href":"https:\/\/www.emplea-te.com\/noticias-oposiciones\/wp-json\/wp\/v2\/tags?post=1271"}],"curies":[{"name":"wp","href":"https:\/\/api.w.org\/{rel}","templated":true}]}}