{"id":1272,"date":"2018-12-05T00:00:00","date_gmt":"2018-12-04T23:00:00","guid":{"rendered":"https:\/\/www.emplea-te.com\/noticias-oposiciones\/hora-fecha-y-lugar-del-segundo-y-tercer-ejercicio-para-el-ingreso-por-convocatoria-unitaria-para-policia-local\/"},"modified":"2018-12-05T00:00:00","modified_gmt":"2018-12-04T23:00:00","slug":"hora-fecha-y-lugar-del-segundo-y-tercer-ejercicio-para-el-ingreso-por-convocatoria-unitaria-para-policia-local","status":"publish","type":"post","link":"https:\/\/www.emplea-te.com\/noticias-oposiciones\/hora-fecha-y-lugar-del-segundo-y-tercer-ejercicio-para-el-ingreso-por-convocatoria-unitaria-para-policia-local\/","title":{"rendered":"Hora, fecha y lugar del segundo y tercer ejercicio para el ingreso por convocatoria unitaria para Polic\u00eda Local. <br>"},"content":{"rendered":"<p>RESOLUCI\ufffdN del 26 de noviembre de 2018 del tribunal designado para juzgar el proceso selectivo unitario de admisi\u00f3n a la polic\u00eda local, categor\u00eda de polic\u00eda, rotaci\u00f3n gratuita, convocada por la Orden del 4 de julio de 2018, para la cual las fechas se hacen p\u00fablicas, Las horas y lugares para el segundo y tercer a\u00f1o.<\/p>\n<p>En una sesi\u00f3n celebrada el 7 de noviembre de 2018, el tribunal designado por la Orden con fecha 3 de octubre de 2018 (DOG No. 195, con fecha 11 de octubre) para calificar para el proceso selectivo unitario de entrada a la polic\u00eda local, Categor\u00eda de polic\u00eda, turno libre, cuyo objetivo es la cobertura de 38 puestos de polic\u00eda local en los municipios que se enumeraron en el orden mencionado anteriormente, acordados, de acuerdo con lo establecido en la base 6 de la convocatoria:<\/p>\n<p>1. Que el segundo ejercicio, consistente en la evaluaci\u00f3n del conocimiento del idioma gallego, se realizar\u00e1 en la sede de Agasp, ubicada en la Avenida de la Cultura, s \/ n, 36680 A Estrada (Pontevedra), el 9 de diciembre de 2018, en apelaci\u00f3n. \ufffdsnico, que comenzar\u00e1 a las 10.30 horas.<\/p>\n<p>Los postulantes que deben realizar esta prueba deben recibir un DNI o un documento confiable que certifique su identidad, seg\u00fan la opini\u00f3n del tribunal.<\/p>\n<p>El acceso al sitio donde se realiza el ejercicio con tel\u00e9fonos m\u00f3viles, agendas electr\u00f3nicas, relojes inteligentes o cualquier otro instrumento que el solicitante pueda usar no est\u00e1 permitido para ayudar en la realizaci\u00f3n del ejercicio. No se habilitar\u00e1 ning\u00fan servicio de recogida m\u00f3vil.<\/p>\n<p>2. La tercera prueba que consiste en pruebas de aptitud f\u00edsica se llevar\u00e1 a cabo el 23 de diciembre de 2018, comenzando con la convocatoria \u00fanica a las 9.30 horas en la pista de atletismo de la USC ubicada en la Avenida de Novoa Santos, 4, 15705 Santiago de Compostela (A Coru\u00f1a), ya las 4:30 p.m., tambi\u00e9n en un atractivo \u00fanico, en el grupo de la USC ubicado en Campus Vida, avenue das Burgas, s \/ n, 15705 en Santiago de Compostela.<\/p>\n<p><a href=\"\"https:\/\/www.xunta.gal\/dog\/Publicados\/2018\/20181203\/AnuncioO3C2-261118-0001_gl.html\"\" target=\"\"_blank\"\" rel=\"noopener noreferrer\"nofollow\"\"><span class=\"\"wysiwyg-color-green\"\">Enlace a resoluci\u00f3n <\/span><\/a><\/p>\n<p><a href=\"\"https:\/\/www.emplea-te.com\/7\/oposiciones-de-cuerpos-de-seguridad-del-estado\"\" target=\"\"_blank\"\" rel=\"noopener noreferrer\"nofollow\"\"><span class=\"\"wysiwyg-color-green\"\">Enlace con la informaci\u00f3n de nuestros grupos presenciales para preparar las oposiciones de Cuerpos de Seguridad <\/span><\/a><\/p>\n<p>\u00ab<\/p>\n","protected":false},"excerpt":{"rendered":"<p>RESOLUCI\ufffdN del 26 de noviembre de 2018 del tribunal designado para juzgar el proceso selectivo unitario de admisi\u00f3n a la polic\u00eda local, categor\u00eda de polic\u00eda, rotaci\u00f3n gratuita, convocada por la Orden del 4 de julio de 2018, para la cual las fechas se hacen p\u00fablicas, Las horas y lugares para el segundo y tercer a\u00f1o. &hellip; <a href=\"https:\/\/www.emplea-te.com\/noticias-oposiciones\/hora-fecha-y-lugar-del-segundo-y-tercer-ejercicio-para-el-ingreso-por-convocatoria-unitaria-para-policia-local\/\" class=\"more-link\">Continuar leyendo<span class=\"screen-reader-text\"> \u00abHora, fecha y lugar del segundo y tercer ejercicio para el ingreso por convocatoria unitaria para Polic\u00eda Local. <br \/>\u00ab<\/span><\/a><\/p>\n","protected":false},"author":1,"featured_media":0,"comment_status":"open","ping_status":"open","sticky":false,"template":"","format":"standard","meta":{"footnotes":""},"categories":[],"tags":[],"class_list":["post-1272","post","type-post","status-publish","format-standard","hentry"],"yoast_head":"<!-- This site is optimized with the Yoast SEO plugin v27.3 - https:\/\/yoast.com\/product\/yoast-seo-wordpress\/ -->\n<title>Hora, fecha y lugar del segundo y tercer ejercicio para el ingreso por convocatoria unitaria para Polic\u00eda Local.  - Noticas de oposiciones por Academia Emplea-te<\/title>\n<meta name=\"description\" content=\"RESOLUCI\ufffdN del 26 de noviembre de 2018 del tribunal designado para juzgar el proceso selectivo unitario de admisi\u00f3n a la polic\u00eda local, categor\u00eda de polic\u00eda, rotaci\u00f3n gratuita, convocada por la Orden del 4 de julio de 2018, para la cual las fechas se hacen p\u00fablicas, Las horas y lugares para el segundo y tercer a\u00f1o.Enlace a resoluci\u00f3n &quot;\" \/>\n<meta name=\"robots\" content=\"index, follow, max-snippet:-1, max-image-preview:large, max-video-preview:-1\" \/>\n<link rel=\"canonical\" href=\"https:\/\/www.emplea-te.com\/noticias-oposiciones\/hora-fecha-y-lugar-del-segundo-y-tercer-ejercicio-para-el-ingreso-por-convocatoria-unitaria-para-policia-local\/\" \/>\n<meta property=\"og:locale\" content=\"es_ES\" \/>\n<meta property=\"og:type\" content=\"article\" \/>\n<meta property=\"og:title\" content=\"Hora, fecha y lugar del segundo y tercer ejercicio para el ingreso por convocatoria unitaria para Polic\u00eda Local.  - Noticas de oposiciones por Academia Emplea-te\" \/>\n<meta property=\"og:description\" content=\"RESOLUCI\ufffdN del 26 de noviembre de 2018 del tribunal designado para juzgar el proceso selectivo unitario de admisi\u00f3n a la polic\u00eda local, categor\u00eda de polic\u00eda, rotaci\u00f3n gratuita, convocada por la Orden del 4 de julio de 2018, para la cual las fechas se hacen p\u00fablicas, Las horas y lugares para el segundo y tercer a\u00f1o.Enlace a resoluci\u00f3n &quot;\" \/>\n<meta property=\"og:url\" content=\"https:\/\/www.emplea-te.com\/noticias-oposiciones\/hora-fecha-y-lugar-del-segundo-y-tercer-ejercicio-para-el-ingreso-por-convocatoria-unitaria-para-policia-local\/\" \/>\n<meta property=\"og:site_name\" content=\"Noticas de oposiciones por Academia Emplea-te\" \/>\n<meta property=\"article:publisher\" content=\"https:\/\/www.facebook.com\/AcademiaEmpleate\/\" \/>\n<meta property=\"article:published_time\" content=\"2018-12-04T23:00:00+00:00\" \/>\n<meta name=\"author\" content=\"Empleate\" \/>\n<meta name=\"twitter:card\" content=\"summary_large_image\" \/>\n<meta name=\"twitter:creator\" content=\"@Emplea_Te\" \/>\n<meta name=\"twitter:site\" content=\"@Emplea_Te\" \/>\n<meta name=\"twitter:label1\" content=\"Escrito por\" \/>\n\t<meta name=\"twitter:data1\" content=\"Empleate\" \/>\n\t<meta name=\"twitter:label2\" content=\"Tiempo de lectura\" \/>\n\t<meta name=\"twitter:data2\" content=\"2 minutos\" \/>\n<script type=\"application\/ld+json\" class=\"yoast-schema-graph\">{\"@context\":\"https:\\\/\\\/schema.org\",\"@graph\":[{\"@type\":\"Article\",\"@id\":\"https:\\\/\\\/www.emplea-te.com\\\/noticias-oposiciones\\\/hora-fecha-y-lugar-del-segundo-y-tercer-ejercicio-para-el-ingreso-por-convocatoria-unitaria-para-policia-local\\\/#article\",\"isPartOf\":{\"@id\":\"https:\\\/\\\/www.emplea-te.com\\\/noticias-oposiciones\\\/hora-fecha-y-lugar-del-segundo-y-tercer-ejercicio-para-el-ingreso-por-convocatoria-unitaria-para-policia-local\\\/\"},\"author\":{\"name\":\"Empleate\",\"@id\":\"https:\\\/\\\/www.emplea-te.com\\\/noticias-oposiciones\\\/#\\\/schema\\\/person\\\/d1bc587e1af2b95e9c32aba1795509a6\"},\"headline\":\"Hora, fecha y lugar del segundo y tercer ejercicio para el ingreso por convocatoria unitaria para Polic\u00eda Local.\",\"datePublished\":\"2018-12-04T23:00:00+00:00\",\"mainEntityOfPage\":{\"@id\":\"https:\\\/\\\/www.emplea-te.com\\\/noticias-oposiciones\\\/hora-fecha-y-lugar-del-segundo-y-tercer-ejercicio-para-el-ingreso-por-convocatoria-unitaria-para-policia-local\\\/\"},\"wordCount\":378,\"commentCount\":0,\"publisher\":{\"@id\":\"https:\\\/\\\/www.emplea-te.com\\\/noticias-oposiciones\\\/#organization\"},\"inLanguage\":\"es\",\"potentialAction\":[{\"@type\":\"CommentAction\",\"name\":\"Comment\",\"target\":[\"https:\\\/\\\/www.emplea-te.com\\\/noticias-oposiciones\\\/hora-fecha-y-lugar-del-segundo-y-tercer-ejercicio-para-el-ingreso-por-convocatoria-unitaria-para-policia-local\\\/#respond\"]}]},{\"@type\":\"WebPage\",\"@id\":\"https:\\\/\\\/www.emplea-te.com\\\/noticias-oposiciones\\\/hora-fecha-y-lugar-del-segundo-y-tercer-ejercicio-para-el-ingreso-por-convocatoria-unitaria-para-policia-local\\\/\",\"url\":\"https:\\\/\\\/www.emplea-te.com\\\/noticias-oposiciones\\\/hora-fecha-y-lugar-del-segundo-y-tercer-ejercicio-para-el-ingreso-por-convocatoria-unitaria-para-policia-local\\\/\",\"name\":\"Hora, fecha y lugar del segundo y tercer ejercicio para el ingreso por convocatoria unitaria para Polic\u00eda Local. - Noticas de oposiciones por Academia Emplea-te\",\"isPartOf\":{\"@id\":\"https:\\\/\\\/www.emplea-te.com\\\/noticias-oposiciones\\\/#website\"},\"datePublished\":\"2018-12-04T23:00:00+00:00\",\"description\":\"RESOLUCI\ufffdN del 26 de noviembre de 2018 del tribunal designado para juzgar el proceso selectivo unitario de admisi\u00f3n a la polic\u00eda local, categor\u00eda de polic\u00eda, rotaci\u00f3n gratuita, convocada por la Orden del 4 de julio de 2018, para la cual las fechas se hacen p\u00fablicas, Las horas y lugares para el segundo y tercer a\u00f1o.Enlace a resoluci\u00f3n \\\"\",\"breadcrumb\":{\"@id\":\"https:\\\/\\\/www.emplea-te.com\\\/noticias-oposiciones\\\/hora-fecha-y-lugar-del-segundo-y-tercer-ejercicio-para-el-ingreso-por-convocatoria-unitaria-para-policia-local\\\/#breadcrumb\"},\"inLanguage\":\"es\",\"potentialAction\":[{\"@type\":\"ReadAction\",\"target\":[\"https:\\\/\\\/www.emplea-te.com\\\/noticias-oposiciones\\\/hora-fecha-y-lugar-del-segundo-y-tercer-ejercicio-para-el-ingreso-por-convocatoria-unitaria-para-policia-local\\\/\"]}]},{\"@type\":\"BreadcrumbList\",\"@id\":\"https:\\\/\\\/www.emplea-te.com\\\/noticias-oposiciones\\\/hora-fecha-y-lugar-del-segundo-y-tercer-ejercicio-para-el-ingreso-por-convocatoria-unitaria-para-policia-local\\\/#breadcrumb\",\"itemListElement\":[{\"@type\":\"ListItem\",\"position\":1,\"name\":\"Noticias Oposiciones\",\"item\":\"https:\\\/\\\/www.emplea-te.com\\\/noticias-oposiciones\\\/\"},{\"@type\":\"ListItem\",\"position\":2,\"name\":\"Hora, fecha y lugar del segundo y tercer ejercicio para el ingreso por convocatoria unitaria para Polic\u00eda Local.\"}]},{\"@type\":\"WebSite\",\"@id\":\"https:\\\/\\\/www.emplea-te.com\\\/noticias-oposiciones\\\/#website\",\"url\":\"https:\\\/\\\/www.emplea-te.com\\\/noticias-oposiciones\\\/\",\"name\":\"Noticas de oposiciones por Academia Emplea-te\",\"description\":\"Toda la actualidad de las ofertas y convocatorias.\",\"publisher\":{\"@id\":\"https:\\\/\\\/www.emplea-te.com\\\/noticias-oposiciones\\\/#organization\"},\"potentialAction\":[{\"@type\":\"SearchAction\",\"target\":{\"@type\":\"EntryPoint\",\"urlTemplate\":\"https:\\\/\\\/www.emplea-te.com\\\/noticias-oposiciones\\\/?s={search_term_string}\"},\"query-input\":{\"@type\":\"PropertyValueSpecification\",\"valueRequired\":true,\"valueName\":\"search_term_string\"}}],\"inLanguage\":\"es\"},{\"@type\":\"Organization\",\"@id\":\"https:\\\/\\\/www.emplea-te.com\\\/noticias-oposiciones\\\/#organization\",\"name\":\"Academia de oposiciones Empl\u00e9ate\",\"url\":\"https:\\\/\\\/www.emplea-te.com\\\/noticias-oposiciones\\\/\",\"logo\":{\"@type\":\"ImageObject\",\"inLanguage\":\"es\",\"@id\":\"https:\\\/\\\/www.emplea-te.com\\\/noticias-oposiciones\\\/#\\\/schema\\\/logo\\\/image\\\/\",\"url\":\"https:\\\/\\\/www.emplea-te.com\\\/noticias-oposiciones\\\/wp-content\\\/uploads\\\/2019\\\/04\\\/empleate.jpg\",\"contentUrl\":\"https:\\\/\\\/www.emplea-te.com\\\/noticias-oposiciones\\\/wp-content\\\/uploads\\\/2019\\\/04\\\/empleate.jpg\",\"width\":250,\"height\":150,\"caption\":\"Academia de oposiciones Empl\u00e9ate\"},\"image\":{\"@id\":\"https:\\\/\\\/www.emplea-te.com\\\/noticias-oposiciones\\\/#\\\/schema\\\/logo\\\/image\\\/\"},\"sameAs\":[\"https:\\\/\\\/www.facebook.com\\\/AcademiaEmpleate\\\/\",\"https:\\\/\\\/x.com\\\/Emplea_Te\",\"https:\\\/\\\/www.instagram.com\\\/academia_empleate\\\/\"]},{\"@type\":\"Person\",\"@id\":\"https:\\\/\\\/www.emplea-te.com\\\/noticias-oposiciones\\\/#\\\/schema\\\/person\\\/d1bc587e1af2b95e9c32aba1795509a6\",\"name\":\"Empleate\"}]}<\/script>\n<!-- \/ Yoast SEO plugin. -->","yoast_head_json":{"title":"Hora, fecha y lugar del segundo y tercer ejercicio para el ingreso por convocatoria unitaria para Polic\u00eda Local.  - Noticas de oposiciones por Academia Emplea-te","description":"RESOLUCI\ufffdN del 26 de noviembre de 2018 del tribunal designado para juzgar el proceso selectivo unitario de admisi\u00f3n a la polic\u00eda local, categor\u00eda de polic\u00eda, rotaci\u00f3n gratuita, convocada por la Orden del 4 de julio de 2018, para la cual las fechas se hacen p\u00fablicas, Las horas y lugares para el segundo y tercer a\u00f1o.Enlace a resoluci\u00f3n \"","robots":{"index":"index","follow":"follow","max-snippet":"max-snippet:-1","max-image-preview":"max-image-preview:large","max-video-preview":"max-video-preview:-1"},"canonical":"https:\/\/www.emplea-te.com\/noticias-oposiciones\/hora-fecha-y-lugar-del-segundo-y-tercer-ejercicio-para-el-ingreso-por-convocatoria-unitaria-para-policia-local\/","og_locale":"es_ES","og_type":"article","og_title":"Hora, fecha y lugar del segundo y tercer ejercicio para el ingreso por convocatoria unitaria para Polic\u00eda Local.  - Noticas de oposiciones por Academia Emplea-te","og_description":"RESOLUCI\ufffdN del 26 de noviembre de 2018 del tribunal designado para juzgar el proceso selectivo unitario de admisi\u00f3n a la polic\u00eda local, categor\u00eda de polic\u00eda, rotaci\u00f3n gratuita, convocada por la Orden del 4 de julio de 2018, para la cual las fechas se hacen p\u00fablicas, Las horas y lugares para el segundo y tercer a\u00f1o.Enlace a resoluci\u00f3n \"","og_url":"https:\/\/www.emplea-te.com\/noticias-oposiciones\/hora-fecha-y-lugar-del-segundo-y-tercer-ejercicio-para-el-ingreso-por-convocatoria-unitaria-para-policia-local\/","og_site_name":"Noticas de oposiciones por Academia Emplea-te","article_publisher":"https:\/\/www.facebook.com\/AcademiaEmpleate\/","article_published_time":"2018-12-04T23:00:00+00:00","author":"Empleate","twitter_card":"summary_large_image","twitter_creator":"@Emplea_Te","twitter_site":"@Emplea_Te","twitter_misc":{"Escrito por":"Empleate","Tiempo de lectura":"2 minutos"},"schema":{"@context":"https:\/\/schema.org","@graph":[{"@type":"Article","@id":"https:\/\/www.emplea-te.com\/noticias-oposiciones\/hora-fecha-y-lugar-del-segundo-y-tercer-ejercicio-para-el-ingreso-por-convocatoria-unitaria-para-policia-local\/#article","isPartOf":{"@id":"https:\/\/www.emplea-te.com\/noticias-oposiciones\/hora-fecha-y-lugar-del-segundo-y-tercer-ejercicio-para-el-ingreso-por-convocatoria-unitaria-para-policia-local\/"},"author":{"name":"Empleate","@id":"https:\/\/www.emplea-te.com\/noticias-oposiciones\/#\/schema\/person\/d1bc587e1af2b95e9c32aba1795509a6"},"headline":"Hora, fecha y lugar del segundo y tercer ejercicio para el ingreso por convocatoria unitaria para Polic\u00eda Local.","datePublished":"2018-12-04T23:00:00+00:00","mainEntityOfPage":{"@id":"https:\/\/www.emplea-te.com\/noticias-oposiciones\/hora-fecha-y-lugar-del-segundo-y-tercer-ejercicio-para-el-ingreso-por-convocatoria-unitaria-para-policia-local\/"},"wordCount":378,"commentCount":0,"publisher":{"@id":"https:\/\/www.emplea-te.com\/noticias-oposiciones\/#organization"},"inLanguage":"es","potentialAction":[{"@type":"CommentAction","name":"Comment","target":["https:\/\/www.emplea-te.com\/noticias-oposiciones\/hora-fecha-y-lugar-del-segundo-y-tercer-ejercicio-para-el-ingreso-por-convocatoria-unitaria-para-policia-local\/#respond"]}]},{"@type":"WebPage","@id":"https:\/\/www.emplea-te.com\/noticias-oposiciones\/hora-fecha-y-lugar-del-segundo-y-tercer-ejercicio-para-el-ingreso-por-convocatoria-unitaria-para-policia-local\/","url":"https:\/\/www.emplea-te.com\/noticias-oposiciones\/hora-fecha-y-lugar-del-segundo-y-tercer-ejercicio-para-el-ingreso-por-convocatoria-unitaria-para-policia-local\/","name":"Hora, fecha y lugar del segundo y tercer ejercicio para el ingreso por convocatoria unitaria para Polic\u00eda Local. - Noticas de oposiciones por Academia Emplea-te","isPartOf":{"@id":"https:\/\/www.emplea-te.com\/noticias-oposiciones\/#website"},"datePublished":"2018-12-04T23:00:00+00:00","description":"RESOLUCI\ufffdN del 26 de noviembre de 2018 del tribunal designado para juzgar el proceso selectivo unitario de admisi\u00f3n a la polic\u00eda local, categor\u00eda de polic\u00eda, rotaci\u00f3n gratuita, convocada por la Orden del 4 de julio de 2018, para la cual las fechas se hacen p\u00fablicas, Las horas y lugares para el segundo y tercer a\u00f1o.Enlace a resoluci\u00f3n \"","breadcrumb":{"@id":"https:\/\/www.emplea-te.com\/noticias-oposiciones\/hora-fecha-y-lugar-del-segundo-y-tercer-ejercicio-para-el-ingreso-por-convocatoria-unitaria-para-policia-local\/#breadcrumb"},"inLanguage":"es","potentialAction":[{"@type":"ReadAction","target":["https:\/\/www.emplea-te.com\/noticias-oposiciones\/hora-fecha-y-lugar-del-segundo-y-tercer-ejercicio-para-el-ingreso-por-convocatoria-unitaria-para-policia-local\/"]}]},{"@type":"BreadcrumbList","@id":"https:\/\/www.emplea-te.com\/noticias-oposiciones\/hora-fecha-y-lugar-del-segundo-y-tercer-ejercicio-para-el-ingreso-por-convocatoria-unitaria-para-policia-local\/#breadcrumb","itemListElement":[{"@type":"ListItem","position":1,"name":"Noticias Oposiciones","item":"https:\/\/www.emplea-te.com\/noticias-oposiciones\/"},{"@type":"ListItem","position":2,"name":"Hora, fecha y lugar del segundo y tercer ejercicio para el ingreso por convocatoria unitaria para Polic\u00eda Local."}]},{"@type":"WebSite","@id":"https:\/\/www.emplea-te.com\/noticias-oposiciones\/#website","url":"https:\/\/www.emplea-te.com\/noticias-oposiciones\/","name":"Noticas de oposiciones por Academia Emplea-te","description":"Toda la actualidad de las ofertas y convocatorias.","publisher":{"@id":"https:\/\/www.emplea-te.com\/noticias-oposiciones\/#organization"},"potentialAction":[{"@type":"SearchAction","target":{"@type":"EntryPoint","urlTemplate":"https:\/\/www.emplea-te.com\/noticias-oposiciones\/?s={search_term_string}"},"query-input":{"@type":"PropertyValueSpecification","valueRequired":true,"valueName":"search_term_string"}}],"inLanguage":"es"},{"@type":"Organization","@id":"https:\/\/www.emplea-te.com\/noticias-oposiciones\/#organization","name":"Academia de oposiciones Empl\u00e9ate","url":"https:\/\/www.emplea-te.com\/noticias-oposiciones\/","logo":{"@type":"ImageObject","inLanguage":"es","@id":"https:\/\/www.emplea-te.com\/noticias-oposiciones\/#\/schema\/logo\/image\/","url":"https:\/\/www.emplea-te.com\/noticias-oposiciones\/wp-content\/uploads\/2019\/04\/empleate.jpg","contentUrl":"https:\/\/www.emplea-te.com\/noticias-oposiciones\/wp-content\/uploads\/2019\/04\/empleate.jpg","width":250,"height":150,"caption":"Academia de oposiciones Empl\u00e9ate"},"image":{"@id":"https:\/\/www.emplea-te.com\/noticias-oposiciones\/#\/schema\/logo\/image\/"},"sameAs":["https:\/\/www.facebook.com\/AcademiaEmpleate\/","https:\/\/x.com\/Emplea_Te","https:\/\/www.instagram.com\/academia_empleate\/"]},{"@type":"Person","@id":"https:\/\/www.emplea-te.com\/noticias-oposiciones\/#\/schema\/person\/d1bc587e1af2b95e9c32aba1795509a6","name":"Empleate"}]}},"_links":{"self":[{"href":"https:\/\/www.emplea-te.com\/noticias-oposiciones\/wp-json\/wp\/v2\/posts\/1272","targetHints":{"allow":["GET"]}}],"collection":[{"href":"https:\/\/www.emplea-te.com\/noticias-oposiciones\/wp-json\/wp\/v2\/posts"}],"about":[{"href":"https:\/\/www.emplea-te.com\/noticias-oposiciones\/wp-json\/wp\/v2\/types\/post"}],"author":[{"embeddable":true,"href":"https:\/\/www.emplea-te.com\/noticias-oposiciones\/wp-json\/wp\/v2\/users\/1"}],"replies":[{"embeddable":true,"href":"https:\/\/www.emplea-te.com\/noticias-oposiciones\/wp-json\/wp\/v2\/comments?post=1272"}],"version-history":[{"count":0,"href":"https:\/\/www.emplea-te.com\/noticias-oposiciones\/wp-json\/wp\/v2\/posts\/1272\/revisions"}],"wp:attachment":[{"href":"https:\/\/www.emplea-te.com\/noticias-oposiciones\/wp-json\/wp\/v2\/media?parent=1272"}],"wp:term":[{"taxonomy":"category","embeddable":true,"href":"https:\/\/www.emplea-te.com\/noticias-oposiciones\/wp-json\/wp\/v2\/categories?post=1272"},{"taxonomy":"post_tag","embeddable":true,"href":"https:\/\/www.emplea-te.com\/noticias-oposiciones\/wp-json\/wp\/v2\/tags?post=1272"}],"curies":[{"name":"wp","href":"https:\/\/api.w.org\/{rel}","templated":true}]}}