{"id":1273,"date":"2018-12-07T00:00:00","date_gmt":"2018-12-06T23:00:00","guid":{"rendered":"https:\/\/www.emplea-te.com\/noticias-oposiciones\/acuerdo-de-oferta-de-empleo-publico-en-justicia\/"},"modified":"2018-12-07T00:00:00","modified_gmt":"2018-12-06T23:00:00","slug":"acuerdo-de-oferta-de-empleo-publico-en-justicia","status":"publish","type":"post","link":"https:\/\/www.emplea-te.com\/noticias-oposiciones\/acuerdo-de-oferta-de-empleo-publico-en-justicia\/","title":{"rendered":"Acuerdo de Oferta de Empleo P\u00fablico en Justicia. <br>"},"content":{"rendered":"<p>FIRMADO ACUERDO DE OFERTA DE EMPLEO P\ufffdsBLICO EN JUSTICIA<\/p>\n<p>STAJ, conjuntamente con el resto de organizaciones sindicales presentes en la Mesa Sectorial de Justicia ha firmado acuerdo sobre empleo p\u00fablico, por el que durante tres a\u00f1os 2017,2018 y 2019 se va realizar la mayor oferta de empleo p\u00fablico en Justicia de los \u00faltimos 20 a\u00f1os. <\/p>\n<p>En este acuerdo se fijan los criterios generales que regir\u00e1n los sistemas selectivos del turno libre y de la promoci\u00f3n interna de las pr\u00f3ximas convocatorias de OEP (2017-2018 acumuladas y 2019).<\/p>\n<p>Los principales puntos de este acuerdo son:<\/p>\n<p>-Se establece como objetivo de trabajo la reducci\u00f3n del \u00edndice de temporalidad hasta el 8% como valor de referencia o al 6% como objetivo ideal a la finalizaci\u00f3n del periodo 2017-2019, lo que conllevar\u00e1 cerca de 12.000 plazas en dos convocatorias. <\/p>\n<p>-Se convocar\u00e1 un oferta extraordinaria de Promoci\u00f3n Interna que, acumulada a la de la OEP de 2019, supondr\u00e1 la convocatoria de un 60% de las plazas que se convoquen por el turno libre y a\u00f1adidas a \u00e9stas, frente al 30% que, con car\u00e1cter ordinario, establece la LOPJ. <\/p>\n<p>-La puntuaci\u00f3n m\u00e1xima total de la fase de oposici\u00f3n no podr\u00e1 superar el 60% de la puntuaci\u00f3n m\u00e1xima posible de todo el proceso y la de la fase de concurso no podr\u00e1 superar el 40%. <\/p>\n<p>-Se reservar\u00e1 la nota obtenida en los ejercicios de la fase de oposici\u00f3n convocatoria de 2017-2018 para la de 2019 a quienes obtengan la nota m\u00ednima fijada y no superen el proceso selectivo. <\/p>\n<p>-Se establece una ratio para la nota de corte del primer ejercicio de 10 aspirantes por plaza y una nota de corte m\u00ednima de un 60% de la m\u00e1xima posible en todos los ejercicios del turno libre, salvo para las plazas reservadas a personas con discapacidad y para la promoci\u00f3n interna, donde esta nota m\u00ednima ser\u00e1 del 50% de la m\u00e1xima posible. <\/p>\n<p>-En la fase de concurso se valorar\u00e1n los m\u00e9ritos de experiencia previa como personal interino o sustituto, la superaci\u00f3n de ejercicios de las dos anteriores convocatorias, las titulaciones de diplomatura, licenciatura o grado universitarios (y el doctorado en derecho para Letrados y en su especialidad para cuerpos especiales del INT) y la formaci\u00f3n homologada. <\/p>\n<p>-Se reducen de forma importante los ejercicios de la fase de oposici\u00f3n de la Promoci\u00f3n Interna en todos los cuerpos.<\/p>\n<p><\/p>\n<p>Promoci\u00f3n Interna:<\/p>\n<p>-Las convocatorias de promoci\u00f3n interna se tienen que retrasar para que cuando finalice el plazo de presentaci\u00f3n de instancias de las mismas (20 d\u00edas h\u00e1biles) todos los aspirantes que accedieron por turno libre o promoci\u00f3n interna en la OEP de 2015, y cuyos nombramientos se publicaron en BOE en febrero y marzo de 2017, cumplan con el requisito de los 2 a\u00f1os de antig\u00fcedad que exige la normativa y, por tanto, puedan participar en la pr\u00f3xima convocatoria de promoci\u00f3n interna de la OEP 2017-2018. <\/p>\n<p>-Asimismo, hemos reclamado que en la promoci\u00f3n interna se modifique la valoraci\u00f3n de preguntas acertadas y no acertadas. As\u00ed se mantendr\u00eda la valoraci\u00f3n de preguntas acertadas en 1 punto y se modifique las preguntas incorrectas y descuenten 0,25 puntos y no 0,50 puntos como se establece en las bases de convocatorias de promoci\u00f3n interna cuyo borrador se hab\u00eda presentado en la mesa. <\/p>\n<p>-Igualmente hemos solicitado que se ampl\u00ede proporcionalmente el plazo de realizaci\u00f3n del ejercicio de promoci\u00f3n interna. El borrador se\u00f1ala que el ejercicio de 100 preguntas se tendr\u00e1 que hacer en 60 minutos que es el mismo tiempo que en la anterior OEP se establec\u00eda para hacer 50 preguntas. <\/p>\n<p>Fuente CCOO JUSTICIA<\/p>\n<p><a href=\"http:\/\/www.ccoojusticia.com\/2018\/12\/firmado-acuerdo-en-el-ministerio-de.html?utm_source=feedburner&amp;utm_medium=twitter&amp;utm_campaign=Feed%3A+CcooDeJusticia-Galicia+%28CCOO+de+Justicia%29\" target=\"_blank\" rel=\"nofollow noopener noreferrer\"><span class=\"wysiwyg-color-green\">Enlace a acuerdo<\/span><\/a><span class=\"wysiwyg-color-green\"> <\/span><\/p>\n<p><a href=\"http:\/\/www.ccoojusticia.com\/2018\/12\/firmado-acuerdo-en-el-ministerio-de.html?utm_source=feedburner&amp;utm_medium=twitter&amp;utm_campaign=Feed%3A+CcooDeJusticia-Galicia+%28CCOO+de+Justicia%29\" target=\"_blank\" rel=\"nofollow noopener noreferrer\"><span class=\"wysiwyg-color-green\">Bases comunes<\/span><\/a><\/p>\n<p>Este, s\u00ed que es tu momento para opositar a la Administraci\u00f3n de Justicia. Accede a la informaci\u00f3n de las oposiciones a cada una de las categor\u00edas, requisitos necesarios para poder presentarte y de nuestros cursos presenciales. <\/p>\n<p><a href=\"https:\/\/www.emplea-te.com\/10-oposiciones-de-auxilio-judicial\" target=\"_blank\" rel=\"nofollow noopener noreferrer\"><span class=\"wysiwyg-color-green\">Cursos presenciales oposiciones Auxilio Judicial<\/span><\/a><\/p>\n<p><a href=\"https:\/\/www.emplea-te.com\/11-oposiciones-de-tramitacion-procesal\" target=\"_blank\" rel=\"nofollow noopener noreferrer\"><span class=\"wysiwyg-color-green\">Cursos presenciales oposiciones Tramitaci\u00f3n Procesal<\/span><\/a><\/p>\n<p><a href=\"https:\/\/www.emplea-te.com\/21-oposiciones-de-gestion-procesal-y-adiministrativa\" target=\"_blank\" rel=\"nofollow noopener noreferrer\"><span class=\"wysiwyg-color-green\">Cursos presenciales oposiciones Gesti\u00f3n Procesal y Administrativa <\/span><\/a><\/p>\n","protected":false},"excerpt":{"rendered":"<p>FIRMADO ACUERDO DE OFERTA DE EMPLEO P\ufffdsBLICO EN JUSTICIA STAJ, conjuntamente con el resto de organizaciones sindicales presentes en la Mesa Sectorial de Justicia ha firmado acuerdo sobre empleo p\u00fablico, por el que durante tres a\u00f1os 2017,2018 y 2019 se va realizar la mayor oferta de empleo p\u00fablico en Justicia de los \u00faltimos 20 a\u00f1os. &hellip; <a href=\"https:\/\/www.emplea-te.com\/noticias-oposiciones\/acuerdo-de-oferta-de-empleo-publico-en-justicia\/\" class=\"more-link\">Continuar leyendo<span class=\"screen-reader-text\"> \u00abAcuerdo de Oferta de Empleo P\u00fablico en Justicia. <br \/>\u00ab<\/span><\/a><\/p>\n","protected":false},"author":1,"featured_media":0,"comment_status":"open","ping_status":"open","sticky":false,"template":"","format":"standard","meta":{"footnotes":""},"categories":[],"tags":[],"class_list":["post-1273","post","type-post","status-publish","format-standard","hentry"],"yoast_head":"<!-- This site is optimized with the Yoast SEO plugin v27.3 - https:\/\/yoast.com\/product\/yoast-seo-wordpress\/ -->\n<title>Acuerdo de Oferta de Empleo P\u00fablico en Justicia.  - Noticas de oposiciones por Academia Emplea-te<\/title>\n<meta name=\"description\" content=\"FIRMADO ACUERDO DE OFERTA DE EMPLEO P\ufffdsBLICO EN JUSTICIA STAJ, conjuntamente con el resto de organizaciones sindicales presentes en la Mesa Sectorial de Justicia ha firmado acuerdo sobre empleo p\u00fablico, por el que durante tres a\u00f1os 2017,2018 y 2019 se va realizar la mayor oferta de empleo p\u00fablico en Justicia de los \u00faltimos 20 a\u00f1os. Enlace al acuerdo\" \/>\n<meta name=\"robots\" content=\"index, follow, max-snippet:-1, max-image-preview:large, max-video-preview:-1\" \/>\n<link rel=\"canonical\" href=\"https:\/\/www.emplea-te.com\/noticias-oposiciones\/acuerdo-de-oferta-de-empleo-publico-en-justicia\/\" \/>\n<meta property=\"og:locale\" content=\"es_ES\" \/>\n<meta property=\"og:type\" content=\"article\" \/>\n<meta property=\"og:title\" content=\"Acuerdo de Oferta de Empleo P\u00fablico en Justicia.  - Noticas de oposiciones por Academia Emplea-te\" \/>\n<meta property=\"og:description\" content=\"FIRMADO ACUERDO DE OFERTA DE EMPLEO P\ufffdsBLICO EN JUSTICIA STAJ, conjuntamente con el resto de organizaciones sindicales presentes en la Mesa Sectorial de Justicia ha firmado acuerdo sobre empleo p\u00fablico, por el que durante tres a\u00f1os 2017,2018 y 2019 se va realizar la mayor oferta de empleo p\u00fablico en Justicia de los \u00faltimos 20 a\u00f1os. Enlace al acuerdo\" \/>\n<meta property=\"og:url\" content=\"https:\/\/www.emplea-te.com\/noticias-oposiciones\/acuerdo-de-oferta-de-empleo-publico-en-justicia\/\" \/>\n<meta property=\"og:site_name\" content=\"Noticas de oposiciones por Academia Emplea-te\" \/>\n<meta property=\"article:publisher\" content=\"https:\/\/www.facebook.com\/AcademiaEmpleate\/\" \/>\n<meta property=\"article:published_time\" content=\"2018-12-06T23:00:00+00:00\" \/>\n<meta name=\"author\" content=\"Empleate\" \/>\n<meta name=\"twitter:card\" content=\"summary_large_image\" \/>\n<meta name=\"twitter:creator\" content=\"@Emplea_Te\" \/>\n<meta name=\"twitter:site\" content=\"@Emplea_Te\" \/>\n<meta name=\"twitter:label1\" content=\"Escrito por\" \/>\n\t<meta name=\"twitter:data1\" content=\"Empleate\" \/>\n\t<meta name=\"twitter:label2\" content=\"Tiempo de lectura\" \/>\n\t<meta name=\"twitter:data2\" content=\"3 minutos\" \/>\n<script type=\"application\/ld+json\" class=\"yoast-schema-graph\">{\"@context\":\"https:\\\/\\\/schema.org\",\"@graph\":[{\"@type\":\"Article\",\"@id\":\"https:\\\/\\\/www.emplea-te.com\\\/noticias-oposiciones\\\/acuerdo-de-oferta-de-empleo-publico-en-justicia\\\/#article\",\"isPartOf\":{\"@id\":\"https:\\\/\\\/www.emplea-te.com\\\/noticias-oposiciones\\\/acuerdo-de-oferta-de-empleo-publico-en-justicia\\\/\"},\"author\":{\"name\":\"Empleate\",\"@id\":\"https:\\\/\\\/www.emplea-te.com\\\/noticias-oposiciones\\\/#\\\/schema\\\/person\\\/d1bc587e1af2b95e9c32aba1795509a6\"},\"headline\":\"Acuerdo de Oferta de Empleo P\u00fablico en Justicia.\",\"datePublished\":\"2018-12-06T23:00:00+00:00\",\"mainEntityOfPage\":{\"@id\":\"https:\\\/\\\/www.emplea-te.com\\\/noticias-oposiciones\\\/acuerdo-de-oferta-de-empleo-publico-en-justicia\\\/\"},\"wordCount\":681,\"commentCount\":0,\"publisher\":{\"@id\":\"https:\\\/\\\/www.emplea-te.com\\\/noticias-oposiciones\\\/#organization\"},\"inLanguage\":\"es\",\"potentialAction\":[{\"@type\":\"CommentAction\",\"name\":\"Comment\",\"target\":[\"https:\\\/\\\/www.emplea-te.com\\\/noticias-oposiciones\\\/acuerdo-de-oferta-de-empleo-publico-en-justicia\\\/#respond\"]}]},{\"@type\":\"WebPage\",\"@id\":\"https:\\\/\\\/www.emplea-te.com\\\/noticias-oposiciones\\\/acuerdo-de-oferta-de-empleo-publico-en-justicia\\\/\",\"url\":\"https:\\\/\\\/www.emplea-te.com\\\/noticias-oposiciones\\\/acuerdo-de-oferta-de-empleo-publico-en-justicia\\\/\",\"name\":\"Acuerdo de Oferta de Empleo P\u00fablico en Justicia. - Noticas de oposiciones por Academia Emplea-te\",\"isPartOf\":{\"@id\":\"https:\\\/\\\/www.emplea-te.com\\\/noticias-oposiciones\\\/#website\"},\"datePublished\":\"2018-12-06T23:00:00+00:00\",\"description\":\"FIRMADO ACUERDO DE OFERTA DE EMPLEO P\ufffdsBLICO EN JUSTICIA STAJ, conjuntamente con el resto de organizaciones sindicales presentes en la Mesa Sectorial de Justicia ha firmado acuerdo sobre empleo p\u00fablico, por el que durante tres a\u00f1os 2017,2018 y 2019 se va realizar la mayor oferta de empleo p\u00fablico en Justicia de los \u00faltimos 20 a\u00f1os. Enlace al acuerdo\",\"breadcrumb\":{\"@id\":\"https:\\\/\\\/www.emplea-te.com\\\/noticias-oposiciones\\\/acuerdo-de-oferta-de-empleo-publico-en-justicia\\\/#breadcrumb\"},\"inLanguage\":\"es\",\"potentialAction\":[{\"@type\":\"ReadAction\",\"target\":[\"https:\\\/\\\/www.emplea-te.com\\\/noticias-oposiciones\\\/acuerdo-de-oferta-de-empleo-publico-en-justicia\\\/\"]}]},{\"@type\":\"BreadcrumbList\",\"@id\":\"https:\\\/\\\/www.emplea-te.com\\\/noticias-oposiciones\\\/acuerdo-de-oferta-de-empleo-publico-en-justicia\\\/#breadcrumb\",\"itemListElement\":[{\"@type\":\"ListItem\",\"position\":1,\"name\":\"Noticias Oposiciones\",\"item\":\"https:\\\/\\\/www.emplea-te.com\\\/noticias-oposiciones\\\/\"},{\"@type\":\"ListItem\",\"position\":2,\"name\":\"Acuerdo de Oferta de Empleo P\u00fablico en Justicia.\"}]},{\"@type\":\"WebSite\",\"@id\":\"https:\\\/\\\/www.emplea-te.com\\\/noticias-oposiciones\\\/#website\",\"url\":\"https:\\\/\\\/www.emplea-te.com\\\/noticias-oposiciones\\\/\",\"name\":\"Noticas de oposiciones por Academia Emplea-te\",\"description\":\"Toda la actualidad de las ofertas y convocatorias.\",\"publisher\":{\"@id\":\"https:\\\/\\\/www.emplea-te.com\\\/noticias-oposiciones\\\/#organization\"},\"potentialAction\":[{\"@type\":\"SearchAction\",\"target\":{\"@type\":\"EntryPoint\",\"urlTemplate\":\"https:\\\/\\\/www.emplea-te.com\\\/noticias-oposiciones\\\/?s={search_term_string}\"},\"query-input\":{\"@type\":\"PropertyValueSpecification\",\"valueRequired\":true,\"valueName\":\"search_term_string\"}}],\"inLanguage\":\"es\"},{\"@type\":\"Organization\",\"@id\":\"https:\\\/\\\/www.emplea-te.com\\\/noticias-oposiciones\\\/#organization\",\"name\":\"Academia de oposiciones Empl\u00e9ate\",\"url\":\"https:\\\/\\\/www.emplea-te.com\\\/noticias-oposiciones\\\/\",\"logo\":{\"@type\":\"ImageObject\",\"inLanguage\":\"es\",\"@id\":\"https:\\\/\\\/www.emplea-te.com\\\/noticias-oposiciones\\\/#\\\/schema\\\/logo\\\/image\\\/\",\"url\":\"https:\\\/\\\/www.emplea-te.com\\\/noticias-oposiciones\\\/wp-content\\\/uploads\\\/2019\\\/04\\\/empleate.jpg\",\"contentUrl\":\"https:\\\/\\\/www.emplea-te.com\\\/noticias-oposiciones\\\/wp-content\\\/uploads\\\/2019\\\/04\\\/empleate.jpg\",\"width\":250,\"height\":150,\"caption\":\"Academia de oposiciones Empl\u00e9ate\"},\"image\":{\"@id\":\"https:\\\/\\\/www.emplea-te.com\\\/noticias-oposiciones\\\/#\\\/schema\\\/logo\\\/image\\\/\"},\"sameAs\":[\"https:\\\/\\\/www.facebook.com\\\/AcademiaEmpleate\\\/\",\"https:\\\/\\\/x.com\\\/Emplea_Te\",\"https:\\\/\\\/www.instagram.com\\\/academia_empleate\\\/\"]},{\"@type\":\"Person\",\"@id\":\"https:\\\/\\\/www.emplea-te.com\\\/noticias-oposiciones\\\/#\\\/schema\\\/person\\\/d1bc587e1af2b95e9c32aba1795509a6\",\"name\":\"Empleate\"}]}<\/script>\n<!-- \/ Yoast SEO plugin. -->","yoast_head_json":{"title":"Acuerdo de Oferta de Empleo P\u00fablico en Justicia.  - Noticas de oposiciones por Academia Emplea-te","description":"FIRMADO ACUERDO DE OFERTA DE EMPLEO P\ufffdsBLICO EN JUSTICIA STAJ, conjuntamente con el resto de organizaciones sindicales presentes en la Mesa Sectorial de Justicia ha firmado acuerdo sobre empleo p\u00fablico, por el que durante tres a\u00f1os 2017,2018 y 2019 se va realizar la mayor oferta de empleo p\u00fablico en Justicia de los \u00faltimos 20 a\u00f1os. Enlace al acuerdo","robots":{"index":"index","follow":"follow","max-snippet":"max-snippet:-1","max-image-preview":"max-image-preview:large","max-video-preview":"max-video-preview:-1"},"canonical":"https:\/\/www.emplea-te.com\/noticias-oposiciones\/acuerdo-de-oferta-de-empleo-publico-en-justicia\/","og_locale":"es_ES","og_type":"article","og_title":"Acuerdo de Oferta de Empleo P\u00fablico en Justicia.  - Noticas de oposiciones por Academia Emplea-te","og_description":"FIRMADO ACUERDO DE OFERTA DE EMPLEO P\ufffdsBLICO EN JUSTICIA STAJ, conjuntamente con el resto de organizaciones sindicales presentes en la Mesa Sectorial de Justicia ha firmado acuerdo sobre empleo p\u00fablico, por el que durante tres a\u00f1os 2017,2018 y 2019 se va realizar la mayor oferta de empleo p\u00fablico en Justicia de los \u00faltimos 20 a\u00f1os. Enlace al acuerdo","og_url":"https:\/\/www.emplea-te.com\/noticias-oposiciones\/acuerdo-de-oferta-de-empleo-publico-en-justicia\/","og_site_name":"Noticas de oposiciones por Academia Emplea-te","article_publisher":"https:\/\/www.facebook.com\/AcademiaEmpleate\/","article_published_time":"2018-12-06T23:00:00+00:00","author":"Empleate","twitter_card":"summary_large_image","twitter_creator":"@Emplea_Te","twitter_site":"@Emplea_Te","twitter_misc":{"Escrito por":"Empleate","Tiempo de lectura":"3 minutos"},"schema":{"@context":"https:\/\/schema.org","@graph":[{"@type":"Article","@id":"https:\/\/www.emplea-te.com\/noticias-oposiciones\/acuerdo-de-oferta-de-empleo-publico-en-justicia\/#article","isPartOf":{"@id":"https:\/\/www.emplea-te.com\/noticias-oposiciones\/acuerdo-de-oferta-de-empleo-publico-en-justicia\/"},"author":{"name":"Empleate","@id":"https:\/\/www.emplea-te.com\/noticias-oposiciones\/#\/schema\/person\/d1bc587e1af2b95e9c32aba1795509a6"},"headline":"Acuerdo de Oferta de Empleo P\u00fablico en Justicia.","datePublished":"2018-12-06T23:00:00+00:00","mainEntityOfPage":{"@id":"https:\/\/www.emplea-te.com\/noticias-oposiciones\/acuerdo-de-oferta-de-empleo-publico-en-justicia\/"},"wordCount":681,"commentCount":0,"publisher":{"@id":"https:\/\/www.emplea-te.com\/noticias-oposiciones\/#organization"},"inLanguage":"es","potentialAction":[{"@type":"CommentAction","name":"Comment","target":["https:\/\/www.emplea-te.com\/noticias-oposiciones\/acuerdo-de-oferta-de-empleo-publico-en-justicia\/#respond"]}]},{"@type":"WebPage","@id":"https:\/\/www.emplea-te.com\/noticias-oposiciones\/acuerdo-de-oferta-de-empleo-publico-en-justicia\/","url":"https:\/\/www.emplea-te.com\/noticias-oposiciones\/acuerdo-de-oferta-de-empleo-publico-en-justicia\/","name":"Acuerdo de Oferta de Empleo P\u00fablico en Justicia. - Noticas de oposiciones por Academia Emplea-te","isPartOf":{"@id":"https:\/\/www.emplea-te.com\/noticias-oposiciones\/#website"},"datePublished":"2018-12-06T23:00:00+00:00","description":"FIRMADO ACUERDO DE OFERTA DE EMPLEO P\ufffdsBLICO EN JUSTICIA STAJ, conjuntamente con el resto de organizaciones sindicales presentes en la Mesa Sectorial de Justicia ha firmado acuerdo sobre empleo p\u00fablico, por el que durante tres a\u00f1os 2017,2018 y 2019 se va realizar la mayor oferta de empleo p\u00fablico en Justicia de los \u00faltimos 20 a\u00f1os. Enlace al acuerdo","breadcrumb":{"@id":"https:\/\/www.emplea-te.com\/noticias-oposiciones\/acuerdo-de-oferta-de-empleo-publico-en-justicia\/#breadcrumb"},"inLanguage":"es","potentialAction":[{"@type":"ReadAction","target":["https:\/\/www.emplea-te.com\/noticias-oposiciones\/acuerdo-de-oferta-de-empleo-publico-en-justicia\/"]}]},{"@type":"BreadcrumbList","@id":"https:\/\/www.emplea-te.com\/noticias-oposiciones\/acuerdo-de-oferta-de-empleo-publico-en-justicia\/#breadcrumb","itemListElement":[{"@type":"ListItem","position":1,"name":"Noticias Oposiciones","item":"https:\/\/www.emplea-te.com\/noticias-oposiciones\/"},{"@type":"ListItem","position":2,"name":"Acuerdo de Oferta de Empleo P\u00fablico en Justicia."}]},{"@type":"WebSite","@id":"https:\/\/www.emplea-te.com\/noticias-oposiciones\/#website","url":"https:\/\/www.emplea-te.com\/noticias-oposiciones\/","name":"Noticas de oposiciones por Academia Emplea-te","description":"Toda la actualidad de las ofertas y convocatorias.","publisher":{"@id":"https:\/\/www.emplea-te.com\/noticias-oposiciones\/#organization"},"potentialAction":[{"@type":"SearchAction","target":{"@type":"EntryPoint","urlTemplate":"https:\/\/www.emplea-te.com\/noticias-oposiciones\/?s={search_term_string}"},"query-input":{"@type":"PropertyValueSpecification","valueRequired":true,"valueName":"search_term_string"}}],"inLanguage":"es"},{"@type":"Organization","@id":"https:\/\/www.emplea-te.com\/noticias-oposiciones\/#organization","name":"Academia de oposiciones Empl\u00e9ate","url":"https:\/\/www.emplea-te.com\/noticias-oposiciones\/","logo":{"@type":"ImageObject","inLanguage":"es","@id":"https:\/\/www.emplea-te.com\/noticias-oposiciones\/#\/schema\/logo\/image\/","url":"https:\/\/www.emplea-te.com\/noticias-oposiciones\/wp-content\/uploads\/2019\/04\/empleate.jpg","contentUrl":"https:\/\/www.emplea-te.com\/noticias-oposiciones\/wp-content\/uploads\/2019\/04\/empleate.jpg","width":250,"height":150,"caption":"Academia de oposiciones Empl\u00e9ate"},"image":{"@id":"https:\/\/www.emplea-te.com\/noticias-oposiciones\/#\/schema\/logo\/image\/"},"sameAs":["https:\/\/www.facebook.com\/AcademiaEmpleate\/","https:\/\/x.com\/Emplea_Te","https:\/\/www.instagram.com\/academia_empleate\/"]},{"@type":"Person","@id":"https:\/\/www.emplea-te.com\/noticias-oposiciones\/#\/schema\/person\/d1bc587e1af2b95e9c32aba1795509a6","name":"Empleate"}]}},"_links":{"self":[{"href":"https:\/\/www.emplea-te.com\/noticias-oposiciones\/wp-json\/wp\/v2\/posts\/1273","targetHints":{"allow":["GET"]}}],"collection":[{"href":"https:\/\/www.emplea-te.com\/noticias-oposiciones\/wp-json\/wp\/v2\/posts"}],"about":[{"href":"https:\/\/www.emplea-te.com\/noticias-oposiciones\/wp-json\/wp\/v2\/types\/post"}],"author":[{"embeddable":true,"href":"https:\/\/www.emplea-te.com\/noticias-oposiciones\/wp-json\/wp\/v2\/users\/1"}],"replies":[{"embeddable":true,"href":"https:\/\/www.emplea-te.com\/noticias-oposiciones\/wp-json\/wp\/v2\/comments?post=1273"}],"version-history":[{"count":0,"href":"https:\/\/www.emplea-te.com\/noticias-oposiciones\/wp-json\/wp\/v2\/posts\/1273\/revisions"}],"wp:attachment":[{"href":"https:\/\/www.emplea-te.com\/noticias-oposiciones\/wp-json\/wp\/v2\/media?parent=1273"}],"wp:term":[{"taxonomy":"category","embeddable":true,"href":"https:\/\/www.emplea-te.com\/noticias-oposiciones\/wp-json\/wp\/v2\/categories?post=1273"},{"taxonomy":"post_tag","embeddable":true,"href":"https:\/\/www.emplea-te.com\/noticias-oposiciones\/wp-json\/wp\/v2\/tags?post=1273"}],"curies":[{"name":"wp","href":"https:\/\/api.w.org\/{rel}","templated":true}]}}