{"id":1274,"date":"2018-12-12T00:00:00","date_gmt":"2018-12-11T23:00:00","guid":{"rendered":"https:\/\/www.emplea-te.com\/noticias-oposiciones\/calendario-de-dias-inhabiles-2019-para-computos-de-plazos-de-la-administracion-del-estado-y-sus-organismos-publicos\/"},"modified":"2018-12-12T00:00:00","modified_gmt":"2018-12-11T23:00:00","slug":"calendario-de-dias-inhabiles-2019-para-computos-de-plazos-de-la-administracion-del-estado-y-sus-organismos-publicos","status":"publish","type":"post","link":"https:\/\/www.emplea-te.com\/noticias-oposiciones\/calendario-de-dias-inhabiles-2019-para-computos-de-plazos-de-la-administracion-del-estado-y-sus-organismos-publicos\/","title":{"rendered":"Calendario de d\u00edas inh\u00e1biles 2019 para c\u00f3mputos de plazos de la Administraci\u00f3n del Estado y sus Organismos P\u00fablicos. <br>"},"content":{"rendered":"<p>Publicado en el BOE el calendario con los d\u00edas Inh\u00e1biles de 2019 a efectos de c\u00f3mputo de plazos para la Administraci\u00f3n General del Estado y sus Organismos.<\/p>\n<\/p>\n<p><a href=\".https:\/\/www.boe.es\/boe\/dias\/2018\/12\/11\/pdfs\/BOE-A-2018-16904.pdf?fbclid=IwAR1YoBaMe6E7k--K9CQwGzzcWbJ0FKx5EB6utcYnwRZLjJqgkS_PN3id58s\" target=\"_blank\" rel=\"nofollow noopener noreferrer\"><span class=\"wysiwyg-color-green\">Enlace a BOE <\/span><\/a><\/p>\n<p>Son d\u00edas inh\u00e1biles:<br \/>a) En todo el territorio nacional: los s\u00e1bados, los domingos y los d\u00edas declarados<br \/>como fiestas de \u00e1mbito nacional no sustituibles, o sobre las que la totalidad de las<br \/>Comunidades Aut\u00f3nomas no han ejercido la facultad de sustituci\u00f3n.<br \/>b) En el \u00e1mbito territorial de las Comunidades Aut\u00f3nomas: aquellos d\u00edas<br \/>determinados por cada Comunidad Aut\u00f3noma como festivos.<br \/>c) En los \u00e1mbitos territoriales de las Entidades que integran la Administraci\u00f3n Local:<br \/>los d\u00edas que establezcan las respectivas Comunidades Aut\u00f3nomas en sus<br \/>correspondientes calendarios de d\u00edas inh\u00e1biles.<br \/>Los d\u00edas inh\u00e1biles a que se refieren los puntos a) y b) de este apartado se recogen,<br \/><span class=\"wysiwyg-color-green\">especificado por meses y por Comunidades Aut\u00f3nomas, en&nbsp;&nbsp;&nbsp;&nbsp;&nbsp; <\/span><a href=\"https:\/\/www.boe.es\/boe\/dias\/2018\/12\/11\/pdfs\/BOE-A-2018-16904.pdf?fbclid=IwAR1YoBaMe6E7k--K9CQwGzzcWbJ0FKx5EB6utcYnwRZLjJqgkS_PN3id58s\" target=\"_blank\" rel=\"nofollow noopener noreferrer\"><span class=\"wysiwyg-color-green\">el anexo adjunto.<\/span><\/a><\/p>\n","protected":false},"excerpt":{"rendered":"<p>Publicado en el BOE el calendario con los d\u00edas Inh\u00e1biles de 2019 a efectos de c\u00f3mputo de plazos para la Administraci\u00f3n General del Estado y sus Organismos. Enlace a BOE Son d\u00edas inh\u00e1biles:a) En todo el territorio nacional: los s\u00e1bados, los domingos y los d\u00edas declaradoscomo fiestas de \u00e1mbito nacional no sustituibles, o sobre las &hellip; <a href=\"https:\/\/www.emplea-te.com\/noticias-oposiciones\/calendario-de-dias-inhabiles-2019-para-computos-de-plazos-de-la-administracion-del-estado-y-sus-organismos-publicos\/\" class=\"more-link\">Continuar leyendo<span class=\"screen-reader-text\"> \u00abCalendario de d\u00edas inh\u00e1biles 2019 para c\u00f3mputos de plazos de la Administraci\u00f3n del Estado y sus Organismos P\u00fablicos. <br \/>\u00ab<\/span><\/a><\/p>\n","protected":false},"author":1,"featured_media":0,"comment_status":"open","ping_status":"open","sticky":false,"template":"","format":"standard","meta":{"footnotes":""},"categories":[],"tags":[],"class_list":["post-1274","post","type-post","status-publish","format-standard","hentry"],"yoast_head":"<!-- This site is optimized with the Yoast SEO plugin v27.3 - https:\/\/yoast.com\/product\/yoast-seo-wordpress\/ -->\n<title>Calendario de d\u00edas inh\u00e1biles 2019 para c\u00f3mputos de plazos de la Administraci\u00f3n del Estado y sus Organismos P\u00fablicos.  - Noticas de oposiciones por Academia Emplea-te<\/title>\n<meta name=\"description\" content=\"Publicado en el BOE el calendario con los d\u00edas Inh\u00e1biles de 2019 a efectos de c\u00f3mputo de plazos para la Administraci\u00f3n General del Estado y sus Organismos. Enlace BOE\" \/>\n<meta name=\"robots\" content=\"index, follow, max-snippet:-1, max-image-preview:large, max-video-preview:-1\" \/>\n<link rel=\"canonical\" href=\"https:\/\/www.emplea-te.com\/noticias-oposiciones\/calendario-de-dias-inhabiles-2019-para-computos-de-plazos-de-la-administracion-del-estado-y-sus-organismos-publicos\/\" \/>\n<meta property=\"og:locale\" content=\"es_ES\" \/>\n<meta property=\"og:type\" content=\"article\" \/>\n<meta property=\"og:title\" content=\"Calendario de d\u00edas inh\u00e1biles 2019 para c\u00f3mputos de plazos de la Administraci\u00f3n del Estado y sus Organismos P\u00fablicos.  - Noticas de oposiciones por Academia Emplea-te\" \/>\n<meta property=\"og:description\" content=\"Publicado en el BOE el calendario con los d\u00edas Inh\u00e1biles de 2019 a efectos de c\u00f3mputo de plazos para la Administraci\u00f3n General del Estado y sus Organismos. Enlace BOE\" \/>\n<meta property=\"og:url\" content=\"https:\/\/www.emplea-te.com\/noticias-oposiciones\/calendario-de-dias-inhabiles-2019-para-computos-de-plazos-de-la-administracion-del-estado-y-sus-organismos-publicos\/\" \/>\n<meta property=\"og:site_name\" content=\"Noticas de oposiciones por Academia Emplea-te\" \/>\n<meta property=\"article:publisher\" content=\"https:\/\/www.facebook.com\/AcademiaEmpleate\/\" \/>\n<meta property=\"article:published_time\" content=\"2018-12-11T23:00:00+00:00\" \/>\n<meta name=\"author\" content=\"Empleate\" \/>\n<meta name=\"twitter:card\" content=\"summary_large_image\" \/>\n<meta name=\"twitter:creator\" content=\"@Emplea_Te\" \/>\n<meta name=\"twitter:site\" content=\"@Emplea_Te\" \/>\n<meta name=\"twitter:label1\" content=\"Escrito por\" \/>\n\t<meta name=\"twitter:data1\" content=\"Empleate\" \/>\n\t<meta name=\"twitter:label2\" content=\"Tiempo de lectura\" \/>\n\t<meta name=\"twitter:data2\" content=\"1 minuto\" \/>\n<script type=\"application\/ld+json\" class=\"yoast-schema-graph\">{\"@context\":\"https:\\\/\\\/schema.org\",\"@graph\":[{\"@type\":\"Article\",\"@id\":\"https:\\\/\\\/www.emplea-te.com\\\/noticias-oposiciones\\\/calendario-de-dias-inhabiles-2019-para-computos-de-plazos-de-la-administracion-del-estado-y-sus-organismos-publicos\\\/#article\",\"isPartOf\":{\"@id\":\"https:\\\/\\\/www.emplea-te.com\\\/noticias-oposiciones\\\/calendario-de-dias-inhabiles-2019-para-computos-de-plazos-de-la-administracion-del-estado-y-sus-organismos-publicos\\\/\"},\"author\":{\"name\":\"Empleate\",\"@id\":\"https:\\\/\\\/www.emplea-te.com\\\/noticias-oposiciones\\\/#\\\/schema\\\/person\\\/d1bc587e1af2b95e9c32aba1795509a6\"},\"headline\":\"Calendario de d\u00edas inh\u00e1biles 2019 para c\u00f3mputos de plazos de la Administraci\u00f3n del Estado y sus Organismos P\u00fablicos.\",\"datePublished\":\"2018-12-11T23:00:00+00:00\",\"mainEntityOfPage\":{\"@id\":\"https:\\\/\\\/www.emplea-te.com\\\/noticias-oposiciones\\\/calendario-de-dias-inhabiles-2019-para-computos-de-plazos-de-la-administracion-del-estado-y-sus-organismos-publicos\\\/\"},\"wordCount\":188,\"commentCount\":0,\"publisher\":{\"@id\":\"https:\\\/\\\/www.emplea-te.com\\\/noticias-oposiciones\\\/#organization\"},\"inLanguage\":\"es\",\"potentialAction\":[{\"@type\":\"CommentAction\",\"name\":\"Comment\",\"target\":[\"https:\\\/\\\/www.emplea-te.com\\\/noticias-oposiciones\\\/calendario-de-dias-inhabiles-2019-para-computos-de-plazos-de-la-administracion-del-estado-y-sus-organismos-publicos\\\/#respond\"]}]},{\"@type\":\"WebPage\",\"@id\":\"https:\\\/\\\/www.emplea-te.com\\\/noticias-oposiciones\\\/calendario-de-dias-inhabiles-2019-para-computos-de-plazos-de-la-administracion-del-estado-y-sus-organismos-publicos\\\/\",\"url\":\"https:\\\/\\\/www.emplea-te.com\\\/noticias-oposiciones\\\/calendario-de-dias-inhabiles-2019-para-computos-de-plazos-de-la-administracion-del-estado-y-sus-organismos-publicos\\\/\",\"name\":\"Calendario de d\u00edas inh\u00e1biles 2019 para c\u00f3mputos de plazos de la Administraci\u00f3n del Estado y sus Organismos P\u00fablicos. - Noticas de oposiciones por Academia Emplea-te\",\"isPartOf\":{\"@id\":\"https:\\\/\\\/www.emplea-te.com\\\/noticias-oposiciones\\\/#website\"},\"datePublished\":\"2018-12-11T23:00:00+00:00\",\"description\":\"Publicado en el BOE el calendario con los d\u00edas Inh\u00e1biles de 2019 a efectos de c\u00f3mputo de plazos para la Administraci\u00f3n General del Estado y sus Organismos. Enlace BOE\",\"breadcrumb\":{\"@id\":\"https:\\\/\\\/www.emplea-te.com\\\/noticias-oposiciones\\\/calendario-de-dias-inhabiles-2019-para-computos-de-plazos-de-la-administracion-del-estado-y-sus-organismos-publicos\\\/#breadcrumb\"},\"inLanguage\":\"es\",\"potentialAction\":[{\"@type\":\"ReadAction\",\"target\":[\"https:\\\/\\\/www.emplea-te.com\\\/noticias-oposiciones\\\/calendario-de-dias-inhabiles-2019-para-computos-de-plazos-de-la-administracion-del-estado-y-sus-organismos-publicos\\\/\"]}]},{\"@type\":\"BreadcrumbList\",\"@id\":\"https:\\\/\\\/www.emplea-te.com\\\/noticias-oposiciones\\\/calendario-de-dias-inhabiles-2019-para-computos-de-plazos-de-la-administracion-del-estado-y-sus-organismos-publicos\\\/#breadcrumb\",\"itemListElement\":[{\"@type\":\"ListItem\",\"position\":1,\"name\":\"Noticias Oposiciones\",\"item\":\"https:\\\/\\\/www.emplea-te.com\\\/noticias-oposiciones\\\/\"},{\"@type\":\"ListItem\",\"position\":2,\"name\":\"Calendario de d\u00edas inh\u00e1biles 2019 para c\u00f3mputos de plazos de la Administraci\u00f3n del Estado y sus Organismos P\u00fablicos.\"}]},{\"@type\":\"WebSite\",\"@id\":\"https:\\\/\\\/www.emplea-te.com\\\/noticias-oposiciones\\\/#website\",\"url\":\"https:\\\/\\\/www.emplea-te.com\\\/noticias-oposiciones\\\/\",\"name\":\"Noticas de oposiciones por Academia Emplea-te\",\"description\":\"Toda la actualidad de las ofertas y convocatorias.\",\"publisher\":{\"@id\":\"https:\\\/\\\/www.emplea-te.com\\\/noticias-oposiciones\\\/#organization\"},\"potentialAction\":[{\"@type\":\"SearchAction\",\"target\":{\"@type\":\"EntryPoint\",\"urlTemplate\":\"https:\\\/\\\/www.emplea-te.com\\\/noticias-oposiciones\\\/?s={search_term_string}\"},\"query-input\":{\"@type\":\"PropertyValueSpecification\",\"valueRequired\":true,\"valueName\":\"search_term_string\"}}],\"inLanguage\":\"es\"},{\"@type\":\"Organization\",\"@id\":\"https:\\\/\\\/www.emplea-te.com\\\/noticias-oposiciones\\\/#organization\",\"name\":\"Academia de oposiciones Empl\u00e9ate\",\"url\":\"https:\\\/\\\/www.emplea-te.com\\\/noticias-oposiciones\\\/\",\"logo\":{\"@type\":\"ImageObject\",\"inLanguage\":\"es\",\"@id\":\"https:\\\/\\\/www.emplea-te.com\\\/noticias-oposiciones\\\/#\\\/schema\\\/logo\\\/image\\\/\",\"url\":\"https:\\\/\\\/www.emplea-te.com\\\/noticias-oposiciones\\\/wp-content\\\/uploads\\\/2019\\\/04\\\/empleate.jpg\",\"contentUrl\":\"https:\\\/\\\/www.emplea-te.com\\\/noticias-oposiciones\\\/wp-content\\\/uploads\\\/2019\\\/04\\\/empleate.jpg\",\"width\":250,\"height\":150,\"caption\":\"Academia de oposiciones Empl\u00e9ate\"},\"image\":{\"@id\":\"https:\\\/\\\/www.emplea-te.com\\\/noticias-oposiciones\\\/#\\\/schema\\\/logo\\\/image\\\/\"},\"sameAs\":[\"https:\\\/\\\/www.facebook.com\\\/AcademiaEmpleate\\\/\",\"https:\\\/\\\/x.com\\\/Emplea_Te\",\"https:\\\/\\\/www.instagram.com\\\/academia_empleate\\\/\"]},{\"@type\":\"Person\",\"@id\":\"https:\\\/\\\/www.emplea-te.com\\\/noticias-oposiciones\\\/#\\\/schema\\\/person\\\/d1bc587e1af2b95e9c32aba1795509a6\",\"name\":\"Empleate\"}]}<\/script>\n<!-- \/ Yoast SEO plugin. -->","yoast_head_json":{"title":"Calendario de d\u00edas inh\u00e1biles 2019 para c\u00f3mputos de plazos de la Administraci\u00f3n del Estado y sus Organismos P\u00fablicos.  - Noticas de oposiciones por Academia Emplea-te","description":"Publicado en el BOE el calendario con los d\u00edas Inh\u00e1biles de 2019 a efectos de c\u00f3mputo de plazos para la Administraci\u00f3n General del Estado y sus Organismos. Enlace BOE","robots":{"index":"index","follow":"follow","max-snippet":"max-snippet:-1","max-image-preview":"max-image-preview:large","max-video-preview":"max-video-preview:-1"},"canonical":"https:\/\/www.emplea-te.com\/noticias-oposiciones\/calendario-de-dias-inhabiles-2019-para-computos-de-plazos-de-la-administracion-del-estado-y-sus-organismos-publicos\/","og_locale":"es_ES","og_type":"article","og_title":"Calendario de d\u00edas inh\u00e1biles 2019 para c\u00f3mputos de plazos de la Administraci\u00f3n del Estado y sus Organismos P\u00fablicos.  - Noticas de oposiciones por Academia Emplea-te","og_description":"Publicado en el BOE el calendario con los d\u00edas Inh\u00e1biles de 2019 a efectos de c\u00f3mputo de plazos para la Administraci\u00f3n General del Estado y sus Organismos. Enlace BOE","og_url":"https:\/\/www.emplea-te.com\/noticias-oposiciones\/calendario-de-dias-inhabiles-2019-para-computos-de-plazos-de-la-administracion-del-estado-y-sus-organismos-publicos\/","og_site_name":"Noticas de oposiciones por Academia Emplea-te","article_publisher":"https:\/\/www.facebook.com\/AcademiaEmpleate\/","article_published_time":"2018-12-11T23:00:00+00:00","author":"Empleate","twitter_card":"summary_large_image","twitter_creator":"@Emplea_Te","twitter_site":"@Emplea_Te","twitter_misc":{"Escrito por":"Empleate","Tiempo de lectura":"1 minuto"},"schema":{"@context":"https:\/\/schema.org","@graph":[{"@type":"Article","@id":"https:\/\/www.emplea-te.com\/noticias-oposiciones\/calendario-de-dias-inhabiles-2019-para-computos-de-plazos-de-la-administracion-del-estado-y-sus-organismos-publicos\/#article","isPartOf":{"@id":"https:\/\/www.emplea-te.com\/noticias-oposiciones\/calendario-de-dias-inhabiles-2019-para-computos-de-plazos-de-la-administracion-del-estado-y-sus-organismos-publicos\/"},"author":{"name":"Empleate","@id":"https:\/\/www.emplea-te.com\/noticias-oposiciones\/#\/schema\/person\/d1bc587e1af2b95e9c32aba1795509a6"},"headline":"Calendario de d\u00edas inh\u00e1biles 2019 para c\u00f3mputos de plazos de la Administraci\u00f3n del Estado y sus Organismos P\u00fablicos.","datePublished":"2018-12-11T23:00:00+00:00","mainEntityOfPage":{"@id":"https:\/\/www.emplea-te.com\/noticias-oposiciones\/calendario-de-dias-inhabiles-2019-para-computos-de-plazos-de-la-administracion-del-estado-y-sus-organismos-publicos\/"},"wordCount":188,"commentCount":0,"publisher":{"@id":"https:\/\/www.emplea-te.com\/noticias-oposiciones\/#organization"},"inLanguage":"es","potentialAction":[{"@type":"CommentAction","name":"Comment","target":["https:\/\/www.emplea-te.com\/noticias-oposiciones\/calendario-de-dias-inhabiles-2019-para-computos-de-plazos-de-la-administracion-del-estado-y-sus-organismos-publicos\/#respond"]}]},{"@type":"WebPage","@id":"https:\/\/www.emplea-te.com\/noticias-oposiciones\/calendario-de-dias-inhabiles-2019-para-computos-de-plazos-de-la-administracion-del-estado-y-sus-organismos-publicos\/","url":"https:\/\/www.emplea-te.com\/noticias-oposiciones\/calendario-de-dias-inhabiles-2019-para-computos-de-plazos-de-la-administracion-del-estado-y-sus-organismos-publicos\/","name":"Calendario de d\u00edas inh\u00e1biles 2019 para c\u00f3mputos de plazos de la Administraci\u00f3n del Estado y sus Organismos P\u00fablicos. - Noticas de oposiciones por Academia Emplea-te","isPartOf":{"@id":"https:\/\/www.emplea-te.com\/noticias-oposiciones\/#website"},"datePublished":"2018-12-11T23:00:00+00:00","description":"Publicado en el BOE el calendario con los d\u00edas Inh\u00e1biles de 2019 a efectos de c\u00f3mputo de plazos para la Administraci\u00f3n General del Estado y sus Organismos. Enlace BOE","breadcrumb":{"@id":"https:\/\/www.emplea-te.com\/noticias-oposiciones\/calendario-de-dias-inhabiles-2019-para-computos-de-plazos-de-la-administracion-del-estado-y-sus-organismos-publicos\/#breadcrumb"},"inLanguage":"es","potentialAction":[{"@type":"ReadAction","target":["https:\/\/www.emplea-te.com\/noticias-oposiciones\/calendario-de-dias-inhabiles-2019-para-computos-de-plazos-de-la-administracion-del-estado-y-sus-organismos-publicos\/"]}]},{"@type":"BreadcrumbList","@id":"https:\/\/www.emplea-te.com\/noticias-oposiciones\/calendario-de-dias-inhabiles-2019-para-computos-de-plazos-de-la-administracion-del-estado-y-sus-organismos-publicos\/#breadcrumb","itemListElement":[{"@type":"ListItem","position":1,"name":"Noticias Oposiciones","item":"https:\/\/www.emplea-te.com\/noticias-oposiciones\/"},{"@type":"ListItem","position":2,"name":"Calendario de d\u00edas inh\u00e1biles 2019 para c\u00f3mputos de plazos de la Administraci\u00f3n del Estado y sus Organismos P\u00fablicos."}]},{"@type":"WebSite","@id":"https:\/\/www.emplea-te.com\/noticias-oposiciones\/#website","url":"https:\/\/www.emplea-te.com\/noticias-oposiciones\/","name":"Noticas de oposiciones por Academia Emplea-te","description":"Toda la actualidad de las ofertas y convocatorias.","publisher":{"@id":"https:\/\/www.emplea-te.com\/noticias-oposiciones\/#organization"},"potentialAction":[{"@type":"SearchAction","target":{"@type":"EntryPoint","urlTemplate":"https:\/\/www.emplea-te.com\/noticias-oposiciones\/?s={search_term_string}"},"query-input":{"@type":"PropertyValueSpecification","valueRequired":true,"valueName":"search_term_string"}}],"inLanguage":"es"},{"@type":"Organization","@id":"https:\/\/www.emplea-te.com\/noticias-oposiciones\/#organization","name":"Academia de oposiciones Empl\u00e9ate","url":"https:\/\/www.emplea-te.com\/noticias-oposiciones\/","logo":{"@type":"ImageObject","inLanguage":"es","@id":"https:\/\/www.emplea-te.com\/noticias-oposiciones\/#\/schema\/logo\/image\/","url":"https:\/\/www.emplea-te.com\/noticias-oposiciones\/wp-content\/uploads\/2019\/04\/empleate.jpg","contentUrl":"https:\/\/www.emplea-te.com\/noticias-oposiciones\/wp-content\/uploads\/2019\/04\/empleate.jpg","width":250,"height":150,"caption":"Academia de oposiciones Empl\u00e9ate"},"image":{"@id":"https:\/\/www.emplea-te.com\/noticias-oposiciones\/#\/schema\/logo\/image\/"},"sameAs":["https:\/\/www.facebook.com\/AcademiaEmpleate\/","https:\/\/x.com\/Emplea_Te","https:\/\/www.instagram.com\/academia_empleate\/"]},{"@type":"Person","@id":"https:\/\/www.emplea-te.com\/noticias-oposiciones\/#\/schema\/person\/d1bc587e1af2b95e9c32aba1795509a6","name":"Empleate"}]}},"_links":{"self":[{"href":"https:\/\/www.emplea-te.com\/noticias-oposiciones\/wp-json\/wp\/v2\/posts\/1274","targetHints":{"allow":["GET"]}}],"collection":[{"href":"https:\/\/www.emplea-te.com\/noticias-oposiciones\/wp-json\/wp\/v2\/posts"}],"about":[{"href":"https:\/\/www.emplea-te.com\/noticias-oposiciones\/wp-json\/wp\/v2\/types\/post"}],"author":[{"embeddable":true,"href":"https:\/\/www.emplea-te.com\/noticias-oposiciones\/wp-json\/wp\/v2\/users\/1"}],"replies":[{"embeddable":true,"href":"https:\/\/www.emplea-te.com\/noticias-oposiciones\/wp-json\/wp\/v2\/comments?post=1274"}],"version-history":[{"count":0,"href":"https:\/\/www.emplea-te.com\/noticias-oposiciones\/wp-json\/wp\/v2\/posts\/1274\/revisions"}],"wp:attachment":[{"href":"https:\/\/www.emplea-te.com\/noticias-oposiciones\/wp-json\/wp\/v2\/media?parent=1274"}],"wp:term":[{"taxonomy":"category","embeddable":true,"href":"https:\/\/www.emplea-te.com\/noticias-oposiciones\/wp-json\/wp\/v2\/categories?post=1274"},{"taxonomy":"post_tag","embeddable":true,"href":"https:\/\/www.emplea-te.com\/noticias-oposiciones\/wp-json\/wp\/v2\/tags?post=1274"}],"curies":[{"name":"wp","href":"https:\/\/api.w.org\/{rel}","templated":true}]}}