{"id":1275,"date":"2018-12-12T00:00:00","date_gmt":"2018-12-11T23:00:00","guid":{"rendered":"https:\/\/www.emplea-te.com\/noticias-oposiciones\/ayudante-de-instituciones-penitenciarias-fecha-lugar-y-hora-del-primer-ejercicio\/"},"modified":"2018-12-12T00:00:00","modified_gmt":"2018-12-11T23:00:00","slug":"ayudante-de-instituciones-penitenciarias-fecha-lugar-y-hora-del-primer-ejercicio","status":"publish","type":"post","link":"https:\/\/www.emplea-te.com\/noticias-oposiciones\/ayudante-de-instituciones-penitenciarias-fecha-lugar-y-hora-del-primer-ejercicio\/","title":{"rendered":"<br>Ayudante de Instituciones Penitenciarias. Fecha, lugar y hora del primer ejercicio."},"content":{"rendered":"<p>Ayudante de Instituciones Penitenciarias:<\/p>\n<p>Publicada hoy en el BOE: <\/p>\n<p>Resoluci\u00f3n de 29 de noviembre de 2018, de la Subsecretar\u00eda, por la que se aprueba la relaci\u00f3n provisional de admitidos y excluidos y se anuncia fecha, hora y lugar de celebraci\u00f3n del primer ejercicio de las pruebas selectivas para ingreso, por el sistema general de acceso libre, en el Cuerpo de Ayudantes de Instituciones Penitenciarias, convocadas por Resoluci\u00f3n de 26 de septiembre de 2018.<\/p>\n<p>Todos los opositores excluidos, as\u00ed como los omitidos por no figurar en la lista publicada disponen de un plazo de diez d\u00edas h\u00e1biles, contados a partir del siguiente al de la publicaci\u00f3n de esta Resoluci\u00f3n en el \u00abBolet\u00edn Oficial del Estado\u00bb, para subsanar los defectos que hayan motivado su exclusi\u00f3n u omisi\u00f3n. Los aspirantes que dentro del plazo se\u00f1alado no subsanen el error u omisi\u00f3n, justificando su derecho a estar incluidos en la relaci\u00f3n de admitidos, ser\u00e1n definitivamente excluidos de la realizaci\u00f3n de las pruebas selectivas.<br \/>Concluido el plazo se\u00f1alado, se har\u00e1 p\u00fablica la lista definitiva de aspirantes admitidos, que se expondr\u00e1n en los mismos Centros que se indican en el apartado segundo de esta Resoluci\u00f3n. Si no se hubieran realizado alegaciones o estas no hubieran sido tenidas en cuenta, la lista provisional de admitidos y excluidos adquirir\u00e1 car\u00e1cter definitivo.<\/p>\n<p>Publicar la lista provisional de excluidos del proceso de referencia (Anexo II), con expresi\u00f3n de las causas de exclusi\u00f3n(Anexo III). La lista provisional de admitidos (Anexo I), la lista provisional de excluidos(Anexo II) y las causas de exclusi\u00f3n (Anexo III), se expondr\u00e1 en las Delegaciones y Subdelegaciones del Gobierno, en la Secretaria Gral. de IIPP., en la Direcci\u00f3n Gral. de la Funci\u00f3n P\u00fablica, en el tel\u00e9fono 902150002 y en la web del Ministerio del Interior (<a href=\"http:\/\/www.interior.gob.es)\" target=\"\" rel=\"noopener noreferrer\">www.interior.gob.es)<\/a>.<\/p>\n<p>Se convoca a todos los aspirantes admitidos para la realizaci\u00f3n del primer ejercicio de la fase de oposici\u00f3n del Cuerpo de Ayudantes de Instituciones Penitenciarias, que se celebrar\u00e1 en Madrid el d\u00eda 27 de enero de 2019, a las 10:00 horas.<\/p>\n<p><a href=\"https:\/\/www.boe.es\/boe\/dias\/2018\/12\/12\/pdfs\/BOE-A-2018-16969.pdf\" target=\"_blank\" rel=\"nofollow noopener noreferrer\"><span class=\"wysiwyg-color-green\">Enlace resoluci\u00f3n BOE <\/span><\/a><\/p>\n<p><a href=\"https:\/\/www.emplea-te.com\/6\/oposiciones-de-prisiones\" target=\"_blank\" rel=\"nofollow noopener noreferrer\"><span class=\"wysiwyg-color-green\">Informaci\u00f3n de nuestros cursos presenciales grupales para preparar las oposiciones de Ayudante de Instituciones Penitenciarias<\/span><\/a><\/p>\n<\/p>\n<p><\/p>\n","protected":false},"excerpt":{"rendered":"<p>Ayudante de Instituciones Penitenciarias: Publicada hoy en el BOE: Resoluci\u00f3n de 29 de noviembre de 2018, de la Subsecretar\u00eda, por la que se aprueba la relaci\u00f3n provisional de admitidos y excluidos y se anuncia fecha, hora y lugar de celebraci\u00f3n del primer ejercicio de las pruebas selectivas para ingreso, por el sistema general de acceso &hellip; <a href=\"https:\/\/www.emplea-te.com\/noticias-oposiciones\/ayudante-de-instituciones-penitenciarias-fecha-lugar-y-hora-del-primer-ejercicio\/\" class=\"more-link\">Continuar leyendo<span class=\"screen-reader-text\"> \u00ab<br \/>Ayudante de Instituciones Penitenciarias. Fecha, lugar y hora del primer ejercicio.\u00bb<\/span><\/a><\/p>\n","protected":false},"author":1,"featured_media":0,"comment_status":"open","ping_status":"open","sticky":false,"template":"","format":"standard","meta":{"footnotes":""},"categories":[],"tags":[],"class_list":["post-1275","post","type-post","status-publish","format-standard","hentry"],"yoast_head":"<!-- This site is optimized with the Yoast SEO plugin v27.3 - https:\/\/yoast.com\/product\/yoast-seo-wordpress\/ -->\n<title>Ayudante de Instituciones Penitenciarias. Fecha, lugar y hora del primer ejercicio. - Noticas de oposiciones por Academia Emplea-te<\/title>\n<meta name=\"description\" content=\"Ayudante de instituciones penitenciarias. Hoy\u00b4, d\u00eda 12 de Diciembre de 2018, se ha publicado en el BOE la relaci\u00f3n provisional de admitidos y excluidos en proceso selectivo , la fecha, el lugar y la hora del primer ejercicio. Enlace Resoluci\u00f3n BOE\" \/>\n<meta name=\"robots\" content=\"index, follow, max-snippet:-1, max-image-preview:large, max-video-preview:-1\" \/>\n<link rel=\"canonical\" href=\"https:\/\/www.emplea-te.com\/noticias-oposiciones\/ayudante-de-instituciones-penitenciarias-fecha-lugar-y-hora-del-primer-ejercicio\/\" \/>\n<meta property=\"og:locale\" content=\"es_ES\" \/>\n<meta property=\"og:type\" content=\"article\" \/>\n<meta property=\"og:title\" content=\"Ayudante de Instituciones Penitenciarias. Fecha, lugar y hora del primer ejercicio. - Noticas de oposiciones por Academia Emplea-te\" \/>\n<meta property=\"og:description\" content=\"Ayudante de instituciones penitenciarias. Hoy\u00b4, d\u00eda 12 de Diciembre de 2018, se ha publicado en el BOE la relaci\u00f3n provisional de admitidos y excluidos en proceso selectivo , la fecha, el lugar y la hora del primer ejercicio. Enlace Resoluci\u00f3n BOE\" \/>\n<meta property=\"og:url\" content=\"https:\/\/www.emplea-te.com\/noticias-oposiciones\/ayudante-de-instituciones-penitenciarias-fecha-lugar-y-hora-del-primer-ejercicio\/\" \/>\n<meta property=\"og:site_name\" content=\"Noticas de oposiciones por Academia Emplea-te\" \/>\n<meta property=\"article:publisher\" content=\"https:\/\/www.facebook.com\/AcademiaEmpleate\/\" \/>\n<meta property=\"article:published_time\" content=\"2018-12-11T23:00:00+00:00\" \/>\n<meta name=\"author\" content=\"Empleate\" \/>\n<meta name=\"twitter:card\" content=\"summary_large_image\" \/>\n<meta name=\"twitter:creator\" content=\"@Emplea_Te\" \/>\n<meta name=\"twitter:site\" content=\"@Emplea_Te\" \/>\n<meta name=\"twitter:label1\" content=\"Escrito por\" \/>\n\t<meta name=\"twitter:data1\" content=\"Empleate\" \/>\n\t<meta name=\"twitter:label2\" content=\"Tiempo de lectura\" \/>\n\t<meta name=\"twitter:data2\" content=\"2 minutos\" \/>\n<script type=\"application\/ld+json\" class=\"yoast-schema-graph\">{\"@context\":\"https:\\\/\\\/schema.org\",\"@graph\":[{\"@type\":\"Article\",\"@id\":\"https:\\\/\\\/www.emplea-te.com\\\/noticias-oposiciones\\\/ayudante-de-instituciones-penitenciarias-fecha-lugar-y-hora-del-primer-ejercicio\\\/#article\",\"isPartOf\":{\"@id\":\"https:\\\/\\\/www.emplea-te.com\\\/noticias-oposiciones\\\/ayudante-de-instituciones-penitenciarias-fecha-lugar-y-hora-del-primer-ejercicio\\\/\"},\"author\":{\"name\":\"Empleate\",\"@id\":\"https:\\\/\\\/www.emplea-te.com\\\/noticias-oposiciones\\\/#\\\/schema\\\/person\\\/d1bc587e1af2b95e9c32aba1795509a6\"},\"headline\":\"Ayudante de Instituciones Penitenciarias. Fecha, lugar y hora del primer ejercicio.\",\"datePublished\":\"2018-12-11T23:00:00+00:00\",\"mainEntityOfPage\":{\"@id\":\"https:\\\/\\\/www.emplea-te.com\\\/noticias-oposiciones\\\/ayudante-de-instituciones-penitenciarias-fecha-lugar-y-hora-del-primer-ejercicio\\\/\"},\"wordCount\":390,\"commentCount\":0,\"publisher\":{\"@id\":\"https:\\\/\\\/www.emplea-te.com\\\/noticias-oposiciones\\\/#organization\"},\"inLanguage\":\"es\",\"potentialAction\":[{\"@type\":\"CommentAction\",\"name\":\"Comment\",\"target\":[\"https:\\\/\\\/www.emplea-te.com\\\/noticias-oposiciones\\\/ayudante-de-instituciones-penitenciarias-fecha-lugar-y-hora-del-primer-ejercicio\\\/#respond\"]}]},{\"@type\":\"WebPage\",\"@id\":\"https:\\\/\\\/www.emplea-te.com\\\/noticias-oposiciones\\\/ayudante-de-instituciones-penitenciarias-fecha-lugar-y-hora-del-primer-ejercicio\\\/\",\"url\":\"https:\\\/\\\/www.emplea-te.com\\\/noticias-oposiciones\\\/ayudante-de-instituciones-penitenciarias-fecha-lugar-y-hora-del-primer-ejercicio\\\/\",\"name\":\"Ayudante de Instituciones Penitenciarias. Fecha, lugar y hora del primer ejercicio. - Noticas de oposiciones por Academia Emplea-te\",\"isPartOf\":{\"@id\":\"https:\\\/\\\/www.emplea-te.com\\\/noticias-oposiciones\\\/#website\"},\"datePublished\":\"2018-12-11T23:00:00+00:00\",\"description\":\"Ayudante de instituciones penitenciarias. Hoy\u00b4, d\u00eda 12 de Diciembre de 2018, se ha publicado en el BOE la relaci\u00f3n provisional de admitidos y excluidos en proceso selectivo , la fecha, el lugar y la hora del primer ejercicio. Enlace Resoluci\u00f3n BOE\",\"breadcrumb\":{\"@id\":\"https:\\\/\\\/www.emplea-te.com\\\/noticias-oposiciones\\\/ayudante-de-instituciones-penitenciarias-fecha-lugar-y-hora-del-primer-ejercicio\\\/#breadcrumb\"},\"inLanguage\":\"es\",\"potentialAction\":[{\"@type\":\"ReadAction\",\"target\":[\"https:\\\/\\\/www.emplea-te.com\\\/noticias-oposiciones\\\/ayudante-de-instituciones-penitenciarias-fecha-lugar-y-hora-del-primer-ejercicio\\\/\"]}]},{\"@type\":\"BreadcrumbList\",\"@id\":\"https:\\\/\\\/www.emplea-te.com\\\/noticias-oposiciones\\\/ayudante-de-instituciones-penitenciarias-fecha-lugar-y-hora-del-primer-ejercicio\\\/#breadcrumb\",\"itemListElement\":[{\"@type\":\"ListItem\",\"position\":1,\"name\":\"Noticias Oposiciones\",\"item\":\"https:\\\/\\\/www.emplea-te.com\\\/noticias-oposiciones\\\/\"},{\"@type\":\"ListItem\",\"position\":2,\"name\":\"Ayudante de Instituciones Penitenciarias. Fecha, lugar y hora del primer ejercicio.\"}]},{\"@type\":\"WebSite\",\"@id\":\"https:\\\/\\\/www.emplea-te.com\\\/noticias-oposiciones\\\/#website\",\"url\":\"https:\\\/\\\/www.emplea-te.com\\\/noticias-oposiciones\\\/\",\"name\":\"Noticas de oposiciones por Academia Emplea-te\",\"description\":\"Toda la actualidad de las ofertas y convocatorias.\",\"publisher\":{\"@id\":\"https:\\\/\\\/www.emplea-te.com\\\/noticias-oposiciones\\\/#organization\"},\"potentialAction\":[{\"@type\":\"SearchAction\",\"target\":{\"@type\":\"EntryPoint\",\"urlTemplate\":\"https:\\\/\\\/www.emplea-te.com\\\/noticias-oposiciones\\\/?s={search_term_string}\"},\"query-input\":{\"@type\":\"PropertyValueSpecification\",\"valueRequired\":true,\"valueName\":\"search_term_string\"}}],\"inLanguage\":\"es\"},{\"@type\":\"Organization\",\"@id\":\"https:\\\/\\\/www.emplea-te.com\\\/noticias-oposiciones\\\/#organization\",\"name\":\"Academia de oposiciones Empl\u00e9ate\",\"url\":\"https:\\\/\\\/www.emplea-te.com\\\/noticias-oposiciones\\\/\",\"logo\":{\"@type\":\"ImageObject\",\"inLanguage\":\"es\",\"@id\":\"https:\\\/\\\/www.emplea-te.com\\\/noticias-oposiciones\\\/#\\\/schema\\\/logo\\\/image\\\/\",\"url\":\"https:\\\/\\\/www.emplea-te.com\\\/noticias-oposiciones\\\/wp-content\\\/uploads\\\/2019\\\/04\\\/empleate.jpg\",\"contentUrl\":\"https:\\\/\\\/www.emplea-te.com\\\/noticias-oposiciones\\\/wp-content\\\/uploads\\\/2019\\\/04\\\/empleate.jpg\",\"width\":250,\"height\":150,\"caption\":\"Academia de oposiciones Empl\u00e9ate\"},\"image\":{\"@id\":\"https:\\\/\\\/www.emplea-te.com\\\/noticias-oposiciones\\\/#\\\/schema\\\/logo\\\/image\\\/\"},\"sameAs\":[\"https:\\\/\\\/www.facebook.com\\\/AcademiaEmpleate\\\/\",\"https:\\\/\\\/x.com\\\/Emplea_Te\",\"https:\\\/\\\/www.instagram.com\\\/academia_empleate\\\/\"]},{\"@type\":\"Person\",\"@id\":\"https:\\\/\\\/www.emplea-te.com\\\/noticias-oposiciones\\\/#\\\/schema\\\/person\\\/d1bc587e1af2b95e9c32aba1795509a6\",\"name\":\"Empleate\"}]}<\/script>\n<!-- \/ Yoast SEO plugin. -->","yoast_head_json":{"title":"Ayudante de Instituciones Penitenciarias. Fecha, lugar y hora del primer ejercicio. - Noticas de oposiciones por Academia Emplea-te","description":"Ayudante de instituciones penitenciarias. Hoy\u00b4, d\u00eda 12 de Diciembre de 2018, se ha publicado en el BOE la relaci\u00f3n provisional de admitidos y excluidos en proceso selectivo , la fecha, el lugar y la hora del primer ejercicio. Enlace Resoluci\u00f3n BOE","robots":{"index":"index","follow":"follow","max-snippet":"max-snippet:-1","max-image-preview":"max-image-preview:large","max-video-preview":"max-video-preview:-1"},"canonical":"https:\/\/www.emplea-te.com\/noticias-oposiciones\/ayudante-de-instituciones-penitenciarias-fecha-lugar-y-hora-del-primer-ejercicio\/","og_locale":"es_ES","og_type":"article","og_title":"Ayudante de Instituciones Penitenciarias. Fecha, lugar y hora del primer ejercicio. - Noticas de oposiciones por Academia Emplea-te","og_description":"Ayudante de instituciones penitenciarias. Hoy\u00b4, d\u00eda 12 de Diciembre de 2018, se ha publicado en el BOE la relaci\u00f3n provisional de admitidos y excluidos en proceso selectivo , la fecha, el lugar y la hora del primer ejercicio. Enlace Resoluci\u00f3n BOE","og_url":"https:\/\/www.emplea-te.com\/noticias-oposiciones\/ayudante-de-instituciones-penitenciarias-fecha-lugar-y-hora-del-primer-ejercicio\/","og_site_name":"Noticas de oposiciones por Academia Emplea-te","article_publisher":"https:\/\/www.facebook.com\/AcademiaEmpleate\/","article_published_time":"2018-12-11T23:00:00+00:00","author":"Empleate","twitter_card":"summary_large_image","twitter_creator":"@Emplea_Te","twitter_site":"@Emplea_Te","twitter_misc":{"Escrito por":"Empleate","Tiempo de lectura":"2 minutos"},"schema":{"@context":"https:\/\/schema.org","@graph":[{"@type":"Article","@id":"https:\/\/www.emplea-te.com\/noticias-oposiciones\/ayudante-de-instituciones-penitenciarias-fecha-lugar-y-hora-del-primer-ejercicio\/#article","isPartOf":{"@id":"https:\/\/www.emplea-te.com\/noticias-oposiciones\/ayudante-de-instituciones-penitenciarias-fecha-lugar-y-hora-del-primer-ejercicio\/"},"author":{"name":"Empleate","@id":"https:\/\/www.emplea-te.com\/noticias-oposiciones\/#\/schema\/person\/d1bc587e1af2b95e9c32aba1795509a6"},"headline":"Ayudante de Instituciones Penitenciarias. Fecha, lugar y hora del primer ejercicio.","datePublished":"2018-12-11T23:00:00+00:00","mainEntityOfPage":{"@id":"https:\/\/www.emplea-te.com\/noticias-oposiciones\/ayudante-de-instituciones-penitenciarias-fecha-lugar-y-hora-del-primer-ejercicio\/"},"wordCount":390,"commentCount":0,"publisher":{"@id":"https:\/\/www.emplea-te.com\/noticias-oposiciones\/#organization"},"inLanguage":"es","potentialAction":[{"@type":"CommentAction","name":"Comment","target":["https:\/\/www.emplea-te.com\/noticias-oposiciones\/ayudante-de-instituciones-penitenciarias-fecha-lugar-y-hora-del-primer-ejercicio\/#respond"]}]},{"@type":"WebPage","@id":"https:\/\/www.emplea-te.com\/noticias-oposiciones\/ayudante-de-instituciones-penitenciarias-fecha-lugar-y-hora-del-primer-ejercicio\/","url":"https:\/\/www.emplea-te.com\/noticias-oposiciones\/ayudante-de-instituciones-penitenciarias-fecha-lugar-y-hora-del-primer-ejercicio\/","name":"Ayudante de Instituciones Penitenciarias. Fecha, lugar y hora del primer ejercicio. - Noticas de oposiciones por Academia Emplea-te","isPartOf":{"@id":"https:\/\/www.emplea-te.com\/noticias-oposiciones\/#website"},"datePublished":"2018-12-11T23:00:00+00:00","description":"Ayudante de instituciones penitenciarias. Hoy\u00b4, d\u00eda 12 de Diciembre de 2018, se ha publicado en el BOE la relaci\u00f3n provisional de admitidos y excluidos en proceso selectivo , la fecha, el lugar y la hora del primer ejercicio. Enlace Resoluci\u00f3n BOE","breadcrumb":{"@id":"https:\/\/www.emplea-te.com\/noticias-oposiciones\/ayudante-de-instituciones-penitenciarias-fecha-lugar-y-hora-del-primer-ejercicio\/#breadcrumb"},"inLanguage":"es","potentialAction":[{"@type":"ReadAction","target":["https:\/\/www.emplea-te.com\/noticias-oposiciones\/ayudante-de-instituciones-penitenciarias-fecha-lugar-y-hora-del-primer-ejercicio\/"]}]},{"@type":"BreadcrumbList","@id":"https:\/\/www.emplea-te.com\/noticias-oposiciones\/ayudante-de-instituciones-penitenciarias-fecha-lugar-y-hora-del-primer-ejercicio\/#breadcrumb","itemListElement":[{"@type":"ListItem","position":1,"name":"Noticias Oposiciones","item":"https:\/\/www.emplea-te.com\/noticias-oposiciones\/"},{"@type":"ListItem","position":2,"name":"Ayudante de Instituciones Penitenciarias. Fecha, lugar y hora del primer ejercicio."}]},{"@type":"WebSite","@id":"https:\/\/www.emplea-te.com\/noticias-oposiciones\/#website","url":"https:\/\/www.emplea-te.com\/noticias-oposiciones\/","name":"Noticas de oposiciones por Academia Emplea-te","description":"Toda la actualidad de las ofertas y convocatorias.","publisher":{"@id":"https:\/\/www.emplea-te.com\/noticias-oposiciones\/#organization"},"potentialAction":[{"@type":"SearchAction","target":{"@type":"EntryPoint","urlTemplate":"https:\/\/www.emplea-te.com\/noticias-oposiciones\/?s={search_term_string}"},"query-input":{"@type":"PropertyValueSpecification","valueRequired":true,"valueName":"search_term_string"}}],"inLanguage":"es"},{"@type":"Organization","@id":"https:\/\/www.emplea-te.com\/noticias-oposiciones\/#organization","name":"Academia de oposiciones Empl\u00e9ate","url":"https:\/\/www.emplea-te.com\/noticias-oposiciones\/","logo":{"@type":"ImageObject","inLanguage":"es","@id":"https:\/\/www.emplea-te.com\/noticias-oposiciones\/#\/schema\/logo\/image\/","url":"https:\/\/www.emplea-te.com\/noticias-oposiciones\/wp-content\/uploads\/2019\/04\/empleate.jpg","contentUrl":"https:\/\/www.emplea-te.com\/noticias-oposiciones\/wp-content\/uploads\/2019\/04\/empleate.jpg","width":250,"height":150,"caption":"Academia de oposiciones Empl\u00e9ate"},"image":{"@id":"https:\/\/www.emplea-te.com\/noticias-oposiciones\/#\/schema\/logo\/image\/"},"sameAs":["https:\/\/www.facebook.com\/AcademiaEmpleate\/","https:\/\/x.com\/Emplea_Te","https:\/\/www.instagram.com\/academia_empleate\/"]},{"@type":"Person","@id":"https:\/\/www.emplea-te.com\/noticias-oposiciones\/#\/schema\/person\/d1bc587e1af2b95e9c32aba1795509a6","name":"Empleate"}]}},"_links":{"self":[{"href":"https:\/\/www.emplea-te.com\/noticias-oposiciones\/wp-json\/wp\/v2\/posts\/1275","targetHints":{"allow":["GET"]}}],"collection":[{"href":"https:\/\/www.emplea-te.com\/noticias-oposiciones\/wp-json\/wp\/v2\/posts"}],"about":[{"href":"https:\/\/www.emplea-te.com\/noticias-oposiciones\/wp-json\/wp\/v2\/types\/post"}],"author":[{"embeddable":true,"href":"https:\/\/www.emplea-te.com\/noticias-oposiciones\/wp-json\/wp\/v2\/users\/1"}],"replies":[{"embeddable":true,"href":"https:\/\/www.emplea-te.com\/noticias-oposiciones\/wp-json\/wp\/v2\/comments?post=1275"}],"version-history":[{"count":0,"href":"https:\/\/www.emplea-te.com\/noticias-oposiciones\/wp-json\/wp\/v2\/posts\/1275\/revisions"}],"wp:attachment":[{"href":"https:\/\/www.emplea-te.com\/noticias-oposiciones\/wp-json\/wp\/v2\/media?parent=1275"}],"wp:term":[{"taxonomy":"category","embeddable":true,"href":"https:\/\/www.emplea-te.com\/noticias-oposiciones\/wp-json\/wp\/v2\/categories?post=1275"},{"taxonomy":"post_tag","embeddable":true,"href":"https:\/\/www.emplea-te.com\/noticias-oposiciones\/wp-json\/wp\/v2\/tags?post=1275"}],"curies":[{"name":"wp","href":"https:\/\/api.w.org\/{rel}","templated":true}]}}