{"id":12802,"date":"2024-07-16T09:43:20","date_gmt":"2024-07-16T07:43:20","guid":{"rendered":"https:\/\/www.emplea-te.com\/noticias-oposiciones\/?p=12802"},"modified":"2024-07-16T09:43:20","modified_gmt":"2024-07-16T07:43:20","slug":"seguridad-social-2-500-plazas-convocadas-administrativo-c1-turno-libre-relacion-provisional-de-aspirantes-admitidos-y-excluidos-en-proceso-selectivo","status":"publish","type":"post","link":"https:\/\/www.emplea-te.com\/noticias-oposiciones\/seguridad-social-2-500-plazas-convocadas-administrativo-c1-turno-libre-relacion-provisional-de-aspirantes-admitidos-y-excluidos-en-proceso-selectivo\/","title":{"rendered":"Seguridad Social. 2.500 plazas convocadas Administrativo C1 turno libre. Relaci\u00f3n provisional de aspirantes admitidos y excluidos en proceso selectivo."},"content":{"rendered":"<p>Se publica en el BOE de hoy, d\u00eda 16 de julio de 2024, la Resoluci\u00f3n\u00a0por la que se aprueba la relaci\u00f3n provisional de personas admitidas y excluidas del proceso selectivo para ingreso, por el sistema general de acceso libre y promoci\u00f3n interna, en el Cuerpo Administrativo de la Administraci\u00f3n de la Seguridad Social, convocado por Resoluci\u00f3n de 25 de mayo de 2024.<\/p>\n<p>\u00bfD\u00f3nde se puede consultar esta relaci\u00f3n?<\/p>\n<p>Las relaciones completas de aspirantes se encontrar\u00e1n expuestas en la p\u00e1gina web www.administracion.gob.es y en la p\u00e1gina <a href=\"https:\/\/www.seg-social.es\/wps\/portal\/wss\/internet\/InformacionUtil\/9950\/089697ff-6623-45e6-b54c-af7593a65770\/9a52f7f4-ab37-4f69-846d-0aec5923a143\/93e196f6-08ba-4bec-acdb-0890341f287c\" target=\"_blank\" rel=\"noopener\"><strong>web www.seg-social.es \/ Informaci\u00f3n \u00fatil\/Oferta P\u00fablica de Empleo.<\/strong><\/a><\/p>\n<p>Plazo de presentaci\u00f3n de alegaciones:<\/p>\n<p>Tanto los opositores excluidos como los omitidos por no figurar en las relaciones de admitidos ni en las de excluidos, dispondr\u00e1n de un plazo de diez d\u00edas h\u00e1biles, contados a partir del siguiente al de la publicaci\u00f3n de esta resoluci\u00f3n en el BOE, para subsanar los defectos que hayan motivado su no admisi\u00f3n o la omisi\u00f3n en las relaciones de admitidos y excluidos. Por tanto este plazo permanecer\u00e1 abierto desde el d\u00eda 17\/07\/2024 hasta el d\u00eda 30\/07\/2024 ambos d\u00edas inclusive.<\/p>\n<p><a href=\"https:\/\/www.boe.es\/boe\/dias\/2024\/07\/16\/pdfs\/BOE-A-2024-14560.pdf\" target=\"_blank\" rel=\"noopener\"><strong>Accede a la Resoluci\u00f3n con su contenido \u00edntegro desde este enlace.\u00a0<\/strong><\/a><\/p>\n<p><a href=\"https:\/\/www.emplea-te.com\/121-oposiciones-administrativo-c1-de-la-seguridad-social\" target=\"_blank\" rel=\"noopener\"><strong>Prepara tu plaza de Administrativo de la Seguridad Social en nuestros cursos de oposiciones.<\/strong><\/a><br \/>\n\u00a1Adem\u00e1s de estas plazas ya convocadas, est\u00e1n ofertadas 1.250 m\u00e1s de la OEP 2024 que no est\u00e1n convocadas por el momento!<\/p>\n","protected":false},"excerpt":{"rendered":"<p>Se publica en el BOE de hoy, d\u00eda 16 de julio de 2024, la Resoluci\u00f3n\u00a0por la que se aprueba la relaci\u00f3n provisional de personas admitidas y excluidas del proceso selectivo para ingreso, por el sistema general de acceso libre y promoci\u00f3n interna, en el Cuerpo Administrativo de la Administraci\u00f3n de la Seguridad Social, convocado por &hellip; <a href=\"https:\/\/www.emplea-te.com\/noticias-oposiciones\/seguridad-social-2-500-plazas-convocadas-administrativo-c1-turno-libre-relacion-provisional-de-aspirantes-admitidos-y-excluidos-en-proceso-selectivo\/\" class=\"more-link\">Continuar leyendo<span class=\"screen-reader-text\"> \u00abSeguridad Social. 2.500 plazas convocadas Administrativo C1 turno libre. Relaci\u00f3n provisional de aspirantes admitidos y excluidos en proceso selectivo.\u00bb<\/span><\/a><\/p>\n","protected":false},"author":1,"featured_media":0,"comment_status":"closed","ping_status":"closed","sticky":false,"template":"","format":"standard","meta":{"footnotes":""},"categories":[47,140,7],"tags":[103,70],"class_list":["post-12802","post","type-post","status-publish","format-standard","hentry","category-administracion-general-del-estado","category-administrativo-seguridad-social","category-oposiciones-administracion-general-del-estado","tag-informacion-procesos-selectivos","tag-listas-provisionales-admitidos-y-excluidos"],"yoast_head":"<!-- This site is optimized with the Yoast SEO plugin v27.5 - https:\/\/yoast.com\/product\/yoast-seo-wordpress\/ -->\n<title>Seguridad Social. 2.500 plazas convocadas Administrativo C1.<\/title>\n<meta name=\"description\" content=\"Seguridad Social. 2.500 plazas convocadas Administrativo C1 turno libre. Relaci\u00f3n provisional de aspirantes admitidos y excluidos en proceso selectivo.\" \/>\n<meta name=\"robots\" content=\"index, follow, max-snippet:-1, max-image-preview:large, max-video-preview:-1\" \/>\n<link rel=\"canonical\" href=\"https:\/\/www.emplea-te.com\/noticias-oposiciones\/seguridad-social-2-500-plazas-convocadas-administrativo-c1-turno-libre-relacion-provisional-de-aspirantes-admitidos-y-excluidos-en-proceso-selectivo\/\" \/>\n<meta property=\"og:locale\" content=\"es_ES\" \/>\n<meta property=\"og:type\" content=\"article\" \/>\n<meta property=\"og:title\" content=\"Seguridad Social. 2.500 plazas convocadas Administrativo C1.\" \/>\n<meta property=\"og:description\" content=\"Seguridad Social. 2.500 plazas convocadas Administrativo C1 turno libre. Relaci\u00f3n provisional de aspirantes admitidos y excluidos en proceso selectivo.\" \/>\n<meta property=\"og:url\" content=\"https:\/\/www.emplea-te.com\/noticias-oposiciones\/seguridad-social-2-500-plazas-convocadas-administrativo-c1-turno-libre-relacion-provisional-de-aspirantes-admitidos-y-excluidos-en-proceso-selectivo\/\" \/>\n<meta property=\"og:site_name\" content=\"Noticas de oposiciones por Academia Emplea-te\" \/>\n<meta property=\"article:publisher\" content=\"https:\/\/www.facebook.com\/AcademiaEmpleate\/\" \/>\n<meta property=\"article:published_time\" content=\"2024-07-16T07:43:20+00:00\" \/>\n<meta name=\"author\" content=\"Empleate\" \/>\n<meta name=\"twitter:card\" content=\"summary_large_image\" \/>\n<meta name=\"twitter:creator\" content=\"@Emplea_Te\" \/>\n<meta name=\"twitter:site\" content=\"@Emplea_Te\" \/>\n<meta name=\"twitter:label1\" content=\"Escrito por\" \/>\n\t<meta name=\"twitter:data1\" content=\"Empleate\" \/>\n\t<meta name=\"twitter:label2\" content=\"Tiempo de lectura\" \/>\n\t<meta name=\"twitter:data2\" content=\"2 minutos\" \/>\n<script type=\"application\/ld+json\" class=\"yoast-schema-graph\">{\"@context\":\"https:\\\/\\\/schema.org\",\"@graph\":[{\"@type\":\"Article\",\"@id\":\"https:\\\/\\\/www.emplea-te.com\\\/noticias-oposiciones\\\/seguridad-social-2-500-plazas-convocadas-administrativo-c1-turno-libre-relacion-provisional-de-aspirantes-admitidos-y-excluidos-en-proceso-selectivo\\\/#article\",\"isPartOf\":{\"@id\":\"https:\\\/\\\/www.emplea-te.com\\\/noticias-oposiciones\\\/seguridad-social-2-500-plazas-convocadas-administrativo-c1-turno-libre-relacion-provisional-de-aspirantes-admitidos-y-excluidos-en-proceso-selectivo\\\/\"},\"author\":{\"name\":\"Empleate\",\"@id\":\"https:\\\/\\\/www.emplea-te.com\\\/noticias-oposiciones\\\/#\\\/schema\\\/person\\\/d1bc587e1af2b95e9c32aba1795509a6\"},\"headline\":\"Seguridad Social. 2.500 plazas convocadas Administrativo C1 turno libre. Relaci\u00f3n provisional de aspirantes admitidos y excluidos en proceso selectivo.\",\"datePublished\":\"2024-07-16T07:43:20+00:00\",\"mainEntityOfPage\":{\"@id\":\"https:\\\/\\\/www.emplea-te.com\\\/noticias-oposiciones\\\/seguridad-social-2-500-plazas-convocadas-administrativo-c1-turno-libre-relacion-provisional-de-aspirantes-admitidos-y-excluidos-en-proceso-selectivo\\\/\"},\"wordCount\":270,\"publisher\":{\"@id\":\"https:\\\/\\\/www.emplea-te.com\\\/noticias-oposiciones\\\/#organization\"},\"keywords\":[\"Informaci\u00f3n procesos selectivos\",\"Listas provisionales admitidos y excluidos\"],\"articleSection\":[\"Administraci\u00f3n General del Estado.\",\"administrativo seguridad social\",\"Oposiciones Administraci\u00f3n General del Estado\"],\"inLanguage\":\"es\"},{\"@type\":\"WebPage\",\"@id\":\"https:\\\/\\\/www.emplea-te.com\\\/noticias-oposiciones\\\/seguridad-social-2-500-plazas-convocadas-administrativo-c1-turno-libre-relacion-provisional-de-aspirantes-admitidos-y-excluidos-en-proceso-selectivo\\\/\",\"url\":\"https:\\\/\\\/www.emplea-te.com\\\/noticias-oposiciones\\\/seguridad-social-2-500-plazas-convocadas-administrativo-c1-turno-libre-relacion-provisional-de-aspirantes-admitidos-y-excluidos-en-proceso-selectivo\\\/\",\"name\":\"Seguridad Social. 2.500 plazas convocadas Administrativo C1.\",\"isPartOf\":{\"@id\":\"https:\\\/\\\/www.emplea-te.com\\\/noticias-oposiciones\\\/#website\"},\"datePublished\":\"2024-07-16T07:43:20+00:00\",\"description\":\"Seguridad Social. 2.500 plazas convocadas Administrativo C1 turno libre. Relaci\u00f3n provisional de aspirantes admitidos y excluidos en proceso selectivo.\",\"breadcrumb\":{\"@id\":\"https:\\\/\\\/www.emplea-te.com\\\/noticias-oposiciones\\\/seguridad-social-2-500-plazas-convocadas-administrativo-c1-turno-libre-relacion-provisional-de-aspirantes-admitidos-y-excluidos-en-proceso-selectivo\\\/#breadcrumb\"},\"inLanguage\":\"es\",\"potentialAction\":[{\"@type\":\"ReadAction\",\"target\":[\"https:\\\/\\\/www.emplea-te.com\\\/noticias-oposiciones\\\/seguridad-social-2-500-plazas-convocadas-administrativo-c1-turno-libre-relacion-provisional-de-aspirantes-admitidos-y-excluidos-en-proceso-selectivo\\\/\"]}]},{\"@type\":\"BreadcrumbList\",\"@id\":\"https:\\\/\\\/www.emplea-te.com\\\/noticias-oposiciones\\\/seguridad-social-2-500-plazas-convocadas-administrativo-c1-turno-libre-relacion-provisional-de-aspirantes-admitidos-y-excluidos-en-proceso-selectivo\\\/#breadcrumb\",\"itemListElement\":[{\"@type\":\"ListItem\",\"position\":1,\"name\":\"Noticias Oposiciones\",\"item\":\"https:\\\/\\\/www.emplea-te.com\\\/noticias-oposiciones\\\/\"},{\"@type\":\"ListItem\",\"position\":2,\"name\":\"administrativo seguridad social\",\"item\":\"https:\\\/\\\/www.emplea-te.com\\\/noticias-oposiciones\\\/categoria\\\/administrativo-seguridad-social\\\/\"},{\"@type\":\"ListItem\",\"position\":3,\"name\":\"Seguridad Social. 2.500 plazas convocadas Administrativo C1 turno libre. Relaci\u00f3n provisional de aspirantes admitidos y excluidos en proceso selectivo.\"}]},{\"@type\":\"WebSite\",\"@id\":\"https:\\\/\\\/www.emplea-te.com\\\/noticias-oposiciones\\\/#website\",\"url\":\"https:\\\/\\\/www.emplea-te.com\\\/noticias-oposiciones\\\/\",\"name\":\"Noticas de oposiciones por Academia Emplea-te\",\"description\":\"Toda la actualidad de las ofertas y convocatorias.\",\"publisher\":{\"@id\":\"https:\\\/\\\/www.emplea-te.com\\\/noticias-oposiciones\\\/#organization\"},\"potentialAction\":[{\"@type\":\"SearchAction\",\"target\":{\"@type\":\"EntryPoint\",\"urlTemplate\":\"https:\\\/\\\/www.emplea-te.com\\\/noticias-oposiciones\\\/?s={search_term_string}\"},\"query-input\":{\"@type\":\"PropertyValueSpecification\",\"valueRequired\":true,\"valueName\":\"search_term_string\"}}],\"inLanguage\":\"es\"},{\"@type\":\"Organization\",\"@id\":\"https:\\\/\\\/www.emplea-te.com\\\/noticias-oposiciones\\\/#organization\",\"name\":\"Academia de oposiciones Empl\u00e9ate\",\"url\":\"https:\\\/\\\/www.emplea-te.com\\\/noticias-oposiciones\\\/\",\"logo\":{\"@type\":\"ImageObject\",\"inLanguage\":\"es\",\"@id\":\"https:\\\/\\\/www.emplea-te.com\\\/noticias-oposiciones\\\/#\\\/schema\\\/logo\\\/image\\\/\",\"url\":\"https:\\\/\\\/www.emplea-te.com\\\/noticias-oposiciones\\\/wp-content\\\/uploads\\\/2019\\\/04\\\/empleate.jpg\",\"contentUrl\":\"https:\\\/\\\/www.emplea-te.com\\\/noticias-oposiciones\\\/wp-content\\\/uploads\\\/2019\\\/04\\\/empleate.jpg\",\"width\":250,\"height\":150,\"caption\":\"Academia de oposiciones Empl\u00e9ate\"},\"image\":{\"@id\":\"https:\\\/\\\/www.emplea-te.com\\\/noticias-oposiciones\\\/#\\\/schema\\\/logo\\\/image\\\/\"},\"sameAs\":[\"https:\\\/\\\/www.facebook.com\\\/AcademiaEmpleate\\\/\",\"https:\\\/\\\/x.com\\\/Emplea_Te\",\"https:\\\/\\\/www.instagram.com\\\/academia_empleate\\\/\"]},{\"@type\":\"Person\",\"@id\":\"https:\\\/\\\/www.emplea-te.com\\\/noticias-oposiciones\\\/#\\\/schema\\\/person\\\/d1bc587e1af2b95e9c32aba1795509a6\",\"name\":\"Empleate\"}]}<\/script>\n<!-- \/ Yoast SEO plugin. -->","yoast_head_json":{"title":"Seguridad Social. 2.500 plazas convocadas Administrativo C1.","description":"Seguridad Social. 2.500 plazas convocadas Administrativo C1 turno libre. Relaci\u00f3n provisional de aspirantes admitidos y excluidos en proceso selectivo.","robots":{"index":"index","follow":"follow","max-snippet":"max-snippet:-1","max-image-preview":"max-image-preview:large","max-video-preview":"max-video-preview:-1"},"canonical":"https:\/\/www.emplea-te.com\/noticias-oposiciones\/seguridad-social-2-500-plazas-convocadas-administrativo-c1-turno-libre-relacion-provisional-de-aspirantes-admitidos-y-excluidos-en-proceso-selectivo\/","og_locale":"es_ES","og_type":"article","og_title":"Seguridad Social. 2.500 plazas convocadas Administrativo C1.","og_description":"Seguridad Social. 2.500 plazas convocadas Administrativo C1 turno libre. Relaci\u00f3n provisional de aspirantes admitidos y excluidos en proceso selectivo.","og_url":"https:\/\/www.emplea-te.com\/noticias-oposiciones\/seguridad-social-2-500-plazas-convocadas-administrativo-c1-turno-libre-relacion-provisional-de-aspirantes-admitidos-y-excluidos-en-proceso-selectivo\/","og_site_name":"Noticas de oposiciones por Academia Emplea-te","article_publisher":"https:\/\/www.facebook.com\/AcademiaEmpleate\/","article_published_time":"2024-07-16T07:43:20+00:00","author":"Empleate","twitter_card":"summary_large_image","twitter_creator":"@Emplea_Te","twitter_site":"@Emplea_Te","twitter_misc":{"Escrito por":"Empleate","Tiempo de lectura":"2 minutos"},"schema":{"@context":"https:\/\/schema.org","@graph":[{"@type":"Article","@id":"https:\/\/www.emplea-te.com\/noticias-oposiciones\/seguridad-social-2-500-plazas-convocadas-administrativo-c1-turno-libre-relacion-provisional-de-aspirantes-admitidos-y-excluidos-en-proceso-selectivo\/#article","isPartOf":{"@id":"https:\/\/www.emplea-te.com\/noticias-oposiciones\/seguridad-social-2-500-plazas-convocadas-administrativo-c1-turno-libre-relacion-provisional-de-aspirantes-admitidos-y-excluidos-en-proceso-selectivo\/"},"author":{"name":"Empleate","@id":"https:\/\/www.emplea-te.com\/noticias-oposiciones\/#\/schema\/person\/d1bc587e1af2b95e9c32aba1795509a6"},"headline":"Seguridad Social. 2.500 plazas convocadas Administrativo C1 turno libre. Relaci\u00f3n provisional de aspirantes admitidos y excluidos en proceso selectivo.","datePublished":"2024-07-16T07:43:20+00:00","mainEntityOfPage":{"@id":"https:\/\/www.emplea-te.com\/noticias-oposiciones\/seguridad-social-2-500-plazas-convocadas-administrativo-c1-turno-libre-relacion-provisional-de-aspirantes-admitidos-y-excluidos-en-proceso-selectivo\/"},"wordCount":270,"publisher":{"@id":"https:\/\/www.emplea-te.com\/noticias-oposiciones\/#organization"},"keywords":["Informaci\u00f3n procesos selectivos","Listas provisionales admitidos y excluidos"],"articleSection":["Administraci\u00f3n General del Estado.","administrativo seguridad social","Oposiciones Administraci\u00f3n General del Estado"],"inLanguage":"es"},{"@type":"WebPage","@id":"https:\/\/www.emplea-te.com\/noticias-oposiciones\/seguridad-social-2-500-plazas-convocadas-administrativo-c1-turno-libre-relacion-provisional-de-aspirantes-admitidos-y-excluidos-en-proceso-selectivo\/","url":"https:\/\/www.emplea-te.com\/noticias-oposiciones\/seguridad-social-2-500-plazas-convocadas-administrativo-c1-turno-libre-relacion-provisional-de-aspirantes-admitidos-y-excluidos-en-proceso-selectivo\/","name":"Seguridad Social. 2.500 plazas convocadas Administrativo C1.","isPartOf":{"@id":"https:\/\/www.emplea-te.com\/noticias-oposiciones\/#website"},"datePublished":"2024-07-16T07:43:20+00:00","description":"Seguridad Social. 2.500 plazas convocadas Administrativo C1 turno libre. Relaci\u00f3n provisional de aspirantes admitidos y excluidos en proceso selectivo.","breadcrumb":{"@id":"https:\/\/www.emplea-te.com\/noticias-oposiciones\/seguridad-social-2-500-plazas-convocadas-administrativo-c1-turno-libre-relacion-provisional-de-aspirantes-admitidos-y-excluidos-en-proceso-selectivo\/#breadcrumb"},"inLanguage":"es","potentialAction":[{"@type":"ReadAction","target":["https:\/\/www.emplea-te.com\/noticias-oposiciones\/seguridad-social-2-500-plazas-convocadas-administrativo-c1-turno-libre-relacion-provisional-de-aspirantes-admitidos-y-excluidos-en-proceso-selectivo\/"]}]},{"@type":"BreadcrumbList","@id":"https:\/\/www.emplea-te.com\/noticias-oposiciones\/seguridad-social-2-500-plazas-convocadas-administrativo-c1-turno-libre-relacion-provisional-de-aspirantes-admitidos-y-excluidos-en-proceso-selectivo\/#breadcrumb","itemListElement":[{"@type":"ListItem","position":1,"name":"Noticias Oposiciones","item":"https:\/\/www.emplea-te.com\/noticias-oposiciones\/"},{"@type":"ListItem","position":2,"name":"administrativo seguridad social","item":"https:\/\/www.emplea-te.com\/noticias-oposiciones\/categoria\/administrativo-seguridad-social\/"},{"@type":"ListItem","position":3,"name":"Seguridad Social. 2.500 plazas convocadas Administrativo C1 turno libre. Relaci\u00f3n provisional de aspirantes admitidos y excluidos en proceso selectivo."}]},{"@type":"WebSite","@id":"https:\/\/www.emplea-te.com\/noticias-oposiciones\/#website","url":"https:\/\/www.emplea-te.com\/noticias-oposiciones\/","name":"Noticas de oposiciones por Academia Emplea-te","description":"Toda la actualidad de las ofertas y convocatorias.","publisher":{"@id":"https:\/\/www.emplea-te.com\/noticias-oposiciones\/#organization"},"potentialAction":[{"@type":"SearchAction","target":{"@type":"EntryPoint","urlTemplate":"https:\/\/www.emplea-te.com\/noticias-oposiciones\/?s={search_term_string}"},"query-input":{"@type":"PropertyValueSpecification","valueRequired":true,"valueName":"search_term_string"}}],"inLanguage":"es"},{"@type":"Organization","@id":"https:\/\/www.emplea-te.com\/noticias-oposiciones\/#organization","name":"Academia de oposiciones Empl\u00e9ate","url":"https:\/\/www.emplea-te.com\/noticias-oposiciones\/","logo":{"@type":"ImageObject","inLanguage":"es","@id":"https:\/\/www.emplea-te.com\/noticias-oposiciones\/#\/schema\/logo\/image\/","url":"https:\/\/www.emplea-te.com\/noticias-oposiciones\/wp-content\/uploads\/2019\/04\/empleate.jpg","contentUrl":"https:\/\/www.emplea-te.com\/noticias-oposiciones\/wp-content\/uploads\/2019\/04\/empleate.jpg","width":250,"height":150,"caption":"Academia de oposiciones Empl\u00e9ate"},"image":{"@id":"https:\/\/www.emplea-te.com\/noticias-oposiciones\/#\/schema\/logo\/image\/"},"sameAs":["https:\/\/www.facebook.com\/AcademiaEmpleate\/","https:\/\/x.com\/Emplea_Te","https:\/\/www.instagram.com\/academia_empleate\/"]},{"@type":"Person","@id":"https:\/\/www.emplea-te.com\/noticias-oposiciones\/#\/schema\/person\/d1bc587e1af2b95e9c32aba1795509a6","name":"Empleate"}]}},"_links":{"self":[{"href":"https:\/\/www.emplea-te.com\/noticias-oposiciones\/wp-json\/wp\/v2\/posts\/12802","targetHints":{"allow":["GET"]}}],"collection":[{"href":"https:\/\/www.emplea-te.com\/noticias-oposiciones\/wp-json\/wp\/v2\/posts"}],"about":[{"href":"https:\/\/www.emplea-te.com\/noticias-oposiciones\/wp-json\/wp\/v2\/types\/post"}],"author":[{"embeddable":true,"href":"https:\/\/www.emplea-te.com\/noticias-oposiciones\/wp-json\/wp\/v2\/users\/1"}],"replies":[{"embeddable":true,"href":"https:\/\/www.emplea-te.com\/noticias-oposiciones\/wp-json\/wp\/v2\/comments?post=12802"}],"version-history":[{"count":1,"href":"https:\/\/www.emplea-te.com\/noticias-oposiciones\/wp-json\/wp\/v2\/posts\/12802\/revisions"}],"predecessor-version":[{"id":12803,"href":"https:\/\/www.emplea-te.com\/noticias-oposiciones\/wp-json\/wp\/v2\/posts\/12802\/revisions\/12803"}],"wp:attachment":[{"href":"https:\/\/www.emplea-te.com\/noticias-oposiciones\/wp-json\/wp\/v2\/media?parent=12802"}],"wp:term":[{"taxonomy":"category","embeddable":true,"href":"https:\/\/www.emplea-te.com\/noticias-oposiciones\/wp-json\/wp\/v2\/categories?post=12802"},{"taxonomy":"post_tag","embeddable":true,"href":"https:\/\/www.emplea-te.com\/noticias-oposiciones\/wp-json\/wp\/v2\/tags?post=12802"}],"curies":[{"name":"wp","href":"https:\/\/api.w.org\/{rel}","templated":true}]}}