{"id":1283,"date":"2018-12-19T00:00:00","date_gmt":"2018-12-18T23:00:00","guid":{"rendered":"https:\/\/www.emplea-te.com\/noticias-oposiciones\/publicadas-las-listas-provisionales-para-el-desempeno-transitorio-de-plazas-reservadas-a-personal-funcionario-y-laboral-de-la-xunta\/"},"modified":"2018-12-19T00:00:00","modified_gmt":"2018-12-18T23:00:00","slug":"publicadas-las-listas-provisionales-para-el-desempeno-transitorio-de-plazas-reservadas-a-personal-funcionario-y-laboral-de-la-xunta","status":"publish","type":"post","link":"https:\/\/www.emplea-te.com\/noticias-oposiciones\/publicadas-las-listas-provisionales-para-el-desempeno-transitorio-de-plazas-reservadas-a-personal-funcionario-y-laboral-de-la-xunta\/","title":{"rendered":"Publicadas las listas provisionales para el desempe\u00f1o transitorio de plazas reservadas a personal funcionario y laboral de la Xunta<br>"},"content":{"rendered":"<p>Hoy, d\u00eda 19 de Diciembre de 2018, se ha publicado en el DOG la&nbsp;RESOLUCI\ufffdN de 17 de diciembre de 2018, de la Direcci\u00f3n General de la Funci\u00f3n P\u00fablica, por la que se hacen p\u00fablicas las listas provisionales para el desempe\u00f1o transitorio de plazas reservadas a personal funcionario y la contrataci\u00f3n temporal de personal laboral de la Xunta de Galicia.<\/p>\n<p>La Resoluci\u00f3n hace p\u00fablicas las listas provisionales para el desempe\u00f1o transitorio de plazas reservadas a personal funcionario de los cuerpos y escalas que se relacionan en el anexo I de esta resoluci\u00f3n, as\u00ed como para el desempe\u00f1o temporal de puestos reservados a personal laboral de los grupos y categor\u00edas que se relacionan en el anexo II.<\/p>\n<p>Las listas se podr\u00e1n consultar en el portal web corporativo de la Xunta de Galicia, <a href=\"\"http:\/\/funcionpublica.xunta.gal\/\"\" target=\"\"\"\" rel=\"noopener noreferrer\"\"\">http:\/\/funcionpublica.xunta.gal<\/a>, apartado de \u00abListas de contrataci\u00f3n\u00bb, y en las oficinas de registro e informaci\u00f3n de la Xunta de Galicia (oficinas de los edificios administrativos<br \/>de la Vicepresidencia y Conseller\u00eda de Presidencia, Administraciones P\u00fablicas y Justicia).<\/p>\n<p>En dichas listas figura la siguiente informaci\u00f3n:<\/p>\n<p> Solicitantes admitidos en la lista con indicaci\u00f3n de la puntuaci\u00f3n provisional resultante de la aplicaci\u00f3n del baremo establecido en el art\u00edculo 9 y 9 bis del Decreto 37\/2006.  Solicitantes excluidos con expresi\u00f3n de la causa de exclusi\u00f3n.<\/p>\n<p>Las personas interesadas dispondr\u00e1n de un plazo de diez d\u00edas h\u00e1biles, contados a partir del d\u00eda siguiente al de la publicaci\u00f3n de esta resoluci\u00f3n en el Diario Oficial de Galicia, para presentar reclamaciones ante la Comisi\u00f3n Permanente (Direcci\u00f3n General<br \/>de la Funci\u00f3n P\u00fablica, Conseller\u00eda de Hacienda, Edificio Administrativo San Caetano, s\/n, Santiago de Compostela).<\/p>\n<p><a href=\"\"https:\/\/www.xunta.gal\/dog\/Publicados\/2018\/20181219\/AnuncioCA01-141218-0001_es.pdf\"\" target=\"\"_blank\"\" rel=\"noopener noreferrer\"nofollow\"\"><span class=\"\"wysiwyg-color-green\"\">Enlace a resoluci\u00f3n <\/span><\/a><\/p>\n<p>\u00ab<\/p>\n","protected":false},"excerpt":{"rendered":"<p>Hoy, d\u00eda 19 de Diciembre de 2018, se ha publicado en el DOG la&nbsp;RESOLUCI\ufffdN de 17 de diciembre de 2018, de la Direcci\u00f3n General de la Funci\u00f3n P\u00fablica, por la que se hacen p\u00fablicas las listas provisionales para el desempe\u00f1o transitorio de plazas reservadas a personal funcionario y la contrataci\u00f3n temporal de personal laboral de &hellip; <a href=\"https:\/\/www.emplea-te.com\/noticias-oposiciones\/publicadas-las-listas-provisionales-para-el-desempeno-transitorio-de-plazas-reservadas-a-personal-funcionario-y-laboral-de-la-xunta\/\" class=\"more-link\">Continuar leyendo<span class=\"screen-reader-text\"> \u00abPublicadas las listas provisionales para el desempe\u00f1o transitorio de plazas reservadas a personal funcionario y laboral de la Xunta<br \/>\u00ab<\/span><\/a><\/p>\n","protected":false},"author":1,"featured_media":0,"comment_status":"open","ping_status":"open","sticky":false,"template":"","format":"standard","meta":{"footnotes":""},"categories":[],"tags":[],"class_list":["post-1283","post","type-post","status-publish","format-standard","hentry"],"yoast_head":"<!-- This site is optimized with the Yoast SEO plugin v27.3 - https:\/\/yoast.com\/product\/yoast-seo-wordpress\/ -->\n<title>Publicadas las listas provisionales para el desempe\u00f1o transitorio de plazas reservadas a personal funcionario y laboral de la Xunta - Noticas de oposiciones por Academia Emplea-te<\/title>\n<meta name=\"description\" content=\"Hoy, d\u00eda 19 de Diciembre de 2018, se ha publicado en el DOG la\u00a0RESOLUCI\ufffdN de 17 de diciembre de 2018, de la Direcci\u00f3n General de la Funci\u00f3n P\u00fablica, por la que se hacen p\u00fablicas las listas provisionales para el desempe\u00f1o transitorio de plazas reservadas a personal funcionario y la contrataci\u00f3n temporal de personal laboral de la Xunta de Galicia. Enlace a resoluci\u00f3n&quot;\" \/>\n<meta name=\"robots\" content=\"index, follow, max-snippet:-1, max-image-preview:large, max-video-preview:-1\" \/>\n<link rel=\"canonical\" href=\"https:\/\/www.emplea-te.com\/noticias-oposiciones\/publicadas-las-listas-provisionales-para-el-desempeno-transitorio-de-plazas-reservadas-a-personal-funcionario-y-laboral-de-la-xunta\/\" \/>\n<meta property=\"og:locale\" content=\"es_ES\" \/>\n<meta property=\"og:type\" content=\"article\" \/>\n<meta property=\"og:title\" content=\"Publicadas las listas provisionales para el desempe\u00f1o transitorio de plazas reservadas a personal funcionario y laboral de la Xunta - Noticas de oposiciones por Academia Emplea-te\" \/>\n<meta property=\"og:description\" content=\"Hoy, d\u00eda 19 de Diciembre de 2018, se ha publicado en el DOG la\u00a0RESOLUCI\ufffdN de 17 de diciembre de 2018, de la Direcci\u00f3n General de la Funci\u00f3n P\u00fablica, por la que se hacen p\u00fablicas las listas provisionales para el desempe\u00f1o transitorio de plazas reservadas a personal funcionario y la contrataci\u00f3n temporal de personal laboral de la Xunta de Galicia. Enlace a resoluci\u00f3n&quot;\" \/>\n<meta property=\"og:url\" content=\"https:\/\/www.emplea-te.com\/noticias-oposiciones\/publicadas-las-listas-provisionales-para-el-desempeno-transitorio-de-plazas-reservadas-a-personal-funcionario-y-laboral-de-la-xunta\/\" \/>\n<meta property=\"og:site_name\" content=\"Noticas de oposiciones por Academia Emplea-te\" \/>\n<meta property=\"article:publisher\" content=\"https:\/\/www.facebook.com\/AcademiaEmpleate\/\" \/>\n<meta property=\"article:published_time\" content=\"2018-12-18T23:00:00+00:00\" \/>\n<meta name=\"author\" content=\"Empleate\" \/>\n<meta name=\"twitter:card\" content=\"summary_large_image\" \/>\n<meta name=\"twitter:creator\" content=\"@Emplea_Te\" \/>\n<meta name=\"twitter:site\" content=\"@Emplea_Te\" \/>\n<meta name=\"twitter:label1\" content=\"Escrito por\" \/>\n\t<meta name=\"twitter:data1\" content=\"Empleate\" \/>\n\t<meta name=\"twitter:label2\" content=\"Tiempo de lectura\" \/>\n\t<meta name=\"twitter:data2\" content=\"2 minutos\" \/>\n<script type=\"application\/ld+json\" class=\"yoast-schema-graph\">{\"@context\":\"https:\\\/\\\/schema.org\",\"@graph\":[{\"@type\":\"Article\",\"@id\":\"https:\\\/\\\/www.emplea-te.com\\\/noticias-oposiciones\\\/publicadas-las-listas-provisionales-para-el-desempeno-transitorio-de-plazas-reservadas-a-personal-funcionario-y-laboral-de-la-xunta\\\/#article\",\"isPartOf\":{\"@id\":\"https:\\\/\\\/www.emplea-te.com\\\/noticias-oposiciones\\\/publicadas-las-listas-provisionales-para-el-desempeno-transitorio-de-plazas-reservadas-a-personal-funcionario-y-laboral-de-la-xunta\\\/\"},\"author\":{\"name\":\"Empleate\",\"@id\":\"https:\\\/\\\/www.emplea-te.com\\\/noticias-oposiciones\\\/#\\\/schema\\\/person\\\/d1bc587e1af2b95e9c32aba1795509a6\"},\"headline\":\"Publicadas las listas provisionales para el desempe\u00f1o transitorio de plazas reservadas a personal funcionario y laboral de la Xunta\",\"datePublished\":\"2018-12-18T23:00:00+00:00\",\"mainEntityOfPage\":{\"@id\":\"https:\\\/\\\/www.emplea-te.com\\\/noticias-oposiciones\\\/publicadas-las-listas-provisionales-para-el-desempeno-transitorio-de-plazas-reservadas-a-personal-funcionario-y-laboral-de-la-xunta\\\/\"},\"wordCount\":321,\"commentCount\":0,\"publisher\":{\"@id\":\"https:\\\/\\\/www.emplea-te.com\\\/noticias-oposiciones\\\/#organization\"},\"inLanguage\":\"es\",\"potentialAction\":[{\"@type\":\"CommentAction\",\"name\":\"Comment\",\"target\":[\"https:\\\/\\\/www.emplea-te.com\\\/noticias-oposiciones\\\/publicadas-las-listas-provisionales-para-el-desempeno-transitorio-de-plazas-reservadas-a-personal-funcionario-y-laboral-de-la-xunta\\\/#respond\"]}]},{\"@type\":\"WebPage\",\"@id\":\"https:\\\/\\\/www.emplea-te.com\\\/noticias-oposiciones\\\/publicadas-las-listas-provisionales-para-el-desempeno-transitorio-de-plazas-reservadas-a-personal-funcionario-y-laboral-de-la-xunta\\\/\",\"url\":\"https:\\\/\\\/www.emplea-te.com\\\/noticias-oposiciones\\\/publicadas-las-listas-provisionales-para-el-desempeno-transitorio-de-plazas-reservadas-a-personal-funcionario-y-laboral-de-la-xunta\\\/\",\"name\":\"Publicadas las listas provisionales para el desempe\u00f1o transitorio de plazas reservadas a personal funcionario y laboral de la Xunta - Noticas de oposiciones por Academia Emplea-te\",\"isPartOf\":{\"@id\":\"https:\\\/\\\/www.emplea-te.com\\\/noticias-oposiciones\\\/#website\"},\"datePublished\":\"2018-12-18T23:00:00+00:00\",\"description\":\"Hoy, d\u00eda 19 de Diciembre de 2018, se ha publicado en el DOG la\u00a0RESOLUCI\ufffdN de 17 de diciembre de 2018, de la Direcci\u00f3n General de la Funci\u00f3n P\u00fablica, por la que se hacen p\u00fablicas las listas provisionales para el desempe\u00f1o transitorio de plazas reservadas a personal funcionario y la contrataci\u00f3n temporal de personal laboral de la Xunta de Galicia. Enlace a resoluci\u00f3n\\\"\",\"breadcrumb\":{\"@id\":\"https:\\\/\\\/www.emplea-te.com\\\/noticias-oposiciones\\\/publicadas-las-listas-provisionales-para-el-desempeno-transitorio-de-plazas-reservadas-a-personal-funcionario-y-laboral-de-la-xunta\\\/#breadcrumb\"},\"inLanguage\":\"es\",\"potentialAction\":[{\"@type\":\"ReadAction\",\"target\":[\"https:\\\/\\\/www.emplea-te.com\\\/noticias-oposiciones\\\/publicadas-las-listas-provisionales-para-el-desempeno-transitorio-de-plazas-reservadas-a-personal-funcionario-y-laboral-de-la-xunta\\\/\"]}]},{\"@type\":\"BreadcrumbList\",\"@id\":\"https:\\\/\\\/www.emplea-te.com\\\/noticias-oposiciones\\\/publicadas-las-listas-provisionales-para-el-desempeno-transitorio-de-plazas-reservadas-a-personal-funcionario-y-laboral-de-la-xunta\\\/#breadcrumb\",\"itemListElement\":[{\"@type\":\"ListItem\",\"position\":1,\"name\":\"Noticias Oposiciones\",\"item\":\"https:\\\/\\\/www.emplea-te.com\\\/noticias-oposiciones\\\/\"},{\"@type\":\"ListItem\",\"position\":2,\"name\":\"Publicadas las listas provisionales para el desempe\u00f1o transitorio de plazas reservadas a personal funcionario y laboral de la Xunta\"}]},{\"@type\":\"WebSite\",\"@id\":\"https:\\\/\\\/www.emplea-te.com\\\/noticias-oposiciones\\\/#website\",\"url\":\"https:\\\/\\\/www.emplea-te.com\\\/noticias-oposiciones\\\/\",\"name\":\"Noticas de oposiciones por Academia Emplea-te\",\"description\":\"Toda la actualidad de las ofertas y convocatorias.\",\"publisher\":{\"@id\":\"https:\\\/\\\/www.emplea-te.com\\\/noticias-oposiciones\\\/#organization\"},\"potentialAction\":[{\"@type\":\"SearchAction\",\"target\":{\"@type\":\"EntryPoint\",\"urlTemplate\":\"https:\\\/\\\/www.emplea-te.com\\\/noticias-oposiciones\\\/?s={search_term_string}\"},\"query-input\":{\"@type\":\"PropertyValueSpecification\",\"valueRequired\":true,\"valueName\":\"search_term_string\"}}],\"inLanguage\":\"es\"},{\"@type\":\"Organization\",\"@id\":\"https:\\\/\\\/www.emplea-te.com\\\/noticias-oposiciones\\\/#organization\",\"name\":\"Academia de oposiciones Empl\u00e9ate\",\"url\":\"https:\\\/\\\/www.emplea-te.com\\\/noticias-oposiciones\\\/\",\"logo\":{\"@type\":\"ImageObject\",\"inLanguage\":\"es\",\"@id\":\"https:\\\/\\\/www.emplea-te.com\\\/noticias-oposiciones\\\/#\\\/schema\\\/logo\\\/image\\\/\",\"url\":\"https:\\\/\\\/www.emplea-te.com\\\/noticias-oposiciones\\\/wp-content\\\/uploads\\\/2019\\\/04\\\/empleate.jpg\",\"contentUrl\":\"https:\\\/\\\/www.emplea-te.com\\\/noticias-oposiciones\\\/wp-content\\\/uploads\\\/2019\\\/04\\\/empleate.jpg\",\"width\":250,\"height\":150,\"caption\":\"Academia de oposiciones Empl\u00e9ate\"},\"image\":{\"@id\":\"https:\\\/\\\/www.emplea-te.com\\\/noticias-oposiciones\\\/#\\\/schema\\\/logo\\\/image\\\/\"},\"sameAs\":[\"https:\\\/\\\/www.facebook.com\\\/AcademiaEmpleate\\\/\",\"https:\\\/\\\/x.com\\\/Emplea_Te\",\"https:\\\/\\\/www.instagram.com\\\/academia_empleate\\\/\"]},{\"@type\":\"Person\",\"@id\":\"https:\\\/\\\/www.emplea-te.com\\\/noticias-oposiciones\\\/#\\\/schema\\\/person\\\/d1bc587e1af2b95e9c32aba1795509a6\",\"name\":\"Empleate\"}]}<\/script>\n<!-- \/ Yoast SEO plugin. -->","yoast_head_json":{"title":"Publicadas las listas provisionales para el desempe\u00f1o transitorio de plazas reservadas a personal funcionario y laboral de la Xunta - Noticas de oposiciones por Academia Emplea-te","description":"Hoy, d\u00eda 19 de Diciembre de 2018, se ha publicado en el DOG la\u00a0RESOLUCI\ufffdN de 17 de diciembre de 2018, de la Direcci\u00f3n General de la Funci\u00f3n P\u00fablica, por la que se hacen p\u00fablicas las listas provisionales para el desempe\u00f1o transitorio de plazas reservadas a personal funcionario y la contrataci\u00f3n temporal de personal laboral de la Xunta de Galicia. Enlace a resoluci\u00f3n\"","robots":{"index":"index","follow":"follow","max-snippet":"max-snippet:-1","max-image-preview":"max-image-preview:large","max-video-preview":"max-video-preview:-1"},"canonical":"https:\/\/www.emplea-te.com\/noticias-oposiciones\/publicadas-las-listas-provisionales-para-el-desempeno-transitorio-de-plazas-reservadas-a-personal-funcionario-y-laboral-de-la-xunta\/","og_locale":"es_ES","og_type":"article","og_title":"Publicadas las listas provisionales para el desempe\u00f1o transitorio de plazas reservadas a personal funcionario y laboral de la Xunta - Noticas de oposiciones por Academia Emplea-te","og_description":"Hoy, d\u00eda 19 de Diciembre de 2018, se ha publicado en el DOG la\u00a0RESOLUCI\ufffdN de 17 de diciembre de 2018, de la Direcci\u00f3n General de la Funci\u00f3n P\u00fablica, por la que se hacen p\u00fablicas las listas provisionales para el desempe\u00f1o transitorio de plazas reservadas a personal funcionario y la contrataci\u00f3n temporal de personal laboral de la Xunta de Galicia. Enlace a resoluci\u00f3n\"","og_url":"https:\/\/www.emplea-te.com\/noticias-oposiciones\/publicadas-las-listas-provisionales-para-el-desempeno-transitorio-de-plazas-reservadas-a-personal-funcionario-y-laboral-de-la-xunta\/","og_site_name":"Noticas de oposiciones por Academia Emplea-te","article_publisher":"https:\/\/www.facebook.com\/AcademiaEmpleate\/","article_published_time":"2018-12-18T23:00:00+00:00","author":"Empleate","twitter_card":"summary_large_image","twitter_creator":"@Emplea_Te","twitter_site":"@Emplea_Te","twitter_misc":{"Escrito por":"Empleate","Tiempo de lectura":"2 minutos"},"schema":{"@context":"https:\/\/schema.org","@graph":[{"@type":"Article","@id":"https:\/\/www.emplea-te.com\/noticias-oposiciones\/publicadas-las-listas-provisionales-para-el-desempeno-transitorio-de-plazas-reservadas-a-personal-funcionario-y-laboral-de-la-xunta\/#article","isPartOf":{"@id":"https:\/\/www.emplea-te.com\/noticias-oposiciones\/publicadas-las-listas-provisionales-para-el-desempeno-transitorio-de-plazas-reservadas-a-personal-funcionario-y-laboral-de-la-xunta\/"},"author":{"name":"Empleate","@id":"https:\/\/www.emplea-te.com\/noticias-oposiciones\/#\/schema\/person\/d1bc587e1af2b95e9c32aba1795509a6"},"headline":"Publicadas las listas provisionales para el desempe\u00f1o transitorio de plazas reservadas a personal funcionario y laboral de la Xunta","datePublished":"2018-12-18T23:00:00+00:00","mainEntityOfPage":{"@id":"https:\/\/www.emplea-te.com\/noticias-oposiciones\/publicadas-las-listas-provisionales-para-el-desempeno-transitorio-de-plazas-reservadas-a-personal-funcionario-y-laboral-de-la-xunta\/"},"wordCount":321,"commentCount":0,"publisher":{"@id":"https:\/\/www.emplea-te.com\/noticias-oposiciones\/#organization"},"inLanguage":"es","potentialAction":[{"@type":"CommentAction","name":"Comment","target":["https:\/\/www.emplea-te.com\/noticias-oposiciones\/publicadas-las-listas-provisionales-para-el-desempeno-transitorio-de-plazas-reservadas-a-personal-funcionario-y-laboral-de-la-xunta\/#respond"]}]},{"@type":"WebPage","@id":"https:\/\/www.emplea-te.com\/noticias-oposiciones\/publicadas-las-listas-provisionales-para-el-desempeno-transitorio-de-plazas-reservadas-a-personal-funcionario-y-laboral-de-la-xunta\/","url":"https:\/\/www.emplea-te.com\/noticias-oposiciones\/publicadas-las-listas-provisionales-para-el-desempeno-transitorio-de-plazas-reservadas-a-personal-funcionario-y-laboral-de-la-xunta\/","name":"Publicadas las listas provisionales para el desempe\u00f1o transitorio de plazas reservadas a personal funcionario y laboral de la Xunta - Noticas de oposiciones por Academia Emplea-te","isPartOf":{"@id":"https:\/\/www.emplea-te.com\/noticias-oposiciones\/#website"},"datePublished":"2018-12-18T23:00:00+00:00","description":"Hoy, d\u00eda 19 de Diciembre de 2018, se ha publicado en el DOG la\u00a0RESOLUCI\ufffdN de 17 de diciembre de 2018, de la Direcci\u00f3n General de la Funci\u00f3n P\u00fablica, por la que se hacen p\u00fablicas las listas provisionales para el desempe\u00f1o transitorio de plazas reservadas a personal funcionario y la contrataci\u00f3n temporal de personal laboral de la Xunta de Galicia. Enlace a resoluci\u00f3n\"","breadcrumb":{"@id":"https:\/\/www.emplea-te.com\/noticias-oposiciones\/publicadas-las-listas-provisionales-para-el-desempeno-transitorio-de-plazas-reservadas-a-personal-funcionario-y-laboral-de-la-xunta\/#breadcrumb"},"inLanguage":"es","potentialAction":[{"@type":"ReadAction","target":["https:\/\/www.emplea-te.com\/noticias-oposiciones\/publicadas-las-listas-provisionales-para-el-desempeno-transitorio-de-plazas-reservadas-a-personal-funcionario-y-laboral-de-la-xunta\/"]}]},{"@type":"BreadcrumbList","@id":"https:\/\/www.emplea-te.com\/noticias-oposiciones\/publicadas-las-listas-provisionales-para-el-desempeno-transitorio-de-plazas-reservadas-a-personal-funcionario-y-laboral-de-la-xunta\/#breadcrumb","itemListElement":[{"@type":"ListItem","position":1,"name":"Noticias Oposiciones","item":"https:\/\/www.emplea-te.com\/noticias-oposiciones\/"},{"@type":"ListItem","position":2,"name":"Publicadas las listas provisionales para el desempe\u00f1o transitorio de plazas reservadas a personal funcionario y laboral de la Xunta"}]},{"@type":"WebSite","@id":"https:\/\/www.emplea-te.com\/noticias-oposiciones\/#website","url":"https:\/\/www.emplea-te.com\/noticias-oposiciones\/","name":"Noticas de oposiciones por Academia Emplea-te","description":"Toda la actualidad de las ofertas y convocatorias.","publisher":{"@id":"https:\/\/www.emplea-te.com\/noticias-oposiciones\/#organization"},"potentialAction":[{"@type":"SearchAction","target":{"@type":"EntryPoint","urlTemplate":"https:\/\/www.emplea-te.com\/noticias-oposiciones\/?s={search_term_string}"},"query-input":{"@type":"PropertyValueSpecification","valueRequired":true,"valueName":"search_term_string"}}],"inLanguage":"es"},{"@type":"Organization","@id":"https:\/\/www.emplea-te.com\/noticias-oposiciones\/#organization","name":"Academia de oposiciones Empl\u00e9ate","url":"https:\/\/www.emplea-te.com\/noticias-oposiciones\/","logo":{"@type":"ImageObject","inLanguage":"es","@id":"https:\/\/www.emplea-te.com\/noticias-oposiciones\/#\/schema\/logo\/image\/","url":"https:\/\/www.emplea-te.com\/noticias-oposiciones\/wp-content\/uploads\/2019\/04\/empleate.jpg","contentUrl":"https:\/\/www.emplea-te.com\/noticias-oposiciones\/wp-content\/uploads\/2019\/04\/empleate.jpg","width":250,"height":150,"caption":"Academia de oposiciones Empl\u00e9ate"},"image":{"@id":"https:\/\/www.emplea-te.com\/noticias-oposiciones\/#\/schema\/logo\/image\/"},"sameAs":["https:\/\/www.facebook.com\/AcademiaEmpleate\/","https:\/\/x.com\/Emplea_Te","https:\/\/www.instagram.com\/academia_empleate\/"]},{"@type":"Person","@id":"https:\/\/www.emplea-te.com\/noticias-oposiciones\/#\/schema\/person\/d1bc587e1af2b95e9c32aba1795509a6","name":"Empleate"}]}},"_links":{"self":[{"href":"https:\/\/www.emplea-te.com\/noticias-oposiciones\/wp-json\/wp\/v2\/posts\/1283","targetHints":{"allow":["GET"]}}],"collection":[{"href":"https:\/\/www.emplea-te.com\/noticias-oposiciones\/wp-json\/wp\/v2\/posts"}],"about":[{"href":"https:\/\/www.emplea-te.com\/noticias-oposiciones\/wp-json\/wp\/v2\/types\/post"}],"author":[{"embeddable":true,"href":"https:\/\/www.emplea-te.com\/noticias-oposiciones\/wp-json\/wp\/v2\/users\/1"}],"replies":[{"embeddable":true,"href":"https:\/\/www.emplea-te.com\/noticias-oposiciones\/wp-json\/wp\/v2\/comments?post=1283"}],"version-history":[{"count":0,"href":"https:\/\/www.emplea-te.com\/noticias-oposiciones\/wp-json\/wp\/v2\/posts\/1283\/revisions"}],"wp:attachment":[{"href":"https:\/\/www.emplea-te.com\/noticias-oposiciones\/wp-json\/wp\/v2\/media?parent=1283"}],"wp:term":[{"taxonomy":"category","embeddable":true,"href":"https:\/\/www.emplea-te.com\/noticias-oposiciones\/wp-json\/wp\/v2\/categories?post=1283"},{"taxonomy":"post_tag","embeddable":true,"href":"https:\/\/www.emplea-te.com\/noticias-oposiciones\/wp-json\/wp\/v2\/tags?post=1283"}],"curies":[{"name":"wp","href":"https:\/\/api.w.org\/{rel}","templated":true}]}}