{"id":12838,"date":"2024-07-19T10:40:25","date_gmt":"2024-07-19T08:40:25","guid":{"rendered":"https:\/\/www.emplea-te.com\/noticias-oposiciones\/?p=12838"},"modified":"2024-07-19T10:40:25","modified_gmt":"2024-07-19T08:40:25","slug":"seguridad-social-2-500-plazas-convocadas-turno-libre-relacion-provisional-de-aspirantes-admitidos-y-excluidos-y-nota-informativa-sobre-subsanaciones","status":"publish","type":"post","link":"https:\/\/www.emplea-te.com\/noticias-oposiciones\/seguridad-social-2-500-plazas-convocadas-turno-libre-relacion-provisional-de-aspirantes-admitidos-y-excluidos-y-nota-informativa-sobre-subsanaciones\/","title":{"rendered":"Seguridad Social. 2.500 plazas convocadas turno libre. Relaci\u00f3n provisional de aspirantes admitidos y excluidos y nota informativa sobre subsanaciones."},"content":{"rendered":"<p>Seguridad Social. 2.500 plazas convocadas turno libre.<br \/>\nSe publica la siguiente informaci\u00f3n referente a este proceso selectivo, publicada en la Web de la Seguridad Social:<\/p>\n<p>Accede a la consulta de la relaci\u00f3n provisional de aspirantes admitidos y excluidos y a la consulta de la nota informativa desde este enlace:<\/p>\n<p><a href=\"https:\/\/www.seg-social.es\/wps\/portal\/wss\/internet\/InformacionUtil\/9950\/089697ff-6623-45e6-b54c-af7593a65770\/9a52f7f4-ab37-4f69-846d-0aec5923a143\/93e196f6-08ba-4bec-acdb-0890341f287c\" target=\"_blank\" rel=\"noopener\"><strong>Enlace a informaci\u00f3n.<\/strong><\/a><\/p>\n","protected":false},"excerpt":{"rendered":"<p>Seguridad Social. 2.500 plazas convocadas turno libre. Se publica la siguiente informaci\u00f3n referente a este proceso selectivo, publicada en la Web de la Seguridad Social: Accede a la consulta de la relaci\u00f3n provisional de aspirantes admitidos y excluidos y a la consulta de la nota informativa desde este enlace: Enlace a informaci\u00f3n.<\/p>\n","protected":false},"author":1,"featured_media":0,"comment_status":"closed","ping_status":"closed","sticky":false,"template":"","format":"standard","meta":{"footnotes":""},"categories":[47,140,7],"tags":[49,103,70],"class_list":["post-12838","post","type-post","status-publish","format-standard","hentry","category-administracion-general-del-estado","category-administrativo-seguridad-social","category-oposiciones-administracion-general-del-estado","tag-convocatorias-de-oposiciones","tag-informacion-procesos-selectivos","tag-listas-provisionales-admitidos-y-excluidos"],"yoast_head":"<!-- This site is optimized with the Yoast SEO plugin v27.5 - https:\/\/yoast.com\/product\/yoast-seo-wordpress\/ -->\n<title>Seguridad Social. 2.500 plazas convocadas turno libre.<\/title>\n<meta name=\"description\" content=\"Seguridad Social. 2.500 plazas convocadas turno libre. Relaci\u00f3n provisional de aspirantes admitidos y excluidos y nota informativa sobre subsanaciones.\" \/>\n<meta name=\"robots\" content=\"index, follow, max-snippet:-1, max-image-preview:large, max-video-preview:-1\" \/>\n<link rel=\"canonical\" href=\"https:\/\/www.emplea-te.com\/noticias-oposiciones\/seguridad-social-2-500-plazas-convocadas-turno-libre-relacion-provisional-de-aspirantes-admitidos-y-excluidos-y-nota-informativa-sobre-subsanaciones\/\" \/>\n<meta property=\"og:locale\" content=\"es_ES\" \/>\n<meta property=\"og:type\" content=\"article\" \/>\n<meta property=\"og:title\" content=\"Seguridad Social. 2.500 plazas convocadas turno libre.\" \/>\n<meta property=\"og:description\" content=\"Seguridad Social. 2.500 plazas convocadas turno libre. Relaci\u00f3n provisional de aspirantes admitidos y excluidos y nota informativa sobre subsanaciones.\" \/>\n<meta property=\"og:url\" content=\"https:\/\/www.emplea-te.com\/noticias-oposiciones\/seguridad-social-2-500-plazas-convocadas-turno-libre-relacion-provisional-de-aspirantes-admitidos-y-excluidos-y-nota-informativa-sobre-subsanaciones\/\" \/>\n<meta property=\"og:site_name\" content=\"Noticas de oposiciones por Academia Emplea-te\" \/>\n<meta property=\"article:publisher\" content=\"https:\/\/www.facebook.com\/AcademiaEmpleate\/\" \/>\n<meta property=\"article:published_time\" content=\"2024-07-19T08:40:25+00:00\" \/>\n<meta name=\"author\" content=\"Empleate\" \/>\n<meta name=\"twitter:card\" content=\"summary_large_image\" \/>\n<meta name=\"twitter:creator\" content=\"@Emplea_Te\" \/>\n<meta name=\"twitter:site\" content=\"@Emplea_Te\" \/>\n<meta name=\"twitter:label1\" content=\"Escrito por\" \/>\n\t<meta name=\"twitter:data1\" content=\"Empleate\" \/>\n\t<meta name=\"twitter:label2\" content=\"Tiempo de lectura\" \/>\n\t<meta name=\"twitter:data2\" content=\"1 minuto\" \/>\n<script type=\"application\/ld+json\" class=\"yoast-schema-graph\">{\"@context\":\"https:\\\/\\\/schema.org\",\"@graph\":[{\"@type\":\"Article\",\"@id\":\"https:\\\/\\\/www.emplea-te.com\\\/noticias-oposiciones\\\/seguridad-social-2-500-plazas-convocadas-turno-libre-relacion-provisional-de-aspirantes-admitidos-y-excluidos-y-nota-informativa-sobre-subsanaciones\\\/#article\",\"isPartOf\":{\"@id\":\"https:\\\/\\\/www.emplea-te.com\\\/noticias-oposiciones\\\/seguridad-social-2-500-plazas-convocadas-turno-libre-relacion-provisional-de-aspirantes-admitidos-y-excluidos-y-nota-informativa-sobre-subsanaciones\\\/\"},\"author\":{\"name\":\"Empleate\",\"@id\":\"https:\\\/\\\/www.emplea-te.com\\\/noticias-oposiciones\\\/#\\\/schema\\\/person\\\/d1bc587e1af2b95e9c32aba1795509a6\"},\"headline\":\"Seguridad Social. 2.500 plazas convocadas turno libre. Relaci\u00f3n provisional de aspirantes admitidos y excluidos y nota informativa sobre subsanaciones.\",\"datePublished\":\"2024-07-19T08:40:25+00:00\",\"mainEntityOfPage\":{\"@id\":\"https:\\\/\\\/www.emplea-te.com\\\/noticias-oposiciones\\\/seguridad-social-2-500-plazas-convocadas-turno-libre-relacion-provisional-de-aspirantes-admitidos-y-excluidos-y-nota-informativa-sobre-subsanaciones\\\/\"},\"wordCount\":73,\"publisher\":{\"@id\":\"https:\\\/\\\/www.emplea-te.com\\\/noticias-oposiciones\\\/#organization\"},\"keywords\":[\"Convocatoria\",\"Informaci\u00f3n procesos selectivos\",\"Listas provisionales admitidos y excluidos\"],\"articleSection\":[\"Administraci\u00f3n General del Estado.\",\"administrativo seguridad social\",\"Oposiciones Administraci\u00f3n General del Estado\"],\"inLanguage\":\"es\"},{\"@type\":\"WebPage\",\"@id\":\"https:\\\/\\\/www.emplea-te.com\\\/noticias-oposiciones\\\/seguridad-social-2-500-plazas-convocadas-turno-libre-relacion-provisional-de-aspirantes-admitidos-y-excluidos-y-nota-informativa-sobre-subsanaciones\\\/\",\"url\":\"https:\\\/\\\/www.emplea-te.com\\\/noticias-oposiciones\\\/seguridad-social-2-500-plazas-convocadas-turno-libre-relacion-provisional-de-aspirantes-admitidos-y-excluidos-y-nota-informativa-sobre-subsanaciones\\\/\",\"name\":\"Seguridad Social. 2.500 plazas convocadas turno libre.\",\"isPartOf\":{\"@id\":\"https:\\\/\\\/www.emplea-te.com\\\/noticias-oposiciones\\\/#website\"},\"datePublished\":\"2024-07-19T08:40:25+00:00\",\"description\":\"Seguridad Social. 2.500 plazas convocadas turno libre. Relaci\u00f3n provisional de aspirantes admitidos y excluidos y nota informativa sobre subsanaciones.\",\"breadcrumb\":{\"@id\":\"https:\\\/\\\/www.emplea-te.com\\\/noticias-oposiciones\\\/seguridad-social-2-500-plazas-convocadas-turno-libre-relacion-provisional-de-aspirantes-admitidos-y-excluidos-y-nota-informativa-sobre-subsanaciones\\\/#breadcrumb\"},\"inLanguage\":\"es\",\"potentialAction\":[{\"@type\":\"ReadAction\",\"target\":[\"https:\\\/\\\/www.emplea-te.com\\\/noticias-oposiciones\\\/seguridad-social-2-500-plazas-convocadas-turno-libre-relacion-provisional-de-aspirantes-admitidos-y-excluidos-y-nota-informativa-sobre-subsanaciones\\\/\"]}]},{\"@type\":\"BreadcrumbList\",\"@id\":\"https:\\\/\\\/www.emplea-te.com\\\/noticias-oposiciones\\\/seguridad-social-2-500-plazas-convocadas-turno-libre-relacion-provisional-de-aspirantes-admitidos-y-excluidos-y-nota-informativa-sobre-subsanaciones\\\/#breadcrumb\",\"itemListElement\":[{\"@type\":\"ListItem\",\"position\":1,\"name\":\"Noticias Oposiciones\",\"item\":\"https:\\\/\\\/www.emplea-te.com\\\/noticias-oposiciones\\\/\"},{\"@type\":\"ListItem\",\"position\":2,\"name\":\"Oposiciones Administraci\u00f3n General del Estado\",\"item\":\"https:\\\/\\\/www.emplea-te.com\\\/noticias-oposiciones\\\/categoria\\\/oposiciones-administracion-general-del-estado\\\/\"},{\"@type\":\"ListItem\",\"position\":3,\"name\":\"Seguridad Social. 2.500 plazas convocadas turno libre. Relaci\u00f3n provisional de aspirantes admitidos y excluidos y nota informativa sobre subsanaciones.\"}]},{\"@type\":\"WebSite\",\"@id\":\"https:\\\/\\\/www.emplea-te.com\\\/noticias-oposiciones\\\/#website\",\"url\":\"https:\\\/\\\/www.emplea-te.com\\\/noticias-oposiciones\\\/\",\"name\":\"Noticas de oposiciones por Academia Emplea-te\",\"description\":\"Toda la actualidad de las ofertas y convocatorias.\",\"publisher\":{\"@id\":\"https:\\\/\\\/www.emplea-te.com\\\/noticias-oposiciones\\\/#organization\"},\"potentialAction\":[{\"@type\":\"SearchAction\",\"target\":{\"@type\":\"EntryPoint\",\"urlTemplate\":\"https:\\\/\\\/www.emplea-te.com\\\/noticias-oposiciones\\\/?s={search_term_string}\"},\"query-input\":{\"@type\":\"PropertyValueSpecification\",\"valueRequired\":true,\"valueName\":\"search_term_string\"}}],\"inLanguage\":\"es\"},{\"@type\":\"Organization\",\"@id\":\"https:\\\/\\\/www.emplea-te.com\\\/noticias-oposiciones\\\/#organization\",\"name\":\"Academia de oposiciones Empl\u00e9ate\",\"url\":\"https:\\\/\\\/www.emplea-te.com\\\/noticias-oposiciones\\\/\",\"logo\":{\"@type\":\"ImageObject\",\"inLanguage\":\"es\",\"@id\":\"https:\\\/\\\/www.emplea-te.com\\\/noticias-oposiciones\\\/#\\\/schema\\\/logo\\\/image\\\/\",\"url\":\"https:\\\/\\\/www.emplea-te.com\\\/noticias-oposiciones\\\/wp-content\\\/uploads\\\/2019\\\/04\\\/empleate.jpg\",\"contentUrl\":\"https:\\\/\\\/www.emplea-te.com\\\/noticias-oposiciones\\\/wp-content\\\/uploads\\\/2019\\\/04\\\/empleate.jpg\",\"width\":250,\"height\":150,\"caption\":\"Academia de oposiciones Empl\u00e9ate\"},\"image\":{\"@id\":\"https:\\\/\\\/www.emplea-te.com\\\/noticias-oposiciones\\\/#\\\/schema\\\/logo\\\/image\\\/\"},\"sameAs\":[\"https:\\\/\\\/www.facebook.com\\\/AcademiaEmpleate\\\/\",\"https:\\\/\\\/x.com\\\/Emplea_Te\",\"https:\\\/\\\/www.instagram.com\\\/academia_empleate\\\/\"]},{\"@type\":\"Person\",\"@id\":\"https:\\\/\\\/www.emplea-te.com\\\/noticias-oposiciones\\\/#\\\/schema\\\/person\\\/d1bc587e1af2b95e9c32aba1795509a6\",\"name\":\"Empleate\"}]}<\/script>\n<!-- \/ Yoast SEO plugin. -->","yoast_head_json":{"title":"Seguridad Social. 2.500 plazas convocadas turno libre.","description":"Seguridad Social. 2.500 plazas convocadas turno libre. Relaci\u00f3n provisional de aspirantes admitidos y excluidos y nota informativa sobre subsanaciones.","robots":{"index":"index","follow":"follow","max-snippet":"max-snippet:-1","max-image-preview":"max-image-preview:large","max-video-preview":"max-video-preview:-1"},"canonical":"https:\/\/www.emplea-te.com\/noticias-oposiciones\/seguridad-social-2-500-plazas-convocadas-turno-libre-relacion-provisional-de-aspirantes-admitidos-y-excluidos-y-nota-informativa-sobre-subsanaciones\/","og_locale":"es_ES","og_type":"article","og_title":"Seguridad Social. 2.500 plazas convocadas turno libre.","og_description":"Seguridad Social. 2.500 plazas convocadas turno libre. Relaci\u00f3n provisional de aspirantes admitidos y excluidos y nota informativa sobre subsanaciones.","og_url":"https:\/\/www.emplea-te.com\/noticias-oposiciones\/seguridad-social-2-500-plazas-convocadas-turno-libre-relacion-provisional-de-aspirantes-admitidos-y-excluidos-y-nota-informativa-sobre-subsanaciones\/","og_site_name":"Noticas de oposiciones por Academia Emplea-te","article_publisher":"https:\/\/www.facebook.com\/AcademiaEmpleate\/","article_published_time":"2024-07-19T08:40:25+00:00","author":"Empleate","twitter_card":"summary_large_image","twitter_creator":"@Emplea_Te","twitter_site":"@Emplea_Te","twitter_misc":{"Escrito por":"Empleate","Tiempo de lectura":"1 minuto"},"schema":{"@context":"https:\/\/schema.org","@graph":[{"@type":"Article","@id":"https:\/\/www.emplea-te.com\/noticias-oposiciones\/seguridad-social-2-500-plazas-convocadas-turno-libre-relacion-provisional-de-aspirantes-admitidos-y-excluidos-y-nota-informativa-sobre-subsanaciones\/#article","isPartOf":{"@id":"https:\/\/www.emplea-te.com\/noticias-oposiciones\/seguridad-social-2-500-plazas-convocadas-turno-libre-relacion-provisional-de-aspirantes-admitidos-y-excluidos-y-nota-informativa-sobre-subsanaciones\/"},"author":{"name":"Empleate","@id":"https:\/\/www.emplea-te.com\/noticias-oposiciones\/#\/schema\/person\/d1bc587e1af2b95e9c32aba1795509a6"},"headline":"Seguridad Social. 2.500 plazas convocadas turno libre. Relaci\u00f3n provisional de aspirantes admitidos y excluidos y nota informativa sobre subsanaciones.","datePublished":"2024-07-19T08:40:25+00:00","mainEntityOfPage":{"@id":"https:\/\/www.emplea-te.com\/noticias-oposiciones\/seguridad-social-2-500-plazas-convocadas-turno-libre-relacion-provisional-de-aspirantes-admitidos-y-excluidos-y-nota-informativa-sobre-subsanaciones\/"},"wordCount":73,"publisher":{"@id":"https:\/\/www.emplea-te.com\/noticias-oposiciones\/#organization"},"keywords":["Convocatoria","Informaci\u00f3n procesos selectivos","Listas provisionales admitidos y excluidos"],"articleSection":["Administraci\u00f3n General del Estado.","administrativo seguridad social","Oposiciones Administraci\u00f3n General del Estado"],"inLanguage":"es"},{"@type":"WebPage","@id":"https:\/\/www.emplea-te.com\/noticias-oposiciones\/seguridad-social-2-500-plazas-convocadas-turno-libre-relacion-provisional-de-aspirantes-admitidos-y-excluidos-y-nota-informativa-sobre-subsanaciones\/","url":"https:\/\/www.emplea-te.com\/noticias-oposiciones\/seguridad-social-2-500-plazas-convocadas-turno-libre-relacion-provisional-de-aspirantes-admitidos-y-excluidos-y-nota-informativa-sobre-subsanaciones\/","name":"Seguridad Social. 2.500 plazas convocadas turno libre.","isPartOf":{"@id":"https:\/\/www.emplea-te.com\/noticias-oposiciones\/#website"},"datePublished":"2024-07-19T08:40:25+00:00","description":"Seguridad Social. 2.500 plazas convocadas turno libre. Relaci\u00f3n provisional de aspirantes admitidos y excluidos y nota informativa sobre subsanaciones.","breadcrumb":{"@id":"https:\/\/www.emplea-te.com\/noticias-oposiciones\/seguridad-social-2-500-plazas-convocadas-turno-libre-relacion-provisional-de-aspirantes-admitidos-y-excluidos-y-nota-informativa-sobre-subsanaciones\/#breadcrumb"},"inLanguage":"es","potentialAction":[{"@type":"ReadAction","target":["https:\/\/www.emplea-te.com\/noticias-oposiciones\/seguridad-social-2-500-plazas-convocadas-turno-libre-relacion-provisional-de-aspirantes-admitidos-y-excluidos-y-nota-informativa-sobre-subsanaciones\/"]}]},{"@type":"BreadcrumbList","@id":"https:\/\/www.emplea-te.com\/noticias-oposiciones\/seguridad-social-2-500-plazas-convocadas-turno-libre-relacion-provisional-de-aspirantes-admitidos-y-excluidos-y-nota-informativa-sobre-subsanaciones\/#breadcrumb","itemListElement":[{"@type":"ListItem","position":1,"name":"Noticias Oposiciones","item":"https:\/\/www.emplea-te.com\/noticias-oposiciones\/"},{"@type":"ListItem","position":2,"name":"Oposiciones Administraci\u00f3n General del Estado","item":"https:\/\/www.emplea-te.com\/noticias-oposiciones\/categoria\/oposiciones-administracion-general-del-estado\/"},{"@type":"ListItem","position":3,"name":"Seguridad Social. 2.500 plazas convocadas turno libre. Relaci\u00f3n provisional de aspirantes admitidos y excluidos y nota informativa sobre subsanaciones."}]},{"@type":"WebSite","@id":"https:\/\/www.emplea-te.com\/noticias-oposiciones\/#website","url":"https:\/\/www.emplea-te.com\/noticias-oposiciones\/","name":"Noticas de oposiciones por Academia Emplea-te","description":"Toda la actualidad de las ofertas y convocatorias.","publisher":{"@id":"https:\/\/www.emplea-te.com\/noticias-oposiciones\/#organization"},"potentialAction":[{"@type":"SearchAction","target":{"@type":"EntryPoint","urlTemplate":"https:\/\/www.emplea-te.com\/noticias-oposiciones\/?s={search_term_string}"},"query-input":{"@type":"PropertyValueSpecification","valueRequired":true,"valueName":"search_term_string"}}],"inLanguage":"es"},{"@type":"Organization","@id":"https:\/\/www.emplea-te.com\/noticias-oposiciones\/#organization","name":"Academia de oposiciones Empl\u00e9ate","url":"https:\/\/www.emplea-te.com\/noticias-oposiciones\/","logo":{"@type":"ImageObject","inLanguage":"es","@id":"https:\/\/www.emplea-te.com\/noticias-oposiciones\/#\/schema\/logo\/image\/","url":"https:\/\/www.emplea-te.com\/noticias-oposiciones\/wp-content\/uploads\/2019\/04\/empleate.jpg","contentUrl":"https:\/\/www.emplea-te.com\/noticias-oposiciones\/wp-content\/uploads\/2019\/04\/empleate.jpg","width":250,"height":150,"caption":"Academia de oposiciones Empl\u00e9ate"},"image":{"@id":"https:\/\/www.emplea-te.com\/noticias-oposiciones\/#\/schema\/logo\/image\/"},"sameAs":["https:\/\/www.facebook.com\/AcademiaEmpleate\/","https:\/\/x.com\/Emplea_Te","https:\/\/www.instagram.com\/academia_empleate\/"]},{"@type":"Person","@id":"https:\/\/www.emplea-te.com\/noticias-oposiciones\/#\/schema\/person\/d1bc587e1af2b95e9c32aba1795509a6","name":"Empleate"}]}},"_links":{"self":[{"href":"https:\/\/www.emplea-te.com\/noticias-oposiciones\/wp-json\/wp\/v2\/posts\/12838","targetHints":{"allow":["GET"]}}],"collection":[{"href":"https:\/\/www.emplea-te.com\/noticias-oposiciones\/wp-json\/wp\/v2\/posts"}],"about":[{"href":"https:\/\/www.emplea-te.com\/noticias-oposiciones\/wp-json\/wp\/v2\/types\/post"}],"author":[{"embeddable":true,"href":"https:\/\/www.emplea-te.com\/noticias-oposiciones\/wp-json\/wp\/v2\/users\/1"}],"replies":[{"embeddable":true,"href":"https:\/\/www.emplea-te.com\/noticias-oposiciones\/wp-json\/wp\/v2\/comments?post=12838"}],"version-history":[{"count":1,"href":"https:\/\/www.emplea-te.com\/noticias-oposiciones\/wp-json\/wp\/v2\/posts\/12838\/revisions"}],"predecessor-version":[{"id":12839,"href":"https:\/\/www.emplea-te.com\/noticias-oposiciones\/wp-json\/wp\/v2\/posts\/12838\/revisions\/12839"}],"wp:attachment":[{"href":"https:\/\/www.emplea-te.com\/noticias-oposiciones\/wp-json\/wp\/v2\/media?parent=12838"}],"wp:term":[{"taxonomy":"category","embeddable":true,"href":"https:\/\/www.emplea-te.com\/noticias-oposiciones\/wp-json\/wp\/v2\/categories?post=12838"},{"taxonomy":"post_tag","embeddable":true,"href":"https:\/\/www.emplea-te.com\/noticias-oposiciones\/wp-json\/wp\/v2\/tags?post=12838"}],"curies":[{"name":"wp","href":"https:\/\/api.w.org\/{rel}","templated":true}]}}