{"id":1284,"date":"2018-12-20T00:00:00","date_gmt":"2018-12-19T23:00:00","guid":{"rendered":"https:\/\/www.emplea-te.com\/noticias-oposiciones\/concello-de-a-coruna-amplia-la-oferta-de-empleo-publico-2018-de-policia-local\/"},"modified":"2018-12-20T00:00:00","modified_gmt":"2018-12-19T23:00:00","slug":"concello-de-a-coruna-amplia-la-oferta-de-empleo-publico-2018-de-policia-local","status":"publish","type":"post","link":"https:\/\/www.emplea-te.com\/noticias-oposiciones\/concello-de-a-coruna-amplia-la-oferta-de-empleo-publico-2018-de-policia-local\/","title":{"rendered":"Concello de A Coru\u00f1a amplia la Oferta de Empleo P\u00fablico 2018 de Polic\u00eda Local. <br>"},"content":{"rendered":"<p>Publicado en el portal <a href=\"http:\/\/www.coruna.gal\" target=\"\" rel=\"noopener noreferrer\">www.coruna.gal<\/a> el anuncio de que&nbsp;el gobierno local ampliar\u00e1 la oferta de empleo p\u00fablico de 2018 en 42 vacantes y la promoci\u00f3n interna en la Polic\u00eda Local para compensar las p\u00e9rdidas derivadas de la aprobaci\u00f3n del decreto de anticipo de jubilaci\u00f3n.<\/p>\n<p>La Junta de Gobierno Local aprobar\u00e1 este viernes una modificaci\u00f3n en la Oferta de Empleo P\u00fablico (OPE) del Concejo Municipal para este 2018 que trata de compensar las posibles p\u00e9rdidas que se producen en la Polic\u00eda Local despu\u00e9s de la publicaci\u00f3n, el \u00faltimo d\u00eda 15, del decreto real que regula El avance de la edad de jubilaci\u00f3n en este organismo oficial. La propuesta del ejecutivo municipal es ampliar la oferta de contrataci\u00f3n en 42 lugares, entre las categor\u00edas de libre rotaci\u00f3n y promoci\u00f3n interna. Esta posibilidad est\u00e1 incluida en una disposici\u00f3n adicional de la Ley de Presupuestos Generales del Estado para este a\u00f1o, que ya contemplaba la posibilidad de que el decreto entrar\u00eda en vigencia, como ser\u00e1 el caso, el 2 de enero.<\/p>\n<p><a href=\"http:\/\/www.coruna.gal\/portal\/gl\/concello\/noticias\/detalle-novas\/o-goberno-local-ampliara-a-oferta-de-emprego-publico-de-2018-en-42-prazas-de-quenda-libre-e\/suceso\/1453679609863?argIdioma=gl\" target=\"_blank\" rel=\"nofollow noopener noreferrer\"><span class=\"wysiwyg-color-green\">Enlace a publicaci\u00f3n <\/span><\/a><\/p>\n<p><a href=\"https:\/\/www.emplea-te.com\/9-oposiciones-de-policia-local\" target=\"_blank\" rel=\"nofollow noopener noreferrer\"><span class=\"wysiwyg-color-green\">Enlace con la informaci\u00f3n de nuestros grupos presenciales para preparar las oposiciones de Polic\u00eda Local <\/span><\/a><\/p>\n","protected":false},"excerpt":{"rendered":"<p>Publicado en el portal www.coruna.gal el anuncio de que&nbsp;el gobierno local ampliar\u00e1 la oferta de empleo p\u00fablico de 2018 en 42 vacantes y la promoci\u00f3n interna en la Polic\u00eda Local para compensar las p\u00e9rdidas derivadas de la aprobaci\u00f3n del decreto de anticipo de jubilaci\u00f3n. La Junta de Gobierno Local aprobar\u00e1 este viernes una modificaci\u00f3n en &hellip; <a href=\"https:\/\/www.emplea-te.com\/noticias-oposiciones\/concello-de-a-coruna-amplia-la-oferta-de-empleo-publico-2018-de-policia-local\/\" class=\"more-link\">Continuar leyendo<span class=\"screen-reader-text\"> \u00abConcello de A Coru\u00f1a amplia la Oferta de Empleo P\u00fablico 2018 de Polic\u00eda Local. <br \/>\u00ab<\/span><\/a><\/p>\n","protected":false},"author":1,"featured_media":0,"comment_status":"open","ping_status":"open","sticky":false,"template":"","format":"standard","meta":{"footnotes":""},"categories":[],"tags":[],"class_list":["post-1284","post","type-post","status-publish","format-standard","hentry"],"yoast_head":"<!-- This site is optimized with the Yoast SEO plugin v27.3 - https:\/\/yoast.com\/product\/yoast-seo-wordpress\/ -->\n<title>Concello de A Coru\u00f1a amplia la Oferta de Empleo P\u00fablico 2018 de Polic\u00eda Local.  - Noticas de oposiciones por Academia Emplea-te<\/title>\n<meta name=\"description\" content=\"Publicado en el portal\u00a0\u00a0\u00a0\u00a0\u00a0 www.coruna.gal\u00a0\u00a0 \u00a0el anuncio de que\u00a0\u00a0el gobierno local ampliar\u00e1 la oferta de empleo p\u00fablico de 2018 en 42 vacantes y la promoci\u00f3n interna en la Polic\u00eda Local para compensar las p\u00e9rdidas derivadas de la aprobaci\u00f3n del decreto de anticipo de jubilaci\u00f3n.Enlace a publicaci\u00f3n\" \/>\n<meta name=\"robots\" content=\"index, follow, max-snippet:-1, max-image-preview:large, max-video-preview:-1\" \/>\n<link rel=\"canonical\" href=\"https:\/\/www.emplea-te.com\/noticias-oposiciones\/concello-de-a-coruna-amplia-la-oferta-de-empleo-publico-2018-de-policia-local\/\" \/>\n<meta property=\"og:locale\" content=\"es_ES\" \/>\n<meta property=\"og:type\" content=\"article\" \/>\n<meta property=\"og:title\" content=\"Concello de A Coru\u00f1a amplia la Oferta de Empleo P\u00fablico 2018 de Polic\u00eda Local.  - Noticas de oposiciones por Academia Emplea-te\" \/>\n<meta property=\"og:description\" content=\"Publicado en el portal\u00a0\u00a0\u00a0\u00a0\u00a0 www.coruna.gal\u00a0\u00a0 \u00a0el anuncio de que\u00a0\u00a0el gobierno local ampliar\u00e1 la oferta de empleo p\u00fablico de 2018 en 42 vacantes y la promoci\u00f3n interna en la Polic\u00eda Local para compensar las p\u00e9rdidas derivadas de la aprobaci\u00f3n del decreto de anticipo de jubilaci\u00f3n.Enlace a publicaci\u00f3n\" \/>\n<meta property=\"og:url\" content=\"https:\/\/www.emplea-te.com\/noticias-oposiciones\/concello-de-a-coruna-amplia-la-oferta-de-empleo-publico-2018-de-policia-local\/\" \/>\n<meta property=\"og:site_name\" content=\"Noticas de oposiciones por Academia Emplea-te\" \/>\n<meta property=\"article:publisher\" content=\"https:\/\/www.facebook.com\/AcademiaEmpleate\/\" \/>\n<meta property=\"article:published_time\" content=\"2018-12-19T23:00:00+00:00\" \/>\n<meta name=\"author\" content=\"Empleate\" \/>\n<meta name=\"twitter:card\" content=\"summary_large_image\" \/>\n<meta name=\"twitter:creator\" content=\"@Emplea_Te\" \/>\n<meta name=\"twitter:site\" content=\"@Emplea_Te\" \/>\n<meta name=\"twitter:label1\" content=\"Escrito por\" \/>\n\t<meta name=\"twitter:data1\" content=\"Empleate\" \/>\n\t<meta name=\"twitter:label2\" content=\"Tiempo de lectura\" \/>\n\t<meta name=\"twitter:data2\" content=\"1 minuto\" \/>\n<script type=\"application\/ld+json\" class=\"yoast-schema-graph\">{\"@context\":\"https:\\\/\\\/schema.org\",\"@graph\":[{\"@type\":\"Article\",\"@id\":\"https:\\\/\\\/www.emplea-te.com\\\/noticias-oposiciones\\\/concello-de-a-coruna-amplia-la-oferta-de-empleo-publico-2018-de-policia-local\\\/#article\",\"isPartOf\":{\"@id\":\"https:\\\/\\\/www.emplea-te.com\\\/noticias-oposiciones\\\/concello-de-a-coruna-amplia-la-oferta-de-empleo-publico-2018-de-policia-local\\\/\"},\"author\":{\"name\":\"Empleate\",\"@id\":\"https:\\\/\\\/www.emplea-te.com\\\/noticias-oposiciones\\\/#\\\/schema\\\/person\\\/d1bc587e1af2b95e9c32aba1795509a6\"},\"headline\":\"Concello de A Coru\u00f1a amplia la Oferta de Empleo P\u00fablico 2018 de Polic\u00eda Local.\",\"datePublished\":\"2018-12-19T23:00:00+00:00\",\"mainEntityOfPage\":{\"@id\":\"https:\\\/\\\/www.emplea-te.com\\\/noticias-oposiciones\\\/concello-de-a-coruna-amplia-la-oferta-de-empleo-publico-2018-de-policia-local\\\/\"},\"wordCount\":223,\"commentCount\":0,\"publisher\":{\"@id\":\"https:\\\/\\\/www.emplea-te.com\\\/noticias-oposiciones\\\/#organization\"},\"inLanguage\":\"es\",\"potentialAction\":[{\"@type\":\"CommentAction\",\"name\":\"Comment\",\"target\":[\"https:\\\/\\\/www.emplea-te.com\\\/noticias-oposiciones\\\/concello-de-a-coruna-amplia-la-oferta-de-empleo-publico-2018-de-policia-local\\\/#respond\"]}]},{\"@type\":\"WebPage\",\"@id\":\"https:\\\/\\\/www.emplea-te.com\\\/noticias-oposiciones\\\/concello-de-a-coruna-amplia-la-oferta-de-empleo-publico-2018-de-policia-local\\\/\",\"url\":\"https:\\\/\\\/www.emplea-te.com\\\/noticias-oposiciones\\\/concello-de-a-coruna-amplia-la-oferta-de-empleo-publico-2018-de-policia-local\\\/\",\"name\":\"Concello de A Coru\u00f1a amplia la Oferta de Empleo P\u00fablico 2018 de Polic\u00eda Local. - Noticas de oposiciones por Academia Emplea-te\",\"isPartOf\":{\"@id\":\"https:\\\/\\\/www.emplea-te.com\\\/noticias-oposiciones\\\/#website\"},\"datePublished\":\"2018-12-19T23:00:00+00:00\",\"description\":\"Publicado en el portal\u00a0\u00a0\u00a0\u00a0\u00a0 www.coruna.gal\u00a0\u00a0 \u00a0el anuncio de que\u00a0\u00a0el gobierno local ampliar\u00e1 la oferta de empleo p\u00fablico de 2018 en 42 vacantes y la promoci\u00f3n interna en la Polic\u00eda Local para compensar las p\u00e9rdidas derivadas de la aprobaci\u00f3n del decreto de anticipo de jubilaci\u00f3n.Enlace a publicaci\u00f3n\",\"breadcrumb\":{\"@id\":\"https:\\\/\\\/www.emplea-te.com\\\/noticias-oposiciones\\\/concello-de-a-coruna-amplia-la-oferta-de-empleo-publico-2018-de-policia-local\\\/#breadcrumb\"},\"inLanguage\":\"es\",\"potentialAction\":[{\"@type\":\"ReadAction\",\"target\":[\"https:\\\/\\\/www.emplea-te.com\\\/noticias-oposiciones\\\/concello-de-a-coruna-amplia-la-oferta-de-empleo-publico-2018-de-policia-local\\\/\"]}]},{\"@type\":\"BreadcrumbList\",\"@id\":\"https:\\\/\\\/www.emplea-te.com\\\/noticias-oposiciones\\\/concello-de-a-coruna-amplia-la-oferta-de-empleo-publico-2018-de-policia-local\\\/#breadcrumb\",\"itemListElement\":[{\"@type\":\"ListItem\",\"position\":1,\"name\":\"Noticias Oposiciones\",\"item\":\"https:\\\/\\\/www.emplea-te.com\\\/noticias-oposiciones\\\/\"},{\"@type\":\"ListItem\",\"position\":2,\"name\":\"Concello de A Coru\u00f1a amplia la Oferta de Empleo P\u00fablico 2018 de Polic\u00eda Local.\"}]},{\"@type\":\"WebSite\",\"@id\":\"https:\\\/\\\/www.emplea-te.com\\\/noticias-oposiciones\\\/#website\",\"url\":\"https:\\\/\\\/www.emplea-te.com\\\/noticias-oposiciones\\\/\",\"name\":\"Noticas de oposiciones por Academia Emplea-te\",\"description\":\"Toda la actualidad de las ofertas y convocatorias.\",\"publisher\":{\"@id\":\"https:\\\/\\\/www.emplea-te.com\\\/noticias-oposiciones\\\/#organization\"},\"potentialAction\":[{\"@type\":\"SearchAction\",\"target\":{\"@type\":\"EntryPoint\",\"urlTemplate\":\"https:\\\/\\\/www.emplea-te.com\\\/noticias-oposiciones\\\/?s={search_term_string}\"},\"query-input\":{\"@type\":\"PropertyValueSpecification\",\"valueRequired\":true,\"valueName\":\"search_term_string\"}}],\"inLanguage\":\"es\"},{\"@type\":\"Organization\",\"@id\":\"https:\\\/\\\/www.emplea-te.com\\\/noticias-oposiciones\\\/#organization\",\"name\":\"Academia de oposiciones Empl\u00e9ate\",\"url\":\"https:\\\/\\\/www.emplea-te.com\\\/noticias-oposiciones\\\/\",\"logo\":{\"@type\":\"ImageObject\",\"inLanguage\":\"es\",\"@id\":\"https:\\\/\\\/www.emplea-te.com\\\/noticias-oposiciones\\\/#\\\/schema\\\/logo\\\/image\\\/\",\"url\":\"https:\\\/\\\/www.emplea-te.com\\\/noticias-oposiciones\\\/wp-content\\\/uploads\\\/2019\\\/04\\\/empleate.jpg\",\"contentUrl\":\"https:\\\/\\\/www.emplea-te.com\\\/noticias-oposiciones\\\/wp-content\\\/uploads\\\/2019\\\/04\\\/empleate.jpg\",\"width\":250,\"height\":150,\"caption\":\"Academia de oposiciones Empl\u00e9ate\"},\"image\":{\"@id\":\"https:\\\/\\\/www.emplea-te.com\\\/noticias-oposiciones\\\/#\\\/schema\\\/logo\\\/image\\\/\"},\"sameAs\":[\"https:\\\/\\\/www.facebook.com\\\/AcademiaEmpleate\\\/\",\"https:\\\/\\\/x.com\\\/Emplea_Te\",\"https:\\\/\\\/www.instagram.com\\\/academia_empleate\\\/\"]},{\"@type\":\"Person\",\"@id\":\"https:\\\/\\\/www.emplea-te.com\\\/noticias-oposiciones\\\/#\\\/schema\\\/person\\\/d1bc587e1af2b95e9c32aba1795509a6\",\"name\":\"Empleate\"}]}<\/script>\n<!-- \/ Yoast SEO plugin. -->","yoast_head_json":{"title":"Concello de A Coru\u00f1a amplia la Oferta de Empleo P\u00fablico 2018 de Polic\u00eda Local.  - Noticas de oposiciones por Academia Emplea-te","description":"Publicado en el portal\u00a0\u00a0\u00a0\u00a0\u00a0 www.coruna.gal\u00a0\u00a0 \u00a0el anuncio de que\u00a0\u00a0el gobierno local ampliar\u00e1 la oferta de empleo p\u00fablico de 2018 en 42 vacantes y la promoci\u00f3n interna en la Polic\u00eda Local para compensar las p\u00e9rdidas derivadas de la aprobaci\u00f3n del decreto de anticipo de jubilaci\u00f3n.Enlace a publicaci\u00f3n","robots":{"index":"index","follow":"follow","max-snippet":"max-snippet:-1","max-image-preview":"max-image-preview:large","max-video-preview":"max-video-preview:-1"},"canonical":"https:\/\/www.emplea-te.com\/noticias-oposiciones\/concello-de-a-coruna-amplia-la-oferta-de-empleo-publico-2018-de-policia-local\/","og_locale":"es_ES","og_type":"article","og_title":"Concello de A Coru\u00f1a amplia la Oferta de Empleo P\u00fablico 2018 de Polic\u00eda Local.  - Noticas de oposiciones por Academia Emplea-te","og_description":"Publicado en el portal\u00a0\u00a0\u00a0\u00a0\u00a0 www.coruna.gal\u00a0\u00a0 \u00a0el anuncio de que\u00a0\u00a0el gobierno local ampliar\u00e1 la oferta de empleo p\u00fablico de 2018 en 42 vacantes y la promoci\u00f3n interna en la Polic\u00eda Local para compensar las p\u00e9rdidas derivadas de la aprobaci\u00f3n del decreto de anticipo de jubilaci\u00f3n.Enlace a publicaci\u00f3n","og_url":"https:\/\/www.emplea-te.com\/noticias-oposiciones\/concello-de-a-coruna-amplia-la-oferta-de-empleo-publico-2018-de-policia-local\/","og_site_name":"Noticas de oposiciones por Academia Emplea-te","article_publisher":"https:\/\/www.facebook.com\/AcademiaEmpleate\/","article_published_time":"2018-12-19T23:00:00+00:00","author":"Empleate","twitter_card":"summary_large_image","twitter_creator":"@Emplea_Te","twitter_site":"@Emplea_Te","twitter_misc":{"Escrito por":"Empleate","Tiempo de lectura":"1 minuto"},"schema":{"@context":"https:\/\/schema.org","@graph":[{"@type":"Article","@id":"https:\/\/www.emplea-te.com\/noticias-oposiciones\/concello-de-a-coruna-amplia-la-oferta-de-empleo-publico-2018-de-policia-local\/#article","isPartOf":{"@id":"https:\/\/www.emplea-te.com\/noticias-oposiciones\/concello-de-a-coruna-amplia-la-oferta-de-empleo-publico-2018-de-policia-local\/"},"author":{"name":"Empleate","@id":"https:\/\/www.emplea-te.com\/noticias-oposiciones\/#\/schema\/person\/d1bc587e1af2b95e9c32aba1795509a6"},"headline":"Concello de A Coru\u00f1a amplia la Oferta de Empleo P\u00fablico 2018 de Polic\u00eda Local.","datePublished":"2018-12-19T23:00:00+00:00","mainEntityOfPage":{"@id":"https:\/\/www.emplea-te.com\/noticias-oposiciones\/concello-de-a-coruna-amplia-la-oferta-de-empleo-publico-2018-de-policia-local\/"},"wordCount":223,"commentCount":0,"publisher":{"@id":"https:\/\/www.emplea-te.com\/noticias-oposiciones\/#organization"},"inLanguage":"es","potentialAction":[{"@type":"CommentAction","name":"Comment","target":["https:\/\/www.emplea-te.com\/noticias-oposiciones\/concello-de-a-coruna-amplia-la-oferta-de-empleo-publico-2018-de-policia-local\/#respond"]}]},{"@type":"WebPage","@id":"https:\/\/www.emplea-te.com\/noticias-oposiciones\/concello-de-a-coruna-amplia-la-oferta-de-empleo-publico-2018-de-policia-local\/","url":"https:\/\/www.emplea-te.com\/noticias-oposiciones\/concello-de-a-coruna-amplia-la-oferta-de-empleo-publico-2018-de-policia-local\/","name":"Concello de A Coru\u00f1a amplia la Oferta de Empleo P\u00fablico 2018 de Polic\u00eda Local. - Noticas de oposiciones por Academia Emplea-te","isPartOf":{"@id":"https:\/\/www.emplea-te.com\/noticias-oposiciones\/#website"},"datePublished":"2018-12-19T23:00:00+00:00","description":"Publicado en el portal\u00a0\u00a0\u00a0\u00a0\u00a0 www.coruna.gal\u00a0\u00a0 \u00a0el anuncio de que\u00a0\u00a0el gobierno local ampliar\u00e1 la oferta de empleo p\u00fablico de 2018 en 42 vacantes y la promoci\u00f3n interna en la Polic\u00eda Local para compensar las p\u00e9rdidas derivadas de la aprobaci\u00f3n del decreto de anticipo de jubilaci\u00f3n.Enlace a publicaci\u00f3n","breadcrumb":{"@id":"https:\/\/www.emplea-te.com\/noticias-oposiciones\/concello-de-a-coruna-amplia-la-oferta-de-empleo-publico-2018-de-policia-local\/#breadcrumb"},"inLanguage":"es","potentialAction":[{"@type":"ReadAction","target":["https:\/\/www.emplea-te.com\/noticias-oposiciones\/concello-de-a-coruna-amplia-la-oferta-de-empleo-publico-2018-de-policia-local\/"]}]},{"@type":"BreadcrumbList","@id":"https:\/\/www.emplea-te.com\/noticias-oposiciones\/concello-de-a-coruna-amplia-la-oferta-de-empleo-publico-2018-de-policia-local\/#breadcrumb","itemListElement":[{"@type":"ListItem","position":1,"name":"Noticias Oposiciones","item":"https:\/\/www.emplea-te.com\/noticias-oposiciones\/"},{"@type":"ListItem","position":2,"name":"Concello de A Coru\u00f1a amplia la Oferta de Empleo P\u00fablico 2018 de Polic\u00eda Local."}]},{"@type":"WebSite","@id":"https:\/\/www.emplea-te.com\/noticias-oposiciones\/#website","url":"https:\/\/www.emplea-te.com\/noticias-oposiciones\/","name":"Noticas de oposiciones por Academia Emplea-te","description":"Toda la actualidad de las ofertas y convocatorias.","publisher":{"@id":"https:\/\/www.emplea-te.com\/noticias-oposiciones\/#organization"},"potentialAction":[{"@type":"SearchAction","target":{"@type":"EntryPoint","urlTemplate":"https:\/\/www.emplea-te.com\/noticias-oposiciones\/?s={search_term_string}"},"query-input":{"@type":"PropertyValueSpecification","valueRequired":true,"valueName":"search_term_string"}}],"inLanguage":"es"},{"@type":"Organization","@id":"https:\/\/www.emplea-te.com\/noticias-oposiciones\/#organization","name":"Academia de oposiciones Empl\u00e9ate","url":"https:\/\/www.emplea-te.com\/noticias-oposiciones\/","logo":{"@type":"ImageObject","inLanguage":"es","@id":"https:\/\/www.emplea-te.com\/noticias-oposiciones\/#\/schema\/logo\/image\/","url":"https:\/\/www.emplea-te.com\/noticias-oposiciones\/wp-content\/uploads\/2019\/04\/empleate.jpg","contentUrl":"https:\/\/www.emplea-te.com\/noticias-oposiciones\/wp-content\/uploads\/2019\/04\/empleate.jpg","width":250,"height":150,"caption":"Academia de oposiciones Empl\u00e9ate"},"image":{"@id":"https:\/\/www.emplea-te.com\/noticias-oposiciones\/#\/schema\/logo\/image\/"},"sameAs":["https:\/\/www.facebook.com\/AcademiaEmpleate\/","https:\/\/x.com\/Emplea_Te","https:\/\/www.instagram.com\/academia_empleate\/"]},{"@type":"Person","@id":"https:\/\/www.emplea-te.com\/noticias-oposiciones\/#\/schema\/person\/d1bc587e1af2b95e9c32aba1795509a6","name":"Empleate"}]}},"_links":{"self":[{"href":"https:\/\/www.emplea-te.com\/noticias-oposiciones\/wp-json\/wp\/v2\/posts\/1284","targetHints":{"allow":["GET"]}}],"collection":[{"href":"https:\/\/www.emplea-te.com\/noticias-oposiciones\/wp-json\/wp\/v2\/posts"}],"about":[{"href":"https:\/\/www.emplea-te.com\/noticias-oposiciones\/wp-json\/wp\/v2\/types\/post"}],"author":[{"embeddable":true,"href":"https:\/\/www.emplea-te.com\/noticias-oposiciones\/wp-json\/wp\/v2\/users\/1"}],"replies":[{"embeddable":true,"href":"https:\/\/www.emplea-te.com\/noticias-oposiciones\/wp-json\/wp\/v2\/comments?post=1284"}],"version-history":[{"count":0,"href":"https:\/\/www.emplea-te.com\/noticias-oposiciones\/wp-json\/wp\/v2\/posts\/1284\/revisions"}],"wp:attachment":[{"href":"https:\/\/www.emplea-te.com\/noticias-oposiciones\/wp-json\/wp\/v2\/media?parent=1284"}],"wp:term":[{"taxonomy":"category","embeddable":true,"href":"https:\/\/www.emplea-te.com\/noticias-oposiciones\/wp-json\/wp\/v2\/categories?post=1284"},{"taxonomy":"post_tag","embeddable":true,"href":"https:\/\/www.emplea-te.com\/noticias-oposiciones\/wp-json\/wp\/v2\/tags?post=1284"}],"curies":[{"name":"wp","href":"https:\/\/api.w.org\/{rel}","templated":true}]}}