{"id":12840,"date":"2024-07-19T10:59:14","date_gmt":"2024-07-19T08:59:14","guid":{"rendered":"https:\/\/www.emplea-te.com\/noticias-oposiciones\/?p=12840"},"modified":"2024-07-19T10:59:14","modified_gmt":"2024-07-19T08:59:14","slug":"justicia-gestion-procesal-y-administrativa-turno-libre-orden-jus-1254-2022-publicada-la-relacion-de-aspirantes-que-han-aprobado-el-proceso-selectivo","status":"publish","type":"post","link":"https:\/\/www.emplea-te.com\/noticias-oposiciones\/justicia-gestion-procesal-y-administrativa-turno-libre-orden-jus-1254-2022-publicada-la-relacion-de-aspirantes-que-han-aprobado-el-proceso-selectivo\/","title":{"rendered":"Justicia. Gesti\u00f3n Procesal y administrativa turno libre Orden JUS\/1254\/2022. Publicada la relaci\u00f3n de aspirantes que han aprobado el proceso selectivo."},"content":{"rendered":"<p>Se publica en el BOE de hoy, d\u00eda 19 de julio de 2024, la Orden PJC\/740\/2024, de 8 de julio, por la que se publica la relaci\u00f3n de personas aprobadas en el proceso selectivo para acceso, por el sistema general de acceso libre, al Cuerpo de Gesti\u00f3n Procesal y Administrativa de la Administraci\u00f3n de Justicia, convocado por Orden JUS\/1254\/2022, de 7 de diciembre.<\/p>\n<p><a href=\"https:\/\/www.boe.es\/boe\/dias\/2024\/07\/19\/pdfs\/BOE-A-2024-14843.pdf\" target=\"_blank\" rel=\"noopener\"><strong>Enlace a la Orden.<\/strong><\/a><\/p>\n<p>En el plazo de diez d\u00edas h\u00e1biles, desde la publicaci\u00f3n de esta Orden en el \u00abBolet\u00edn Oficial del Estado\u00bb, las personas aspirantes que figuran en el anexo II presentar\u00e1n en el Registro General de este Ministerio, calle de La Bolsa, n\u00famero 8, c\u00f3digo postal 28071 de Madrid, o bien, en los Registros de cualquiera de los \u00f3rganos previstos en el art\u00edculo 16.4 de la Ley 39\/2015, de 1 de octubre, del Procedimiento Administrativo Com\u00fan de las Administraciones P\u00fablicas, y dirigida a la Unidad EA0041037-Oficina O00011588-Medios Personales. Procesos Selectivos, la documentaci\u00f3n requerida, especificada en esta Resoluci\u00f3n.<\/p>\n<p>Se publica tambi\u00e9n la Orden con la relaci\u00f3n de plazas correspondientes al \u00e1mbito del Ministerio de la Presidencia, Justicia y Relaciones con las Cortes que se ofrecen a las personas aprobadas, en el proceso selectivo para acceso en el Cuerpo de Gesti\u00f3n Procesal y Administrativa de la Administraci\u00f3n de Justicia, turno libre, convocado por Orden JUS\/1254\/2022, de 7 de diciembre.<br \/>\n<a href=\"https:\/\/www.boe.es\/boe\/dias\/2024\/07\/19\/pdfs\/BOE-A-2024-14844.pdf\" target=\"_blank\" rel=\"noopener\"><strong>Enlace a la Orden.<\/strong><\/a><\/p>\n<p>Se publica la relaci\u00f3n de plazas correspondientes al \u00e1mbito de las distintas Comunidades Aut\u00f3nomas.<br \/>\nDesde cada uno de los enlaces que copiamos en las l\u00edneas que siguen, puedes hacer la consulta por Comunidad Aut\u00f3noma:<\/p>\n<p><a href=\"https:\/\/www.boe.es\/boe\/dias\/2024\/07\/19\/pdfs\/BOE-A-2024-14851.pdf\" target=\"_blank\" rel=\"noopener\"><strong>COMUNIDAD AUT\u00d3NOMA DEL PA\u00cdS VASCO<\/strong><\/a><\/p>\n<p><a href=\"https:\/\/www.boe.es\/boe\/dias\/2024\/07\/19\/pdfs\/BOE-A-2024-14852.pdf\" target=\"_blank\" rel=\"noopener\"><strong>COMUNIDAD AUT\u00d3NOMA DE CATALU\u00d1A<\/strong><\/a><\/p>\n<p><a href=\"https:\/\/www.boe.es\/boe\/dias\/2024\/07\/19\/pdfs\/BOE-A-2024-14853.pdf\" target=\"_blank\" rel=\"noopener\"><strong>COMUNIDAD AUT\u00d3NOMA DE GALICIA<\/strong><\/a><\/p>\n<p><a href=\"https:\/\/www.boe.es\/boe\/dias\/2024\/07\/19\/pdfs\/BOE-A-2024-14854.pdf\" target=\"_blank\" rel=\"noopener\"><strong>COMUNIDAD AUT\u00d3NOMA DE ANDALUC\u00cdA<\/strong><\/a><\/p>\n<p><a href=\"https:\/\/www.boe.es\/boe\/dias\/2024\/07\/19\/pdfs\/BOE-A-2024-14855.pdf\" target=\"_blank\" rel=\"noopener\"><strong>COMUNIDAD AUT\u00d3NOMA DEL PRINCIPADO DE ASTURIAS<\/strong><\/a><\/p>\n<p><a href=\"https:\/\/www.boe.es\/boe\/dias\/2024\/07\/19\/pdfs\/BOE-A-2024-14856.pdf\" target=\"_blank\" rel=\"noopener\"><strong>COMUNIDAD AUT\u00d3NOMA DE CANTABRIA<\/strong><\/a><\/p>\n<p><a href=\"https:\/\/www.boe.es\/boe\/dias\/2024\/07\/19\/pdfs\/BOE-A-2024-14857.pdf\" target=\"_blank\" rel=\"noopener\"><strong>COMUNIDAD AUT\u00d3NOMA DE LA RIOJA<\/strong><\/a><\/p>\n<p><a href=\"https:\/\/www.boe.es\/boe\/dias\/2024\/07\/19\/pdfs\/BOE-A-2024-14858.pdf\" target=\"_blank\" rel=\"noopener\"><strong>COMUNITAT VALENCIANA<\/strong><\/a><\/p>\n<p><a href=\"https:\/\/www.boe.es\/boe\/dias\/2024\/07\/19\/pdfs\/BOE-A-2024-14860.pdf\" target=\"_blank\" rel=\"noopener\"><strong>COMUNIDAD AUT\u00d3NOMA DE CANARIAS<\/strong><\/a><\/p>\n<p><a href=\"https:\/\/www.boe.es\/boe\/dias\/2024\/07\/19\/pdfs\/BOE-A-2024-14862.pdf\" target=\"_blank\" rel=\"noopener\"><strong>COMUNIDAD DE MADRID<\/strong><\/a><\/p>\n<p>&nbsp;<\/p>\n<p>&nbsp;<\/p>\n<p>&nbsp;<\/p>\n","protected":false},"excerpt":{"rendered":"<p>Se publica en el BOE de hoy, d\u00eda 19 de julio de 2024, la Orden PJC\/740\/2024, de 8 de julio, por la que se publica la relaci\u00f3n de personas aprobadas en el proceso selectivo para acceso, por el sistema general de acceso libre, al Cuerpo de Gesti\u00f3n Procesal y Administrativa de la Administraci\u00f3n de Justicia, &hellip; <a href=\"https:\/\/www.emplea-te.com\/noticias-oposiciones\/justicia-gestion-procesal-y-administrativa-turno-libre-orden-jus-1254-2022-publicada-la-relacion-de-aspirantes-que-han-aprobado-el-proceso-selectivo\/\" class=\"more-link\">Continuar leyendo<span class=\"screen-reader-text\"> \u00abJusticia. Gesti\u00f3n Procesal y administrativa turno libre Orden JUS\/1254\/2022. Publicada la relaci\u00f3n de aspirantes que han aprobado el proceso selectivo.\u00bb<\/span><\/a><\/p>\n","protected":false},"author":1,"featured_media":0,"comment_status":"closed","ping_status":"closed","sticky":false,"template":"","format":"standard","meta":{"footnotes":""},"categories":[17,14],"tags":[88,103],"class_list":["post-12840","post","type-post","status-publish","format-standard","hentry","category-oposiciones-gestion-procesal","category-oposiciones-justicia","tag-aprobados-proceso-selectivo","tag-informacion-procesos-selectivos"],"yoast_head":"<!-- This site is optimized with the Yoast SEO plugin v27.5 - https:\/\/yoast.com\/product\/yoast-seo-wordpress\/ -->\n<title>Gesti\u00f3n Procesal y administrativa turno libre<\/title>\n<meta name=\"description\" content=\"Justicia. Gesti\u00f3n Procesal y administrativa turno libre Orden JUS\/1254\/2022. Publicada la relaci\u00f3n de aspirantes que han aprobado el proceso selectivo.\" \/>\n<meta name=\"robots\" content=\"index, follow, max-snippet:-1, max-image-preview:large, max-video-preview:-1\" \/>\n<link rel=\"canonical\" href=\"https:\/\/www.emplea-te.com\/noticias-oposiciones\/justicia-gestion-procesal-y-administrativa-turno-libre-orden-jus-1254-2022-publicada-la-relacion-de-aspirantes-que-han-aprobado-el-proceso-selectivo\/\" \/>\n<meta property=\"og:locale\" content=\"es_ES\" \/>\n<meta property=\"og:type\" content=\"article\" \/>\n<meta property=\"og:title\" content=\"Gesti\u00f3n Procesal y administrativa turno libre\" \/>\n<meta property=\"og:description\" content=\"Justicia. Gesti\u00f3n Procesal y administrativa turno libre Orden JUS\/1254\/2022. Publicada la relaci\u00f3n de aspirantes que han aprobado el proceso selectivo.\" \/>\n<meta property=\"og:url\" content=\"https:\/\/www.emplea-te.com\/noticias-oposiciones\/justicia-gestion-procesal-y-administrativa-turno-libre-orden-jus-1254-2022-publicada-la-relacion-de-aspirantes-que-han-aprobado-el-proceso-selectivo\/\" \/>\n<meta property=\"og:site_name\" content=\"Noticas de oposiciones por Academia Emplea-te\" \/>\n<meta property=\"article:publisher\" content=\"https:\/\/www.facebook.com\/AcademiaEmpleate\/\" \/>\n<meta property=\"article:published_time\" content=\"2024-07-19T08:59:14+00:00\" \/>\n<meta name=\"author\" content=\"Empleate\" \/>\n<meta name=\"twitter:card\" content=\"summary_large_image\" \/>\n<meta name=\"twitter:creator\" content=\"@Emplea_Te\" \/>\n<meta name=\"twitter:site\" content=\"@Emplea_Te\" \/>\n<meta name=\"twitter:label1\" content=\"Escrito por\" \/>\n\t<meta name=\"twitter:data1\" content=\"Empleate\" \/>\n\t<meta name=\"twitter:label2\" content=\"Tiempo de lectura\" \/>\n\t<meta name=\"twitter:data2\" content=\"2 minutos\" \/>\n<script type=\"application\/ld+json\" class=\"yoast-schema-graph\">{\"@context\":\"https:\\\/\\\/schema.org\",\"@graph\":[{\"@type\":\"Article\",\"@id\":\"https:\\\/\\\/www.emplea-te.com\\\/noticias-oposiciones\\\/justicia-gestion-procesal-y-administrativa-turno-libre-orden-jus-1254-2022-publicada-la-relacion-de-aspirantes-que-han-aprobado-el-proceso-selectivo\\\/#article\",\"isPartOf\":{\"@id\":\"https:\\\/\\\/www.emplea-te.com\\\/noticias-oposiciones\\\/justicia-gestion-procesal-y-administrativa-turno-libre-orden-jus-1254-2022-publicada-la-relacion-de-aspirantes-que-han-aprobado-el-proceso-selectivo\\\/\"},\"author\":{\"name\":\"Empleate\",\"@id\":\"https:\\\/\\\/www.emplea-te.com\\\/noticias-oposiciones\\\/#\\\/schema\\\/person\\\/d1bc587e1af2b95e9c32aba1795509a6\"},\"headline\":\"Justicia. Gesti\u00f3n Procesal y administrativa turno libre Orden JUS\\\/1254\\\/2022. Publicada la relaci\u00f3n de aspirantes que han aprobado el proceso selectivo.\",\"datePublished\":\"2024-07-19T08:59:14+00:00\",\"mainEntityOfPage\":{\"@id\":\"https:\\\/\\\/www.emplea-te.com\\\/noticias-oposiciones\\\/justicia-gestion-procesal-y-administrativa-turno-libre-orden-jus-1254-2022-publicada-la-relacion-de-aspirantes-que-han-aprobado-el-proceso-selectivo\\\/\"},\"wordCount\":353,\"publisher\":{\"@id\":\"https:\\\/\\\/www.emplea-te.com\\\/noticias-oposiciones\\\/#organization\"},\"keywords\":[\"Aprobados proceso selectivo\",\"Informaci\u00f3n procesos selectivos\"],\"articleSection\":[\"Oposiciones Gesti\u00f3n Procesal\",\"Oposiciones Justicia\"],\"inLanguage\":\"es\"},{\"@type\":\"WebPage\",\"@id\":\"https:\\\/\\\/www.emplea-te.com\\\/noticias-oposiciones\\\/justicia-gestion-procesal-y-administrativa-turno-libre-orden-jus-1254-2022-publicada-la-relacion-de-aspirantes-que-han-aprobado-el-proceso-selectivo\\\/\",\"url\":\"https:\\\/\\\/www.emplea-te.com\\\/noticias-oposiciones\\\/justicia-gestion-procesal-y-administrativa-turno-libre-orden-jus-1254-2022-publicada-la-relacion-de-aspirantes-que-han-aprobado-el-proceso-selectivo\\\/\",\"name\":\"Gesti\u00f3n Procesal y administrativa turno libre\",\"isPartOf\":{\"@id\":\"https:\\\/\\\/www.emplea-te.com\\\/noticias-oposiciones\\\/#website\"},\"datePublished\":\"2024-07-19T08:59:14+00:00\",\"description\":\"Justicia. Gesti\u00f3n Procesal y administrativa turno libre Orden JUS\\\/1254\\\/2022. Publicada la relaci\u00f3n de aspirantes que han aprobado el proceso selectivo.\",\"breadcrumb\":{\"@id\":\"https:\\\/\\\/www.emplea-te.com\\\/noticias-oposiciones\\\/justicia-gestion-procesal-y-administrativa-turno-libre-orden-jus-1254-2022-publicada-la-relacion-de-aspirantes-que-han-aprobado-el-proceso-selectivo\\\/#breadcrumb\"},\"inLanguage\":\"es\",\"potentialAction\":[{\"@type\":\"ReadAction\",\"target\":[\"https:\\\/\\\/www.emplea-te.com\\\/noticias-oposiciones\\\/justicia-gestion-procesal-y-administrativa-turno-libre-orden-jus-1254-2022-publicada-la-relacion-de-aspirantes-que-han-aprobado-el-proceso-selectivo\\\/\"]}]},{\"@type\":\"BreadcrumbList\",\"@id\":\"https:\\\/\\\/www.emplea-te.com\\\/noticias-oposiciones\\\/justicia-gestion-procesal-y-administrativa-turno-libre-orden-jus-1254-2022-publicada-la-relacion-de-aspirantes-que-han-aprobado-el-proceso-selectivo\\\/#breadcrumb\",\"itemListElement\":[{\"@type\":\"ListItem\",\"position\":1,\"name\":\"Noticias Oposiciones\",\"item\":\"https:\\\/\\\/www.emplea-te.com\\\/noticias-oposiciones\\\/\"},{\"@type\":\"ListItem\",\"position\":2,\"name\":\"Oposiciones Justicia\",\"item\":\"https:\\\/\\\/www.emplea-te.com\\\/noticias-oposiciones\\\/categoria\\\/oposiciones-justicia\\\/\"},{\"@type\":\"ListItem\",\"position\":3,\"name\":\"Oposiciones Gesti\u00f3n Procesal\",\"item\":\"https:\\\/\\\/www.emplea-te.com\\\/noticias-oposiciones\\\/categoria\\\/oposiciones-justicia\\\/oposiciones-gestion-procesal\\\/\"},{\"@type\":\"ListItem\",\"position\":4,\"name\":\"Justicia. Gesti\u00f3n Procesal y administrativa turno libre Orden JUS\\\/1254\\\/2022. Publicada la relaci\u00f3n de aspirantes que han aprobado el proceso selectivo.\"}]},{\"@type\":\"WebSite\",\"@id\":\"https:\\\/\\\/www.emplea-te.com\\\/noticias-oposiciones\\\/#website\",\"url\":\"https:\\\/\\\/www.emplea-te.com\\\/noticias-oposiciones\\\/\",\"name\":\"Noticas de oposiciones por Academia Emplea-te\",\"description\":\"Toda la actualidad de las ofertas y convocatorias.\",\"publisher\":{\"@id\":\"https:\\\/\\\/www.emplea-te.com\\\/noticias-oposiciones\\\/#organization\"},\"potentialAction\":[{\"@type\":\"SearchAction\",\"target\":{\"@type\":\"EntryPoint\",\"urlTemplate\":\"https:\\\/\\\/www.emplea-te.com\\\/noticias-oposiciones\\\/?s={search_term_string}\"},\"query-input\":{\"@type\":\"PropertyValueSpecification\",\"valueRequired\":true,\"valueName\":\"search_term_string\"}}],\"inLanguage\":\"es\"},{\"@type\":\"Organization\",\"@id\":\"https:\\\/\\\/www.emplea-te.com\\\/noticias-oposiciones\\\/#organization\",\"name\":\"Academia de oposiciones Empl\u00e9ate\",\"url\":\"https:\\\/\\\/www.emplea-te.com\\\/noticias-oposiciones\\\/\",\"logo\":{\"@type\":\"ImageObject\",\"inLanguage\":\"es\",\"@id\":\"https:\\\/\\\/www.emplea-te.com\\\/noticias-oposiciones\\\/#\\\/schema\\\/logo\\\/image\\\/\",\"url\":\"https:\\\/\\\/www.emplea-te.com\\\/noticias-oposiciones\\\/wp-content\\\/uploads\\\/2019\\\/04\\\/empleate.jpg\",\"contentUrl\":\"https:\\\/\\\/www.emplea-te.com\\\/noticias-oposiciones\\\/wp-content\\\/uploads\\\/2019\\\/04\\\/empleate.jpg\",\"width\":250,\"height\":150,\"caption\":\"Academia de oposiciones Empl\u00e9ate\"},\"image\":{\"@id\":\"https:\\\/\\\/www.emplea-te.com\\\/noticias-oposiciones\\\/#\\\/schema\\\/logo\\\/image\\\/\"},\"sameAs\":[\"https:\\\/\\\/www.facebook.com\\\/AcademiaEmpleate\\\/\",\"https:\\\/\\\/x.com\\\/Emplea_Te\",\"https:\\\/\\\/www.instagram.com\\\/academia_empleate\\\/\"]},{\"@type\":\"Person\",\"@id\":\"https:\\\/\\\/www.emplea-te.com\\\/noticias-oposiciones\\\/#\\\/schema\\\/person\\\/d1bc587e1af2b95e9c32aba1795509a6\",\"name\":\"Empleate\"}]}<\/script>\n<!-- \/ Yoast SEO plugin. -->","yoast_head_json":{"title":"Gesti\u00f3n Procesal y administrativa turno libre","description":"Justicia. Gesti\u00f3n Procesal y administrativa turno libre Orden JUS\/1254\/2022. Publicada la relaci\u00f3n de aspirantes que han aprobado el proceso selectivo.","robots":{"index":"index","follow":"follow","max-snippet":"max-snippet:-1","max-image-preview":"max-image-preview:large","max-video-preview":"max-video-preview:-1"},"canonical":"https:\/\/www.emplea-te.com\/noticias-oposiciones\/justicia-gestion-procesal-y-administrativa-turno-libre-orden-jus-1254-2022-publicada-la-relacion-de-aspirantes-que-han-aprobado-el-proceso-selectivo\/","og_locale":"es_ES","og_type":"article","og_title":"Gesti\u00f3n Procesal y administrativa turno libre","og_description":"Justicia. Gesti\u00f3n Procesal y administrativa turno libre Orden JUS\/1254\/2022. Publicada la relaci\u00f3n de aspirantes que han aprobado el proceso selectivo.","og_url":"https:\/\/www.emplea-te.com\/noticias-oposiciones\/justicia-gestion-procesal-y-administrativa-turno-libre-orden-jus-1254-2022-publicada-la-relacion-de-aspirantes-que-han-aprobado-el-proceso-selectivo\/","og_site_name":"Noticas de oposiciones por Academia Emplea-te","article_publisher":"https:\/\/www.facebook.com\/AcademiaEmpleate\/","article_published_time":"2024-07-19T08:59:14+00:00","author":"Empleate","twitter_card":"summary_large_image","twitter_creator":"@Emplea_Te","twitter_site":"@Emplea_Te","twitter_misc":{"Escrito por":"Empleate","Tiempo de lectura":"2 minutos"},"schema":{"@context":"https:\/\/schema.org","@graph":[{"@type":"Article","@id":"https:\/\/www.emplea-te.com\/noticias-oposiciones\/justicia-gestion-procesal-y-administrativa-turno-libre-orden-jus-1254-2022-publicada-la-relacion-de-aspirantes-que-han-aprobado-el-proceso-selectivo\/#article","isPartOf":{"@id":"https:\/\/www.emplea-te.com\/noticias-oposiciones\/justicia-gestion-procesal-y-administrativa-turno-libre-orden-jus-1254-2022-publicada-la-relacion-de-aspirantes-que-han-aprobado-el-proceso-selectivo\/"},"author":{"name":"Empleate","@id":"https:\/\/www.emplea-te.com\/noticias-oposiciones\/#\/schema\/person\/d1bc587e1af2b95e9c32aba1795509a6"},"headline":"Justicia. Gesti\u00f3n Procesal y administrativa turno libre Orden JUS\/1254\/2022. Publicada la relaci\u00f3n de aspirantes que han aprobado el proceso selectivo.","datePublished":"2024-07-19T08:59:14+00:00","mainEntityOfPage":{"@id":"https:\/\/www.emplea-te.com\/noticias-oposiciones\/justicia-gestion-procesal-y-administrativa-turno-libre-orden-jus-1254-2022-publicada-la-relacion-de-aspirantes-que-han-aprobado-el-proceso-selectivo\/"},"wordCount":353,"publisher":{"@id":"https:\/\/www.emplea-te.com\/noticias-oposiciones\/#organization"},"keywords":["Aprobados proceso selectivo","Informaci\u00f3n procesos selectivos"],"articleSection":["Oposiciones Gesti\u00f3n Procesal","Oposiciones Justicia"],"inLanguage":"es"},{"@type":"WebPage","@id":"https:\/\/www.emplea-te.com\/noticias-oposiciones\/justicia-gestion-procesal-y-administrativa-turno-libre-orden-jus-1254-2022-publicada-la-relacion-de-aspirantes-que-han-aprobado-el-proceso-selectivo\/","url":"https:\/\/www.emplea-te.com\/noticias-oposiciones\/justicia-gestion-procesal-y-administrativa-turno-libre-orden-jus-1254-2022-publicada-la-relacion-de-aspirantes-que-han-aprobado-el-proceso-selectivo\/","name":"Gesti\u00f3n Procesal y administrativa turno libre","isPartOf":{"@id":"https:\/\/www.emplea-te.com\/noticias-oposiciones\/#website"},"datePublished":"2024-07-19T08:59:14+00:00","description":"Justicia. Gesti\u00f3n Procesal y administrativa turno libre Orden JUS\/1254\/2022. Publicada la relaci\u00f3n de aspirantes que han aprobado el proceso selectivo.","breadcrumb":{"@id":"https:\/\/www.emplea-te.com\/noticias-oposiciones\/justicia-gestion-procesal-y-administrativa-turno-libre-orden-jus-1254-2022-publicada-la-relacion-de-aspirantes-que-han-aprobado-el-proceso-selectivo\/#breadcrumb"},"inLanguage":"es","potentialAction":[{"@type":"ReadAction","target":["https:\/\/www.emplea-te.com\/noticias-oposiciones\/justicia-gestion-procesal-y-administrativa-turno-libre-orden-jus-1254-2022-publicada-la-relacion-de-aspirantes-que-han-aprobado-el-proceso-selectivo\/"]}]},{"@type":"BreadcrumbList","@id":"https:\/\/www.emplea-te.com\/noticias-oposiciones\/justicia-gestion-procesal-y-administrativa-turno-libre-orden-jus-1254-2022-publicada-la-relacion-de-aspirantes-que-han-aprobado-el-proceso-selectivo\/#breadcrumb","itemListElement":[{"@type":"ListItem","position":1,"name":"Noticias Oposiciones","item":"https:\/\/www.emplea-te.com\/noticias-oposiciones\/"},{"@type":"ListItem","position":2,"name":"Oposiciones Justicia","item":"https:\/\/www.emplea-te.com\/noticias-oposiciones\/categoria\/oposiciones-justicia\/"},{"@type":"ListItem","position":3,"name":"Oposiciones Gesti\u00f3n Procesal","item":"https:\/\/www.emplea-te.com\/noticias-oposiciones\/categoria\/oposiciones-justicia\/oposiciones-gestion-procesal\/"},{"@type":"ListItem","position":4,"name":"Justicia. Gesti\u00f3n Procesal y administrativa turno libre Orden JUS\/1254\/2022. Publicada la relaci\u00f3n de aspirantes que han aprobado el proceso selectivo."}]},{"@type":"WebSite","@id":"https:\/\/www.emplea-te.com\/noticias-oposiciones\/#website","url":"https:\/\/www.emplea-te.com\/noticias-oposiciones\/","name":"Noticas de oposiciones por Academia Emplea-te","description":"Toda la actualidad de las ofertas y convocatorias.","publisher":{"@id":"https:\/\/www.emplea-te.com\/noticias-oposiciones\/#organization"},"potentialAction":[{"@type":"SearchAction","target":{"@type":"EntryPoint","urlTemplate":"https:\/\/www.emplea-te.com\/noticias-oposiciones\/?s={search_term_string}"},"query-input":{"@type":"PropertyValueSpecification","valueRequired":true,"valueName":"search_term_string"}}],"inLanguage":"es"},{"@type":"Organization","@id":"https:\/\/www.emplea-te.com\/noticias-oposiciones\/#organization","name":"Academia de oposiciones Empl\u00e9ate","url":"https:\/\/www.emplea-te.com\/noticias-oposiciones\/","logo":{"@type":"ImageObject","inLanguage":"es","@id":"https:\/\/www.emplea-te.com\/noticias-oposiciones\/#\/schema\/logo\/image\/","url":"https:\/\/www.emplea-te.com\/noticias-oposiciones\/wp-content\/uploads\/2019\/04\/empleate.jpg","contentUrl":"https:\/\/www.emplea-te.com\/noticias-oposiciones\/wp-content\/uploads\/2019\/04\/empleate.jpg","width":250,"height":150,"caption":"Academia de oposiciones Empl\u00e9ate"},"image":{"@id":"https:\/\/www.emplea-te.com\/noticias-oposiciones\/#\/schema\/logo\/image\/"},"sameAs":["https:\/\/www.facebook.com\/AcademiaEmpleate\/","https:\/\/x.com\/Emplea_Te","https:\/\/www.instagram.com\/academia_empleate\/"]},{"@type":"Person","@id":"https:\/\/www.emplea-te.com\/noticias-oposiciones\/#\/schema\/person\/d1bc587e1af2b95e9c32aba1795509a6","name":"Empleate"}]}},"_links":{"self":[{"href":"https:\/\/www.emplea-te.com\/noticias-oposiciones\/wp-json\/wp\/v2\/posts\/12840","targetHints":{"allow":["GET"]}}],"collection":[{"href":"https:\/\/www.emplea-te.com\/noticias-oposiciones\/wp-json\/wp\/v2\/posts"}],"about":[{"href":"https:\/\/www.emplea-te.com\/noticias-oposiciones\/wp-json\/wp\/v2\/types\/post"}],"author":[{"embeddable":true,"href":"https:\/\/www.emplea-te.com\/noticias-oposiciones\/wp-json\/wp\/v2\/users\/1"}],"replies":[{"embeddable":true,"href":"https:\/\/www.emplea-te.com\/noticias-oposiciones\/wp-json\/wp\/v2\/comments?post=12840"}],"version-history":[{"count":1,"href":"https:\/\/www.emplea-te.com\/noticias-oposiciones\/wp-json\/wp\/v2\/posts\/12840\/revisions"}],"predecessor-version":[{"id":12841,"href":"https:\/\/www.emplea-te.com\/noticias-oposiciones\/wp-json\/wp\/v2\/posts\/12840\/revisions\/12841"}],"wp:attachment":[{"href":"https:\/\/www.emplea-te.com\/noticias-oposiciones\/wp-json\/wp\/v2\/media?parent=12840"}],"wp:term":[{"taxonomy":"category","embeddable":true,"href":"https:\/\/www.emplea-te.com\/noticias-oposiciones\/wp-json\/wp\/v2\/categories?post=12840"},{"taxonomy":"post_tag","embeddable":true,"href":"https:\/\/www.emplea-te.com\/noticias-oposiciones\/wp-json\/wp\/v2\/tags?post=12840"}],"curies":[{"name":"wp","href":"https:\/\/api.w.org\/{rel}","templated":true}]}}