{"id":12852,"date":"2024-07-22T09:49:25","date_gmt":"2024-07-22T07:49:25","guid":{"rendered":"https:\/\/www.emplea-te.com\/noticias-oposiciones\/?p=12852"},"modified":"2024-07-22T09:49:25","modified_gmt":"2024-07-22T07:49:25","slug":"xunta-de-galicia-publicada-nota-informativa-referente-a-las-relaciones-provisionales-de-aspirantes-admitidos-y-excluidos-en-procesos-selectivos","status":"publish","type":"post","link":"https:\/\/www.emplea-te.com\/noticias-oposiciones\/xunta-de-galicia-publicada-nota-informativa-referente-a-las-relaciones-provisionales-de-aspirantes-admitidos-y-excluidos-en-procesos-selectivos\/","title":{"rendered":"Xunta de Galicia. Publicada nota informativa referente a las relaciones provisionales de aspirantes admitidos y excluidos en procesos selectivos."},"content":{"rendered":"<p>Se publica en la Web de Funci\u00f3n P\u00fablica, la nota informativa, en relaci\u00f3n con las listas provisionales de personas admitidas y excluidas, y una vez hechas las consultas para la verificaci\u00f3n de las circunstancias alegadas por la personas aspirantes en su solicitud se informa sobre la posibilidad de enmienda de las causas siguientes que figuran en la nota informativa.<br \/>\nSe establece tambi\u00e9n la forma para enmendar.<\/p>\n<p><strong>Enlace a Nota Informativa con toda la informaci\u00f3n.\u00a0<\/strong><br \/>\n<a href=\"https:\/\/www.emplea-te.com\/noticias-oposiciones\/ver-pdf\/?pdf=https%3A%2F%2Fwww.emplea-te.com%2Fnoticias-oposiciones%2Fwp-content%2Fuploads%2F2024%2F07%2Fcausas-de-enmienda-generales.pdf\" target=\"_blank\" rel=\"noopener\">Nota informativa<\/a><\/p>\n<p><a href=\"https:\/\/www.xunta.es\/rcp\/listas\/rcp_opo\/opo_novas.jsp?lang=es\" target=\"_blank\" rel=\"noopener\"><strong>La Nota informativa est\u00e1 publicada tambi\u00e9n en la Web de Funci\u00f3n P\u00fablica de la Xunta de Galicia.\u00a0<\/strong><\/a><\/p>\n","protected":false},"excerpt":{"rendered":"<p>Se publica en la Web de Funci\u00f3n P\u00fablica, la nota informativa, en relaci\u00f3n con las listas provisionales de personas admitidas y excluidas, y una vez hechas las consultas para la verificaci\u00f3n de las circunstancias alegadas por la personas aspirantes en su solicitud se informa sobre la posibilidad de enmienda de las causas siguientes que figuran &hellip; <a href=\"https:\/\/www.emplea-te.com\/noticias-oposiciones\/xunta-de-galicia-publicada-nota-informativa-referente-a-las-relaciones-provisionales-de-aspirantes-admitidos-y-excluidos-en-procesos-selectivos\/\" class=\"more-link\">Continuar leyendo<span class=\"screen-reader-text\"> \u00abXunta de Galicia. Publicada nota informativa referente a las relaciones provisionales de aspirantes admitidos y excluidos en procesos selectivos.\u00bb<\/span><\/a><\/p>\n","protected":false},"author":1,"featured_media":0,"comment_status":"closed","ping_status":"closed","sticky":false,"template":"","format":"standard","meta":{"footnotes":""},"categories":[56,4],"tags":[103,70],"class_list":["post-12852","post","type-post","status-publish","format-standard","hentry","category-oposiciones-autonomicas-galicia","category-oposiciones-xunta","tag-informacion-procesos-selectivos","tag-listas-provisionales-admitidos-y-excluidos"],"yoast_head":"<!-- This site is optimized with the Yoast SEO plugin v27.5 - https:\/\/yoast.com\/product\/yoast-seo-wordpress\/ -->\n<title>Xunta de Galicia. Nota informativa aspirantes admitidos y excluidos<\/title>\n<meta name=\"description\" content=\"Xunta de Galicia. Publicada nota informativa referente a las relaciones provisionales de aspirantes admitidos y excluidos en procesos selectivos.\" \/>\n<meta name=\"robots\" content=\"index, follow, max-snippet:-1, max-image-preview:large, max-video-preview:-1\" \/>\n<link rel=\"canonical\" href=\"https:\/\/www.emplea-te.com\/noticias-oposiciones\/xunta-de-galicia-publicada-nota-informativa-referente-a-las-relaciones-provisionales-de-aspirantes-admitidos-y-excluidos-en-procesos-selectivos\/\" \/>\n<meta property=\"og:locale\" content=\"es_ES\" \/>\n<meta property=\"og:type\" content=\"article\" \/>\n<meta property=\"og:title\" content=\"Xunta de Galicia. Nota informativa aspirantes admitidos y excluidos\" \/>\n<meta property=\"og:description\" content=\"Xunta de Galicia. Publicada nota informativa referente a las relaciones provisionales de aspirantes admitidos y excluidos en procesos selectivos.\" \/>\n<meta property=\"og:url\" content=\"https:\/\/www.emplea-te.com\/noticias-oposiciones\/xunta-de-galicia-publicada-nota-informativa-referente-a-las-relaciones-provisionales-de-aspirantes-admitidos-y-excluidos-en-procesos-selectivos\/\" \/>\n<meta property=\"og:site_name\" content=\"Noticas de oposiciones por Academia Emplea-te\" \/>\n<meta property=\"article:publisher\" content=\"https:\/\/www.facebook.com\/AcademiaEmpleate\/\" \/>\n<meta property=\"article:published_time\" content=\"2024-07-22T07:49:25+00:00\" \/>\n<meta name=\"author\" content=\"Empleate\" \/>\n<meta name=\"twitter:card\" content=\"summary_large_image\" \/>\n<meta name=\"twitter:creator\" content=\"@Emplea_Te\" \/>\n<meta name=\"twitter:site\" content=\"@Emplea_Te\" \/>\n<meta name=\"twitter:label1\" content=\"Escrito por\" \/>\n\t<meta name=\"twitter:data1\" content=\"Empleate\" \/>\n\t<meta name=\"twitter:label2\" content=\"Tiempo de lectura\" \/>\n\t<meta name=\"twitter:data2\" content=\"1 minuto\" \/>\n<script type=\"application\/ld+json\" class=\"yoast-schema-graph\">{\"@context\":\"https:\\\/\\\/schema.org\",\"@graph\":[{\"@type\":\"Article\",\"@id\":\"https:\\\/\\\/www.emplea-te.com\\\/noticias-oposiciones\\\/xunta-de-galicia-publicada-nota-informativa-referente-a-las-relaciones-provisionales-de-aspirantes-admitidos-y-excluidos-en-procesos-selectivos\\\/#article\",\"isPartOf\":{\"@id\":\"https:\\\/\\\/www.emplea-te.com\\\/noticias-oposiciones\\\/xunta-de-galicia-publicada-nota-informativa-referente-a-las-relaciones-provisionales-de-aspirantes-admitidos-y-excluidos-en-procesos-selectivos\\\/\"},\"author\":{\"name\":\"Empleate\",\"@id\":\"https:\\\/\\\/www.emplea-te.com\\\/noticias-oposiciones\\\/#\\\/schema\\\/person\\\/d1bc587e1af2b95e9c32aba1795509a6\"},\"headline\":\"Xunta de Galicia. Publicada nota informativa referente a las relaciones provisionales de aspirantes admitidos y excluidos en procesos selectivos.\",\"datePublished\":\"2024-07-22T07:49:25+00:00\",\"mainEntityOfPage\":{\"@id\":\"https:\\\/\\\/www.emplea-te.com\\\/noticias-oposiciones\\\/xunta-de-galicia-publicada-nota-informativa-referente-a-las-relaciones-provisionales-de-aspirantes-admitidos-y-excluidos-en-procesos-selectivos\\\/\"},\"wordCount\":121,\"publisher\":{\"@id\":\"https:\\\/\\\/www.emplea-te.com\\\/noticias-oposiciones\\\/#organization\"},\"keywords\":[\"Informaci\u00f3n procesos selectivos\",\"Listas provisionales admitidos y excluidos\"],\"articleSection\":[\"Oposiciones Auton\u00f3micas Galicia\",\"Oposiciones Xunta\"],\"inLanguage\":\"es\"},{\"@type\":\"WebPage\",\"@id\":\"https:\\\/\\\/www.emplea-te.com\\\/noticias-oposiciones\\\/xunta-de-galicia-publicada-nota-informativa-referente-a-las-relaciones-provisionales-de-aspirantes-admitidos-y-excluidos-en-procesos-selectivos\\\/\",\"url\":\"https:\\\/\\\/www.emplea-te.com\\\/noticias-oposiciones\\\/xunta-de-galicia-publicada-nota-informativa-referente-a-las-relaciones-provisionales-de-aspirantes-admitidos-y-excluidos-en-procesos-selectivos\\\/\",\"name\":\"Xunta de Galicia. Nota informativa aspirantes admitidos y excluidos\",\"isPartOf\":{\"@id\":\"https:\\\/\\\/www.emplea-te.com\\\/noticias-oposiciones\\\/#website\"},\"datePublished\":\"2024-07-22T07:49:25+00:00\",\"description\":\"Xunta de Galicia. Publicada nota informativa referente a las relaciones provisionales de aspirantes admitidos y excluidos en procesos selectivos.\",\"breadcrumb\":{\"@id\":\"https:\\\/\\\/www.emplea-te.com\\\/noticias-oposiciones\\\/xunta-de-galicia-publicada-nota-informativa-referente-a-las-relaciones-provisionales-de-aspirantes-admitidos-y-excluidos-en-procesos-selectivos\\\/#breadcrumb\"},\"inLanguage\":\"es\",\"potentialAction\":[{\"@type\":\"ReadAction\",\"target\":[\"https:\\\/\\\/www.emplea-te.com\\\/noticias-oposiciones\\\/xunta-de-galicia-publicada-nota-informativa-referente-a-las-relaciones-provisionales-de-aspirantes-admitidos-y-excluidos-en-procesos-selectivos\\\/\"]}]},{\"@type\":\"BreadcrumbList\",\"@id\":\"https:\\\/\\\/www.emplea-te.com\\\/noticias-oposiciones\\\/xunta-de-galicia-publicada-nota-informativa-referente-a-las-relaciones-provisionales-de-aspirantes-admitidos-y-excluidos-en-procesos-selectivos\\\/#breadcrumb\",\"itemListElement\":[{\"@type\":\"ListItem\",\"position\":1,\"name\":\"Noticias Oposiciones\",\"item\":\"https:\\\/\\\/www.emplea-te.com\\\/noticias-oposiciones\\\/\"},{\"@type\":\"ListItem\",\"position\":2,\"name\":\"Oposiciones Xunta\",\"item\":\"https:\\\/\\\/www.emplea-te.com\\\/noticias-oposiciones\\\/categoria\\\/oposiciones-xunta\\\/\"},{\"@type\":\"ListItem\",\"position\":3,\"name\":\"Xunta de Galicia. Publicada nota informativa referente a las relaciones provisionales de aspirantes admitidos y excluidos en procesos selectivos.\"}]},{\"@type\":\"WebSite\",\"@id\":\"https:\\\/\\\/www.emplea-te.com\\\/noticias-oposiciones\\\/#website\",\"url\":\"https:\\\/\\\/www.emplea-te.com\\\/noticias-oposiciones\\\/\",\"name\":\"Noticas de oposiciones por Academia Emplea-te\",\"description\":\"Toda la actualidad de las ofertas y convocatorias.\",\"publisher\":{\"@id\":\"https:\\\/\\\/www.emplea-te.com\\\/noticias-oposiciones\\\/#organization\"},\"potentialAction\":[{\"@type\":\"SearchAction\",\"target\":{\"@type\":\"EntryPoint\",\"urlTemplate\":\"https:\\\/\\\/www.emplea-te.com\\\/noticias-oposiciones\\\/?s={search_term_string}\"},\"query-input\":{\"@type\":\"PropertyValueSpecification\",\"valueRequired\":true,\"valueName\":\"search_term_string\"}}],\"inLanguage\":\"es\"},{\"@type\":\"Organization\",\"@id\":\"https:\\\/\\\/www.emplea-te.com\\\/noticias-oposiciones\\\/#organization\",\"name\":\"Academia de oposiciones Empl\u00e9ate\",\"url\":\"https:\\\/\\\/www.emplea-te.com\\\/noticias-oposiciones\\\/\",\"logo\":{\"@type\":\"ImageObject\",\"inLanguage\":\"es\",\"@id\":\"https:\\\/\\\/www.emplea-te.com\\\/noticias-oposiciones\\\/#\\\/schema\\\/logo\\\/image\\\/\",\"url\":\"https:\\\/\\\/www.emplea-te.com\\\/noticias-oposiciones\\\/wp-content\\\/uploads\\\/2019\\\/04\\\/empleate.jpg\",\"contentUrl\":\"https:\\\/\\\/www.emplea-te.com\\\/noticias-oposiciones\\\/wp-content\\\/uploads\\\/2019\\\/04\\\/empleate.jpg\",\"width\":250,\"height\":150,\"caption\":\"Academia de oposiciones Empl\u00e9ate\"},\"image\":{\"@id\":\"https:\\\/\\\/www.emplea-te.com\\\/noticias-oposiciones\\\/#\\\/schema\\\/logo\\\/image\\\/\"},\"sameAs\":[\"https:\\\/\\\/www.facebook.com\\\/AcademiaEmpleate\\\/\",\"https:\\\/\\\/x.com\\\/Emplea_Te\",\"https:\\\/\\\/www.instagram.com\\\/academia_empleate\\\/\"]},{\"@type\":\"Person\",\"@id\":\"https:\\\/\\\/www.emplea-te.com\\\/noticias-oposiciones\\\/#\\\/schema\\\/person\\\/d1bc587e1af2b95e9c32aba1795509a6\",\"name\":\"Empleate\"}]}<\/script>\n<!-- \/ Yoast SEO plugin. -->","yoast_head_json":{"title":"Xunta de Galicia. Nota informativa aspirantes admitidos y excluidos","description":"Xunta de Galicia. Publicada nota informativa referente a las relaciones provisionales de aspirantes admitidos y excluidos en procesos selectivos.","robots":{"index":"index","follow":"follow","max-snippet":"max-snippet:-1","max-image-preview":"max-image-preview:large","max-video-preview":"max-video-preview:-1"},"canonical":"https:\/\/www.emplea-te.com\/noticias-oposiciones\/xunta-de-galicia-publicada-nota-informativa-referente-a-las-relaciones-provisionales-de-aspirantes-admitidos-y-excluidos-en-procesos-selectivos\/","og_locale":"es_ES","og_type":"article","og_title":"Xunta de Galicia. Nota informativa aspirantes admitidos y excluidos","og_description":"Xunta de Galicia. Publicada nota informativa referente a las relaciones provisionales de aspirantes admitidos y excluidos en procesos selectivos.","og_url":"https:\/\/www.emplea-te.com\/noticias-oposiciones\/xunta-de-galicia-publicada-nota-informativa-referente-a-las-relaciones-provisionales-de-aspirantes-admitidos-y-excluidos-en-procesos-selectivos\/","og_site_name":"Noticas de oposiciones por Academia Emplea-te","article_publisher":"https:\/\/www.facebook.com\/AcademiaEmpleate\/","article_published_time":"2024-07-22T07:49:25+00:00","author":"Empleate","twitter_card":"summary_large_image","twitter_creator":"@Emplea_Te","twitter_site":"@Emplea_Te","twitter_misc":{"Escrito por":"Empleate","Tiempo de lectura":"1 minuto"},"schema":{"@context":"https:\/\/schema.org","@graph":[{"@type":"Article","@id":"https:\/\/www.emplea-te.com\/noticias-oposiciones\/xunta-de-galicia-publicada-nota-informativa-referente-a-las-relaciones-provisionales-de-aspirantes-admitidos-y-excluidos-en-procesos-selectivos\/#article","isPartOf":{"@id":"https:\/\/www.emplea-te.com\/noticias-oposiciones\/xunta-de-galicia-publicada-nota-informativa-referente-a-las-relaciones-provisionales-de-aspirantes-admitidos-y-excluidos-en-procesos-selectivos\/"},"author":{"name":"Empleate","@id":"https:\/\/www.emplea-te.com\/noticias-oposiciones\/#\/schema\/person\/d1bc587e1af2b95e9c32aba1795509a6"},"headline":"Xunta de Galicia. Publicada nota informativa referente a las relaciones provisionales de aspirantes admitidos y excluidos en procesos selectivos.","datePublished":"2024-07-22T07:49:25+00:00","mainEntityOfPage":{"@id":"https:\/\/www.emplea-te.com\/noticias-oposiciones\/xunta-de-galicia-publicada-nota-informativa-referente-a-las-relaciones-provisionales-de-aspirantes-admitidos-y-excluidos-en-procesos-selectivos\/"},"wordCount":121,"publisher":{"@id":"https:\/\/www.emplea-te.com\/noticias-oposiciones\/#organization"},"keywords":["Informaci\u00f3n procesos selectivos","Listas provisionales admitidos y excluidos"],"articleSection":["Oposiciones Auton\u00f3micas Galicia","Oposiciones Xunta"],"inLanguage":"es"},{"@type":"WebPage","@id":"https:\/\/www.emplea-te.com\/noticias-oposiciones\/xunta-de-galicia-publicada-nota-informativa-referente-a-las-relaciones-provisionales-de-aspirantes-admitidos-y-excluidos-en-procesos-selectivos\/","url":"https:\/\/www.emplea-te.com\/noticias-oposiciones\/xunta-de-galicia-publicada-nota-informativa-referente-a-las-relaciones-provisionales-de-aspirantes-admitidos-y-excluidos-en-procesos-selectivos\/","name":"Xunta de Galicia. Nota informativa aspirantes admitidos y excluidos","isPartOf":{"@id":"https:\/\/www.emplea-te.com\/noticias-oposiciones\/#website"},"datePublished":"2024-07-22T07:49:25+00:00","description":"Xunta de Galicia. Publicada nota informativa referente a las relaciones provisionales de aspirantes admitidos y excluidos en procesos selectivos.","breadcrumb":{"@id":"https:\/\/www.emplea-te.com\/noticias-oposiciones\/xunta-de-galicia-publicada-nota-informativa-referente-a-las-relaciones-provisionales-de-aspirantes-admitidos-y-excluidos-en-procesos-selectivos\/#breadcrumb"},"inLanguage":"es","potentialAction":[{"@type":"ReadAction","target":["https:\/\/www.emplea-te.com\/noticias-oposiciones\/xunta-de-galicia-publicada-nota-informativa-referente-a-las-relaciones-provisionales-de-aspirantes-admitidos-y-excluidos-en-procesos-selectivos\/"]}]},{"@type":"BreadcrumbList","@id":"https:\/\/www.emplea-te.com\/noticias-oposiciones\/xunta-de-galicia-publicada-nota-informativa-referente-a-las-relaciones-provisionales-de-aspirantes-admitidos-y-excluidos-en-procesos-selectivos\/#breadcrumb","itemListElement":[{"@type":"ListItem","position":1,"name":"Noticias Oposiciones","item":"https:\/\/www.emplea-te.com\/noticias-oposiciones\/"},{"@type":"ListItem","position":2,"name":"Oposiciones Xunta","item":"https:\/\/www.emplea-te.com\/noticias-oposiciones\/categoria\/oposiciones-xunta\/"},{"@type":"ListItem","position":3,"name":"Xunta de Galicia. Publicada nota informativa referente a las relaciones provisionales de aspirantes admitidos y excluidos en procesos selectivos."}]},{"@type":"WebSite","@id":"https:\/\/www.emplea-te.com\/noticias-oposiciones\/#website","url":"https:\/\/www.emplea-te.com\/noticias-oposiciones\/","name":"Noticas de oposiciones por Academia Emplea-te","description":"Toda la actualidad de las ofertas y convocatorias.","publisher":{"@id":"https:\/\/www.emplea-te.com\/noticias-oposiciones\/#organization"},"potentialAction":[{"@type":"SearchAction","target":{"@type":"EntryPoint","urlTemplate":"https:\/\/www.emplea-te.com\/noticias-oposiciones\/?s={search_term_string}"},"query-input":{"@type":"PropertyValueSpecification","valueRequired":true,"valueName":"search_term_string"}}],"inLanguage":"es"},{"@type":"Organization","@id":"https:\/\/www.emplea-te.com\/noticias-oposiciones\/#organization","name":"Academia de oposiciones Empl\u00e9ate","url":"https:\/\/www.emplea-te.com\/noticias-oposiciones\/","logo":{"@type":"ImageObject","inLanguage":"es","@id":"https:\/\/www.emplea-te.com\/noticias-oposiciones\/#\/schema\/logo\/image\/","url":"https:\/\/www.emplea-te.com\/noticias-oposiciones\/wp-content\/uploads\/2019\/04\/empleate.jpg","contentUrl":"https:\/\/www.emplea-te.com\/noticias-oposiciones\/wp-content\/uploads\/2019\/04\/empleate.jpg","width":250,"height":150,"caption":"Academia de oposiciones Empl\u00e9ate"},"image":{"@id":"https:\/\/www.emplea-te.com\/noticias-oposiciones\/#\/schema\/logo\/image\/"},"sameAs":["https:\/\/www.facebook.com\/AcademiaEmpleate\/","https:\/\/x.com\/Emplea_Te","https:\/\/www.instagram.com\/academia_empleate\/"]},{"@type":"Person","@id":"https:\/\/www.emplea-te.com\/noticias-oposiciones\/#\/schema\/person\/d1bc587e1af2b95e9c32aba1795509a6","name":"Empleate"}]}},"_links":{"self":[{"href":"https:\/\/www.emplea-te.com\/noticias-oposiciones\/wp-json\/wp\/v2\/posts\/12852","targetHints":{"allow":["GET"]}}],"collection":[{"href":"https:\/\/www.emplea-te.com\/noticias-oposiciones\/wp-json\/wp\/v2\/posts"}],"about":[{"href":"https:\/\/www.emplea-te.com\/noticias-oposiciones\/wp-json\/wp\/v2\/types\/post"}],"author":[{"embeddable":true,"href":"https:\/\/www.emplea-te.com\/noticias-oposiciones\/wp-json\/wp\/v2\/users\/1"}],"replies":[{"embeddable":true,"href":"https:\/\/www.emplea-te.com\/noticias-oposiciones\/wp-json\/wp\/v2\/comments?post=12852"}],"version-history":[{"count":1,"href":"https:\/\/www.emplea-te.com\/noticias-oposiciones\/wp-json\/wp\/v2\/posts\/12852\/revisions"}],"predecessor-version":[{"id":12854,"href":"https:\/\/www.emplea-te.com\/noticias-oposiciones\/wp-json\/wp\/v2\/posts\/12852\/revisions\/12854"}],"wp:attachment":[{"href":"https:\/\/www.emplea-te.com\/noticias-oposiciones\/wp-json\/wp\/v2\/media?parent=12852"}],"wp:term":[{"taxonomy":"category","embeddable":true,"href":"https:\/\/www.emplea-te.com\/noticias-oposiciones\/wp-json\/wp\/v2\/categories?post=12852"},{"taxonomy":"post_tag","embeddable":true,"href":"https:\/\/www.emplea-te.com\/noticias-oposiciones\/wp-json\/wp\/v2\/tags?post=12852"}],"curies":[{"name":"wp","href":"https:\/\/api.w.org\/{rel}","templated":true}]}}