{"id":1286,"date":"2018-12-26T00:00:00","date_gmt":"2018-12-25T23:00:00","guid":{"rendered":"https:\/\/www.emplea-te.com\/noticias-oposiciones\/anuncio-convocatoria-para-la-provision-sistema-acceso-libre-de-varios-puestos-en-la-vicepresidencia-y-departamento-de-presidencia-administracion-publica-y-justicia\/"},"modified":"2018-12-26T00:00:00","modified_gmt":"2018-12-25T23:00:00","slug":"anuncio-convocatoria-para-la-provision-sistema-acceso-libre-de-varios-puestos-en-la-vicepresidencia-y-departamento-de-presidencia-administracion-publica-y-justicia","status":"publish","type":"post","link":"https:\/\/www.emplea-te.com\/noticias-oposiciones\/anuncio-convocatoria-para-la-provision-sistema-acceso-libre-de-varios-puestos-en-la-vicepresidencia-y-departamento-de-presidencia-administracion-publica-y-justicia\/","title":{"rendered":"<br>Anuncio convocatoria para la provisi\u00f3n (sistema acceso libre) de varios puestos en la Vicepresidencia y Departamento de Presidencia, Administraci\u00f3n P\u00fablica y Justicia."},"content":{"rendered":"<p>Publicada en el DOG N\u00famero 245 la &nbsp;ORDEN del 13 de diciembre de 2018, que anuncia la convocatoria p\u00fablica para la provisi\u00f3n, mediante el sistema de designaci\u00f3n libre, de varias vacantes en este consejo.<\/p>\n<p><a href=\"https:\/\/www.xunta.gal\/dog\/Publicados\/2018\/20181226\/AnuncioG0244-141218-0002_gl.html\" target=\"_blank\" rel=\"nofollow noopener noreferrer\"><span class=\"wysiwyg-color-green\">Enlace a resoluci\u00f3n <\/span><\/a><\/p>\n<\/p>\n<p>Primero <\/p>\n<p>Anuncie la llamada para completar los trabajos indicados en el Anexo I de este pedido por el sistema de designaci\u00f3n libre.<\/p>\n<p>Segundo<\/p>\n<p>&nbsp;Se puede atender a los funcionarios de carrera que cumplen con las condiciones que se indican para los trabajos en el Anexo I.<\/p>\n<p>Tercero<\/p>\n<p>&nbsp;Las solicitudes para participar en esta convocatoria se presentar\u00e1n en el Registro General de la Xunta de Galicia (Edificio Administrativo San Caetano, 15771 Santiago de Compostela), en su sede territorial o en las oficinas previstas en el art\u00edculo 16 de la Ley 39\/2015, de 1 de octubre, del procedimiento. Administrativo com\u00fan de las administraciones p\u00fablicas, dentro de los quince (15) d\u00edas h\u00e1biles, contados a partir de la publicaci\u00f3n de esta orden en el Bolet\u00edn Oficial de Galicia , seg\u00fan el modelo que se incluye en el anexo II.<\/p>\n<p>Cuarto <\/p>\n<p>Los candidatos deben sumarse a la petici\u00f3n un curriculum vitae y justificar, mediante certificaci\u00f3n o copia certificada, los m\u00e9ritos que reclaman.<\/p>\n<p>Quinta<\/p>\n<p>En el caso de que sea seleccionado para ocupar el puesto anunciado en el Anexo I de esta orden, un funcionario con destino en otra Administraci\u00f3n P\u00fablica ser\u00e1 transferido a esta comunidad aut\u00f3noma de conformidad con el art\u00edculo 67 del Real Decreto 364. \/ 1995 del 10 de marzo, y las dem\u00e1s disposiciones pertinentes.<\/p>\n<p>Sexto<\/p>\n<p>&nbsp;La resoluci\u00f3n de esta convocatoria se publicar\u00e1 en el Bolet\u00edn Oficial de Galicia y el lugar de trabajo puede ser declarado desierto si se considera apropiado.<\/p>\n<p>S\u00e9ptimo<\/p>\n<p>&nbsp;El plazo para tomar posesi\u00f3n del nuevo destino ser\u00e1 de tres d\u00edas h\u00e1biles si no implica un cambio de residencia o de siete d\u00edas implica un cambio de residencia. Cuando el adjudicatario reciba el servicio activo de tomar posesi\u00f3n, el per\u00edodo ser\u00e1 de veinte d\u00edas h\u00e1biles, de conformidad con lo dispuesto en el art\u00edculo 14 del Decreto 93\/1991 de 20 de marzo, modificado por el Decreto. 166\/2013, de 14 de noviembre.<\/p>\n<p>El per\u00edodo de permanencia comenzar\u00e1 a contar desde el d\u00eda siguiente al final de la terminaci\u00f3n, que debe ocurrir dentro de los tres d\u00edas h\u00e1biles siguientes a la publicaci\u00f3n de la resoluci\u00f3n en el Bolet\u00edn Oficial de Galicia , o desde la fecha en que se comunique la resoluci\u00f3n de la transferencia a la Comunidad. Aut\u00f3nomo, para el caso de funcionarios de otras administraciones p\u00fablicas.<\/p>\n<p>Si la resoluci\u00f3n implica el reingreso al servicio activo, el plazo de la adquisici\u00f3n se calcular\u00e1 a partir del d\u00eda siguiente a la publicaci\u00f3n de la resoluci\u00f3n en el Bolet\u00edn Oficial de Galicia.<\/p>\n<p>Octavo<\/p>\n<p>&nbsp;En contra de esta orden, que agota el canal administrativo, las partes interesadas pueden presentar un posible recurso de anulaci\u00f3n, ante el Ministro de la Presidencia, la Administraci\u00f3n P\u00fablica y la Justicia, dentro de un mes a partir del d\u00eda siguiente a su publicaci\u00f3n en el Bolet\u00edn Oficial de Galicia . De acuerdo con lo establecido en la Ley 39\/2015, de 1 de octubre, sobre el procedimiento administrativo com\u00fan de las administraciones p\u00fablicas, o puede impugnarlo directamente ante el tribunal del litigio administrativo competente, dentro de los dos meses a partir de la misma fecha, seg\u00fan Establecido en la Ley 29\/1998, de 13 de julio, por la que se regula la jurisdicci\u00f3n contencioso-administrativa.<\/p>\n<p><\/p>\n","protected":false},"excerpt":{"rendered":"<p>Publicada en el DOG N\u00famero 245 la &nbsp;ORDEN del 13 de diciembre de 2018, que anuncia la convocatoria p\u00fablica para la provisi\u00f3n, mediante el sistema de designaci\u00f3n libre, de varias vacantes en este consejo. Enlace a resoluci\u00f3n Primero Anuncie la llamada para completar los trabajos indicados en el Anexo I de este pedido por el &hellip; <a href=\"https:\/\/www.emplea-te.com\/noticias-oposiciones\/anuncio-convocatoria-para-la-provision-sistema-acceso-libre-de-varios-puestos-en-la-vicepresidencia-y-departamento-de-presidencia-administracion-publica-y-justicia\/\" class=\"more-link\">Continuar leyendo<span class=\"screen-reader-text\"> \u00ab<br \/>Anuncio convocatoria para la provisi\u00f3n (sistema acceso libre) de varios puestos en la Vicepresidencia y Departamento de Presidencia, Administraci\u00f3n P\u00fablica y Justicia.\u00bb<\/span><\/a><\/p>\n","protected":false},"author":1,"featured_media":0,"comment_status":"open","ping_status":"open","sticky":false,"template":"","format":"standard","meta":{"footnotes":""},"categories":[],"tags":[],"class_list":["post-1286","post","type-post","status-publish","format-standard","hentry"],"yoast_head":"<!-- This site is optimized with the Yoast SEO plugin v27.3 - https:\/\/yoast.com\/product\/yoast-seo-wordpress\/ -->\n<title>Anuncio convocatoria para la provisi\u00f3n (sistema acceso libre) de varios puestos en la Vicepresidencia y Departamento de Presidencia, Administraci\u00f3n P\u00fablica y Justicia. - Noticas de oposiciones por Academia Emplea-te<\/title>\n<meta name=\"description\" content=\"ORDEN del 13 de diciembre de 2018, que anuncia la convocatoria p\u00fablica para la provisi\u00f3n, mediante el sistema de designaci\u00f3n libre, de varias vacantes en este consejo.Enlace a resoluci\u00f3n .\" \/>\n<meta name=\"robots\" content=\"index, follow, max-snippet:-1, max-image-preview:large, max-video-preview:-1\" \/>\n<link rel=\"canonical\" href=\"https:\/\/www.emplea-te.com\/noticias-oposiciones\/anuncio-convocatoria-para-la-provision-sistema-acceso-libre-de-varios-puestos-en-la-vicepresidencia-y-departamento-de-presidencia-administracion-publica-y-justicia\/\" \/>\n<meta property=\"og:locale\" content=\"es_ES\" \/>\n<meta property=\"og:type\" content=\"article\" \/>\n<meta property=\"og:title\" content=\"Anuncio convocatoria para la provisi\u00f3n (sistema acceso libre) de varios puestos en la Vicepresidencia y Departamento de Presidencia, Administraci\u00f3n P\u00fablica y Justicia. - Noticas de oposiciones por Academia Emplea-te\" \/>\n<meta property=\"og:description\" content=\"ORDEN del 13 de diciembre de 2018, que anuncia la convocatoria p\u00fablica para la provisi\u00f3n, mediante el sistema de designaci\u00f3n libre, de varias vacantes en este consejo.Enlace a resoluci\u00f3n .\" \/>\n<meta property=\"og:url\" content=\"https:\/\/www.emplea-te.com\/noticias-oposiciones\/anuncio-convocatoria-para-la-provision-sistema-acceso-libre-de-varios-puestos-en-la-vicepresidencia-y-departamento-de-presidencia-administracion-publica-y-justicia\/\" \/>\n<meta property=\"og:site_name\" content=\"Noticas de oposiciones por Academia Emplea-te\" \/>\n<meta property=\"article:publisher\" content=\"https:\/\/www.facebook.com\/AcademiaEmpleate\/\" \/>\n<meta property=\"article:published_time\" content=\"2018-12-25T23:00:00+00:00\" \/>\n<meta name=\"author\" content=\"Empleate\" \/>\n<meta name=\"twitter:card\" content=\"summary_large_image\" \/>\n<meta name=\"twitter:creator\" content=\"@Emplea_Te\" \/>\n<meta name=\"twitter:site\" content=\"@Emplea_Te\" \/>\n<meta name=\"twitter:label1\" content=\"Escrito por\" \/>\n\t<meta name=\"twitter:data1\" content=\"Empleate\" \/>\n\t<meta name=\"twitter:label2\" content=\"Tiempo de lectura\" \/>\n\t<meta name=\"twitter:data2\" content=\"3 minutos\" \/>\n<script type=\"application\/ld+json\" class=\"yoast-schema-graph\">{\"@context\":\"https:\\\/\\\/schema.org\",\"@graph\":[{\"@type\":\"Article\",\"@id\":\"https:\\\/\\\/www.emplea-te.com\\\/noticias-oposiciones\\\/anuncio-convocatoria-para-la-provision-sistema-acceso-libre-de-varios-puestos-en-la-vicepresidencia-y-departamento-de-presidencia-administracion-publica-y-justicia\\\/#article\",\"isPartOf\":{\"@id\":\"https:\\\/\\\/www.emplea-te.com\\\/noticias-oposiciones\\\/anuncio-convocatoria-para-la-provision-sistema-acceso-libre-de-varios-puestos-en-la-vicepresidencia-y-departamento-de-presidencia-administracion-publica-y-justicia\\\/\"},\"author\":{\"name\":\"Empleate\",\"@id\":\"https:\\\/\\\/www.emplea-te.com\\\/noticias-oposiciones\\\/#\\\/schema\\\/person\\\/d1bc587e1af2b95e9c32aba1795509a6\"},\"headline\":\"Anuncio convocatoria para la provisi\u00f3n (sistema acceso libre) de varios puestos en la Vicepresidencia y Departamento de Presidencia, Administraci\u00f3n P\u00fablica y Justicia.\",\"datePublished\":\"2018-12-25T23:00:00+00:00\",\"mainEntityOfPage\":{\"@id\":\"https:\\\/\\\/www.emplea-te.com\\\/noticias-oposiciones\\\/anuncio-convocatoria-para-la-provision-sistema-acceso-libre-de-varios-puestos-en-la-vicepresidencia-y-departamento-de-presidencia-administracion-publica-y-justicia\\\/\"},\"wordCount\":628,\"commentCount\":0,\"publisher\":{\"@id\":\"https:\\\/\\\/www.emplea-te.com\\\/noticias-oposiciones\\\/#organization\"},\"inLanguage\":\"es\",\"potentialAction\":[{\"@type\":\"CommentAction\",\"name\":\"Comment\",\"target\":[\"https:\\\/\\\/www.emplea-te.com\\\/noticias-oposiciones\\\/anuncio-convocatoria-para-la-provision-sistema-acceso-libre-de-varios-puestos-en-la-vicepresidencia-y-departamento-de-presidencia-administracion-publica-y-justicia\\\/#respond\"]}]},{\"@type\":\"WebPage\",\"@id\":\"https:\\\/\\\/www.emplea-te.com\\\/noticias-oposiciones\\\/anuncio-convocatoria-para-la-provision-sistema-acceso-libre-de-varios-puestos-en-la-vicepresidencia-y-departamento-de-presidencia-administracion-publica-y-justicia\\\/\",\"url\":\"https:\\\/\\\/www.emplea-te.com\\\/noticias-oposiciones\\\/anuncio-convocatoria-para-la-provision-sistema-acceso-libre-de-varios-puestos-en-la-vicepresidencia-y-departamento-de-presidencia-administracion-publica-y-justicia\\\/\",\"name\":\"Anuncio convocatoria para la provisi\u00f3n (sistema acceso libre) de varios puestos en la Vicepresidencia y Departamento de Presidencia, Administraci\u00f3n P\u00fablica y Justicia. - Noticas de oposiciones por Academia Emplea-te\",\"isPartOf\":{\"@id\":\"https:\\\/\\\/www.emplea-te.com\\\/noticias-oposiciones\\\/#website\"},\"datePublished\":\"2018-12-25T23:00:00+00:00\",\"description\":\"ORDEN del 13 de diciembre de 2018, que anuncia la convocatoria p\u00fablica para la provisi\u00f3n, mediante el sistema de designaci\u00f3n libre, de varias vacantes en este consejo.Enlace a resoluci\u00f3n .\",\"breadcrumb\":{\"@id\":\"https:\\\/\\\/www.emplea-te.com\\\/noticias-oposiciones\\\/anuncio-convocatoria-para-la-provision-sistema-acceso-libre-de-varios-puestos-en-la-vicepresidencia-y-departamento-de-presidencia-administracion-publica-y-justicia\\\/#breadcrumb\"},\"inLanguage\":\"es\",\"potentialAction\":[{\"@type\":\"ReadAction\",\"target\":[\"https:\\\/\\\/www.emplea-te.com\\\/noticias-oposiciones\\\/anuncio-convocatoria-para-la-provision-sistema-acceso-libre-de-varios-puestos-en-la-vicepresidencia-y-departamento-de-presidencia-administracion-publica-y-justicia\\\/\"]}]},{\"@type\":\"BreadcrumbList\",\"@id\":\"https:\\\/\\\/www.emplea-te.com\\\/noticias-oposiciones\\\/anuncio-convocatoria-para-la-provision-sistema-acceso-libre-de-varios-puestos-en-la-vicepresidencia-y-departamento-de-presidencia-administracion-publica-y-justicia\\\/#breadcrumb\",\"itemListElement\":[{\"@type\":\"ListItem\",\"position\":1,\"name\":\"Noticias Oposiciones\",\"item\":\"https:\\\/\\\/www.emplea-te.com\\\/noticias-oposiciones\\\/\"},{\"@type\":\"ListItem\",\"position\":2,\"name\":\"Anuncio convocatoria para la provisi\u00f3n (sistema acceso libre) de varios puestos en la Vicepresidencia y Departamento de Presidencia, Administraci\u00f3n P\u00fablica y Justicia.\"}]},{\"@type\":\"WebSite\",\"@id\":\"https:\\\/\\\/www.emplea-te.com\\\/noticias-oposiciones\\\/#website\",\"url\":\"https:\\\/\\\/www.emplea-te.com\\\/noticias-oposiciones\\\/\",\"name\":\"Noticas de oposiciones por Academia Emplea-te\",\"description\":\"Toda la actualidad de las ofertas y convocatorias.\",\"publisher\":{\"@id\":\"https:\\\/\\\/www.emplea-te.com\\\/noticias-oposiciones\\\/#organization\"},\"potentialAction\":[{\"@type\":\"SearchAction\",\"target\":{\"@type\":\"EntryPoint\",\"urlTemplate\":\"https:\\\/\\\/www.emplea-te.com\\\/noticias-oposiciones\\\/?s={search_term_string}\"},\"query-input\":{\"@type\":\"PropertyValueSpecification\",\"valueRequired\":true,\"valueName\":\"search_term_string\"}}],\"inLanguage\":\"es\"},{\"@type\":\"Organization\",\"@id\":\"https:\\\/\\\/www.emplea-te.com\\\/noticias-oposiciones\\\/#organization\",\"name\":\"Academia de oposiciones Empl\u00e9ate\",\"url\":\"https:\\\/\\\/www.emplea-te.com\\\/noticias-oposiciones\\\/\",\"logo\":{\"@type\":\"ImageObject\",\"inLanguage\":\"es\",\"@id\":\"https:\\\/\\\/www.emplea-te.com\\\/noticias-oposiciones\\\/#\\\/schema\\\/logo\\\/image\\\/\",\"url\":\"https:\\\/\\\/www.emplea-te.com\\\/noticias-oposiciones\\\/wp-content\\\/uploads\\\/2019\\\/04\\\/empleate.jpg\",\"contentUrl\":\"https:\\\/\\\/www.emplea-te.com\\\/noticias-oposiciones\\\/wp-content\\\/uploads\\\/2019\\\/04\\\/empleate.jpg\",\"width\":250,\"height\":150,\"caption\":\"Academia de oposiciones Empl\u00e9ate\"},\"image\":{\"@id\":\"https:\\\/\\\/www.emplea-te.com\\\/noticias-oposiciones\\\/#\\\/schema\\\/logo\\\/image\\\/\"},\"sameAs\":[\"https:\\\/\\\/www.facebook.com\\\/AcademiaEmpleate\\\/\",\"https:\\\/\\\/x.com\\\/Emplea_Te\",\"https:\\\/\\\/www.instagram.com\\\/academia_empleate\\\/\"]},{\"@type\":\"Person\",\"@id\":\"https:\\\/\\\/www.emplea-te.com\\\/noticias-oposiciones\\\/#\\\/schema\\\/person\\\/d1bc587e1af2b95e9c32aba1795509a6\",\"name\":\"Empleate\"}]}<\/script>\n<!-- \/ Yoast SEO plugin. -->","yoast_head_json":{"title":"Anuncio convocatoria para la provisi\u00f3n (sistema acceso libre) de varios puestos en la Vicepresidencia y Departamento de Presidencia, Administraci\u00f3n P\u00fablica y Justicia. - Noticas de oposiciones por Academia Emplea-te","description":"ORDEN del 13 de diciembre de 2018, que anuncia la convocatoria p\u00fablica para la provisi\u00f3n, mediante el sistema de designaci\u00f3n libre, de varias vacantes en este consejo.Enlace a resoluci\u00f3n .","robots":{"index":"index","follow":"follow","max-snippet":"max-snippet:-1","max-image-preview":"max-image-preview:large","max-video-preview":"max-video-preview:-1"},"canonical":"https:\/\/www.emplea-te.com\/noticias-oposiciones\/anuncio-convocatoria-para-la-provision-sistema-acceso-libre-de-varios-puestos-en-la-vicepresidencia-y-departamento-de-presidencia-administracion-publica-y-justicia\/","og_locale":"es_ES","og_type":"article","og_title":"Anuncio convocatoria para la provisi\u00f3n (sistema acceso libre) de varios puestos en la Vicepresidencia y Departamento de Presidencia, Administraci\u00f3n P\u00fablica y Justicia. - Noticas de oposiciones por Academia Emplea-te","og_description":"ORDEN del 13 de diciembre de 2018, que anuncia la convocatoria p\u00fablica para la provisi\u00f3n, mediante el sistema de designaci\u00f3n libre, de varias vacantes en este consejo.Enlace a resoluci\u00f3n .","og_url":"https:\/\/www.emplea-te.com\/noticias-oposiciones\/anuncio-convocatoria-para-la-provision-sistema-acceso-libre-de-varios-puestos-en-la-vicepresidencia-y-departamento-de-presidencia-administracion-publica-y-justicia\/","og_site_name":"Noticas de oposiciones por Academia Emplea-te","article_publisher":"https:\/\/www.facebook.com\/AcademiaEmpleate\/","article_published_time":"2018-12-25T23:00:00+00:00","author":"Empleate","twitter_card":"summary_large_image","twitter_creator":"@Emplea_Te","twitter_site":"@Emplea_Te","twitter_misc":{"Escrito por":"Empleate","Tiempo de lectura":"3 minutos"},"schema":{"@context":"https:\/\/schema.org","@graph":[{"@type":"Article","@id":"https:\/\/www.emplea-te.com\/noticias-oposiciones\/anuncio-convocatoria-para-la-provision-sistema-acceso-libre-de-varios-puestos-en-la-vicepresidencia-y-departamento-de-presidencia-administracion-publica-y-justicia\/#article","isPartOf":{"@id":"https:\/\/www.emplea-te.com\/noticias-oposiciones\/anuncio-convocatoria-para-la-provision-sistema-acceso-libre-de-varios-puestos-en-la-vicepresidencia-y-departamento-de-presidencia-administracion-publica-y-justicia\/"},"author":{"name":"Empleate","@id":"https:\/\/www.emplea-te.com\/noticias-oposiciones\/#\/schema\/person\/d1bc587e1af2b95e9c32aba1795509a6"},"headline":"Anuncio convocatoria para la provisi\u00f3n (sistema acceso libre) de varios puestos en la Vicepresidencia y Departamento de Presidencia, Administraci\u00f3n P\u00fablica y Justicia.","datePublished":"2018-12-25T23:00:00+00:00","mainEntityOfPage":{"@id":"https:\/\/www.emplea-te.com\/noticias-oposiciones\/anuncio-convocatoria-para-la-provision-sistema-acceso-libre-de-varios-puestos-en-la-vicepresidencia-y-departamento-de-presidencia-administracion-publica-y-justicia\/"},"wordCount":628,"commentCount":0,"publisher":{"@id":"https:\/\/www.emplea-te.com\/noticias-oposiciones\/#organization"},"inLanguage":"es","potentialAction":[{"@type":"CommentAction","name":"Comment","target":["https:\/\/www.emplea-te.com\/noticias-oposiciones\/anuncio-convocatoria-para-la-provision-sistema-acceso-libre-de-varios-puestos-en-la-vicepresidencia-y-departamento-de-presidencia-administracion-publica-y-justicia\/#respond"]}]},{"@type":"WebPage","@id":"https:\/\/www.emplea-te.com\/noticias-oposiciones\/anuncio-convocatoria-para-la-provision-sistema-acceso-libre-de-varios-puestos-en-la-vicepresidencia-y-departamento-de-presidencia-administracion-publica-y-justicia\/","url":"https:\/\/www.emplea-te.com\/noticias-oposiciones\/anuncio-convocatoria-para-la-provision-sistema-acceso-libre-de-varios-puestos-en-la-vicepresidencia-y-departamento-de-presidencia-administracion-publica-y-justicia\/","name":"Anuncio convocatoria para la provisi\u00f3n (sistema acceso libre) de varios puestos en la Vicepresidencia y Departamento de Presidencia, Administraci\u00f3n P\u00fablica y Justicia. - Noticas de oposiciones por Academia Emplea-te","isPartOf":{"@id":"https:\/\/www.emplea-te.com\/noticias-oposiciones\/#website"},"datePublished":"2018-12-25T23:00:00+00:00","description":"ORDEN del 13 de diciembre de 2018, que anuncia la convocatoria p\u00fablica para la provisi\u00f3n, mediante el sistema de designaci\u00f3n libre, de varias vacantes en este consejo.Enlace a resoluci\u00f3n .","breadcrumb":{"@id":"https:\/\/www.emplea-te.com\/noticias-oposiciones\/anuncio-convocatoria-para-la-provision-sistema-acceso-libre-de-varios-puestos-en-la-vicepresidencia-y-departamento-de-presidencia-administracion-publica-y-justicia\/#breadcrumb"},"inLanguage":"es","potentialAction":[{"@type":"ReadAction","target":["https:\/\/www.emplea-te.com\/noticias-oposiciones\/anuncio-convocatoria-para-la-provision-sistema-acceso-libre-de-varios-puestos-en-la-vicepresidencia-y-departamento-de-presidencia-administracion-publica-y-justicia\/"]}]},{"@type":"BreadcrumbList","@id":"https:\/\/www.emplea-te.com\/noticias-oposiciones\/anuncio-convocatoria-para-la-provision-sistema-acceso-libre-de-varios-puestos-en-la-vicepresidencia-y-departamento-de-presidencia-administracion-publica-y-justicia\/#breadcrumb","itemListElement":[{"@type":"ListItem","position":1,"name":"Noticias Oposiciones","item":"https:\/\/www.emplea-te.com\/noticias-oposiciones\/"},{"@type":"ListItem","position":2,"name":"Anuncio convocatoria para la provisi\u00f3n (sistema acceso libre) de varios puestos en la Vicepresidencia y Departamento de Presidencia, Administraci\u00f3n P\u00fablica y Justicia."}]},{"@type":"WebSite","@id":"https:\/\/www.emplea-te.com\/noticias-oposiciones\/#website","url":"https:\/\/www.emplea-te.com\/noticias-oposiciones\/","name":"Noticas de oposiciones por Academia Emplea-te","description":"Toda la actualidad de las ofertas y convocatorias.","publisher":{"@id":"https:\/\/www.emplea-te.com\/noticias-oposiciones\/#organization"},"potentialAction":[{"@type":"SearchAction","target":{"@type":"EntryPoint","urlTemplate":"https:\/\/www.emplea-te.com\/noticias-oposiciones\/?s={search_term_string}"},"query-input":{"@type":"PropertyValueSpecification","valueRequired":true,"valueName":"search_term_string"}}],"inLanguage":"es"},{"@type":"Organization","@id":"https:\/\/www.emplea-te.com\/noticias-oposiciones\/#organization","name":"Academia de oposiciones Empl\u00e9ate","url":"https:\/\/www.emplea-te.com\/noticias-oposiciones\/","logo":{"@type":"ImageObject","inLanguage":"es","@id":"https:\/\/www.emplea-te.com\/noticias-oposiciones\/#\/schema\/logo\/image\/","url":"https:\/\/www.emplea-te.com\/noticias-oposiciones\/wp-content\/uploads\/2019\/04\/empleate.jpg","contentUrl":"https:\/\/www.emplea-te.com\/noticias-oposiciones\/wp-content\/uploads\/2019\/04\/empleate.jpg","width":250,"height":150,"caption":"Academia de oposiciones Empl\u00e9ate"},"image":{"@id":"https:\/\/www.emplea-te.com\/noticias-oposiciones\/#\/schema\/logo\/image\/"},"sameAs":["https:\/\/www.facebook.com\/AcademiaEmpleate\/","https:\/\/x.com\/Emplea_Te","https:\/\/www.instagram.com\/academia_empleate\/"]},{"@type":"Person","@id":"https:\/\/www.emplea-te.com\/noticias-oposiciones\/#\/schema\/person\/d1bc587e1af2b95e9c32aba1795509a6","name":"Empleate"}]}},"_links":{"self":[{"href":"https:\/\/www.emplea-te.com\/noticias-oposiciones\/wp-json\/wp\/v2\/posts\/1286","targetHints":{"allow":["GET"]}}],"collection":[{"href":"https:\/\/www.emplea-te.com\/noticias-oposiciones\/wp-json\/wp\/v2\/posts"}],"about":[{"href":"https:\/\/www.emplea-te.com\/noticias-oposiciones\/wp-json\/wp\/v2\/types\/post"}],"author":[{"embeddable":true,"href":"https:\/\/www.emplea-te.com\/noticias-oposiciones\/wp-json\/wp\/v2\/users\/1"}],"replies":[{"embeddable":true,"href":"https:\/\/www.emplea-te.com\/noticias-oposiciones\/wp-json\/wp\/v2\/comments?post=1286"}],"version-history":[{"count":0,"href":"https:\/\/www.emplea-te.com\/noticias-oposiciones\/wp-json\/wp\/v2\/posts\/1286\/revisions"}],"wp:attachment":[{"href":"https:\/\/www.emplea-te.com\/noticias-oposiciones\/wp-json\/wp\/v2\/media?parent=1286"}],"wp:term":[{"taxonomy":"category","embeddable":true,"href":"https:\/\/www.emplea-te.com\/noticias-oposiciones\/wp-json\/wp\/v2\/categories?post=1286"},{"taxonomy":"post_tag","embeddable":true,"href":"https:\/\/www.emplea-te.com\/noticias-oposiciones\/wp-json\/wp\/v2\/tags?post=1286"}],"curies":[{"name":"wp","href":"https:\/\/api.w.org\/{rel}","templated":true}]}}