{"id":12860,"date":"2024-07-24T09:53:53","date_gmt":"2024-07-24T07:53:53","guid":{"rendered":"https:\/\/www.emplea-te.com\/noticias-oposiciones\/?p=12860"},"modified":"2024-07-24T09:53:53","modified_gmt":"2024-07-24T07:53:53","slug":"ayuntamiento-de-sevilla-la-nueva-relacion-definitiva-aspirantes-admitidos-y-excluidos-en-proceso-selectivo-convocado-para-cubrir-5-plazas-de-auxiliar-administrativo-c2","status":"publish","type":"post","link":"https:\/\/www.emplea-te.com\/noticias-oposiciones\/ayuntamiento-de-sevilla-la-nueva-relacion-definitiva-aspirantes-admitidos-y-excluidos-en-proceso-selectivo-convocado-para-cubrir-5-plazas-de-auxiliar-administrativo-c2\/","title":{"rendered":"Ayuntamiento de Sevilla La Nueva. Relaci\u00f3n definitiva aspirantes admitidos y excluidos en proceso selectivo convocado para cubrir 5 plazas de Auxiliar Administrativo C2."},"content":{"rendered":"<p>Se publica en el BOCM de hoy, d\u00eda 24 de julio de 2024, la Resoluci\u00f3n de la Alcald\u00eda de este Ayuntamiento por la que se aprueba la relaci\u00f3n definitiva de aspirantes admitidos y excluidos en proceso selectivo convocado para cubrir 5 plazas de Auxiliar Administrativo C2 por concurso-oposici\u00f3n en turno libre.<\/p>\n<p><a href=\"https:\/\/www.bocm.es\/boletin\/CM_Orden_BOCM\/2024\/07\/24\/BOCM-20240724-81.PDF\" target=\"_blank\" rel=\"noopener\"><strong>Accede a la Resoluci\u00f3n y a la consulta de dicha relaci\u00f3n desde este enlace.\u00a0<\/strong><\/a><\/p>\n","protected":false},"excerpt":{"rendered":"<p>Se publica en el BOCM de hoy, d\u00eda 24 de julio de 2024, la Resoluci\u00f3n de la Alcald\u00eda de este Ayuntamiento por la que se aprueba la relaci\u00f3n definitiva de aspirantes admitidos y excluidos en proceso selectivo convocado para cubrir 5 plazas de Auxiliar Administrativo C2 por concurso-oposici\u00f3n en turno libre. Accede a la Resoluci\u00f3n &hellip; <a href=\"https:\/\/www.emplea-te.com\/noticias-oposiciones\/ayuntamiento-de-sevilla-la-nueva-relacion-definitiva-aspirantes-admitidos-y-excluidos-en-proceso-selectivo-convocado-para-cubrir-5-plazas-de-auxiliar-administrativo-c2\/\" class=\"more-link\">Continuar leyendo<span class=\"screen-reader-text\"> \u00abAyuntamiento de Sevilla La Nueva. Relaci\u00f3n definitiva aspirantes admitidos y excluidos en proceso selectivo convocado para cubrir 5 plazas de Auxiliar Administrativo C2.\u00bb<\/span><\/a><\/p>\n","protected":false},"author":1,"featured_media":0,"comment_status":"closed","ping_status":"closed","sticky":false,"template":"","format":"standard","meta":{"footnotes":""},"categories":[115,109],"tags":[49,103,87],"class_list":["post-12860","post","type-post","status-publish","format-standard","hentry","category-convocatoria-ayuntamientos","category-oposiciones-madrid","tag-convocatorias-de-oposiciones","tag-informacion-procesos-selectivos","tag-listados-definitivos-de-aspirantes-admitidos-y-excluidos"],"yoast_head":"<!-- This site is optimized with the Yoast SEO plugin v27.5 - https:\/\/yoast.com\/product\/yoast-seo-wordpress\/ -->\n<title>Ayuntamiento de Sevilla La Nueva. Aspirantes proceso selectivo.<\/title>\n<meta name=\"description\" content=\"Ayuntamiento de Sevilla La Nueva. Relaci\u00f3n definitiva aspirantes admitidos y excluidos en proceso selectivo convocado para cubrir 5 plazas de Auxiliar Administrativo C2.\" \/>\n<meta name=\"robots\" content=\"index, follow, max-snippet:-1, max-image-preview:large, max-video-preview:-1\" \/>\n<link rel=\"canonical\" href=\"https:\/\/www.emplea-te.com\/noticias-oposiciones\/ayuntamiento-de-sevilla-la-nueva-relacion-definitiva-aspirantes-admitidos-y-excluidos-en-proceso-selectivo-convocado-para-cubrir-5-plazas-de-auxiliar-administrativo-c2\/\" \/>\n<meta property=\"og:locale\" content=\"es_ES\" \/>\n<meta property=\"og:type\" content=\"article\" \/>\n<meta property=\"og:title\" content=\"Ayuntamiento de Sevilla La Nueva. Aspirantes proceso selectivo.\" \/>\n<meta property=\"og:description\" content=\"Ayuntamiento de Sevilla La Nueva. Relaci\u00f3n definitiva aspirantes admitidos y excluidos en proceso selectivo convocado para cubrir 5 plazas de Auxiliar Administrativo C2.\" \/>\n<meta property=\"og:url\" content=\"https:\/\/www.emplea-te.com\/noticias-oposiciones\/ayuntamiento-de-sevilla-la-nueva-relacion-definitiva-aspirantes-admitidos-y-excluidos-en-proceso-selectivo-convocado-para-cubrir-5-plazas-de-auxiliar-administrativo-c2\/\" \/>\n<meta property=\"og:site_name\" content=\"Noticas de oposiciones por Academia Emplea-te\" \/>\n<meta property=\"article:publisher\" content=\"https:\/\/www.facebook.com\/AcademiaEmpleate\/\" \/>\n<meta property=\"article:published_time\" content=\"2024-07-24T07:53:53+00:00\" \/>\n<meta name=\"author\" content=\"Empleate\" \/>\n<meta name=\"twitter:card\" content=\"summary_large_image\" \/>\n<meta name=\"twitter:creator\" content=\"@Emplea_Te\" \/>\n<meta name=\"twitter:site\" content=\"@Emplea_Te\" \/>\n<meta name=\"twitter:label1\" content=\"Escrito por\" \/>\n\t<meta name=\"twitter:data1\" content=\"Empleate\" \/>\n\t<meta name=\"twitter:label2\" content=\"Tiempo de lectura\" \/>\n\t<meta name=\"twitter:data2\" content=\"1 minuto\" \/>\n<script type=\"application\/ld+json\" class=\"yoast-schema-graph\">{\"@context\":\"https:\\\/\\\/schema.org\",\"@graph\":[{\"@type\":\"Article\",\"@id\":\"https:\\\/\\\/www.emplea-te.com\\\/noticias-oposiciones\\\/ayuntamiento-de-sevilla-la-nueva-relacion-definitiva-aspirantes-admitidos-y-excluidos-en-proceso-selectivo-convocado-para-cubrir-5-plazas-de-auxiliar-administrativo-c2\\\/#article\",\"isPartOf\":{\"@id\":\"https:\\\/\\\/www.emplea-te.com\\\/noticias-oposiciones\\\/ayuntamiento-de-sevilla-la-nueva-relacion-definitiva-aspirantes-admitidos-y-excluidos-en-proceso-selectivo-convocado-para-cubrir-5-plazas-de-auxiliar-administrativo-c2\\\/\"},\"author\":{\"name\":\"Empleate\",\"@id\":\"https:\\\/\\\/www.emplea-te.com\\\/noticias-oposiciones\\\/#\\\/schema\\\/person\\\/d1bc587e1af2b95e9c32aba1795509a6\"},\"headline\":\"Ayuntamiento de Sevilla La Nueva. Relaci\u00f3n definitiva aspirantes admitidos y excluidos en proceso selectivo convocado para cubrir 5 plazas de Auxiliar Administrativo C2.\",\"datePublished\":\"2024-07-24T07:53:53+00:00\",\"mainEntityOfPage\":{\"@id\":\"https:\\\/\\\/www.emplea-te.com\\\/noticias-oposiciones\\\/ayuntamiento-de-sevilla-la-nueva-relacion-definitiva-aspirantes-admitidos-y-excluidos-en-proceso-selectivo-convocado-para-cubrir-5-plazas-de-auxiliar-administrativo-c2\\\/\"},\"wordCount\":92,\"publisher\":{\"@id\":\"https:\\\/\\\/www.emplea-te.com\\\/noticias-oposiciones\\\/#organization\"},\"keywords\":[\"Convocatoria\",\"Informaci\u00f3n procesos selectivos\",\"Listados Definitivos de aspirantes admitidos y excluidos\"],\"articleSection\":[\"CONVOCATORIA AYUNTAMIENTOS\",\"Oposiciones Madrid.\"],\"inLanguage\":\"es\"},{\"@type\":\"WebPage\",\"@id\":\"https:\\\/\\\/www.emplea-te.com\\\/noticias-oposiciones\\\/ayuntamiento-de-sevilla-la-nueva-relacion-definitiva-aspirantes-admitidos-y-excluidos-en-proceso-selectivo-convocado-para-cubrir-5-plazas-de-auxiliar-administrativo-c2\\\/\",\"url\":\"https:\\\/\\\/www.emplea-te.com\\\/noticias-oposiciones\\\/ayuntamiento-de-sevilla-la-nueva-relacion-definitiva-aspirantes-admitidos-y-excluidos-en-proceso-selectivo-convocado-para-cubrir-5-plazas-de-auxiliar-administrativo-c2\\\/\",\"name\":\"Ayuntamiento de Sevilla La Nueva. Aspirantes proceso selectivo.\",\"isPartOf\":{\"@id\":\"https:\\\/\\\/www.emplea-te.com\\\/noticias-oposiciones\\\/#website\"},\"datePublished\":\"2024-07-24T07:53:53+00:00\",\"description\":\"Ayuntamiento de Sevilla La Nueva. Relaci\u00f3n definitiva aspirantes admitidos y excluidos en proceso selectivo convocado para cubrir 5 plazas de Auxiliar Administrativo C2.\",\"breadcrumb\":{\"@id\":\"https:\\\/\\\/www.emplea-te.com\\\/noticias-oposiciones\\\/ayuntamiento-de-sevilla-la-nueva-relacion-definitiva-aspirantes-admitidos-y-excluidos-en-proceso-selectivo-convocado-para-cubrir-5-plazas-de-auxiliar-administrativo-c2\\\/#breadcrumb\"},\"inLanguage\":\"es\",\"potentialAction\":[{\"@type\":\"ReadAction\",\"target\":[\"https:\\\/\\\/www.emplea-te.com\\\/noticias-oposiciones\\\/ayuntamiento-de-sevilla-la-nueva-relacion-definitiva-aspirantes-admitidos-y-excluidos-en-proceso-selectivo-convocado-para-cubrir-5-plazas-de-auxiliar-administrativo-c2\\\/\"]}]},{\"@type\":\"BreadcrumbList\",\"@id\":\"https:\\\/\\\/www.emplea-te.com\\\/noticias-oposiciones\\\/ayuntamiento-de-sevilla-la-nueva-relacion-definitiva-aspirantes-admitidos-y-excluidos-en-proceso-selectivo-convocado-para-cubrir-5-plazas-de-auxiliar-administrativo-c2\\\/#breadcrumb\",\"itemListElement\":[{\"@type\":\"ListItem\",\"position\":1,\"name\":\"Noticias Oposiciones\",\"item\":\"https:\\\/\\\/www.emplea-te.com\\\/noticias-oposiciones\\\/\"},{\"@type\":\"ListItem\",\"position\":2,\"name\":\"Oposiciones Madrid.\",\"item\":\"https:\\\/\\\/www.emplea-te.com\\\/noticias-oposiciones\\\/categoria\\\/oposiciones-madrid\\\/\"},{\"@type\":\"ListItem\",\"position\":3,\"name\":\"Ayuntamiento de Sevilla La Nueva. Relaci\u00f3n definitiva aspirantes admitidos y excluidos en proceso selectivo convocado para cubrir 5 plazas de Auxiliar Administrativo C2.\"}]},{\"@type\":\"WebSite\",\"@id\":\"https:\\\/\\\/www.emplea-te.com\\\/noticias-oposiciones\\\/#website\",\"url\":\"https:\\\/\\\/www.emplea-te.com\\\/noticias-oposiciones\\\/\",\"name\":\"Noticas de oposiciones por Academia Emplea-te\",\"description\":\"Toda la actualidad de las ofertas y convocatorias.\",\"publisher\":{\"@id\":\"https:\\\/\\\/www.emplea-te.com\\\/noticias-oposiciones\\\/#organization\"},\"potentialAction\":[{\"@type\":\"SearchAction\",\"target\":{\"@type\":\"EntryPoint\",\"urlTemplate\":\"https:\\\/\\\/www.emplea-te.com\\\/noticias-oposiciones\\\/?s={search_term_string}\"},\"query-input\":{\"@type\":\"PropertyValueSpecification\",\"valueRequired\":true,\"valueName\":\"search_term_string\"}}],\"inLanguage\":\"es\"},{\"@type\":\"Organization\",\"@id\":\"https:\\\/\\\/www.emplea-te.com\\\/noticias-oposiciones\\\/#organization\",\"name\":\"Academia de oposiciones Empl\u00e9ate\",\"url\":\"https:\\\/\\\/www.emplea-te.com\\\/noticias-oposiciones\\\/\",\"logo\":{\"@type\":\"ImageObject\",\"inLanguage\":\"es\",\"@id\":\"https:\\\/\\\/www.emplea-te.com\\\/noticias-oposiciones\\\/#\\\/schema\\\/logo\\\/image\\\/\",\"url\":\"https:\\\/\\\/www.emplea-te.com\\\/noticias-oposiciones\\\/wp-content\\\/uploads\\\/2019\\\/04\\\/empleate.jpg\",\"contentUrl\":\"https:\\\/\\\/www.emplea-te.com\\\/noticias-oposiciones\\\/wp-content\\\/uploads\\\/2019\\\/04\\\/empleate.jpg\",\"width\":250,\"height\":150,\"caption\":\"Academia de oposiciones Empl\u00e9ate\"},\"image\":{\"@id\":\"https:\\\/\\\/www.emplea-te.com\\\/noticias-oposiciones\\\/#\\\/schema\\\/logo\\\/image\\\/\"},\"sameAs\":[\"https:\\\/\\\/www.facebook.com\\\/AcademiaEmpleate\\\/\",\"https:\\\/\\\/x.com\\\/Emplea_Te\",\"https:\\\/\\\/www.instagram.com\\\/academia_empleate\\\/\"]},{\"@type\":\"Person\",\"@id\":\"https:\\\/\\\/www.emplea-te.com\\\/noticias-oposiciones\\\/#\\\/schema\\\/person\\\/d1bc587e1af2b95e9c32aba1795509a6\",\"name\":\"Empleate\"}]}<\/script>\n<!-- \/ Yoast SEO plugin. -->","yoast_head_json":{"title":"Ayuntamiento de Sevilla La Nueva. Aspirantes proceso selectivo.","description":"Ayuntamiento de Sevilla La Nueva. Relaci\u00f3n definitiva aspirantes admitidos y excluidos en proceso selectivo convocado para cubrir 5 plazas de Auxiliar Administrativo C2.","robots":{"index":"index","follow":"follow","max-snippet":"max-snippet:-1","max-image-preview":"max-image-preview:large","max-video-preview":"max-video-preview:-1"},"canonical":"https:\/\/www.emplea-te.com\/noticias-oposiciones\/ayuntamiento-de-sevilla-la-nueva-relacion-definitiva-aspirantes-admitidos-y-excluidos-en-proceso-selectivo-convocado-para-cubrir-5-plazas-de-auxiliar-administrativo-c2\/","og_locale":"es_ES","og_type":"article","og_title":"Ayuntamiento de Sevilla La Nueva. Aspirantes proceso selectivo.","og_description":"Ayuntamiento de Sevilla La Nueva. Relaci\u00f3n definitiva aspirantes admitidos y excluidos en proceso selectivo convocado para cubrir 5 plazas de Auxiliar Administrativo C2.","og_url":"https:\/\/www.emplea-te.com\/noticias-oposiciones\/ayuntamiento-de-sevilla-la-nueva-relacion-definitiva-aspirantes-admitidos-y-excluidos-en-proceso-selectivo-convocado-para-cubrir-5-plazas-de-auxiliar-administrativo-c2\/","og_site_name":"Noticas de oposiciones por Academia Emplea-te","article_publisher":"https:\/\/www.facebook.com\/AcademiaEmpleate\/","article_published_time":"2024-07-24T07:53:53+00:00","author":"Empleate","twitter_card":"summary_large_image","twitter_creator":"@Emplea_Te","twitter_site":"@Emplea_Te","twitter_misc":{"Escrito por":"Empleate","Tiempo de lectura":"1 minuto"},"schema":{"@context":"https:\/\/schema.org","@graph":[{"@type":"Article","@id":"https:\/\/www.emplea-te.com\/noticias-oposiciones\/ayuntamiento-de-sevilla-la-nueva-relacion-definitiva-aspirantes-admitidos-y-excluidos-en-proceso-selectivo-convocado-para-cubrir-5-plazas-de-auxiliar-administrativo-c2\/#article","isPartOf":{"@id":"https:\/\/www.emplea-te.com\/noticias-oposiciones\/ayuntamiento-de-sevilla-la-nueva-relacion-definitiva-aspirantes-admitidos-y-excluidos-en-proceso-selectivo-convocado-para-cubrir-5-plazas-de-auxiliar-administrativo-c2\/"},"author":{"name":"Empleate","@id":"https:\/\/www.emplea-te.com\/noticias-oposiciones\/#\/schema\/person\/d1bc587e1af2b95e9c32aba1795509a6"},"headline":"Ayuntamiento de Sevilla La Nueva. Relaci\u00f3n definitiva aspirantes admitidos y excluidos en proceso selectivo convocado para cubrir 5 plazas de Auxiliar Administrativo C2.","datePublished":"2024-07-24T07:53:53+00:00","mainEntityOfPage":{"@id":"https:\/\/www.emplea-te.com\/noticias-oposiciones\/ayuntamiento-de-sevilla-la-nueva-relacion-definitiva-aspirantes-admitidos-y-excluidos-en-proceso-selectivo-convocado-para-cubrir-5-plazas-de-auxiliar-administrativo-c2\/"},"wordCount":92,"publisher":{"@id":"https:\/\/www.emplea-te.com\/noticias-oposiciones\/#organization"},"keywords":["Convocatoria","Informaci\u00f3n procesos selectivos","Listados Definitivos de aspirantes admitidos y excluidos"],"articleSection":["CONVOCATORIA AYUNTAMIENTOS","Oposiciones Madrid."],"inLanguage":"es"},{"@type":"WebPage","@id":"https:\/\/www.emplea-te.com\/noticias-oposiciones\/ayuntamiento-de-sevilla-la-nueva-relacion-definitiva-aspirantes-admitidos-y-excluidos-en-proceso-selectivo-convocado-para-cubrir-5-plazas-de-auxiliar-administrativo-c2\/","url":"https:\/\/www.emplea-te.com\/noticias-oposiciones\/ayuntamiento-de-sevilla-la-nueva-relacion-definitiva-aspirantes-admitidos-y-excluidos-en-proceso-selectivo-convocado-para-cubrir-5-plazas-de-auxiliar-administrativo-c2\/","name":"Ayuntamiento de Sevilla La Nueva. Aspirantes proceso selectivo.","isPartOf":{"@id":"https:\/\/www.emplea-te.com\/noticias-oposiciones\/#website"},"datePublished":"2024-07-24T07:53:53+00:00","description":"Ayuntamiento de Sevilla La Nueva. Relaci\u00f3n definitiva aspirantes admitidos y excluidos en proceso selectivo convocado para cubrir 5 plazas de Auxiliar Administrativo C2.","breadcrumb":{"@id":"https:\/\/www.emplea-te.com\/noticias-oposiciones\/ayuntamiento-de-sevilla-la-nueva-relacion-definitiva-aspirantes-admitidos-y-excluidos-en-proceso-selectivo-convocado-para-cubrir-5-plazas-de-auxiliar-administrativo-c2\/#breadcrumb"},"inLanguage":"es","potentialAction":[{"@type":"ReadAction","target":["https:\/\/www.emplea-te.com\/noticias-oposiciones\/ayuntamiento-de-sevilla-la-nueva-relacion-definitiva-aspirantes-admitidos-y-excluidos-en-proceso-selectivo-convocado-para-cubrir-5-plazas-de-auxiliar-administrativo-c2\/"]}]},{"@type":"BreadcrumbList","@id":"https:\/\/www.emplea-te.com\/noticias-oposiciones\/ayuntamiento-de-sevilla-la-nueva-relacion-definitiva-aspirantes-admitidos-y-excluidos-en-proceso-selectivo-convocado-para-cubrir-5-plazas-de-auxiliar-administrativo-c2\/#breadcrumb","itemListElement":[{"@type":"ListItem","position":1,"name":"Noticias Oposiciones","item":"https:\/\/www.emplea-te.com\/noticias-oposiciones\/"},{"@type":"ListItem","position":2,"name":"Oposiciones Madrid.","item":"https:\/\/www.emplea-te.com\/noticias-oposiciones\/categoria\/oposiciones-madrid\/"},{"@type":"ListItem","position":3,"name":"Ayuntamiento de Sevilla La Nueva. Relaci\u00f3n definitiva aspirantes admitidos y excluidos en proceso selectivo convocado para cubrir 5 plazas de Auxiliar Administrativo C2."}]},{"@type":"WebSite","@id":"https:\/\/www.emplea-te.com\/noticias-oposiciones\/#website","url":"https:\/\/www.emplea-te.com\/noticias-oposiciones\/","name":"Noticas de oposiciones por Academia Emplea-te","description":"Toda la actualidad de las ofertas y convocatorias.","publisher":{"@id":"https:\/\/www.emplea-te.com\/noticias-oposiciones\/#organization"},"potentialAction":[{"@type":"SearchAction","target":{"@type":"EntryPoint","urlTemplate":"https:\/\/www.emplea-te.com\/noticias-oposiciones\/?s={search_term_string}"},"query-input":{"@type":"PropertyValueSpecification","valueRequired":true,"valueName":"search_term_string"}}],"inLanguage":"es"},{"@type":"Organization","@id":"https:\/\/www.emplea-te.com\/noticias-oposiciones\/#organization","name":"Academia de oposiciones Empl\u00e9ate","url":"https:\/\/www.emplea-te.com\/noticias-oposiciones\/","logo":{"@type":"ImageObject","inLanguage":"es","@id":"https:\/\/www.emplea-te.com\/noticias-oposiciones\/#\/schema\/logo\/image\/","url":"https:\/\/www.emplea-te.com\/noticias-oposiciones\/wp-content\/uploads\/2019\/04\/empleate.jpg","contentUrl":"https:\/\/www.emplea-te.com\/noticias-oposiciones\/wp-content\/uploads\/2019\/04\/empleate.jpg","width":250,"height":150,"caption":"Academia de oposiciones Empl\u00e9ate"},"image":{"@id":"https:\/\/www.emplea-te.com\/noticias-oposiciones\/#\/schema\/logo\/image\/"},"sameAs":["https:\/\/www.facebook.com\/AcademiaEmpleate\/","https:\/\/x.com\/Emplea_Te","https:\/\/www.instagram.com\/academia_empleate\/"]},{"@type":"Person","@id":"https:\/\/www.emplea-te.com\/noticias-oposiciones\/#\/schema\/person\/d1bc587e1af2b95e9c32aba1795509a6","name":"Empleate"}]}},"_links":{"self":[{"href":"https:\/\/www.emplea-te.com\/noticias-oposiciones\/wp-json\/wp\/v2\/posts\/12860","targetHints":{"allow":["GET"]}}],"collection":[{"href":"https:\/\/www.emplea-te.com\/noticias-oposiciones\/wp-json\/wp\/v2\/posts"}],"about":[{"href":"https:\/\/www.emplea-te.com\/noticias-oposiciones\/wp-json\/wp\/v2\/types\/post"}],"author":[{"embeddable":true,"href":"https:\/\/www.emplea-te.com\/noticias-oposiciones\/wp-json\/wp\/v2\/users\/1"}],"replies":[{"embeddable":true,"href":"https:\/\/www.emplea-te.com\/noticias-oposiciones\/wp-json\/wp\/v2\/comments?post=12860"}],"version-history":[{"count":1,"href":"https:\/\/www.emplea-te.com\/noticias-oposiciones\/wp-json\/wp\/v2\/posts\/12860\/revisions"}],"predecessor-version":[{"id":12861,"href":"https:\/\/www.emplea-te.com\/noticias-oposiciones\/wp-json\/wp\/v2\/posts\/12860\/revisions\/12861"}],"wp:attachment":[{"href":"https:\/\/www.emplea-te.com\/noticias-oposiciones\/wp-json\/wp\/v2\/media?parent=12860"}],"wp:term":[{"taxonomy":"category","embeddable":true,"href":"https:\/\/www.emplea-te.com\/noticias-oposiciones\/wp-json\/wp\/v2\/categories?post=12860"},{"taxonomy":"post_tag","embeddable":true,"href":"https:\/\/www.emplea-te.com\/noticias-oposiciones\/wp-json\/wp\/v2\/tags?post=12860"}],"curies":[{"name":"wp","href":"https:\/\/api.w.org\/{rel}","templated":true}]}}