{"id":1287,"date":"2018-12-27T00:00:00","date_gmt":"2018-12-26T23:00:00","guid":{"rendered":"https:\/\/www.emplea-te.com\/noticias-oposiciones\/oferta-de-empleo-publico-2018-concello-de-viveiro\/"},"modified":"2018-12-27T00:00:00","modified_gmt":"2018-12-26T23:00:00","slug":"oferta-de-empleo-publico-2018-concello-de-viveiro","status":"publish","type":"post","link":"https:\/\/www.emplea-te.com\/noticias-oposiciones\/oferta-de-empleo-publico-2018-concello-de-viveiro\/","title":{"rendered":"<br>Oferta de Empleo P\u00fablico 2018 Concello de Viveiro."},"content":{"rendered":"<p>Publicado en el DOG n\u00famero 246 de fecha 27 de Diciembre de 2018 la Oferta de Empleo P\u00fablico para el Concello de Viveiro<\/p>\n<p>La Junta de Gobierno Local del Ayuntamiento de Viveiro, en sesi\u00f3n com\u00fan celebrada el 5 de diciembre de 2018, aprob\u00f3 la oferta p\u00fablica de empleo correspondiente al a\u00f1o 2018 y orden\u00f3 su publicaci\u00f3n.<\/p>\n<p>Destacamos estas plazas:<\/p>\n<p>C1 Funcionario Escala Administraci\u00f3n xeral, subescala Administraci\u00f3n Administrativo&nbsp;&nbsp; 1 plaza<br \/>C1 Funcionario Escala Administraci\u00f3n especial, subescala servizo especial Axente de polic\u00eda local&nbsp; &nbsp;1 plaza<\/p>\n<p><a href=\"https:\/\/www.emplea-te.com\/1\/oposiciones-de-administrativo-y-auxiliar-administrativo\" target=\"_blank\" rel=\"nofollow noopener noreferrer\"><span class=\"wysiwyg-color-green\">Prepara en nuestros grupos presenciales grupales las oposici\u00f3n de Administrativo para el Concello de Viveiro<\/span><\/a><\/p>\n<p><a href=\"https:\/\/www.emplea-te.com\/9-oposiciones-de-policia-local\" target=\"_blank\" rel=\"nofollow noopener noreferrer\"><span class=\"wysiwyg-color-green\">Prepara en nuestros grupos presenciales grupales la oposici\u00f3n de Agente de Polic\u00eda Local para el Concello de Viveiro <\/span><\/a><\/p>\n","protected":false},"excerpt":{"rendered":"<p>Publicado en el DOG n\u00famero 246 de fecha 27 de Diciembre de 2018 la Oferta de Empleo P\u00fablico para el Concello de Viveiro La Junta de Gobierno Local del Ayuntamiento de Viveiro, en sesi\u00f3n com\u00fan celebrada el 5 de diciembre de 2018, aprob\u00f3 la oferta p\u00fablica de empleo correspondiente al a\u00f1o 2018 y orden\u00f3 su &hellip; <a href=\"https:\/\/www.emplea-te.com\/noticias-oposiciones\/oferta-de-empleo-publico-2018-concello-de-viveiro\/\" class=\"more-link\">Continuar leyendo<span class=\"screen-reader-text\"> \u00ab<br \/>Oferta de Empleo P\u00fablico 2018 Concello de Viveiro.\u00bb<\/span><\/a><\/p>\n","protected":false},"author":1,"featured_media":0,"comment_status":"open","ping_status":"open","sticky":false,"template":"","format":"standard","meta":{"footnotes":""},"categories":[],"tags":[],"class_list":["post-1287","post","type-post","status-publish","format-standard","hentry"],"yoast_head":"<!-- This site is optimized with the Yoast SEO plugin v27.3 - https:\/\/yoast.com\/product\/yoast-seo-wordpress\/ -->\n<title>Oferta de Empleo P\u00fablico 2018 Concello de Viveiro. - Noticas de oposiciones por Academia Emplea-te<\/title>\n<meta name=\"description\" content=\"Publicado en el DOG n\u00famero 246 de fecha 27 de Diciembre de 2018 la Oferta de Empleo P\u00fablico para el Concello de Viveiro.Enlace a resoluci\u00f3n\" \/>\n<meta name=\"robots\" content=\"index, follow, max-snippet:-1, max-image-preview:large, max-video-preview:-1\" \/>\n<link rel=\"canonical\" href=\"https:\/\/www.emplea-te.com\/noticias-oposiciones\/oferta-de-empleo-publico-2018-concello-de-viveiro\/\" \/>\n<meta property=\"og:locale\" content=\"es_ES\" \/>\n<meta property=\"og:type\" content=\"article\" \/>\n<meta property=\"og:title\" content=\"Oferta de Empleo P\u00fablico 2018 Concello de Viveiro. - Noticas de oposiciones por Academia Emplea-te\" \/>\n<meta property=\"og:description\" content=\"Publicado en el DOG n\u00famero 246 de fecha 27 de Diciembre de 2018 la Oferta de Empleo P\u00fablico para el Concello de Viveiro.Enlace a resoluci\u00f3n\" \/>\n<meta property=\"og:url\" content=\"https:\/\/www.emplea-te.com\/noticias-oposiciones\/oferta-de-empleo-publico-2018-concello-de-viveiro\/\" \/>\n<meta property=\"og:site_name\" content=\"Noticas de oposiciones por Academia Emplea-te\" \/>\n<meta property=\"article:publisher\" content=\"https:\/\/www.facebook.com\/AcademiaEmpleate\/\" \/>\n<meta property=\"article:published_time\" content=\"2018-12-26T23:00:00+00:00\" \/>\n<meta name=\"author\" content=\"Empleate\" \/>\n<meta name=\"twitter:card\" content=\"summary_large_image\" \/>\n<meta name=\"twitter:creator\" content=\"@Emplea_Te\" \/>\n<meta name=\"twitter:site\" content=\"@Emplea_Te\" \/>\n<meta name=\"twitter:label1\" content=\"Escrito por\" \/>\n\t<meta name=\"twitter:data1\" content=\"Empleate\" \/>\n\t<meta name=\"twitter:label2\" content=\"Tiempo de lectura\" \/>\n\t<meta name=\"twitter:data2\" content=\"1 minuto\" \/>\n<script type=\"application\/ld+json\" class=\"yoast-schema-graph\">{\"@context\":\"https:\\\/\\\/schema.org\",\"@graph\":[{\"@type\":\"Article\",\"@id\":\"https:\\\/\\\/www.emplea-te.com\\\/noticias-oposiciones\\\/oferta-de-empleo-publico-2018-concello-de-viveiro\\\/#article\",\"isPartOf\":{\"@id\":\"https:\\\/\\\/www.emplea-te.com\\\/noticias-oposiciones\\\/oferta-de-empleo-publico-2018-concello-de-viveiro\\\/\"},\"author\":{\"name\":\"Empleate\",\"@id\":\"https:\\\/\\\/www.emplea-te.com\\\/noticias-oposiciones\\\/#\\\/schema\\\/person\\\/d1bc587e1af2b95e9c32aba1795509a6\"},\"headline\":\"Oferta de Empleo P\u00fablico 2018 Concello de Viveiro.\",\"datePublished\":\"2018-12-26T23:00:00+00:00\",\"mainEntityOfPage\":{\"@id\":\"https:\\\/\\\/www.emplea-te.com\\\/noticias-oposiciones\\\/oferta-de-empleo-publico-2018-concello-de-viveiro\\\/\"},\"wordCount\":133,\"commentCount\":0,\"publisher\":{\"@id\":\"https:\\\/\\\/www.emplea-te.com\\\/noticias-oposiciones\\\/#organization\"},\"inLanguage\":\"es\",\"potentialAction\":[{\"@type\":\"CommentAction\",\"name\":\"Comment\",\"target\":[\"https:\\\/\\\/www.emplea-te.com\\\/noticias-oposiciones\\\/oferta-de-empleo-publico-2018-concello-de-viveiro\\\/#respond\"]}]},{\"@type\":\"WebPage\",\"@id\":\"https:\\\/\\\/www.emplea-te.com\\\/noticias-oposiciones\\\/oferta-de-empleo-publico-2018-concello-de-viveiro\\\/\",\"url\":\"https:\\\/\\\/www.emplea-te.com\\\/noticias-oposiciones\\\/oferta-de-empleo-publico-2018-concello-de-viveiro\\\/\",\"name\":\"Oferta de Empleo P\u00fablico 2018 Concello de Viveiro. - Noticas de oposiciones por Academia Emplea-te\",\"isPartOf\":{\"@id\":\"https:\\\/\\\/www.emplea-te.com\\\/noticias-oposiciones\\\/#website\"},\"datePublished\":\"2018-12-26T23:00:00+00:00\",\"description\":\"Publicado en el DOG n\u00famero 246 de fecha 27 de Diciembre de 2018 la Oferta de Empleo P\u00fablico para el Concello de Viveiro.Enlace a resoluci\u00f3n\",\"breadcrumb\":{\"@id\":\"https:\\\/\\\/www.emplea-te.com\\\/noticias-oposiciones\\\/oferta-de-empleo-publico-2018-concello-de-viveiro\\\/#breadcrumb\"},\"inLanguage\":\"es\",\"potentialAction\":[{\"@type\":\"ReadAction\",\"target\":[\"https:\\\/\\\/www.emplea-te.com\\\/noticias-oposiciones\\\/oferta-de-empleo-publico-2018-concello-de-viveiro\\\/\"]}]},{\"@type\":\"BreadcrumbList\",\"@id\":\"https:\\\/\\\/www.emplea-te.com\\\/noticias-oposiciones\\\/oferta-de-empleo-publico-2018-concello-de-viveiro\\\/#breadcrumb\",\"itemListElement\":[{\"@type\":\"ListItem\",\"position\":1,\"name\":\"Noticias Oposiciones\",\"item\":\"https:\\\/\\\/www.emplea-te.com\\\/noticias-oposiciones\\\/\"},{\"@type\":\"ListItem\",\"position\":2,\"name\":\"Oferta de Empleo P\u00fablico 2018 Concello de Viveiro.\"}]},{\"@type\":\"WebSite\",\"@id\":\"https:\\\/\\\/www.emplea-te.com\\\/noticias-oposiciones\\\/#website\",\"url\":\"https:\\\/\\\/www.emplea-te.com\\\/noticias-oposiciones\\\/\",\"name\":\"Noticas de oposiciones por Academia Emplea-te\",\"description\":\"Toda la actualidad de las ofertas y convocatorias.\",\"publisher\":{\"@id\":\"https:\\\/\\\/www.emplea-te.com\\\/noticias-oposiciones\\\/#organization\"},\"potentialAction\":[{\"@type\":\"SearchAction\",\"target\":{\"@type\":\"EntryPoint\",\"urlTemplate\":\"https:\\\/\\\/www.emplea-te.com\\\/noticias-oposiciones\\\/?s={search_term_string}\"},\"query-input\":{\"@type\":\"PropertyValueSpecification\",\"valueRequired\":true,\"valueName\":\"search_term_string\"}}],\"inLanguage\":\"es\"},{\"@type\":\"Organization\",\"@id\":\"https:\\\/\\\/www.emplea-te.com\\\/noticias-oposiciones\\\/#organization\",\"name\":\"Academia de oposiciones Empl\u00e9ate\",\"url\":\"https:\\\/\\\/www.emplea-te.com\\\/noticias-oposiciones\\\/\",\"logo\":{\"@type\":\"ImageObject\",\"inLanguage\":\"es\",\"@id\":\"https:\\\/\\\/www.emplea-te.com\\\/noticias-oposiciones\\\/#\\\/schema\\\/logo\\\/image\\\/\",\"url\":\"https:\\\/\\\/www.emplea-te.com\\\/noticias-oposiciones\\\/wp-content\\\/uploads\\\/2019\\\/04\\\/empleate.jpg\",\"contentUrl\":\"https:\\\/\\\/www.emplea-te.com\\\/noticias-oposiciones\\\/wp-content\\\/uploads\\\/2019\\\/04\\\/empleate.jpg\",\"width\":250,\"height\":150,\"caption\":\"Academia de oposiciones Empl\u00e9ate\"},\"image\":{\"@id\":\"https:\\\/\\\/www.emplea-te.com\\\/noticias-oposiciones\\\/#\\\/schema\\\/logo\\\/image\\\/\"},\"sameAs\":[\"https:\\\/\\\/www.facebook.com\\\/AcademiaEmpleate\\\/\",\"https:\\\/\\\/x.com\\\/Emplea_Te\",\"https:\\\/\\\/www.instagram.com\\\/academia_empleate\\\/\"]},{\"@type\":\"Person\",\"@id\":\"https:\\\/\\\/www.emplea-te.com\\\/noticias-oposiciones\\\/#\\\/schema\\\/person\\\/d1bc587e1af2b95e9c32aba1795509a6\",\"name\":\"Empleate\"}]}<\/script>\n<!-- \/ Yoast SEO plugin. -->","yoast_head_json":{"title":"Oferta de Empleo P\u00fablico 2018 Concello de Viveiro. - Noticas de oposiciones por Academia Emplea-te","description":"Publicado en el DOG n\u00famero 246 de fecha 27 de Diciembre de 2018 la Oferta de Empleo P\u00fablico para el Concello de Viveiro.Enlace a resoluci\u00f3n","robots":{"index":"index","follow":"follow","max-snippet":"max-snippet:-1","max-image-preview":"max-image-preview:large","max-video-preview":"max-video-preview:-1"},"canonical":"https:\/\/www.emplea-te.com\/noticias-oposiciones\/oferta-de-empleo-publico-2018-concello-de-viveiro\/","og_locale":"es_ES","og_type":"article","og_title":"Oferta de Empleo P\u00fablico 2018 Concello de Viveiro. - Noticas de oposiciones por Academia Emplea-te","og_description":"Publicado en el DOG n\u00famero 246 de fecha 27 de Diciembre de 2018 la Oferta de Empleo P\u00fablico para el Concello de Viveiro.Enlace a resoluci\u00f3n","og_url":"https:\/\/www.emplea-te.com\/noticias-oposiciones\/oferta-de-empleo-publico-2018-concello-de-viveiro\/","og_site_name":"Noticas de oposiciones por Academia Emplea-te","article_publisher":"https:\/\/www.facebook.com\/AcademiaEmpleate\/","article_published_time":"2018-12-26T23:00:00+00:00","author":"Empleate","twitter_card":"summary_large_image","twitter_creator":"@Emplea_Te","twitter_site":"@Emplea_Te","twitter_misc":{"Escrito por":"Empleate","Tiempo de lectura":"1 minuto"},"schema":{"@context":"https:\/\/schema.org","@graph":[{"@type":"Article","@id":"https:\/\/www.emplea-te.com\/noticias-oposiciones\/oferta-de-empleo-publico-2018-concello-de-viveiro\/#article","isPartOf":{"@id":"https:\/\/www.emplea-te.com\/noticias-oposiciones\/oferta-de-empleo-publico-2018-concello-de-viveiro\/"},"author":{"name":"Empleate","@id":"https:\/\/www.emplea-te.com\/noticias-oposiciones\/#\/schema\/person\/d1bc587e1af2b95e9c32aba1795509a6"},"headline":"Oferta de Empleo P\u00fablico 2018 Concello de Viveiro.","datePublished":"2018-12-26T23:00:00+00:00","mainEntityOfPage":{"@id":"https:\/\/www.emplea-te.com\/noticias-oposiciones\/oferta-de-empleo-publico-2018-concello-de-viveiro\/"},"wordCount":133,"commentCount":0,"publisher":{"@id":"https:\/\/www.emplea-te.com\/noticias-oposiciones\/#organization"},"inLanguage":"es","potentialAction":[{"@type":"CommentAction","name":"Comment","target":["https:\/\/www.emplea-te.com\/noticias-oposiciones\/oferta-de-empleo-publico-2018-concello-de-viveiro\/#respond"]}]},{"@type":"WebPage","@id":"https:\/\/www.emplea-te.com\/noticias-oposiciones\/oferta-de-empleo-publico-2018-concello-de-viveiro\/","url":"https:\/\/www.emplea-te.com\/noticias-oposiciones\/oferta-de-empleo-publico-2018-concello-de-viveiro\/","name":"Oferta de Empleo P\u00fablico 2018 Concello de Viveiro. - Noticas de oposiciones por Academia Emplea-te","isPartOf":{"@id":"https:\/\/www.emplea-te.com\/noticias-oposiciones\/#website"},"datePublished":"2018-12-26T23:00:00+00:00","description":"Publicado en el DOG n\u00famero 246 de fecha 27 de Diciembre de 2018 la Oferta de Empleo P\u00fablico para el Concello de Viveiro.Enlace a resoluci\u00f3n","breadcrumb":{"@id":"https:\/\/www.emplea-te.com\/noticias-oposiciones\/oferta-de-empleo-publico-2018-concello-de-viveiro\/#breadcrumb"},"inLanguage":"es","potentialAction":[{"@type":"ReadAction","target":["https:\/\/www.emplea-te.com\/noticias-oposiciones\/oferta-de-empleo-publico-2018-concello-de-viveiro\/"]}]},{"@type":"BreadcrumbList","@id":"https:\/\/www.emplea-te.com\/noticias-oposiciones\/oferta-de-empleo-publico-2018-concello-de-viveiro\/#breadcrumb","itemListElement":[{"@type":"ListItem","position":1,"name":"Noticias Oposiciones","item":"https:\/\/www.emplea-te.com\/noticias-oposiciones\/"},{"@type":"ListItem","position":2,"name":"Oferta de Empleo P\u00fablico 2018 Concello de Viveiro."}]},{"@type":"WebSite","@id":"https:\/\/www.emplea-te.com\/noticias-oposiciones\/#website","url":"https:\/\/www.emplea-te.com\/noticias-oposiciones\/","name":"Noticas de oposiciones por Academia Emplea-te","description":"Toda la actualidad de las ofertas y convocatorias.","publisher":{"@id":"https:\/\/www.emplea-te.com\/noticias-oposiciones\/#organization"},"potentialAction":[{"@type":"SearchAction","target":{"@type":"EntryPoint","urlTemplate":"https:\/\/www.emplea-te.com\/noticias-oposiciones\/?s={search_term_string}"},"query-input":{"@type":"PropertyValueSpecification","valueRequired":true,"valueName":"search_term_string"}}],"inLanguage":"es"},{"@type":"Organization","@id":"https:\/\/www.emplea-te.com\/noticias-oposiciones\/#organization","name":"Academia de oposiciones Empl\u00e9ate","url":"https:\/\/www.emplea-te.com\/noticias-oposiciones\/","logo":{"@type":"ImageObject","inLanguage":"es","@id":"https:\/\/www.emplea-te.com\/noticias-oposiciones\/#\/schema\/logo\/image\/","url":"https:\/\/www.emplea-te.com\/noticias-oposiciones\/wp-content\/uploads\/2019\/04\/empleate.jpg","contentUrl":"https:\/\/www.emplea-te.com\/noticias-oposiciones\/wp-content\/uploads\/2019\/04\/empleate.jpg","width":250,"height":150,"caption":"Academia de oposiciones Empl\u00e9ate"},"image":{"@id":"https:\/\/www.emplea-te.com\/noticias-oposiciones\/#\/schema\/logo\/image\/"},"sameAs":["https:\/\/www.facebook.com\/AcademiaEmpleate\/","https:\/\/x.com\/Emplea_Te","https:\/\/www.instagram.com\/academia_empleate\/"]},{"@type":"Person","@id":"https:\/\/www.emplea-te.com\/noticias-oposiciones\/#\/schema\/person\/d1bc587e1af2b95e9c32aba1795509a6","name":"Empleate"}]}},"_links":{"self":[{"href":"https:\/\/www.emplea-te.com\/noticias-oposiciones\/wp-json\/wp\/v2\/posts\/1287","targetHints":{"allow":["GET"]}}],"collection":[{"href":"https:\/\/www.emplea-te.com\/noticias-oposiciones\/wp-json\/wp\/v2\/posts"}],"about":[{"href":"https:\/\/www.emplea-te.com\/noticias-oposiciones\/wp-json\/wp\/v2\/types\/post"}],"author":[{"embeddable":true,"href":"https:\/\/www.emplea-te.com\/noticias-oposiciones\/wp-json\/wp\/v2\/users\/1"}],"replies":[{"embeddable":true,"href":"https:\/\/www.emplea-te.com\/noticias-oposiciones\/wp-json\/wp\/v2\/comments?post=1287"}],"version-history":[{"count":0,"href":"https:\/\/www.emplea-te.com\/noticias-oposiciones\/wp-json\/wp\/v2\/posts\/1287\/revisions"}],"wp:attachment":[{"href":"https:\/\/www.emplea-te.com\/noticias-oposiciones\/wp-json\/wp\/v2\/media?parent=1287"}],"wp:term":[{"taxonomy":"category","embeddable":true,"href":"https:\/\/www.emplea-te.com\/noticias-oposiciones\/wp-json\/wp\/v2\/categories?post=1287"},{"taxonomy":"post_tag","embeddable":true,"href":"https:\/\/www.emplea-te.com\/noticias-oposiciones\/wp-json\/wp\/v2\/tags?post=1287"}],"curies":[{"name":"wp","href":"https:\/\/api.w.org\/{rel}","templated":true}]}}