{"id":12896,"date":"2024-07-31T10:05:12","date_gmt":"2024-07-31T08:05:12","guid":{"rendered":"https:\/\/www.emplea-te.com\/noticias-oposiciones\/?p=12896"},"modified":"2024-07-31T10:05:12","modified_gmt":"2024-07-31T08:05:12","slug":"resultado-del-sorteo-la-letra-v-determinara-el-orden-de-actuacion-de-los-aspirantes-a-los-procesos-selectivos-de-la-age-en-2024-y-2025","status":"publish","type":"post","link":"https:\/\/www.emplea-te.com\/noticias-oposiciones\/resultado-del-sorteo-la-letra-v-determinara-el-orden-de-actuacion-de-los-aspirantes-a-los-procesos-selectivos-de-la-age-en-2024-y-2025\/","title":{"rendered":"Resultado del sorteo. La letra V, determinar\u00e1 el orden de actuaci\u00f3n de los aspirantes a los procesos selectivos de la AGE en 2024 y 2025."},"content":{"rendered":"<p>Se publica en el BOE de hoy, la Resoluci\u00f3n de 25 de julio de 2024, de la Secretar\u00eda de Estado de Funci\u00f3n P\u00fablica, por la que se publica el resultado del sorteo a que se refiere el Reglamento General de Ingreso del Personal al Servicio de la Administraci\u00f3n del Estado.<\/p>\n<p>Seg\u00fan el resultado de dicho sorteo, el orden de actuaci\u00f3n de los aspirantes en todas las pruebas selectivas en la Administraci\u00f3n General del Estado que se convoquen desde el d\u00eda siguiente a la publicaci\u00f3n de esta resoluci\u00f3n, se iniciar\u00e1 por aquellos cuyo primer apellido comience por la letra \u00abV\u00bb, atendiendo, a estos efectos, a la ordenaci\u00f3n alfab\u00e9tica resultante del listado de aspirantes admitidos.<\/p>\n<p><a href=\"https:\/\/www.boe.es\/boe\/dias\/2024\/07\/31\/pdfs\/BOE-A-2024-15771.pdf\" target=\"_blank\" rel=\"noopener\"><strong>Accede a la Resoluci\u00f3n con su contenido \u00edntegro desde este enlace.\u00a0<\/strong><\/a><\/p>\n<p><a href=\"https:\/\/www.emplea-te.com\/53\/oposiciones-de-administracion-general-del-estado\" target=\"_blank\" rel=\"noopener\"><strong>Inf\u00f3rmate desde aqu\u00ed de nuestros cursos de preparaci\u00f3n de oposiciones de Administraci\u00f3n General del Estado.\u00a0<\/strong><\/a><\/p>\n","protected":false},"excerpt":{"rendered":"<p>Se publica en el BOE de hoy, la Resoluci\u00f3n de 25 de julio de 2024, de la Secretar\u00eda de Estado de Funci\u00f3n P\u00fablica, por la que se publica el resultado del sorteo a que se refiere el Reglamento General de Ingreso del Personal al Servicio de la Administraci\u00f3n del Estado. Seg\u00fan el resultado de dicho &hellip; <a href=\"https:\/\/www.emplea-te.com\/noticias-oposiciones\/resultado-del-sorteo-la-letra-v-determinara-el-orden-de-actuacion-de-los-aspirantes-a-los-procesos-selectivos-de-la-age-en-2024-y-2025\/\" class=\"more-link\">Continuar leyendo<span class=\"screen-reader-text\"> \u00abResultado del sorteo. La letra V, determinar\u00e1 el orden de actuaci\u00f3n de los aspirantes a los procesos selectivos de la AGE en 2024 y 2025.\u00bb<\/span><\/a><\/p>\n","protected":false},"author":1,"featured_media":0,"comment_status":"closed","ping_status":"closed","sticky":false,"template":"","format":"standard","meta":{"footnotes":""},"categories":[47,7],"tags":[103],"class_list":["post-12896","post","type-post","status-publish","format-standard","hentry","category-administracion-general-del-estado","category-oposiciones-administracion-general-del-estado","tag-informacion-procesos-selectivos"],"yoast_head":"<!-- This site is optimized with the Yoast SEO plugin v27.5 - https:\/\/yoast.com\/product\/yoast-seo-wordpress\/ -->\n<title>La letra V determinar\u00e1 el orden de actuaci\u00f3n de los aspirantes AGE<\/title>\n<meta name=\"description\" content=\"Resultado del sorteo. La letra V, determinar\u00e1 el orden de actuaci\u00f3n de los aspirantes a los procesos selectivos de la AGE en 2024 y 2025.\" \/>\n<meta name=\"robots\" content=\"index, follow, max-snippet:-1, max-image-preview:large, max-video-preview:-1\" \/>\n<link rel=\"canonical\" href=\"https:\/\/www.emplea-te.com\/noticias-oposiciones\/resultado-del-sorteo-la-letra-v-determinara-el-orden-de-actuacion-de-los-aspirantes-a-los-procesos-selectivos-de-la-age-en-2024-y-2025\/\" \/>\n<meta property=\"og:locale\" content=\"es_ES\" \/>\n<meta property=\"og:type\" content=\"article\" \/>\n<meta property=\"og:title\" content=\"La letra V determinar\u00e1 el orden de actuaci\u00f3n de los aspirantes AGE\" \/>\n<meta property=\"og:description\" content=\"Resultado del sorteo. La letra V, determinar\u00e1 el orden de actuaci\u00f3n de los aspirantes a los procesos selectivos de la AGE en 2024 y 2025.\" \/>\n<meta property=\"og:url\" content=\"https:\/\/www.emplea-te.com\/noticias-oposiciones\/resultado-del-sorteo-la-letra-v-determinara-el-orden-de-actuacion-de-los-aspirantes-a-los-procesos-selectivos-de-la-age-en-2024-y-2025\/\" \/>\n<meta property=\"og:site_name\" content=\"Noticas de oposiciones por Academia Emplea-te\" \/>\n<meta property=\"article:publisher\" content=\"https:\/\/www.facebook.com\/AcademiaEmpleate\/\" \/>\n<meta property=\"article:published_time\" content=\"2024-07-31T08:05:12+00:00\" \/>\n<meta name=\"author\" content=\"Empleate\" \/>\n<meta name=\"twitter:card\" content=\"summary_large_image\" \/>\n<meta name=\"twitter:creator\" content=\"@Emplea_Te\" \/>\n<meta name=\"twitter:site\" content=\"@Emplea_Te\" \/>\n<meta name=\"twitter:label1\" content=\"Escrito por\" \/>\n\t<meta name=\"twitter:data1\" content=\"Empleate\" \/>\n\t<meta name=\"twitter:label2\" content=\"Tiempo de lectura\" \/>\n\t<meta name=\"twitter:data2\" content=\"1 minuto\" \/>\n<script type=\"application\/ld+json\" class=\"yoast-schema-graph\">{\"@context\":\"https:\\\/\\\/schema.org\",\"@graph\":[{\"@type\":\"Article\",\"@id\":\"https:\\\/\\\/www.emplea-te.com\\\/noticias-oposiciones\\\/resultado-del-sorteo-la-letra-v-determinara-el-orden-de-actuacion-de-los-aspirantes-a-los-procesos-selectivos-de-la-age-en-2024-y-2025\\\/#article\",\"isPartOf\":{\"@id\":\"https:\\\/\\\/www.emplea-te.com\\\/noticias-oposiciones\\\/resultado-del-sorteo-la-letra-v-determinara-el-orden-de-actuacion-de-los-aspirantes-a-los-procesos-selectivos-de-la-age-en-2024-y-2025\\\/\"},\"author\":{\"name\":\"Empleate\",\"@id\":\"https:\\\/\\\/www.emplea-te.com\\\/noticias-oposiciones\\\/#\\\/schema\\\/person\\\/d1bc587e1af2b95e9c32aba1795509a6\"},\"headline\":\"Resultado del sorteo. La letra V, determinar\u00e1 el orden de actuaci\u00f3n de los aspirantes a los procesos selectivos de la AGE en 2024 y 2025.\",\"datePublished\":\"2024-07-31T08:05:12+00:00\",\"mainEntityOfPage\":{\"@id\":\"https:\\\/\\\/www.emplea-te.com\\\/noticias-oposiciones\\\/resultado-del-sorteo-la-letra-v-determinara-el-orden-de-actuacion-de-los-aspirantes-a-los-procesos-selectivos-de-la-age-en-2024-y-2025\\\/\"},\"wordCount\":178,\"publisher\":{\"@id\":\"https:\\\/\\\/www.emplea-te.com\\\/noticias-oposiciones\\\/#organization\"},\"keywords\":[\"Informaci\u00f3n procesos selectivos\"],\"articleSection\":[\"Administraci\u00f3n General del Estado.\",\"Oposiciones Administraci\u00f3n General del Estado\"],\"inLanguage\":\"es\"},{\"@type\":\"WebPage\",\"@id\":\"https:\\\/\\\/www.emplea-te.com\\\/noticias-oposiciones\\\/resultado-del-sorteo-la-letra-v-determinara-el-orden-de-actuacion-de-los-aspirantes-a-los-procesos-selectivos-de-la-age-en-2024-y-2025\\\/\",\"url\":\"https:\\\/\\\/www.emplea-te.com\\\/noticias-oposiciones\\\/resultado-del-sorteo-la-letra-v-determinara-el-orden-de-actuacion-de-los-aspirantes-a-los-procesos-selectivos-de-la-age-en-2024-y-2025\\\/\",\"name\":\"La letra V determinar\u00e1 el orden de actuaci\u00f3n de los aspirantes AGE\",\"isPartOf\":{\"@id\":\"https:\\\/\\\/www.emplea-te.com\\\/noticias-oposiciones\\\/#website\"},\"datePublished\":\"2024-07-31T08:05:12+00:00\",\"description\":\"Resultado del sorteo. La letra V, determinar\u00e1 el orden de actuaci\u00f3n de los aspirantes a los procesos selectivos de la AGE en 2024 y 2025.\",\"breadcrumb\":{\"@id\":\"https:\\\/\\\/www.emplea-te.com\\\/noticias-oposiciones\\\/resultado-del-sorteo-la-letra-v-determinara-el-orden-de-actuacion-de-los-aspirantes-a-los-procesos-selectivos-de-la-age-en-2024-y-2025\\\/#breadcrumb\"},\"inLanguage\":\"es\",\"potentialAction\":[{\"@type\":\"ReadAction\",\"target\":[\"https:\\\/\\\/www.emplea-te.com\\\/noticias-oposiciones\\\/resultado-del-sorteo-la-letra-v-determinara-el-orden-de-actuacion-de-los-aspirantes-a-los-procesos-selectivos-de-la-age-en-2024-y-2025\\\/\"]}]},{\"@type\":\"BreadcrumbList\",\"@id\":\"https:\\\/\\\/www.emplea-te.com\\\/noticias-oposiciones\\\/resultado-del-sorteo-la-letra-v-determinara-el-orden-de-actuacion-de-los-aspirantes-a-los-procesos-selectivos-de-la-age-en-2024-y-2025\\\/#breadcrumb\",\"itemListElement\":[{\"@type\":\"ListItem\",\"position\":1,\"name\":\"Noticias Oposiciones\",\"item\":\"https:\\\/\\\/www.emplea-te.com\\\/noticias-oposiciones\\\/\"},{\"@type\":\"ListItem\",\"position\":2,\"name\":\"Oposiciones Administraci\u00f3n General del Estado\",\"item\":\"https:\\\/\\\/www.emplea-te.com\\\/noticias-oposiciones\\\/categoria\\\/oposiciones-administracion-general-del-estado\\\/\"},{\"@type\":\"ListItem\",\"position\":3,\"name\":\"Resultado del sorteo. La letra V, determinar\u00e1 el orden de actuaci\u00f3n de los aspirantes a los procesos selectivos de la AGE en 2024 y 2025.\"}]},{\"@type\":\"WebSite\",\"@id\":\"https:\\\/\\\/www.emplea-te.com\\\/noticias-oposiciones\\\/#website\",\"url\":\"https:\\\/\\\/www.emplea-te.com\\\/noticias-oposiciones\\\/\",\"name\":\"Noticas de oposiciones por Academia Emplea-te\",\"description\":\"Toda la actualidad de las ofertas y convocatorias.\",\"publisher\":{\"@id\":\"https:\\\/\\\/www.emplea-te.com\\\/noticias-oposiciones\\\/#organization\"},\"potentialAction\":[{\"@type\":\"SearchAction\",\"target\":{\"@type\":\"EntryPoint\",\"urlTemplate\":\"https:\\\/\\\/www.emplea-te.com\\\/noticias-oposiciones\\\/?s={search_term_string}\"},\"query-input\":{\"@type\":\"PropertyValueSpecification\",\"valueRequired\":true,\"valueName\":\"search_term_string\"}}],\"inLanguage\":\"es\"},{\"@type\":\"Organization\",\"@id\":\"https:\\\/\\\/www.emplea-te.com\\\/noticias-oposiciones\\\/#organization\",\"name\":\"Academia de oposiciones Empl\u00e9ate\",\"url\":\"https:\\\/\\\/www.emplea-te.com\\\/noticias-oposiciones\\\/\",\"logo\":{\"@type\":\"ImageObject\",\"inLanguage\":\"es\",\"@id\":\"https:\\\/\\\/www.emplea-te.com\\\/noticias-oposiciones\\\/#\\\/schema\\\/logo\\\/image\\\/\",\"url\":\"https:\\\/\\\/www.emplea-te.com\\\/noticias-oposiciones\\\/wp-content\\\/uploads\\\/2019\\\/04\\\/empleate.jpg\",\"contentUrl\":\"https:\\\/\\\/www.emplea-te.com\\\/noticias-oposiciones\\\/wp-content\\\/uploads\\\/2019\\\/04\\\/empleate.jpg\",\"width\":250,\"height\":150,\"caption\":\"Academia de oposiciones Empl\u00e9ate\"},\"image\":{\"@id\":\"https:\\\/\\\/www.emplea-te.com\\\/noticias-oposiciones\\\/#\\\/schema\\\/logo\\\/image\\\/\"},\"sameAs\":[\"https:\\\/\\\/www.facebook.com\\\/AcademiaEmpleate\\\/\",\"https:\\\/\\\/x.com\\\/Emplea_Te\",\"https:\\\/\\\/www.instagram.com\\\/academia_empleate\\\/\"]},{\"@type\":\"Person\",\"@id\":\"https:\\\/\\\/www.emplea-te.com\\\/noticias-oposiciones\\\/#\\\/schema\\\/person\\\/d1bc587e1af2b95e9c32aba1795509a6\",\"name\":\"Empleate\"}]}<\/script>\n<!-- \/ Yoast SEO plugin. -->","yoast_head_json":{"title":"La letra V determinar\u00e1 el orden de actuaci\u00f3n de los aspirantes AGE","description":"Resultado del sorteo. La letra V, determinar\u00e1 el orden de actuaci\u00f3n de los aspirantes a los procesos selectivos de la AGE en 2024 y 2025.","robots":{"index":"index","follow":"follow","max-snippet":"max-snippet:-1","max-image-preview":"max-image-preview:large","max-video-preview":"max-video-preview:-1"},"canonical":"https:\/\/www.emplea-te.com\/noticias-oposiciones\/resultado-del-sorteo-la-letra-v-determinara-el-orden-de-actuacion-de-los-aspirantes-a-los-procesos-selectivos-de-la-age-en-2024-y-2025\/","og_locale":"es_ES","og_type":"article","og_title":"La letra V determinar\u00e1 el orden de actuaci\u00f3n de los aspirantes AGE","og_description":"Resultado del sorteo. La letra V, determinar\u00e1 el orden de actuaci\u00f3n de los aspirantes a los procesos selectivos de la AGE en 2024 y 2025.","og_url":"https:\/\/www.emplea-te.com\/noticias-oposiciones\/resultado-del-sorteo-la-letra-v-determinara-el-orden-de-actuacion-de-los-aspirantes-a-los-procesos-selectivos-de-la-age-en-2024-y-2025\/","og_site_name":"Noticas de oposiciones por Academia Emplea-te","article_publisher":"https:\/\/www.facebook.com\/AcademiaEmpleate\/","article_published_time":"2024-07-31T08:05:12+00:00","author":"Empleate","twitter_card":"summary_large_image","twitter_creator":"@Emplea_Te","twitter_site":"@Emplea_Te","twitter_misc":{"Escrito por":"Empleate","Tiempo de lectura":"1 minuto"},"schema":{"@context":"https:\/\/schema.org","@graph":[{"@type":"Article","@id":"https:\/\/www.emplea-te.com\/noticias-oposiciones\/resultado-del-sorteo-la-letra-v-determinara-el-orden-de-actuacion-de-los-aspirantes-a-los-procesos-selectivos-de-la-age-en-2024-y-2025\/#article","isPartOf":{"@id":"https:\/\/www.emplea-te.com\/noticias-oposiciones\/resultado-del-sorteo-la-letra-v-determinara-el-orden-de-actuacion-de-los-aspirantes-a-los-procesos-selectivos-de-la-age-en-2024-y-2025\/"},"author":{"name":"Empleate","@id":"https:\/\/www.emplea-te.com\/noticias-oposiciones\/#\/schema\/person\/d1bc587e1af2b95e9c32aba1795509a6"},"headline":"Resultado del sorteo. La letra V, determinar\u00e1 el orden de actuaci\u00f3n de los aspirantes a los procesos selectivos de la AGE en 2024 y 2025.","datePublished":"2024-07-31T08:05:12+00:00","mainEntityOfPage":{"@id":"https:\/\/www.emplea-te.com\/noticias-oposiciones\/resultado-del-sorteo-la-letra-v-determinara-el-orden-de-actuacion-de-los-aspirantes-a-los-procesos-selectivos-de-la-age-en-2024-y-2025\/"},"wordCount":178,"publisher":{"@id":"https:\/\/www.emplea-te.com\/noticias-oposiciones\/#organization"},"keywords":["Informaci\u00f3n procesos selectivos"],"articleSection":["Administraci\u00f3n General del Estado.","Oposiciones Administraci\u00f3n General del Estado"],"inLanguage":"es"},{"@type":"WebPage","@id":"https:\/\/www.emplea-te.com\/noticias-oposiciones\/resultado-del-sorteo-la-letra-v-determinara-el-orden-de-actuacion-de-los-aspirantes-a-los-procesos-selectivos-de-la-age-en-2024-y-2025\/","url":"https:\/\/www.emplea-te.com\/noticias-oposiciones\/resultado-del-sorteo-la-letra-v-determinara-el-orden-de-actuacion-de-los-aspirantes-a-los-procesos-selectivos-de-la-age-en-2024-y-2025\/","name":"La letra V determinar\u00e1 el orden de actuaci\u00f3n de los aspirantes AGE","isPartOf":{"@id":"https:\/\/www.emplea-te.com\/noticias-oposiciones\/#website"},"datePublished":"2024-07-31T08:05:12+00:00","description":"Resultado del sorteo. La letra V, determinar\u00e1 el orden de actuaci\u00f3n de los aspirantes a los procesos selectivos de la AGE en 2024 y 2025.","breadcrumb":{"@id":"https:\/\/www.emplea-te.com\/noticias-oposiciones\/resultado-del-sorteo-la-letra-v-determinara-el-orden-de-actuacion-de-los-aspirantes-a-los-procesos-selectivos-de-la-age-en-2024-y-2025\/#breadcrumb"},"inLanguage":"es","potentialAction":[{"@type":"ReadAction","target":["https:\/\/www.emplea-te.com\/noticias-oposiciones\/resultado-del-sorteo-la-letra-v-determinara-el-orden-de-actuacion-de-los-aspirantes-a-los-procesos-selectivos-de-la-age-en-2024-y-2025\/"]}]},{"@type":"BreadcrumbList","@id":"https:\/\/www.emplea-te.com\/noticias-oposiciones\/resultado-del-sorteo-la-letra-v-determinara-el-orden-de-actuacion-de-los-aspirantes-a-los-procesos-selectivos-de-la-age-en-2024-y-2025\/#breadcrumb","itemListElement":[{"@type":"ListItem","position":1,"name":"Noticias Oposiciones","item":"https:\/\/www.emplea-te.com\/noticias-oposiciones\/"},{"@type":"ListItem","position":2,"name":"Oposiciones Administraci\u00f3n General del Estado","item":"https:\/\/www.emplea-te.com\/noticias-oposiciones\/categoria\/oposiciones-administracion-general-del-estado\/"},{"@type":"ListItem","position":3,"name":"Resultado del sorteo. La letra V, determinar\u00e1 el orden de actuaci\u00f3n de los aspirantes a los procesos selectivos de la AGE en 2024 y 2025."}]},{"@type":"WebSite","@id":"https:\/\/www.emplea-te.com\/noticias-oposiciones\/#website","url":"https:\/\/www.emplea-te.com\/noticias-oposiciones\/","name":"Noticas de oposiciones por Academia Emplea-te","description":"Toda la actualidad de las ofertas y convocatorias.","publisher":{"@id":"https:\/\/www.emplea-te.com\/noticias-oposiciones\/#organization"},"potentialAction":[{"@type":"SearchAction","target":{"@type":"EntryPoint","urlTemplate":"https:\/\/www.emplea-te.com\/noticias-oposiciones\/?s={search_term_string}"},"query-input":{"@type":"PropertyValueSpecification","valueRequired":true,"valueName":"search_term_string"}}],"inLanguage":"es"},{"@type":"Organization","@id":"https:\/\/www.emplea-te.com\/noticias-oposiciones\/#organization","name":"Academia de oposiciones Empl\u00e9ate","url":"https:\/\/www.emplea-te.com\/noticias-oposiciones\/","logo":{"@type":"ImageObject","inLanguage":"es","@id":"https:\/\/www.emplea-te.com\/noticias-oposiciones\/#\/schema\/logo\/image\/","url":"https:\/\/www.emplea-te.com\/noticias-oposiciones\/wp-content\/uploads\/2019\/04\/empleate.jpg","contentUrl":"https:\/\/www.emplea-te.com\/noticias-oposiciones\/wp-content\/uploads\/2019\/04\/empleate.jpg","width":250,"height":150,"caption":"Academia de oposiciones Empl\u00e9ate"},"image":{"@id":"https:\/\/www.emplea-te.com\/noticias-oposiciones\/#\/schema\/logo\/image\/"},"sameAs":["https:\/\/www.facebook.com\/AcademiaEmpleate\/","https:\/\/x.com\/Emplea_Te","https:\/\/www.instagram.com\/academia_empleate\/"]},{"@type":"Person","@id":"https:\/\/www.emplea-te.com\/noticias-oposiciones\/#\/schema\/person\/d1bc587e1af2b95e9c32aba1795509a6","name":"Empleate"}]}},"_links":{"self":[{"href":"https:\/\/www.emplea-te.com\/noticias-oposiciones\/wp-json\/wp\/v2\/posts\/12896","targetHints":{"allow":["GET"]}}],"collection":[{"href":"https:\/\/www.emplea-te.com\/noticias-oposiciones\/wp-json\/wp\/v2\/posts"}],"about":[{"href":"https:\/\/www.emplea-te.com\/noticias-oposiciones\/wp-json\/wp\/v2\/types\/post"}],"author":[{"embeddable":true,"href":"https:\/\/www.emplea-te.com\/noticias-oposiciones\/wp-json\/wp\/v2\/users\/1"}],"replies":[{"embeddable":true,"href":"https:\/\/www.emplea-te.com\/noticias-oposiciones\/wp-json\/wp\/v2\/comments?post=12896"}],"version-history":[{"count":1,"href":"https:\/\/www.emplea-te.com\/noticias-oposiciones\/wp-json\/wp\/v2\/posts\/12896\/revisions"}],"predecessor-version":[{"id":12897,"href":"https:\/\/www.emplea-te.com\/noticias-oposiciones\/wp-json\/wp\/v2\/posts\/12896\/revisions\/12897"}],"wp:attachment":[{"href":"https:\/\/www.emplea-te.com\/noticias-oposiciones\/wp-json\/wp\/v2\/media?parent=12896"}],"wp:term":[{"taxonomy":"category","embeddable":true,"href":"https:\/\/www.emplea-te.com\/noticias-oposiciones\/wp-json\/wp\/v2\/categories?post=12896"},{"taxonomy":"post_tag","embeddable":true,"href":"https:\/\/www.emplea-te.com\/noticias-oposiciones\/wp-json\/wp\/v2\/tags?post=12896"}],"curies":[{"name":"wp","href":"https:\/\/api.w.org\/{rel}","templated":true}]}}