{"id":1291,"date":"2018-12-28T00:00:00","date_gmt":"2018-12-27T23:00:00","guid":{"rendered":"https:\/\/www.emplea-te.com\/noticias-oposiciones\/modificacion-y-ampliacion-oferta-empleo-publico-2018-concello-de-a-coruna\/"},"modified":"2018-12-28T00:00:00","modified_gmt":"2018-12-27T23:00:00","slug":"modificacion-y-ampliacion-oferta-empleo-publico-2018-concello-de-a-coruna","status":"publish","type":"post","link":"https:\/\/www.emplea-te.com\/noticias-oposiciones\/modificacion-y-ampliacion-oferta-empleo-publico-2018-concello-de-a-coruna\/","title":{"rendered":"Modificaci\u00f3n Y Ampliaci\u00f3n&nbsp;Oferta Empleo P\u00fablico 2018 Concello de A Coru\u00f1a.<br>"},"content":{"rendered":"<p>Se publica en el&nbsp;BOP n\u00famero 247 de fecha 28 de Diciembre de 2018 la modificaci\u00f3n de la Oferta de Empleo P\u00fablico del Concello de A Coru\u00f1a.<\/p>\n<p>En&nbsp;sesi\u00f3n celebrada el 21 de diciembre de 2018, la Junta de Gobiernos Locales adopt\u00f3 el siguiente acuerdo:<\/p>\n<p>&nbsp;Primero.- <\/p>\n<p>Modificar &nbsp;la Oferta de Empleo P\u00fablico para el a\u00f1o 2018, aprobada por la Junta de Acuerdos de Gobiernos Locales con fecha 07\/13\/2018 ( publicado en&nbsp;&nbsp; BOP&nbsp;&nbsp; No. 139 con fecha 07\/23\/2018), en el que respeta la exclusi\u00f3n de los cargos de funcionario en el turno libre indicado en la secci\u00f3n de Notas a la descripci\u00f3n de la ejecuci\u00f3n de la sentencia, por ejemplo: Incluirse dentro de los lugares ofertados en el extraordinario proceso de estabilizaci\u00f3n.<\/p>\n<\/p>\n<p>Segundo<\/p>\n<p>.- Ampliar la Oferta de Empleo P\u00fablico para el a\u00f1o 2018, para la inclusi\u00f3n de la&nbsp;&nbsp; tasa adicional derivada del proceso extraordinario de estabilizaci\u00f3n mediante la aplicaci\u00f3n de las disposiciones del art\u00edculo 19.un.9 de la Ley 6\/2018, de Presupuestos Generales del Estado. Para el a\u00f1o 2018, que consiste en la expansi\u00f3n del t\u00e9, se ofrece mediante un proceso extraordinario de estabilizaci\u00f3n en el que se recolectan los asientos incluidos en la siguiente tabla, que est\u00e1n relacionados con los trabajos realizados por personal temporal e incluidos En los sectores de actividad establecidos en el citado art\u00edculo 19.uno.9.<\/p>\n<p>Enlace a resoluci\u00f3n <\/p>\n<p>Destacamos: <\/p>\n<p>5 plazas acceso libre C2 Auxiliar Administrativo<\/p>\n<p>16 plazas estabilizaci\u00f3n C2 Auxiliar Administrativo<\/p>\n<p>5 plazas estabilizaci\u00f3n&nbsp; C2 Auxiliar de Biblioteca <\/p>\n<p><a href=\"https:\/\/www.emplea-te.com\/46-auxiliar-administrativo-concello-da-coru%C3%91a\" target=\"_blank\" rel=\"nofollow noopener noreferrer\"><span class=\"wysiwyg-color-green\">Prepara las oposiciones de Auxiliar Administrativo para el Concello de A Coru\u00f1a en nuestros grupos presenciales<\/span><\/a><\/p>\n<p><a href=\"https:\/\/www.emplea-te.com\/37\/oposiciones-de-auxiliar-de-biblioteca\" target=\"_blank\" rel=\"nofollow noopener noreferrer\"><span class=\"wysiwyg-color-green\">Prepara las oposiciones de Auxiliar de Biblioteca para el Concello de A Coru\u00f1a en nuestros grupos presenciales. <\/span><\/a><\/p>\n<p><\/p>\n","protected":false},"excerpt":{"rendered":"<p>Se publica en el&nbsp;BOP n\u00famero 247 de fecha 28 de Diciembre de 2018 la modificaci\u00f3n de la Oferta de Empleo P\u00fablico del Concello de A Coru\u00f1a. En&nbsp;sesi\u00f3n celebrada el 21 de diciembre de 2018, la Junta de Gobiernos Locales adopt\u00f3 el siguiente acuerdo: &nbsp;Primero.- Modificar &nbsp;la Oferta de Empleo P\u00fablico para el a\u00f1o 2018, aprobada &hellip; <a href=\"https:\/\/www.emplea-te.com\/noticias-oposiciones\/modificacion-y-ampliacion-oferta-empleo-publico-2018-concello-de-a-coruna\/\" class=\"more-link\">Continuar leyendo<span class=\"screen-reader-text\"> \u00abModificaci\u00f3n Y Ampliaci\u00f3n&nbsp;Oferta Empleo P\u00fablico 2018 Concello de A Coru\u00f1a.<br \/>\u00ab<\/span><\/a><\/p>\n","protected":false},"author":1,"featured_media":0,"comment_status":"open","ping_status":"open","sticky":false,"template":"","format":"standard","meta":{"footnotes":""},"categories":[],"tags":[],"class_list":["post-1291","post","type-post","status-publish","format-standard","hentry"],"yoast_head":"<!-- This site is optimized with the Yoast SEO plugin v27.3 - https:\/\/yoast.com\/product\/yoast-seo-wordpress\/ -->\n<title>Modificaci\u00f3n Y Ampliaci\u00f3n&nbsp;Oferta Empleo P\u00fablico 2018 Concello de A Coru\u00f1a. - Noticas de oposiciones por Academia Emplea-te<\/title>\n<meta name=\"description\" content=\"Se publica en el DOG n\u00famero 247 de fecha 28 de Diciembre de 2018 la modificaci\u00f3n de la Oferta de Empleo P\u00fablico del Concello de A Coru\u00f1a. Enlace a resoluci\u00f3n.\" \/>\n<meta name=\"robots\" content=\"index, follow, max-snippet:-1, max-image-preview:large, max-video-preview:-1\" \/>\n<link rel=\"canonical\" href=\"https:\/\/www.emplea-te.com\/noticias-oposiciones\/modificacion-y-ampliacion-oferta-empleo-publico-2018-concello-de-a-coruna\/\" \/>\n<meta property=\"og:locale\" content=\"es_ES\" \/>\n<meta property=\"og:type\" content=\"article\" \/>\n<meta property=\"og:title\" content=\"Modificaci\u00f3n Y Ampliaci\u00f3n&nbsp;Oferta Empleo P\u00fablico 2018 Concello de A Coru\u00f1a. - Noticas de oposiciones por Academia Emplea-te\" \/>\n<meta property=\"og:description\" content=\"Se publica en el DOG n\u00famero 247 de fecha 28 de Diciembre de 2018 la modificaci\u00f3n de la Oferta de Empleo P\u00fablico del Concello de A Coru\u00f1a. Enlace a resoluci\u00f3n.\" \/>\n<meta property=\"og:url\" content=\"https:\/\/www.emplea-te.com\/noticias-oposiciones\/modificacion-y-ampliacion-oferta-empleo-publico-2018-concello-de-a-coruna\/\" \/>\n<meta property=\"og:site_name\" content=\"Noticas de oposiciones por Academia Emplea-te\" \/>\n<meta property=\"article:publisher\" content=\"https:\/\/www.facebook.com\/AcademiaEmpleate\/\" \/>\n<meta property=\"article:published_time\" content=\"2018-12-27T23:00:00+00:00\" \/>\n<meta name=\"author\" content=\"Empleate\" \/>\n<meta name=\"twitter:card\" content=\"summary_large_image\" \/>\n<meta name=\"twitter:creator\" content=\"@Emplea_Te\" \/>\n<meta name=\"twitter:site\" content=\"@Emplea_Te\" \/>\n<meta name=\"twitter:label1\" content=\"Escrito por\" \/>\n\t<meta name=\"twitter:data1\" content=\"Empleate\" \/>\n\t<meta name=\"twitter:label2\" content=\"Tiempo de lectura\" \/>\n\t<meta name=\"twitter:data2\" content=\"1 minuto\" \/>\n<script type=\"application\/ld+json\" class=\"yoast-schema-graph\">{\"@context\":\"https:\\\/\\\/schema.org\",\"@graph\":[{\"@type\":\"Article\",\"@id\":\"https:\\\/\\\/www.emplea-te.com\\\/noticias-oposiciones\\\/modificacion-y-ampliacion-oferta-empleo-publico-2018-concello-de-a-coruna\\\/#article\",\"isPartOf\":{\"@id\":\"https:\\\/\\\/www.emplea-te.com\\\/noticias-oposiciones\\\/modificacion-y-ampliacion-oferta-empleo-publico-2018-concello-de-a-coruna\\\/\"},\"author\":{\"name\":\"Empleate\",\"@id\":\"https:\\\/\\\/www.emplea-te.com\\\/noticias-oposiciones\\\/#\\\/schema\\\/person\\\/d1bc587e1af2b95e9c32aba1795509a6\"},\"headline\":\"Modificaci\u00f3n Y Ampliaci\u00f3n&nbsp;Oferta Empleo P\u00fablico 2018 Concello de A Coru\u00f1a.\",\"datePublished\":\"2018-12-27T23:00:00+00:00\",\"mainEntityOfPage\":{\"@id\":\"https:\\\/\\\/www.emplea-te.com\\\/noticias-oposiciones\\\/modificacion-y-ampliacion-oferta-empleo-publico-2018-concello-de-a-coruna\\\/\"},\"wordCount\":314,\"commentCount\":0,\"publisher\":{\"@id\":\"https:\\\/\\\/www.emplea-te.com\\\/noticias-oposiciones\\\/#organization\"},\"inLanguage\":\"es\",\"potentialAction\":[{\"@type\":\"CommentAction\",\"name\":\"Comment\",\"target\":[\"https:\\\/\\\/www.emplea-te.com\\\/noticias-oposiciones\\\/modificacion-y-ampliacion-oferta-empleo-publico-2018-concello-de-a-coruna\\\/#respond\"]}]},{\"@type\":\"WebPage\",\"@id\":\"https:\\\/\\\/www.emplea-te.com\\\/noticias-oposiciones\\\/modificacion-y-ampliacion-oferta-empleo-publico-2018-concello-de-a-coruna\\\/\",\"url\":\"https:\\\/\\\/www.emplea-te.com\\\/noticias-oposiciones\\\/modificacion-y-ampliacion-oferta-empleo-publico-2018-concello-de-a-coruna\\\/\",\"name\":\"Modificaci\u00f3n Y Ampliaci\u00f3n&nbsp;Oferta Empleo P\u00fablico 2018 Concello de A Coru\u00f1a. - Noticas de oposiciones por Academia Emplea-te\",\"isPartOf\":{\"@id\":\"https:\\\/\\\/www.emplea-te.com\\\/noticias-oposiciones\\\/#website\"},\"datePublished\":\"2018-12-27T23:00:00+00:00\",\"description\":\"Se publica en el DOG n\u00famero 247 de fecha 28 de Diciembre de 2018 la modificaci\u00f3n de la Oferta de Empleo P\u00fablico del Concello de A Coru\u00f1a. Enlace a resoluci\u00f3n.\",\"breadcrumb\":{\"@id\":\"https:\\\/\\\/www.emplea-te.com\\\/noticias-oposiciones\\\/modificacion-y-ampliacion-oferta-empleo-publico-2018-concello-de-a-coruna\\\/#breadcrumb\"},\"inLanguage\":\"es\",\"potentialAction\":[{\"@type\":\"ReadAction\",\"target\":[\"https:\\\/\\\/www.emplea-te.com\\\/noticias-oposiciones\\\/modificacion-y-ampliacion-oferta-empleo-publico-2018-concello-de-a-coruna\\\/\"]}]},{\"@type\":\"BreadcrumbList\",\"@id\":\"https:\\\/\\\/www.emplea-te.com\\\/noticias-oposiciones\\\/modificacion-y-ampliacion-oferta-empleo-publico-2018-concello-de-a-coruna\\\/#breadcrumb\",\"itemListElement\":[{\"@type\":\"ListItem\",\"position\":1,\"name\":\"Noticias Oposiciones\",\"item\":\"https:\\\/\\\/www.emplea-te.com\\\/noticias-oposiciones\\\/\"},{\"@type\":\"ListItem\",\"position\":2,\"name\":\"Modificaci\u00f3n Y Ampliaci\u00f3n&nbsp;Oferta Empleo P\u00fablico 2018 Concello de A Coru\u00f1a.\"}]},{\"@type\":\"WebSite\",\"@id\":\"https:\\\/\\\/www.emplea-te.com\\\/noticias-oposiciones\\\/#website\",\"url\":\"https:\\\/\\\/www.emplea-te.com\\\/noticias-oposiciones\\\/\",\"name\":\"Noticas de oposiciones por Academia Emplea-te\",\"description\":\"Toda la actualidad de las ofertas y convocatorias.\",\"publisher\":{\"@id\":\"https:\\\/\\\/www.emplea-te.com\\\/noticias-oposiciones\\\/#organization\"},\"potentialAction\":[{\"@type\":\"SearchAction\",\"target\":{\"@type\":\"EntryPoint\",\"urlTemplate\":\"https:\\\/\\\/www.emplea-te.com\\\/noticias-oposiciones\\\/?s={search_term_string}\"},\"query-input\":{\"@type\":\"PropertyValueSpecification\",\"valueRequired\":true,\"valueName\":\"search_term_string\"}}],\"inLanguage\":\"es\"},{\"@type\":\"Organization\",\"@id\":\"https:\\\/\\\/www.emplea-te.com\\\/noticias-oposiciones\\\/#organization\",\"name\":\"Academia de oposiciones Empl\u00e9ate\",\"url\":\"https:\\\/\\\/www.emplea-te.com\\\/noticias-oposiciones\\\/\",\"logo\":{\"@type\":\"ImageObject\",\"inLanguage\":\"es\",\"@id\":\"https:\\\/\\\/www.emplea-te.com\\\/noticias-oposiciones\\\/#\\\/schema\\\/logo\\\/image\\\/\",\"url\":\"https:\\\/\\\/www.emplea-te.com\\\/noticias-oposiciones\\\/wp-content\\\/uploads\\\/2019\\\/04\\\/empleate.jpg\",\"contentUrl\":\"https:\\\/\\\/www.emplea-te.com\\\/noticias-oposiciones\\\/wp-content\\\/uploads\\\/2019\\\/04\\\/empleate.jpg\",\"width\":250,\"height\":150,\"caption\":\"Academia de oposiciones Empl\u00e9ate\"},\"image\":{\"@id\":\"https:\\\/\\\/www.emplea-te.com\\\/noticias-oposiciones\\\/#\\\/schema\\\/logo\\\/image\\\/\"},\"sameAs\":[\"https:\\\/\\\/www.facebook.com\\\/AcademiaEmpleate\\\/\",\"https:\\\/\\\/x.com\\\/Emplea_Te\",\"https:\\\/\\\/www.instagram.com\\\/academia_empleate\\\/\"]},{\"@type\":\"Person\",\"@id\":\"https:\\\/\\\/www.emplea-te.com\\\/noticias-oposiciones\\\/#\\\/schema\\\/person\\\/d1bc587e1af2b95e9c32aba1795509a6\",\"name\":\"Empleate\"}]}<\/script>\n<!-- \/ Yoast SEO plugin. -->","yoast_head_json":{"title":"Modificaci\u00f3n Y Ampliaci\u00f3n&nbsp;Oferta Empleo P\u00fablico 2018 Concello de A Coru\u00f1a. - Noticas de oposiciones por Academia Emplea-te","description":"Se publica en el DOG n\u00famero 247 de fecha 28 de Diciembre de 2018 la modificaci\u00f3n de la Oferta de Empleo P\u00fablico del Concello de A Coru\u00f1a. Enlace a resoluci\u00f3n.","robots":{"index":"index","follow":"follow","max-snippet":"max-snippet:-1","max-image-preview":"max-image-preview:large","max-video-preview":"max-video-preview:-1"},"canonical":"https:\/\/www.emplea-te.com\/noticias-oposiciones\/modificacion-y-ampliacion-oferta-empleo-publico-2018-concello-de-a-coruna\/","og_locale":"es_ES","og_type":"article","og_title":"Modificaci\u00f3n Y Ampliaci\u00f3n&nbsp;Oferta Empleo P\u00fablico 2018 Concello de A Coru\u00f1a. - Noticas de oposiciones por Academia Emplea-te","og_description":"Se publica en el DOG n\u00famero 247 de fecha 28 de Diciembre de 2018 la modificaci\u00f3n de la Oferta de Empleo P\u00fablico del Concello de A Coru\u00f1a. Enlace a resoluci\u00f3n.","og_url":"https:\/\/www.emplea-te.com\/noticias-oposiciones\/modificacion-y-ampliacion-oferta-empleo-publico-2018-concello-de-a-coruna\/","og_site_name":"Noticas de oposiciones por Academia Emplea-te","article_publisher":"https:\/\/www.facebook.com\/AcademiaEmpleate\/","article_published_time":"2018-12-27T23:00:00+00:00","author":"Empleate","twitter_card":"summary_large_image","twitter_creator":"@Emplea_Te","twitter_site":"@Emplea_Te","twitter_misc":{"Escrito por":"Empleate","Tiempo de lectura":"1 minuto"},"schema":{"@context":"https:\/\/schema.org","@graph":[{"@type":"Article","@id":"https:\/\/www.emplea-te.com\/noticias-oposiciones\/modificacion-y-ampliacion-oferta-empleo-publico-2018-concello-de-a-coruna\/#article","isPartOf":{"@id":"https:\/\/www.emplea-te.com\/noticias-oposiciones\/modificacion-y-ampliacion-oferta-empleo-publico-2018-concello-de-a-coruna\/"},"author":{"name":"Empleate","@id":"https:\/\/www.emplea-te.com\/noticias-oposiciones\/#\/schema\/person\/d1bc587e1af2b95e9c32aba1795509a6"},"headline":"Modificaci\u00f3n Y Ampliaci\u00f3n&nbsp;Oferta Empleo P\u00fablico 2018 Concello de A Coru\u00f1a.","datePublished":"2018-12-27T23:00:00+00:00","mainEntityOfPage":{"@id":"https:\/\/www.emplea-te.com\/noticias-oposiciones\/modificacion-y-ampliacion-oferta-empleo-publico-2018-concello-de-a-coruna\/"},"wordCount":314,"commentCount":0,"publisher":{"@id":"https:\/\/www.emplea-te.com\/noticias-oposiciones\/#organization"},"inLanguage":"es","potentialAction":[{"@type":"CommentAction","name":"Comment","target":["https:\/\/www.emplea-te.com\/noticias-oposiciones\/modificacion-y-ampliacion-oferta-empleo-publico-2018-concello-de-a-coruna\/#respond"]}]},{"@type":"WebPage","@id":"https:\/\/www.emplea-te.com\/noticias-oposiciones\/modificacion-y-ampliacion-oferta-empleo-publico-2018-concello-de-a-coruna\/","url":"https:\/\/www.emplea-te.com\/noticias-oposiciones\/modificacion-y-ampliacion-oferta-empleo-publico-2018-concello-de-a-coruna\/","name":"Modificaci\u00f3n Y Ampliaci\u00f3n&nbsp;Oferta Empleo P\u00fablico 2018 Concello de A Coru\u00f1a. - Noticas de oposiciones por Academia Emplea-te","isPartOf":{"@id":"https:\/\/www.emplea-te.com\/noticias-oposiciones\/#website"},"datePublished":"2018-12-27T23:00:00+00:00","description":"Se publica en el DOG n\u00famero 247 de fecha 28 de Diciembre de 2018 la modificaci\u00f3n de la Oferta de Empleo P\u00fablico del Concello de A Coru\u00f1a. Enlace a resoluci\u00f3n.","breadcrumb":{"@id":"https:\/\/www.emplea-te.com\/noticias-oposiciones\/modificacion-y-ampliacion-oferta-empleo-publico-2018-concello-de-a-coruna\/#breadcrumb"},"inLanguage":"es","potentialAction":[{"@type":"ReadAction","target":["https:\/\/www.emplea-te.com\/noticias-oposiciones\/modificacion-y-ampliacion-oferta-empleo-publico-2018-concello-de-a-coruna\/"]}]},{"@type":"BreadcrumbList","@id":"https:\/\/www.emplea-te.com\/noticias-oposiciones\/modificacion-y-ampliacion-oferta-empleo-publico-2018-concello-de-a-coruna\/#breadcrumb","itemListElement":[{"@type":"ListItem","position":1,"name":"Noticias Oposiciones","item":"https:\/\/www.emplea-te.com\/noticias-oposiciones\/"},{"@type":"ListItem","position":2,"name":"Modificaci\u00f3n Y Ampliaci\u00f3n&nbsp;Oferta Empleo P\u00fablico 2018 Concello de A Coru\u00f1a."}]},{"@type":"WebSite","@id":"https:\/\/www.emplea-te.com\/noticias-oposiciones\/#website","url":"https:\/\/www.emplea-te.com\/noticias-oposiciones\/","name":"Noticas de oposiciones por Academia Emplea-te","description":"Toda la actualidad de las ofertas y convocatorias.","publisher":{"@id":"https:\/\/www.emplea-te.com\/noticias-oposiciones\/#organization"},"potentialAction":[{"@type":"SearchAction","target":{"@type":"EntryPoint","urlTemplate":"https:\/\/www.emplea-te.com\/noticias-oposiciones\/?s={search_term_string}"},"query-input":{"@type":"PropertyValueSpecification","valueRequired":true,"valueName":"search_term_string"}}],"inLanguage":"es"},{"@type":"Organization","@id":"https:\/\/www.emplea-te.com\/noticias-oposiciones\/#organization","name":"Academia de oposiciones Empl\u00e9ate","url":"https:\/\/www.emplea-te.com\/noticias-oposiciones\/","logo":{"@type":"ImageObject","inLanguage":"es","@id":"https:\/\/www.emplea-te.com\/noticias-oposiciones\/#\/schema\/logo\/image\/","url":"https:\/\/www.emplea-te.com\/noticias-oposiciones\/wp-content\/uploads\/2019\/04\/empleate.jpg","contentUrl":"https:\/\/www.emplea-te.com\/noticias-oposiciones\/wp-content\/uploads\/2019\/04\/empleate.jpg","width":250,"height":150,"caption":"Academia de oposiciones Empl\u00e9ate"},"image":{"@id":"https:\/\/www.emplea-te.com\/noticias-oposiciones\/#\/schema\/logo\/image\/"},"sameAs":["https:\/\/www.facebook.com\/AcademiaEmpleate\/","https:\/\/x.com\/Emplea_Te","https:\/\/www.instagram.com\/academia_empleate\/"]},{"@type":"Person","@id":"https:\/\/www.emplea-te.com\/noticias-oposiciones\/#\/schema\/person\/d1bc587e1af2b95e9c32aba1795509a6","name":"Empleate"}]}},"_links":{"self":[{"href":"https:\/\/www.emplea-te.com\/noticias-oposiciones\/wp-json\/wp\/v2\/posts\/1291","targetHints":{"allow":["GET"]}}],"collection":[{"href":"https:\/\/www.emplea-te.com\/noticias-oposiciones\/wp-json\/wp\/v2\/posts"}],"about":[{"href":"https:\/\/www.emplea-te.com\/noticias-oposiciones\/wp-json\/wp\/v2\/types\/post"}],"author":[{"embeddable":true,"href":"https:\/\/www.emplea-te.com\/noticias-oposiciones\/wp-json\/wp\/v2\/users\/1"}],"replies":[{"embeddable":true,"href":"https:\/\/www.emplea-te.com\/noticias-oposiciones\/wp-json\/wp\/v2\/comments?post=1291"}],"version-history":[{"count":0,"href":"https:\/\/www.emplea-te.com\/noticias-oposiciones\/wp-json\/wp\/v2\/posts\/1291\/revisions"}],"wp:attachment":[{"href":"https:\/\/www.emplea-te.com\/noticias-oposiciones\/wp-json\/wp\/v2\/media?parent=1291"}],"wp:term":[{"taxonomy":"category","embeddable":true,"href":"https:\/\/www.emplea-te.com\/noticias-oposiciones\/wp-json\/wp\/v2\/categories?post=1291"},{"taxonomy":"post_tag","embeddable":true,"href":"https:\/\/www.emplea-te.com\/noticias-oposiciones\/wp-json\/wp\/v2\/tags?post=1291"}],"curies":[{"name":"wp","href":"https:\/\/api.w.org\/{rel}","templated":true}]}}