{"id":12912,"date":"2024-08-02T09:52:12","date_gmt":"2024-08-02T07:52:12","guid":{"rendered":"https:\/\/www.emplea-te.com\/noticias-oposiciones\/?p=12912"},"modified":"2024-08-02T09:52:12","modified_gmt":"2024-08-02T07:52:12","slug":"udc-convocatoria-de-20-plazas-de-administrativo-c1-y-de-3-plazas-de-administrativo-c1-con-requisito-de-idioma-correccion-temario","status":"publish","type":"post","link":"https:\/\/www.emplea-te.com\/noticias-oposiciones\/udc-convocatoria-de-20-plazas-de-administrativo-c1-y-de-3-plazas-de-administrativo-c1-con-requisito-de-idioma-correccion-temario\/","title":{"rendered":"UDC. Convocatoria de 20 plazas de Administrativo C1  y de 3 plazas de Administrativo C1 con requisito de idioma. Correcci\u00f3n temario."},"content":{"rendered":"<p>Se publican en el DOG de hoy, d\u00eda 2 de agosto de 2024,\u00a0 las\u00a0Resoluciones de 24 de julio de 2024 por la que se corrige un error en la Resoluci\u00f3n de 30 de mayo de 2024 por la que se convoca el proceso selectivo para la provisi\u00f3n de veinte plazas vacantes en la relaci\u00f3n de puestos de trabajo de personal t\u00e9cnico de gesti\u00f3n y de administraci\u00f3n y servicios, funcionario de la escala general administrativa (Diario Oficial de Galicia n\u00famero 111, de 10 de junio)<br \/>\ny de\u00a0la Resoluci\u00f3n de 30 de mayo de 2024 por la que se convoca el proceso selectivo para la provisi\u00f3n\u00a0 tres plazas vacantes en la relaci\u00f3n de puestos de trabajo de personal t\u00e9cnico de gesti\u00f3n y de administraci\u00f3n y servicios, funcionario de la escala general administrativa, con requisito de idioma (Diario Oficial de Galicia n\u00famero 111, de 10 de junio).<\/p>\n<p><strong>Correcciones referentes a ambos procesos selectivos:<\/strong><\/p>\n<p><strong>En el anexo II, temario, tema 25.<\/strong><\/p>\n<p><strong>Donde dice:<\/strong><\/p>\n<p>\u00abReal decreto legislativo 8\/2015, de 30 de octubre, por el que se aprueba el texto refundido de la Ley general de la seguridad social: t\u00edtulo I: cap\u00edtulo II: Campo de aplicaci\u00f3n y estructura del sistema de la Seguridad Social; cap\u00edtulo III: secci\u00f3n 1\u00aa: Afiliaci\u00f3n al sistema de altas, bajas y variaciones de datos en los reg\u00edmenes que lo integran; secci\u00f3n 2\u00aa: Cotizaci\u00f3n a la Seguridad Social y por conceptos de recaudaci\u00f3n conjunta; y cap\u00edtulo IV: Acci\u00f3n protectora (art\u00edculos 156 y 157)\u00bb.<\/p>\n<p><strong>Debe decir:<\/strong><\/p>\n<p>\u00abReal decreto legislativo 8\/2015, de 30 de octubre, por el que se aprueba el texto refundido de la Ley general de la seguridad social: t\u00edtulo I: cap\u00edtulo II: Campo de aplicaci\u00f3n y estructura del sistema de la Seguridad Social; cap\u00edtulo III: secci\u00f3n 1\u00aa: Afiliaci\u00f3n al sistema de altas, bajas y variaciones de datos en los reg\u00edmenes que lo integran; secci\u00f3n 2\u00aa: Cotizaci\u00f3n a la Seguridad Social y por conceptos de recaudaci\u00f3n conjunta; y t\u00edtulo II: cap\u00edtulo III: Aspectos comunes de la acci\u00f3n protectora (art\u00edculos 156 y 157).<\/p>\n<p>Accede a dichas Resoluciones desde estos enlaces:<\/p>\n<p><a href=\"https:\/\/www.xunta.gal\/dog\/Publicados\/2024\/20240802\/AnuncioG2017-240724-0001_es.html\" target=\"_blank\" rel=\"noopener\"><strong>RESOLUCI\u00d3N de 24 de julio de 2024 por la que se corrige un error en la Resoluci\u00f3n de 30 de mayo de 2024 por la que se convoca el proceso selectivo para la provisi\u00f3n de veinte plazas vacantes en la relaci\u00f3n de puestos de trabajo de personal t\u00e9cnico de gesti\u00f3n y de administraci\u00f3n y servicios, funcionario de la escala general administrativa (Diario Oficial de Galicia n\u00famero 111, de 10 de junio).<\/strong><\/a><\/p>\n<p><a href=\"https:\/\/www.xunta.gal\/dog\/Publicados\/2024\/20240802\/AnuncioG2017-240724-0002_es.html\" target=\"_blank\" rel=\"noopener\"><strong>RESOLUCI\u00d3N de 24 de julio de 2024 por la que se corrige un error en la Resoluci\u00f3n de 30 de mayo de 2024 por la que se convoca el proceso selectivo para la provisi\u00f3n de tres plazas vacantes en la relaci\u00f3n de puestos de trabajo de personal t\u00e9cnico de gesti\u00f3n y de administraci\u00f3n y servicios, funcionario de la escala general administrativa, con requisito de idioma (Diario Oficial de Galicia n\u00famero 111, de 10 de junio).<\/strong><\/a><\/p>\n","protected":false},"excerpt":{"rendered":"<p>Se publican en el DOG de hoy, d\u00eda 2 de agosto de 2024,\u00a0 las\u00a0Resoluciones de 24 de julio de 2024 por la que se corrige un error en la Resoluci\u00f3n de 30 de mayo de 2024 por la que se convoca el proceso selectivo para la provisi\u00f3n de veinte plazas vacantes en la relaci\u00f3n de &hellip; <a href=\"https:\/\/www.emplea-te.com\/noticias-oposiciones\/udc-convocatoria-de-20-plazas-de-administrativo-c1-y-de-3-plazas-de-administrativo-c1-con-requisito-de-idioma-correccion-temario\/\" class=\"more-link\">Continuar leyendo<span class=\"screen-reader-text\"> \u00abUDC. Convocatoria de 20 plazas de Administrativo C1  y de 3 plazas de Administrativo C1 con requisito de idioma. Correcci\u00f3n temario.\u00bb<\/span><\/a><\/p>\n","protected":false},"author":1,"featured_media":0,"comment_status":"closed","ping_status":"closed","sticky":false,"template":"","format":"standard","meta":{"footnotes":""},"categories":[56,26],"tags":[49,103],"class_list":["post-12912","post","type-post","status-publish","format-standard","hentry","category-oposiciones-autonomicas-galicia","category-universidad-de-a-coruna","tag-convocatorias-de-oposiciones","tag-informacion-procesos-selectivos"],"yoast_head":"<!-- This site is optimized with the Yoast SEO plugin v27.5 - https:\/\/yoast.com\/product\/yoast-seo-wordpress\/ -->\n<title>UDC. Convocatoria de 20 plazas de Administrativo C1.<\/title>\n<meta name=\"description\" content=\"UDC. Convocatoria de 20 plazas de Administrativo C1 y de 3 plazas de Administrativo C1 con requisito de idioma. Correcci\u00f3n temario.\" \/>\n<meta name=\"robots\" content=\"index, follow, max-snippet:-1, max-image-preview:large, max-video-preview:-1\" \/>\n<link rel=\"canonical\" href=\"https:\/\/www.emplea-te.com\/noticias-oposiciones\/udc-convocatoria-de-20-plazas-de-administrativo-c1-y-de-3-plazas-de-administrativo-c1-con-requisito-de-idioma-correccion-temario\/\" \/>\n<meta property=\"og:locale\" content=\"es_ES\" \/>\n<meta property=\"og:type\" content=\"article\" \/>\n<meta property=\"og:title\" content=\"UDC. Convocatoria de 20 plazas de Administrativo C1.\" \/>\n<meta property=\"og:description\" content=\"UDC. Convocatoria de 20 plazas de Administrativo C1 y de 3 plazas de Administrativo C1 con requisito de idioma. Correcci\u00f3n temario.\" \/>\n<meta property=\"og:url\" content=\"https:\/\/www.emplea-te.com\/noticias-oposiciones\/udc-convocatoria-de-20-plazas-de-administrativo-c1-y-de-3-plazas-de-administrativo-c1-con-requisito-de-idioma-correccion-temario\/\" \/>\n<meta property=\"og:site_name\" content=\"Noticas de oposiciones por Academia Emplea-te\" \/>\n<meta property=\"article:publisher\" content=\"https:\/\/www.facebook.com\/AcademiaEmpleate\/\" \/>\n<meta property=\"article:published_time\" content=\"2024-08-02T07:52:12+00:00\" \/>\n<meta name=\"author\" content=\"Empleate\" \/>\n<meta name=\"twitter:card\" content=\"summary_large_image\" \/>\n<meta name=\"twitter:creator\" content=\"@Emplea_Te\" \/>\n<meta name=\"twitter:site\" content=\"@Emplea_Te\" \/>\n<meta name=\"twitter:label1\" content=\"Escrito por\" \/>\n\t<meta name=\"twitter:data1\" content=\"Empleate\" \/>\n\t<meta name=\"twitter:label2\" content=\"Tiempo de lectura\" \/>\n\t<meta name=\"twitter:data2\" content=\"3 minutos\" \/>\n<script type=\"application\/ld+json\" class=\"yoast-schema-graph\">{\"@context\":\"https:\\\/\\\/schema.org\",\"@graph\":[{\"@type\":\"Article\",\"@id\":\"https:\\\/\\\/www.emplea-te.com\\\/noticias-oposiciones\\\/udc-convocatoria-de-20-plazas-de-administrativo-c1-y-de-3-plazas-de-administrativo-c1-con-requisito-de-idioma-correccion-temario\\\/#article\",\"isPartOf\":{\"@id\":\"https:\\\/\\\/www.emplea-te.com\\\/noticias-oposiciones\\\/udc-convocatoria-de-20-plazas-de-administrativo-c1-y-de-3-plazas-de-administrativo-c1-con-requisito-de-idioma-correccion-temario\\\/\"},\"author\":{\"name\":\"Empleate\",\"@id\":\"https:\\\/\\\/www.emplea-te.com\\\/noticias-oposiciones\\\/#\\\/schema\\\/person\\\/d1bc587e1af2b95e9c32aba1795509a6\"},\"headline\":\"UDC. Convocatoria de 20 plazas de Administrativo C1 y de 3 plazas de Administrativo C1 con requisito de idioma. Correcci\u00f3n temario.\",\"datePublished\":\"2024-08-02T07:52:12+00:00\",\"mainEntityOfPage\":{\"@id\":\"https:\\\/\\\/www.emplea-te.com\\\/noticias-oposiciones\\\/udc-convocatoria-de-20-plazas-de-administrativo-c1-y-de-3-plazas-de-administrativo-c1-con-requisito-de-idioma-correccion-temario\\\/\"},\"wordCount\":525,\"publisher\":{\"@id\":\"https:\\\/\\\/www.emplea-te.com\\\/noticias-oposiciones\\\/#organization\"},\"keywords\":[\"Convocatoria\",\"Informaci\u00f3n procesos selectivos\"],\"articleSection\":[\"Oposiciones Auton\u00f3micas Galicia\",\"Universidad de A Coru\u00f1a\"],\"inLanguage\":\"es\"},{\"@type\":\"WebPage\",\"@id\":\"https:\\\/\\\/www.emplea-te.com\\\/noticias-oposiciones\\\/udc-convocatoria-de-20-plazas-de-administrativo-c1-y-de-3-plazas-de-administrativo-c1-con-requisito-de-idioma-correccion-temario\\\/\",\"url\":\"https:\\\/\\\/www.emplea-te.com\\\/noticias-oposiciones\\\/udc-convocatoria-de-20-plazas-de-administrativo-c1-y-de-3-plazas-de-administrativo-c1-con-requisito-de-idioma-correccion-temario\\\/\",\"name\":\"UDC. Convocatoria de 20 plazas de Administrativo C1.\",\"isPartOf\":{\"@id\":\"https:\\\/\\\/www.emplea-te.com\\\/noticias-oposiciones\\\/#website\"},\"datePublished\":\"2024-08-02T07:52:12+00:00\",\"description\":\"UDC. Convocatoria de 20 plazas de Administrativo C1 y de 3 plazas de Administrativo C1 con requisito de idioma. Correcci\u00f3n temario.\",\"breadcrumb\":{\"@id\":\"https:\\\/\\\/www.emplea-te.com\\\/noticias-oposiciones\\\/udc-convocatoria-de-20-plazas-de-administrativo-c1-y-de-3-plazas-de-administrativo-c1-con-requisito-de-idioma-correccion-temario\\\/#breadcrumb\"},\"inLanguage\":\"es\",\"potentialAction\":[{\"@type\":\"ReadAction\",\"target\":[\"https:\\\/\\\/www.emplea-te.com\\\/noticias-oposiciones\\\/udc-convocatoria-de-20-plazas-de-administrativo-c1-y-de-3-plazas-de-administrativo-c1-con-requisito-de-idioma-correccion-temario\\\/\"]}]},{\"@type\":\"BreadcrumbList\",\"@id\":\"https:\\\/\\\/www.emplea-te.com\\\/noticias-oposiciones\\\/udc-convocatoria-de-20-plazas-de-administrativo-c1-y-de-3-plazas-de-administrativo-c1-con-requisito-de-idioma-correccion-temario\\\/#breadcrumb\",\"itemListElement\":[{\"@type\":\"ListItem\",\"position\":1,\"name\":\"Noticias Oposiciones\",\"item\":\"https:\\\/\\\/www.emplea-te.com\\\/noticias-oposiciones\\\/\"},{\"@type\":\"ListItem\",\"position\":2,\"name\":\"Oposiciones Auton\u00f3micas Galicia\",\"item\":\"https:\\\/\\\/www.emplea-te.com\\\/noticias-oposiciones\\\/categoria\\\/oposiciones-autonomicas-galicia\\\/\"},{\"@type\":\"ListItem\",\"position\":3,\"name\":\"Universidad de A Coru\u00f1a\",\"item\":\"https:\\\/\\\/www.emplea-te.com\\\/noticias-oposiciones\\\/categoria\\\/oposiciones-autonomicas-galicia\\\/universidad-de-a-coruna\\\/\"},{\"@type\":\"ListItem\",\"position\":4,\"name\":\"UDC. Convocatoria de 20 plazas de Administrativo C1 y de 3 plazas de Administrativo C1 con requisito de idioma. Correcci\u00f3n temario.\"}]},{\"@type\":\"WebSite\",\"@id\":\"https:\\\/\\\/www.emplea-te.com\\\/noticias-oposiciones\\\/#website\",\"url\":\"https:\\\/\\\/www.emplea-te.com\\\/noticias-oposiciones\\\/\",\"name\":\"Noticas de oposiciones por Academia Emplea-te\",\"description\":\"Toda la actualidad de las ofertas y convocatorias.\",\"publisher\":{\"@id\":\"https:\\\/\\\/www.emplea-te.com\\\/noticias-oposiciones\\\/#organization\"},\"potentialAction\":[{\"@type\":\"SearchAction\",\"target\":{\"@type\":\"EntryPoint\",\"urlTemplate\":\"https:\\\/\\\/www.emplea-te.com\\\/noticias-oposiciones\\\/?s={search_term_string}\"},\"query-input\":{\"@type\":\"PropertyValueSpecification\",\"valueRequired\":true,\"valueName\":\"search_term_string\"}}],\"inLanguage\":\"es\"},{\"@type\":\"Organization\",\"@id\":\"https:\\\/\\\/www.emplea-te.com\\\/noticias-oposiciones\\\/#organization\",\"name\":\"Academia de oposiciones Empl\u00e9ate\",\"url\":\"https:\\\/\\\/www.emplea-te.com\\\/noticias-oposiciones\\\/\",\"logo\":{\"@type\":\"ImageObject\",\"inLanguage\":\"es\",\"@id\":\"https:\\\/\\\/www.emplea-te.com\\\/noticias-oposiciones\\\/#\\\/schema\\\/logo\\\/image\\\/\",\"url\":\"https:\\\/\\\/www.emplea-te.com\\\/noticias-oposiciones\\\/wp-content\\\/uploads\\\/2019\\\/04\\\/empleate.jpg\",\"contentUrl\":\"https:\\\/\\\/www.emplea-te.com\\\/noticias-oposiciones\\\/wp-content\\\/uploads\\\/2019\\\/04\\\/empleate.jpg\",\"width\":250,\"height\":150,\"caption\":\"Academia de oposiciones Empl\u00e9ate\"},\"image\":{\"@id\":\"https:\\\/\\\/www.emplea-te.com\\\/noticias-oposiciones\\\/#\\\/schema\\\/logo\\\/image\\\/\"},\"sameAs\":[\"https:\\\/\\\/www.facebook.com\\\/AcademiaEmpleate\\\/\",\"https:\\\/\\\/x.com\\\/Emplea_Te\",\"https:\\\/\\\/www.instagram.com\\\/academia_empleate\\\/\"]},{\"@type\":\"Person\",\"@id\":\"https:\\\/\\\/www.emplea-te.com\\\/noticias-oposiciones\\\/#\\\/schema\\\/person\\\/d1bc587e1af2b95e9c32aba1795509a6\",\"name\":\"Empleate\"}]}<\/script>\n<!-- \/ Yoast SEO plugin. -->","yoast_head_json":{"title":"UDC. Convocatoria de 20 plazas de Administrativo C1.","description":"UDC. Convocatoria de 20 plazas de Administrativo C1 y de 3 plazas de Administrativo C1 con requisito de idioma. Correcci\u00f3n temario.","robots":{"index":"index","follow":"follow","max-snippet":"max-snippet:-1","max-image-preview":"max-image-preview:large","max-video-preview":"max-video-preview:-1"},"canonical":"https:\/\/www.emplea-te.com\/noticias-oposiciones\/udc-convocatoria-de-20-plazas-de-administrativo-c1-y-de-3-plazas-de-administrativo-c1-con-requisito-de-idioma-correccion-temario\/","og_locale":"es_ES","og_type":"article","og_title":"UDC. Convocatoria de 20 plazas de Administrativo C1.","og_description":"UDC. Convocatoria de 20 plazas de Administrativo C1 y de 3 plazas de Administrativo C1 con requisito de idioma. Correcci\u00f3n temario.","og_url":"https:\/\/www.emplea-te.com\/noticias-oposiciones\/udc-convocatoria-de-20-plazas-de-administrativo-c1-y-de-3-plazas-de-administrativo-c1-con-requisito-de-idioma-correccion-temario\/","og_site_name":"Noticas de oposiciones por Academia Emplea-te","article_publisher":"https:\/\/www.facebook.com\/AcademiaEmpleate\/","article_published_time":"2024-08-02T07:52:12+00:00","author":"Empleate","twitter_card":"summary_large_image","twitter_creator":"@Emplea_Te","twitter_site":"@Emplea_Te","twitter_misc":{"Escrito por":"Empleate","Tiempo de lectura":"3 minutos"},"schema":{"@context":"https:\/\/schema.org","@graph":[{"@type":"Article","@id":"https:\/\/www.emplea-te.com\/noticias-oposiciones\/udc-convocatoria-de-20-plazas-de-administrativo-c1-y-de-3-plazas-de-administrativo-c1-con-requisito-de-idioma-correccion-temario\/#article","isPartOf":{"@id":"https:\/\/www.emplea-te.com\/noticias-oposiciones\/udc-convocatoria-de-20-plazas-de-administrativo-c1-y-de-3-plazas-de-administrativo-c1-con-requisito-de-idioma-correccion-temario\/"},"author":{"name":"Empleate","@id":"https:\/\/www.emplea-te.com\/noticias-oposiciones\/#\/schema\/person\/d1bc587e1af2b95e9c32aba1795509a6"},"headline":"UDC. Convocatoria de 20 plazas de Administrativo C1 y de 3 plazas de Administrativo C1 con requisito de idioma. Correcci\u00f3n temario.","datePublished":"2024-08-02T07:52:12+00:00","mainEntityOfPage":{"@id":"https:\/\/www.emplea-te.com\/noticias-oposiciones\/udc-convocatoria-de-20-plazas-de-administrativo-c1-y-de-3-plazas-de-administrativo-c1-con-requisito-de-idioma-correccion-temario\/"},"wordCount":525,"publisher":{"@id":"https:\/\/www.emplea-te.com\/noticias-oposiciones\/#organization"},"keywords":["Convocatoria","Informaci\u00f3n procesos selectivos"],"articleSection":["Oposiciones Auton\u00f3micas Galicia","Universidad de A Coru\u00f1a"],"inLanguage":"es"},{"@type":"WebPage","@id":"https:\/\/www.emplea-te.com\/noticias-oposiciones\/udc-convocatoria-de-20-plazas-de-administrativo-c1-y-de-3-plazas-de-administrativo-c1-con-requisito-de-idioma-correccion-temario\/","url":"https:\/\/www.emplea-te.com\/noticias-oposiciones\/udc-convocatoria-de-20-plazas-de-administrativo-c1-y-de-3-plazas-de-administrativo-c1-con-requisito-de-idioma-correccion-temario\/","name":"UDC. Convocatoria de 20 plazas de Administrativo C1.","isPartOf":{"@id":"https:\/\/www.emplea-te.com\/noticias-oposiciones\/#website"},"datePublished":"2024-08-02T07:52:12+00:00","description":"UDC. Convocatoria de 20 plazas de Administrativo C1 y de 3 plazas de Administrativo C1 con requisito de idioma. Correcci\u00f3n temario.","breadcrumb":{"@id":"https:\/\/www.emplea-te.com\/noticias-oposiciones\/udc-convocatoria-de-20-plazas-de-administrativo-c1-y-de-3-plazas-de-administrativo-c1-con-requisito-de-idioma-correccion-temario\/#breadcrumb"},"inLanguage":"es","potentialAction":[{"@type":"ReadAction","target":["https:\/\/www.emplea-te.com\/noticias-oposiciones\/udc-convocatoria-de-20-plazas-de-administrativo-c1-y-de-3-plazas-de-administrativo-c1-con-requisito-de-idioma-correccion-temario\/"]}]},{"@type":"BreadcrumbList","@id":"https:\/\/www.emplea-te.com\/noticias-oposiciones\/udc-convocatoria-de-20-plazas-de-administrativo-c1-y-de-3-plazas-de-administrativo-c1-con-requisito-de-idioma-correccion-temario\/#breadcrumb","itemListElement":[{"@type":"ListItem","position":1,"name":"Noticias Oposiciones","item":"https:\/\/www.emplea-te.com\/noticias-oposiciones\/"},{"@type":"ListItem","position":2,"name":"Oposiciones Auton\u00f3micas Galicia","item":"https:\/\/www.emplea-te.com\/noticias-oposiciones\/categoria\/oposiciones-autonomicas-galicia\/"},{"@type":"ListItem","position":3,"name":"Universidad de A Coru\u00f1a","item":"https:\/\/www.emplea-te.com\/noticias-oposiciones\/categoria\/oposiciones-autonomicas-galicia\/universidad-de-a-coruna\/"},{"@type":"ListItem","position":4,"name":"UDC. Convocatoria de 20 plazas de Administrativo C1 y de 3 plazas de Administrativo C1 con requisito de idioma. Correcci\u00f3n temario."}]},{"@type":"WebSite","@id":"https:\/\/www.emplea-te.com\/noticias-oposiciones\/#website","url":"https:\/\/www.emplea-te.com\/noticias-oposiciones\/","name":"Noticas de oposiciones por Academia Emplea-te","description":"Toda la actualidad de las ofertas y convocatorias.","publisher":{"@id":"https:\/\/www.emplea-te.com\/noticias-oposiciones\/#organization"},"potentialAction":[{"@type":"SearchAction","target":{"@type":"EntryPoint","urlTemplate":"https:\/\/www.emplea-te.com\/noticias-oposiciones\/?s={search_term_string}"},"query-input":{"@type":"PropertyValueSpecification","valueRequired":true,"valueName":"search_term_string"}}],"inLanguage":"es"},{"@type":"Organization","@id":"https:\/\/www.emplea-te.com\/noticias-oposiciones\/#organization","name":"Academia de oposiciones Empl\u00e9ate","url":"https:\/\/www.emplea-te.com\/noticias-oposiciones\/","logo":{"@type":"ImageObject","inLanguage":"es","@id":"https:\/\/www.emplea-te.com\/noticias-oposiciones\/#\/schema\/logo\/image\/","url":"https:\/\/www.emplea-te.com\/noticias-oposiciones\/wp-content\/uploads\/2019\/04\/empleate.jpg","contentUrl":"https:\/\/www.emplea-te.com\/noticias-oposiciones\/wp-content\/uploads\/2019\/04\/empleate.jpg","width":250,"height":150,"caption":"Academia de oposiciones Empl\u00e9ate"},"image":{"@id":"https:\/\/www.emplea-te.com\/noticias-oposiciones\/#\/schema\/logo\/image\/"},"sameAs":["https:\/\/www.facebook.com\/AcademiaEmpleate\/","https:\/\/x.com\/Emplea_Te","https:\/\/www.instagram.com\/academia_empleate\/"]},{"@type":"Person","@id":"https:\/\/www.emplea-te.com\/noticias-oposiciones\/#\/schema\/person\/d1bc587e1af2b95e9c32aba1795509a6","name":"Empleate"}]}},"_links":{"self":[{"href":"https:\/\/www.emplea-te.com\/noticias-oposiciones\/wp-json\/wp\/v2\/posts\/12912","targetHints":{"allow":["GET"]}}],"collection":[{"href":"https:\/\/www.emplea-te.com\/noticias-oposiciones\/wp-json\/wp\/v2\/posts"}],"about":[{"href":"https:\/\/www.emplea-te.com\/noticias-oposiciones\/wp-json\/wp\/v2\/types\/post"}],"author":[{"embeddable":true,"href":"https:\/\/www.emplea-te.com\/noticias-oposiciones\/wp-json\/wp\/v2\/users\/1"}],"replies":[{"embeddable":true,"href":"https:\/\/www.emplea-te.com\/noticias-oposiciones\/wp-json\/wp\/v2\/comments?post=12912"}],"version-history":[{"count":1,"href":"https:\/\/www.emplea-te.com\/noticias-oposiciones\/wp-json\/wp\/v2\/posts\/12912\/revisions"}],"predecessor-version":[{"id":12913,"href":"https:\/\/www.emplea-te.com\/noticias-oposiciones\/wp-json\/wp\/v2\/posts\/12912\/revisions\/12913"}],"wp:attachment":[{"href":"https:\/\/www.emplea-te.com\/noticias-oposiciones\/wp-json\/wp\/v2\/media?parent=12912"}],"wp:term":[{"taxonomy":"category","embeddable":true,"href":"https:\/\/www.emplea-te.com\/noticias-oposiciones\/wp-json\/wp\/v2\/categories?post=12912"},{"taxonomy":"post_tag","embeddable":true,"href":"https:\/\/www.emplea-te.com\/noticias-oposiciones\/wp-json\/wp\/v2\/tags?post=12912"}],"curies":[{"name":"wp","href":"https:\/\/api.w.org\/{rel}","templated":true}]}}