{"id":12914,"date":"2024-08-02T09:57:28","date_gmt":"2024-08-02T07:57:28","guid":{"rendered":"https:\/\/www.emplea-te.com\/noticias-oposiciones\/?p=12914"},"modified":"2024-08-02T09:57:28","modified_gmt":"2024-08-02T07:57:28","slug":"ayuntamiento-de-sada-anuncio-de-convocatoria-de-plaza-de-conserje-como-personal-laboral-fijo","status":"publish","type":"post","link":"https:\/\/www.emplea-te.com\/noticias-oposiciones\/ayuntamiento-de-sada-anuncio-de-convocatoria-de-plaza-de-conserje-como-personal-laboral-fijo\/","title":{"rendered":"Ayuntamiento de Sada. Anuncio de convocatoria de plaza de Conserje como personal laboral fijo."},"content":{"rendered":"<p>Se publica en el DOG de hoy, d\u00eda 2 de agosto de 2024, el Anuncio de la convocatoria del proceso selectivo para la provisi\u00f3n en propiedad de una plaza de conserje, personal laboral fijo, grupo V, incluida en la oferta de empleo p\u00fablico de 2021.<\/p>\n<p><a href=\"https:\/\/bop.dicoruna.es\/bopportal\/publicado\/2024\/07\/03\/2024_0000004591.pdf\" target=\"_blank\" rel=\"noopener\"><strong>En el Bolet\u00edn Oficial de la provincia de A Coru\u00f1a n\u00fam. 127, de 3 de julio de 2024, se publicaron \u00edntegramente las bases que han a regir la convocatoria\u00a0<\/strong><\/a><\/p>\n<p>La plaza que ser\u00e1 convocada es la siguiente:<\/p>\n<p>1\u00a0 plaza de conserje, personal laboral fijo, grupo V.<\/p>\n<p>Sistema selectivo: concurso-oposici\u00f3n por el turno libre.<\/p>\n<p>El plazo de presentaci\u00f3n de solicitudes ser\u00e1 de 20\u00a0 d\u00edas naturales contados desde el siguiente al de la publicaci\u00f3n del anuncio de la convocatoria en el BOE.<\/p>\n<p><a href=\"https:\/\/www.xunta.gal\/dog\/Publicados\/2024\/20240802\/AnuncioL175-110724-0001_es.html\" target=\"_blank\" rel=\"noopener\"><strong>Accede al Anuncio con su contenido \u00edntegro desde este enlace.\u00a0<\/strong><\/a><\/p>\n<p><a href=\"http:\/\/www.emplea-te.com\" target=\"_blank\" rel=\"noopener\"><strong>\u00a1Prep\u00e1rate en nuestros cursos de oposiciones de plazas locales de Galicia!<\/strong><\/a><\/p>\n","protected":false},"excerpt":{"rendered":"<p>Se publica en el DOG de hoy, d\u00eda 2 de agosto de 2024, el Anuncio de la convocatoria del proceso selectivo para la provisi\u00f3n en propiedad de una plaza de conserje, personal laboral fijo, grupo V, incluida en la oferta de empleo p\u00fablico de 2021. En el Bolet\u00edn Oficial de la provincia de A Coru\u00f1a &hellip; <a href=\"https:\/\/www.emplea-te.com\/noticias-oposiciones\/ayuntamiento-de-sada-anuncio-de-convocatoria-de-plaza-de-conserje-como-personal-laboral-fijo\/\" class=\"more-link\">Continuar leyendo<span class=\"screen-reader-text\"> \u00abAyuntamiento de Sada. Anuncio de convocatoria de plaza de Conserje como personal laboral fijo.\u00bb<\/span><\/a><\/p>\n","protected":false},"author":1,"featured_media":0,"comment_status":"closed","ping_status":"closed","sticky":false,"template":"","format":"standard","meta":{"footnotes":""},"categories":[37,56],"tags":[117,103],"class_list":["post-12914","post","type-post","status-publish","format-standard","hentry","category-convocatorias-ayuntamientos","category-oposiciones-autonomicas-galicia","tag-anuncio-de-convocatoria","tag-informacion-procesos-selectivos"],"yoast_head":"<!-- This site is optimized with the Yoast SEO plugin v27.5 - https:\/\/yoast.com\/product\/yoast-seo-wordpress\/ -->\n<title>Ayto. de Sada. Anuncio de convocatoria de plaza de Conserje<\/title>\n<meta name=\"description\" content=\"Ayuntamiento de Sada. Anuncio de convocatoria de plaza de Conserje como personal laboral fijo\" \/>\n<meta name=\"robots\" content=\"index, follow, max-snippet:-1, max-image-preview:large, max-video-preview:-1\" \/>\n<link rel=\"canonical\" href=\"https:\/\/www.emplea-te.com\/noticias-oposiciones\/ayuntamiento-de-sada-anuncio-de-convocatoria-de-plaza-de-conserje-como-personal-laboral-fijo\/\" \/>\n<meta property=\"og:locale\" content=\"es_ES\" \/>\n<meta property=\"og:type\" content=\"article\" \/>\n<meta property=\"og:title\" content=\"Ayto. de Sada. Anuncio de convocatoria de plaza de Conserje\" \/>\n<meta property=\"og:description\" content=\"Ayuntamiento de Sada. Anuncio de convocatoria de plaza de Conserje como personal laboral fijo\" \/>\n<meta property=\"og:url\" content=\"https:\/\/www.emplea-te.com\/noticias-oposiciones\/ayuntamiento-de-sada-anuncio-de-convocatoria-de-plaza-de-conserje-como-personal-laboral-fijo\/\" \/>\n<meta property=\"og:site_name\" content=\"Noticas de oposiciones por Academia Emplea-te\" \/>\n<meta property=\"article:publisher\" content=\"https:\/\/www.facebook.com\/AcademiaEmpleate\/\" \/>\n<meta property=\"article:published_time\" content=\"2024-08-02T07:57:28+00:00\" \/>\n<meta name=\"author\" content=\"Empleate\" \/>\n<meta name=\"twitter:card\" content=\"summary_large_image\" \/>\n<meta name=\"twitter:creator\" content=\"@Emplea_Te\" \/>\n<meta name=\"twitter:site\" content=\"@Emplea_Te\" \/>\n<meta name=\"twitter:label1\" content=\"Escrito por\" \/>\n\t<meta name=\"twitter:data1\" content=\"Empleate\" \/>\n\t<meta name=\"twitter:label2\" content=\"Tiempo de lectura\" \/>\n\t<meta name=\"twitter:data2\" content=\"1 minuto\" \/>\n<script type=\"application\/ld+json\" class=\"yoast-schema-graph\">{\"@context\":\"https:\\\/\\\/schema.org\",\"@graph\":[{\"@type\":\"Article\",\"@id\":\"https:\\\/\\\/www.emplea-te.com\\\/noticias-oposiciones\\\/ayuntamiento-de-sada-anuncio-de-convocatoria-de-plaza-de-conserje-como-personal-laboral-fijo\\\/#article\",\"isPartOf\":{\"@id\":\"https:\\\/\\\/www.emplea-te.com\\\/noticias-oposiciones\\\/ayuntamiento-de-sada-anuncio-de-convocatoria-de-plaza-de-conserje-como-personal-laboral-fijo\\\/\"},\"author\":{\"name\":\"Empleate\",\"@id\":\"https:\\\/\\\/www.emplea-te.com\\\/noticias-oposiciones\\\/#\\\/schema\\\/person\\\/d1bc587e1af2b95e9c32aba1795509a6\"},\"headline\":\"Ayuntamiento de Sada. Anuncio de convocatoria de plaza de Conserje como personal laboral fijo.\",\"datePublished\":\"2024-08-02T07:57:28+00:00\",\"mainEntityOfPage\":{\"@id\":\"https:\\\/\\\/www.emplea-te.com\\\/noticias-oposiciones\\\/ayuntamiento-de-sada-anuncio-de-convocatoria-de-plaza-de-conserje-como-personal-laboral-fijo\\\/\"},\"wordCount\":163,\"publisher\":{\"@id\":\"https:\\\/\\\/www.emplea-te.com\\\/noticias-oposiciones\\\/#organization\"},\"keywords\":[\"Anuncio de convocatoria\",\"Informaci\u00f3n procesos selectivos\"],\"articleSection\":[\"Convocatorias Ayuntamientos\",\"Oposiciones Auton\u00f3micas Galicia\"],\"inLanguage\":\"es\"},{\"@type\":\"WebPage\",\"@id\":\"https:\\\/\\\/www.emplea-te.com\\\/noticias-oposiciones\\\/ayuntamiento-de-sada-anuncio-de-convocatoria-de-plaza-de-conserje-como-personal-laboral-fijo\\\/\",\"url\":\"https:\\\/\\\/www.emplea-te.com\\\/noticias-oposiciones\\\/ayuntamiento-de-sada-anuncio-de-convocatoria-de-plaza-de-conserje-como-personal-laboral-fijo\\\/\",\"name\":\"Ayto. de Sada. Anuncio de convocatoria de plaza de Conserje\",\"isPartOf\":{\"@id\":\"https:\\\/\\\/www.emplea-te.com\\\/noticias-oposiciones\\\/#website\"},\"datePublished\":\"2024-08-02T07:57:28+00:00\",\"description\":\"Ayuntamiento de Sada. Anuncio de convocatoria de plaza de Conserje como personal laboral fijo\",\"breadcrumb\":{\"@id\":\"https:\\\/\\\/www.emplea-te.com\\\/noticias-oposiciones\\\/ayuntamiento-de-sada-anuncio-de-convocatoria-de-plaza-de-conserje-como-personal-laboral-fijo\\\/#breadcrumb\"},\"inLanguage\":\"es\",\"potentialAction\":[{\"@type\":\"ReadAction\",\"target\":[\"https:\\\/\\\/www.emplea-te.com\\\/noticias-oposiciones\\\/ayuntamiento-de-sada-anuncio-de-convocatoria-de-plaza-de-conserje-como-personal-laboral-fijo\\\/\"]}]},{\"@type\":\"BreadcrumbList\",\"@id\":\"https:\\\/\\\/www.emplea-te.com\\\/noticias-oposiciones\\\/ayuntamiento-de-sada-anuncio-de-convocatoria-de-plaza-de-conserje-como-personal-laboral-fijo\\\/#breadcrumb\",\"itemListElement\":[{\"@type\":\"ListItem\",\"position\":1,\"name\":\"Noticias Oposiciones\",\"item\":\"https:\\\/\\\/www.emplea-te.com\\\/noticias-oposiciones\\\/\"},{\"@type\":\"ListItem\",\"position\":2,\"name\":\"Oposiciones Auton\u00f3micas Galicia\",\"item\":\"https:\\\/\\\/www.emplea-te.com\\\/noticias-oposiciones\\\/categoria\\\/oposiciones-autonomicas-galicia\\\/\"},{\"@type\":\"ListItem\",\"position\":3,\"name\":\"Ayuntamiento de Sada. Anuncio de convocatoria de plaza de Conserje como personal laboral fijo.\"}]},{\"@type\":\"WebSite\",\"@id\":\"https:\\\/\\\/www.emplea-te.com\\\/noticias-oposiciones\\\/#website\",\"url\":\"https:\\\/\\\/www.emplea-te.com\\\/noticias-oposiciones\\\/\",\"name\":\"Noticas de oposiciones por Academia Emplea-te\",\"description\":\"Toda la actualidad de las ofertas y convocatorias.\",\"publisher\":{\"@id\":\"https:\\\/\\\/www.emplea-te.com\\\/noticias-oposiciones\\\/#organization\"},\"potentialAction\":[{\"@type\":\"SearchAction\",\"target\":{\"@type\":\"EntryPoint\",\"urlTemplate\":\"https:\\\/\\\/www.emplea-te.com\\\/noticias-oposiciones\\\/?s={search_term_string}\"},\"query-input\":{\"@type\":\"PropertyValueSpecification\",\"valueRequired\":true,\"valueName\":\"search_term_string\"}}],\"inLanguage\":\"es\"},{\"@type\":\"Organization\",\"@id\":\"https:\\\/\\\/www.emplea-te.com\\\/noticias-oposiciones\\\/#organization\",\"name\":\"Academia de oposiciones Empl\u00e9ate\",\"url\":\"https:\\\/\\\/www.emplea-te.com\\\/noticias-oposiciones\\\/\",\"logo\":{\"@type\":\"ImageObject\",\"inLanguage\":\"es\",\"@id\":\"https:\\\/\\\/www.emplea-te.com\\\/noticias-oposiciones\\\/#\\\/schema\\\/logo\\\/image\\\/\",\"url\":\"https:\\\/\\\/www.emplea-te.com\\\/noticias-oposiciones\\\/wp-content\\\/uploads\\\/2019\\\/04\\\/empleate.jpg\",\"contentUrl\":\"https:\\\/\\\/www.emplea-te.com\\\/noticias-oposiciones\\\/wp-content\\\/uploads\\\/2019\\\/04\\\/empleate.jpg\",\"width\":250,\"height\":150,\"caption\":\"Academia de oposiciones Empl\u00e9ate\"},\"image\":{\"@id\":\"https:\\\/\\\/www.emplea-te.com\\\/noticias-oposiciones\\\/#\\\/schema\\\/logo\\\/image\\\/\"},\"sameAs\":[\"https:\\\/\\\/www.facebook.com\\\/AcademiaEmpleate\\\/\",\"https:\\\/\\\/x.com\\\/Emplea_Te\",\"https:\\\/\\\/www.instagram.com\\\/academia_empleate\\\/\"]},{\"@type\":\"Person\",\"@id\":\"https:\\\/\\\/www.emplea-te.com\\\/noticias-oposiciones\\\/#\\\/schema\\\/person\\\/d1bc587e1af2b95e9c32aba1795509a6\",\"name\":\"Empleate\"}]}<\/script>\n<!-- \/ Yoast SEO plugin. -->","yoast_head_json":{"title":"Ayto. de Sada. Anuncio de convocatoria de plaza de Conserje","description":"Ayuntamiento de Sada. Anuncio de convocatoria de plaza de Conserje como personal laboral fijo","robots":{"index":"index","follow":"follow","max-snippet":"max-snippet:-1","max-image-preview":"max-image-preview:large","max-video-preview":"max-video-preview:-1"},"canonical":"https:\/\/www.emplea-te.com\/noticias-oposiciones\/ayuntamiento-de-sada-anuncio-de-convocatoria-de-plaza-de-conserje-como-personal-laboral-fijo\/","og_locale":"es_ES","og_type":"article","og_title":"Ayto. de Sada. Anuncio de convocatoria de plaza de Conserje","og_description":"Ayuntamiento de Sada. Anuncio de convocatoria de plaza de Conserje como personal laboral fijo","og_url":"https:\/\/www.emplea-te.com\/noticias-oposiciones\/ayuntamiento-de-sada-anuncio-de-convocatoria-de-plaza-de-conserje-como-personal-laboral-fijo\/","og_site_name":"Noticas de oposiciones por Academia Emplea-te","article_publisher":"https:\/\/www.facebook.com\/AcademiaEmpleate\/","article_published_time":"2024-08-02T07:57:28+00:00","author":"Empleate","twitter_card":"summary_large_image","twitter_creator":"@Emplea_Te","twitter_site":"@Emplea_Te","twitter_misc":{"Escrito por":"Empleate","Tiempo de lectura":"1 minuto"},"schema":{"@context":"https:\/\/schema.org","@graph":[{"@type":"Article","@id":"https:\/\/www.emplea-te.com\/noticias-oposiciones\/ayuntamiento-de-sada-anuncio-de-convocatoria-de-plaza-de-conserje-como-personal-laboral-fijo\/#article","isPartOf":{"@id":"https:\/\/www.emplea-te.com\/noticias-oposiciones\/ayuntamiento-de-sada-anuncio-de-convocatoria-de-plaza-de-conserje-como-personal-laboral-fijo\/"},"author":{"name":"Empleate","@id":"https:\/\/www.emplea-te.com\/noticias-oposiciones\/#\/schema\/person\/d1bc587e1af2b95e9c32aba1795509a6"},"headline":"Ayuntamiento de Sada. Anuncio de convocatoria de plaza de Conserje como personal laboral fijo.","datePublished":"2024-08-02T07:57:28+00:00","mainEntityOfPage":{"@id":"https:\/\/www.emplea-te.com\/noticias-oposiciones\/ayuntamiento-de-sada-anuncio-de-convocatoria-de-plaza-de-conserje-como-personal-laboral-fijo\/"},"wordCount":163,"publisher":{"@id":"https:\/\/www.emplea-te.com\/noticias-oposiciones\/#organization"},"keywords":["Anuncio de convocatoria","Informaci\u00f3n procesos selectivos"],"articleSection":["Convocatorias Ayuntamientos","Oposiciones Auton\u00f3micas Galicia"],"inLanguage":"es"},{"@type":"WebPage","@id":"https:\/\/www.emplea-te.com\/noticias-oposiciones\/ayuntamiento-de-sada-anuncio-de-convocatoria-de-plaza-de-conserje-como-personal-laboral-fijo\/","url":"https:\/\/www.emplea-te.com\/noticias-oposiciones\/ayuntamiento-de-sada-anuncio-de-convocatoria-de-plaza-de-conserje-como-personal-laboral-fijo\/","name":"Ayto. de Sada. Anuncio de convocatoria de plaza de Conserje","isPartOf":{"@id":"https:\/\/www.emplea-te.com\/noticias-oposiciones\/#website"},"datePublished":"2024-08-02T07:57:28+00:00","description":"Ayuntamiento de Sada. Anuncio de convocatoria de plaza de Conserje como personal laboral fijo","breadcrumb":{"@id":"https:\/\/www.emplea-te.com\/noticias-oposiciones\/ayuntamiento-de-sada-anuncio-de-convocatoria-de-plaza-de-conserje-como-personal-laboral-fijo\/#breadcrumb"},"inLanguage":"es","potentialAction":[{"@type":"ReadAction","target":["https:\/\/www.emplea-te.com\/noticias-oposiciones\/ayuntamiento-de-sada-anuncio-de-convocatoria-de-plaza-de-conserje-como-personal-laboral-fijo\/"]}]},{"@type":"BreadcrumbList","@id":"https:\/\/www.emplea-te.com\/noticias-oposiciones\/ayuntamiento-de-sada-anuncio-de-convocatoria-de-plaza-de-conserje-como-personal-laboral-fijo\/#breadcrumb","itemListElement":[{"@type":"ListItem","position":1,"name":"Noticias Oposiciones","item":"https:\/\/www.emplea-te.com\/noticias-oposiciones\/"},{"@type":"ListItem","position":2,"name":"Oposiciones Auton\u00f3micas Galicia","item":"https:\/\/www.emplea-te.com\/noticias-oposiciones\/categoria\/oposiciones-autonomicas-galicia\/"},{"@type":"ListItem","position":3,"name":"Ayuntamiento de Sada. Anuncio de convocatoria de plaza de Conserje como personal laboral fijo."}]},{"@type":"WebSite","@id":"https:\/\/www.emplea-te.com\/noticias-oposiciones\/#website","url":"https:\/\/www.emplea-te.com\/noticias-oposiciones\/","name":"Noticas de oposiciones por Academia Emplea-te","description":"Toda la actualidad de las ofertas y convocatorias.","publisher":{"@id":"https:\/\/www.emplea-te.com\/noticias-oposiciones\/#organization"},"potentialAction":[{"@type":"SearchAction","target":{"@type":"EntryPoint","urlTemplate":"https:\/\/www.emplea-te.com\/noticias-oposiciones\/?s={search_term_string}"},"query-input":{"@type":"PropertyValueSpecification","valueRequired":true,"valueName":"search_term_string"}}],"inLanguage":"es"},{"@type":"Organization","@id":"https:\/\/www.emplea-te.com\/noticias-oposiciones\/#organization","name":"Academia de oposiciones Empl\u00e9ate","url":"https:\/\/www.emplea-te.com\/noticias-oposiciones\/","logo":{"@type":"ImageObject","inLanguage":"es","@id":"https:\/\/www.emplea-te.com\/noticias-oposiciones\/#\/schema\/logo\/image\/","url":"https:\/\/www.emplea-te.com\/noticias-oposiciones\/wp-content\/uploads\/2019\/04\/empleate.jpg","contentUrl":"https:\/\/www.emplea-te.com\/noticias-oposiciones\/wp-content\/uploads\/2019\/04\/empleate.jpg","width":250,"height":150,"caption":"Academia de oposiciones Empl\u00e9ate"},"image":{"@id":"https:\/\/www.emplea-te.com\/noticias-oposiciones\/#\/schema\/logo\/image\/"},"sameAs":["https:\/\/www.facebook.com\/AcademiaEmpleate\/","https:\/\/x.com\/Emplea_Te","https:\/\/www.instagram.com\/academia_empleate\/"]},{"@type":"Person","@id":"https:\/\/www.emplea-te.com\/noticias-oposiciones\/#\/schema\/person\/d1bc587e1af2b95e9c32aba1795509a6","name":"Empleate"}]}},"_links":{"self":[{"href":"https:\/\/www.emplea-te.com\/noticias-oposiciones\/wp-json\/wp\/v2\/posts\/12914","targetHints":{"allow":["GET"]}}],"collection":[{"href":"https:\/\/www.emplea-te.com\/noticias-oposiciones\/wp-json\/wp\/v2\/posts"}],"about":[{"href":"https:\/\/www.emplea-te.com\/noticias-oposiciones\/wp-json\/wp\/v2\/types\/post"}],"author":[{"embeddable":true,"href":"https:\/\/www.emplea-te.com\/noticias-oposiciones\/wp-json\/wp\/v2\/users\/1"}],"replies":[{"embeddable":true,"href":"https:\/\/www.emplea-te.com\/noticias-oposiciones\/wp-json\/wp\/v2\/comments?post=12914"}],"version-history":[{"count":1,"href":"https:\/\/www.emplea-te.com\/noticias-oposiciones\/wp-json\/wp\/v2\/posts\/12914\/revisions"}],"predecessor-version":[{"id":12915,"href":"https:\/\/www.emplea-te.com\/noticias-oposiciones\/wp-json\/wp\/v2\/posts\/12914\/revisions\/12915"}],"wp:attachment":[{"href":"https:\/\/www.emplea-te.com\/noticias-oposiciones\/wp-json\/wp\/v2\/media?parent=12914"}],"wp:term":[{"taxonomy":"category","embeddable":true,"href":"https:\/\/www.emplea-te.com\/noticias-oposiciones\/wp-json\/wp\/v2\/categories?post=12914"},{"taxonomy":"post_tag","embeddable":true,"href":"https:\/\/www.emplea-te.com\/noticias-oposiciones\/wp-json\/wp\/v2\/tags?post=12914"}],"curies":[{"name":"wp","href":"https:\/\/api.w.org\/{rel}","templated":true}]}}