{"id":1294,"date":"2019-01-03T00:00:00","date_gmt":"2019-01-02T23:00:00","guid":{"rendered":"https:\/\/www.emplea-te.com\/noticias-oposiciones\/oferta-de-empleo-publico-2018-del-concello-de-as-pontes\/"},"modified":"2019-01-03T00:00:00","modified_gmt":"2019-01-02T23:00:00","slug":"oferta-de-empleo-publico-2018-del-concello-de-as-pontes","status":"publish","type":"post","link":"https:\/\/www.emplea-te.com\/noticias-oposiciones\/oferta-de-empleo-publico-2018-del-concello-de-as-pontes\/","title":{"rendered":"Oferta de empleo P\u00fablico 2018 del Concello de As Pontes.<br>"},"content":{"rendered":"<p>El pasado d\u00eda 31 de diciembre en el&nbsp;BOP n\u00famero 248&nbsp; se publica la Oferta de Empleo P\u00fablico correspondiente al a\u00f1o 2018 para el Concello de As Pontes.<\/p>\n<p>Turno Libre:<\/p>\n<p>1. QUENDA LIBRE<br \/>1.1 Persoal funcionario:<br \/>-No de prazas: tres (3)<br \/>-Denominaci\u00f3n: administrativo\/a<br \/>-Escala: administraci\u00f3n xeral<br \/>-Subescala: administrativa<br \/>-Grupo: C. Subgrupo: C1<br \/>1.2 Persoal laboral fixo<br \/>-No de prazas: unha (1)<br \/>-Denominaci\u00f3n: auxiliar de biblioteca, oficina de informaci\u00f3n xuvenil e arquivo<br \/>-Nivel de titulaci\u00f3n: Graduado en Educaci\u00f3n Secundaria Obrigatoria ou equivalente<\/p>\n<p>Estabilizaci\u00f3n <\/p>\n<p>2. OFERTA CON CARGO \u00c1 TAXA ADICIONAL DE ESTABILIZACI\ufffdN DE EMPREGO TEMPORAL<br \/>Persoal funcionario:<br \/>-No de prazas: unha (1)<br \/>-Denominaci\u00f3n: administrativo\/a<br \/>-Escala: administraci\u00f3n xeral<br \/>-Subescala: administrativa<br \/>-Grupo C. Subgrupo C1<\/p>\n<p>3. OFERTA CON CARGO \u00c1 TAXA ADICIONAL DE REPOSICI\ufffd\u00bbN DA POLIC\u00cdA LOCAL (disposici\u00f3n adicional cent\u00e9sima sexax\u00e9-<br \/>sima quinta da Lei 6\/2018, do 3 de xullo).<\/p>\n<p>Persoal funcionario:<br \/>-No de prazas: cinco (5)<br \/>-Denominaci\u00f3n: polic\u00eda<br \/>-Escala: administraci\u00f3n especial<br \/>-Subescala: servizos especiais<br \/>-Clase: polic\u00eda local e os seus auxiliares<br \/>-Escala segundo a Lei 4\/2017, do 20 de abril, de coordinaci\u00f3n de polic\u00edas locais: b\u00e1sica<br \/>-Grupo C. Subgrupo: C1<\/p>\n<p>Promoci\u00f3n Interna. <\/p>\n<p>4. QUENDA DE PROMOCI\ufffd\u00bbN INTERNA<br \/>Persoal laboral fixo<br \/>a) Conserxe do Conservatorio Profesional de M\u00fasica<br \/>-No de prazas: unha (1)<br \/>-Denominaci\u00f3n: conserxe<br \/>-Categor\u00eda: asimilada a agrupaci\u00f3ns profesionais<br \/>-Titulaci\u00f3n: non se esixe<br \/>b) Conserxe de Servizos Sociais<br \/>-No de prazas: unha (1)<br \/>-Denominaci\u00f3n: conserxe<br \/>-Categor\u00eda: asimilada a agrupaci\u00f3ns profesionais<br \/>-Titulaci\u00f3n: non se esixe<\/p>\n<p><a href=\"\"http:\/\/bop.dicoruna.es\/bopportal\/publicado\/2018\/12\/31\/2018_0000009778.html\"\" target=\"\"_blank\"\" rel=\"noopener noreferrer\"nofollow\"\"><span class=\"\"wysiwyg-color-green\"\">Enlace a resoluci\u00f3n <\/span><\/a><\/p>\n<p>Prepara la OEP 2018 para el Concello de As Pontes de Garc\u00eda Rodr\u00edguez en nuestros grupos presenciales.<\/p>\n<p><a href=\"\"https:\/\/www.emplea-te.com\/1\/oposiciones-de-administrativo-y-auxiliar-administrativo\"\" target=\"\"_blank\"\" rel=\"noopener noreferrer\"nofollow\"\"><span class=\"\"wysiwyg-color-green\"\">Grupos presenciales Administraci\u00f3n<\/span><\/a><\/p>\n<p><a href=\"\"https:\/\/www.emplea-te.com\/9-oposiciones-de-policia-local\"\" target=\"\"_blank\"\" rel=\"noopener noreferrer\"nofollow\"\"><span class=\"\"wysiwyg-color-green\"\">Grupos presenciales Polic\u00eda Local<\/span><\/a><\/p>\n<p><a href=\"\"https:\/\/www.emplea-te.com\/37\/oposiciones-de-auxiliar-de-biblioteca\"\" target=\"\"_blank\"\" rel=\"noopener noreferrer\"nofollow\"\"><span class=\"\"wysiwyg-color-green\"\">Grupos presenciales Auxiliar de Biblioteca <\/span><\/a><\/p>\n<p><\/p>\n<p>\u00ab<\/p>\n","protected":false},"excerpt":{"rendered":"<p>El pasado d\u00eda 31 de diciembre en el&nbsp;BOP n\u00famero 248&nbsp; se publica la Oferta de Empleo P\u00fablico correspondiente al a\u00f1o 2018 para el Concello de As Pontes. Turno Libre: 1. QUENDA LIBRE1.1 Persoal funcionario:-No de prazas: tres (3)-Denominaci\u00f3n: administrativo\/a-Escala: administraci\u00f3n xeral-Subescala: administrativa-Grupo: C. Subgrupo: C11.2 Persoal laboral fixo-No de prazas: unha (1)-Denominaci\u00f3n: auxiliar de biblioteca, &hellip; <a href=\"https:\/\/www.emplea-te.com\/noticias-oposiciones\/oferta-de-empleo-publico-2018-del-concello-de-as-pontes\/\" class=\"more-link\">Continuar leyendo<span class=\"screen-reader-text\"> \u00abOferta de empleo P\u00fablico 2018 del Concello de As Pontes.<br \/>\u00ab<\/span><\/a><\/p>\n","protected":false},"author":1,"featured_media":0,"comment_status":"open","ping_status":"open","sticky":false,"template":"","format":"standard","meta":{"footnotes":""},"categories":[],"tags":[],"class_list":["post-1294","post","type-post","status-publish","format-standard","hentry"],"yoast_head":"<!-- This site is optimized with the Yoast SEO plugin v27.3 - https:\/\/yoast.com\/product\/yoast-seo-wordpress\/ -->\n<title>Oferta de empleo P\u00fablico 2018 del Concello de As Pontes. - Noticas de oposiciones por Academia Emplea-te<\/title>\n<meta name=\"description\" content=\"El pasado d\u00eda 31 de diciembre en el\u00a0BOP n\u00famero 248\u00a0 se publica la Oferta de Empleo P\u00fablico correspondiente al a\u00f1o 2018 para el Concello de As Pontes. Acceso a resoluci\u00f3n\" \/>\n<meta name=\"robots\" content=\"index, follow, max-snippet:-1, max-image-preview:large, max-video-preview:-1\" \/>\n<link rel=\"canonical\" href=\"https:\/\/www.emplea-te.com\/noticias-oposiciones\/oferta-de-empleo-publico-2018-del-concello-de-as-pontes\/\" \/>\n<meta property=\"og:locale\" content=\"es_ES\" \/>\n<meta property=\"og:type\" content=\"article\" \/>\n<meta property=\"og:title\" content=\"Oferta de empleo P\u00fablico 2018 del Concello de As Pontes. - Noticas de oposiciones por Academia Emplea-te\" \/>\n<meta property=\"og:description\" content=\"El pasado d\u00eda 31 de diciembre en el\u00a0BOP n\u00famero 248\u00a0 se publica la Oferta de Empleo P\u00fablico correspondiente al a\u00f1o 2018 para el Concello de As Pontes. Acceso a resoluci\u00f3n\" \/>\n<meta property=\"og:url\" content=\"https:\/\/www.emplea-te.com\/noticias-oposiciones\/oferta-de-empleo-publico-2018-del-concello-de-as-pontes\/\" \/>\n<meta property=\"og:site_name\" content=\"Noticas de oposiciones por Academia Emplea-te\" \/>\n<meta property=\"article:publisher\" content=\"https:\/\/www.facebook.com\/AcademiaEmpleate\/\" \/>\n<meta property=\"article:published_time\" content=\"2019-01-02T23:00:00+00:00\" \/>\n<meta name=\"author\" content=\"Empleate\" \/>\n<meta name=\"twitter:card\" content=\"summary_large_image\" \/>\n<meta name=\"twitter:creator\" content=\"@Emplea_Te\" \/>\n<meta name=\"twitter:site\" content=\"@Emplea_Te\" \/>\n<meta name=\"twitter:label1\" content=\"Escrito por\" \/>\n\t<meta name=\"twitter:data1\" content=\"Empleate\" \/>\n\t<meta name=\"twitter:label2\" content=\"Tiempo de lectura\" \/>\n\t<meta name=\"twitter:data2\" content=\"1 minuto\" \/>\n<script type=\"application\/ld+json\" class=\"yoast-schema-graph\">{\"@context\":\"https:\\\/\\\/schema.org\",\"@graph\":[{\"@type\":\"Article\",\"@id\":\"https:\\\/\\\/www.emplea-te.com\\\/noticias-oposiciones\\\/oferta-de-empleo-publico-2018-del-concello-de-as-pontes\\\/#article\",\"isPartOf\":{\"@id\":\"https:\\\/\\\/www.emplea-te.com\\\/noticias-oposiciones\\\/oferta-de-empleo-publico-2018-del-concello-de-as-pontes\\\/\"},\"author\":{\"name\":\"Empleate\",\"@id\":\"https:\\\/\\\/www.emplea-te.com\\\/noticias-oposiciones\\\/#\\\/schema\\\/person\\\/d1bc587e1af2b95e9c32aba1795509a6\"},\"headline\":\"Oferta de empleo P\u00fablico 2018 del Concello de As Pontes.\",\"datePublished\":\"2019-01-02T23:00:00+00:00\",\"mainEntityOfPage\":{\"@id\":\"https:\\\/\\\/www.emplea-te.com\\\/noticias-oposiciones\\\/oferta-de-empleo-publico-2018-del-concello-de-as-pontes\\\/\"},\"wordCount\":274,\"commentCount\":0,\"publisher\":{\"@id\":\"https:\\\/\\\/www.emplea-te.com\\\/noticias-oposiciones\\\/#organization\"},\"inLanguage\":\"es\",\"potentialAction\":[{\"@type\":\"CommentAction\",\"name\":\"Comment\",\"target\":[\"https:\\\/\\\/www.emplea-te.com\\\/noticias-oposiciones\\\/oferta-de-empleo-publico-2018-del-concello-de-as-pontes\\\/#respond\"]}]},{\"@type\":\"WebPage\",\"@id\":\"https:\\\/\\\/www.emplea-te.com\\\/noticias-oposiciones\\\/oferta-de-empleo-publico-2018-del-concello-de-as-pontes\\\/\",\"url\":\"https:\\\/\\\/www.emplea-te.com\\\/noticias-oposiciones\\\/oferta-de-empleo-publico-2018-del-concello-de-as-pontes\\\/\",\"name\":\"Oferta de empleo P\u00fablico 2018 del Concello de As Pontes. - Noticas de oposiciones por Academia Emplea-te\",\"isPartOf\":{\"@id\":\"https:\\\/\\\/www.emplea-te.com\\\/noticias-oposiciones\\\/#website\"},\"datePublished\":\"2019-01-02T23:00:00+00:00\",\"description\":\"El pasado d\u00eda 31 de diciembre en el\u00a0BOP n\u00famero 248\u00a0 se publica la Oferta de Empleo P\u00fablico correspondiente al a\u00f1o 2018 para el Concello de As Pontes. Acceso a resoluci\u00f3n\",\"breadcrumb\":{\"@id\":\"https:\\\/\\\/www.emplea-te.com\\\/noticias-oposiciones\\\/oferta-de-empleo-publico-2018-del-concello-de-as-pontes\\\/#breadcrumb\"},\"inLanguage\":\"es\",\"potentialAction\":[{\"@type\":\"ReadAction\",\"target\":[\"https:\\\/\\\/www.emplea-te.com\\\/noticias-oposiciones\\\/oferta-de-empleo-publico-2018-del-concello-de-as-pontes\\\/\"]}]},{\"@type\":\"BreadcrumbList\",\"@id\":\"https:\\\/\\\/www.emplea-te.com\\\/noticias-oposiciones\\\/oferta-de-empleo-publico-2018-del-concello-de-as-pontes\\\/#breadcrumb\",\"itemListElement\":[{\"@type\":\"ListItem\",\"position\":1,\"name\":\"Noticias Oposiciones\",\"item\":\"https:\\\/\\\/www.emplea-te.com\\\/noticias-oposiciones\\\/\"},{\"@type\":\"ListItem\",\"position\":2,\"name\":\"Oferta de empleo P\u00fablico 2018 del Concello de As Pontes.\"}]},{\"@type\":\"WebSite\",\"@id\":\"https:\\\/\\\/www.emplea-te.com\\\/noticias-oposiciones\\\/#website\",\"url\":\"https:\\\/\\\/www.emplea-te.com\\\/noticias-oposiciones\\\/\",\"name\":\"Noticas de oposiciones por Academia Emplea-te\",\"description\":\"Toda la actualidad de las ofertas y convocatorias.\",\"publisher\":{\"@id\":\"https:\\\/\\\/www.emplea-te.com\\\/noticias-oposiciones\\\/#organization\"},\"potentialAction\":[{\"@type\":\"SearchAction\",\"target\":{\"@type\":\"EntryPoint\",\"urlTemplate\":\"https:\\\/\\\/www.emplea-te.com\\\/noticias-oposiciones\\\/?s={search_term_string}\"},\"query-input\":{\"@type\":\"PropertyValueSpecification\",\"valueRequired\":true,\"valueName\":\"search_term_string\"}}],\"inLanguage\":\"es\"},{\"@type\":\"Organization\",\"@id\":\"https:\\\/\\\/www.emplea-te.com\\\/noticias-oposiciones\\\/#organization\",\"name\":\"Academia de oposiciones Empl\u00e9ate\",\"url\":\"https:\\\/\\\/www.emplea-te.com\\\/noticias-oposiciones\\\/\",\"logo\":{\"@type\":\"ImageObject\",\"inLanguage\":\"es\",\"@id\":\"https:\\\/\\\/www.emplea-te.com\\\/noticias-oposiciones\\\/#\\\/schema\\\/logo\\\/image\\\/\",\"url\":\"https:\\\/\\\/www.emplea-te.com\\\/noticias-oposiciones\\\/wp-content\\\/uploads\\\/2019\\\/04\\\/empleate.jpg\",\"contentUrl\":\"https:\\\/\\\/www.emplea-te.com\\\/noticias-oposiciones\\\/wp-content\\\/uploads\\\/2019\\\/04\\\/empleate.jpg\",\"width\":250,\"height\":150,\"caption\":\"Academia de oposiciones Empl\u00e9ate\"},\"image\":{\"@id\":\"https:\\\/\\\/www.emplea-te.com\\\/noticias-oposiciones\\\/#\\\/schema\\\/logo\\\/image\\\/\"},\"sameAs\":[\"https:\\\/\\\/www.facebook.com\\\/AcademiaEmpleate\\\/\",\"https:\\\/\\\/x.com\\\/Emplea_Te\",\"https:\\\/\\\/www.instagram.com\\\/academia_empleate\\\/\"]},{\"@type\":\"Person\",\"@id\":\"https:\\\/\\\/www.emplea-te.com\\\/noticias-oposiciones\\\/#\\\/schema\\\/person\\\/d1bc587e1af2b95e9c32aba1795509a6\",\"name\":\"Empleate\"}]}<\/script>\n<!-- \/ Yoast SEO plugin. -->","yoast_head_json":{"title":"Oferta de empleo P\u00fablico 2018 del Concello de As Pontes. - Noticas de oposiciones por Academia Emplea-te","description":"El pasado d\u00eda 31 de diciembre en el\u00a0BOP n\u00famero 248\u00a0 se publica la Oferta de Empleo P\u00fablico correspondiente al a\u00f1o 2018 para el Concello de As Pontes. Acceso a resoluci\u00f3n","robots":{"index":"index","follow":"follow","max-snippet":"max-snippet:-1","max-image-preview":"max-image-preview:large","max-video-preview":"max-video-preview:-1"},"canonical":"https:\/\/www.emplea-te.com\/noticias-oposiciones\/oferta-de-empleo-publico-2018-del-concello-de-as-pontes\/","og_locale":"es_ES","og_type":"article","og_title":"Oferta de empleo P\u00fablico 2018 del Concello de As Pontes. - Noticas de oposiciones por Academia Emplea-te","og_description":"El pasado d\u00eda 31 de diciembre en el\u00a0BOP n\u00famero 248\u00a0 se publica la Oferta de Empleo P\u00fablico correspondiente al a\u00f1o 2018 para el Concello de As Pontes. Acceso a resoluci\u00f3n","og_url":"https:\/\/www.emplea-te.com\/noticias-oposiciones\/oferta-de-empleo-publico-2018-del-concello-de-as-pontes\/","og_site_name":"Noticas de oposiciones por Academia Emplea-te","article_publisher":"https:\/\/www.facebook.com\/AcademiaEmpleate\/","article_published_time":"2019-01-02T23:00:00+00:00","author":"Empleate","twitter_card":"summary_large_image","twitter_creator":"@Emplea_Te","twitter_site":"@Emplea_Te","twitter_misc":{"Escrito por":"Empleate","Tiempo de lectura":"1 minuto"},"schema":{"@context":"https:\/\/schema.org","@graph":[{"@type":"Article","@id":"https:\/\/www.emplea-te.com\/noticias-oposiciones\/oferta-de-empleo-publico-2018-del-concello-de-as-pontes\/#article","isPartOf":{"@id":"https:\/\/www.emplea-te.com\/noticias-oposiciones\/oferta-de-empleo-publico-2018-del-concello-de-as-pontes\/"},"author":{"name":"Empleate","@id":"https:\/\/www.emplea-te.com\/noticias-oposiciones\/#\/schema\/person\/d1bc587e1af2b95e9c32aba1795509a6"},"headline":"Oferta de empleo P\u00fablico 2018 del Concello de As Pontes.","datePublished":"2019-01-02T23:00:00+00:00","mainEntityOfPage":{"@id":"https:\/\/www.emplea-te.com\/noticias-oposiciones\/oferta-de-empleo-publico-2018-del-concello-de-as-pontes\/"},"wordCount":274,"commentCount":0,"publisher":{"@id":"https:\/\/www.emplea-te.com\/noticias-oposiciones\/#organization"},"inLanguage":"es","potentialAction":[{"@type":"CommentAction","name":"Comment","target":["https:\/\/www.emplea-te.com\/noticias-oposiciones\/oferta-de-empleo-publico-2018-del-concello-de-as-pontes\/#respond"]}]},{"@type":"WebPage","@id":"https:\/\/www.emplea-te.com\/noticias-oposiciones\/oferta-de-empleo-publico-2018-del-concello-de-as-pontes\/","url":"https:\/\/www.emplea-te.com\/noticias-oposiciones\/oferta-de-empleo-publico-2018-del-concello-de-as-pontes\/","name":"Oferta de empleo P\u00fablico 2018 del Concello de As Pontes. - Noticas de oposiciones por Academia Emplea-te","isPartOf":{"@id":"https:\/\/www.emplea-te.com\/noticias-oposiciones\/#website"},"datePublished":"2019-01-02T23:00:00+00:00","description":"El pasado d\u00eda 31 de diciembre en el\u00a0BOP n\u00famero 248\u00a0 se publica la Oferta de Empleo P\u00fablico correspondiente al a\u00f1o 2018 para el Concello de As Pontes. Acceso a resoluci\u00f3n","breadcrumb":{"@id":"https:\/\/www.emplea-te.com\/noticias-oposiciones\/oferta-de-empleo-publico-2018-del-concello-de-as-pontes\/#breadcrumb"},"inLanguage":"es","potentialAction":[{"@type":"ReadAction","target":["https:\/\/www.emplea-te.com\/noticias-oposiciones\/oferta-de-empleo-publico-2018-del-concello-de-as-pontes\/"]}]},{"@type":"BreadcrumbList","@id":"https:\/\/www.emplea-te.com\/noticias-oposiciones\/oferta-de-empleo-publico-2018-del-concello-de-as-pontes\/#breadcrumb","itemListElement":[{"@type":"ListItem","position":1,"name":"Noticias Oposiciones","item":"https:\/\/www.emplea-te.com\/noticias-oposiciones\/"},{"@type":"ListItem","position":2,"name":"Oferta de empleo P\u00fablico 2018 del Concello de As Pontes."}]},{"@type":"WebSite","@id":"https:\/\/www.emplea-te.com\/noticias-oposiciones\/#website","url":"https:\/\/www.emplea-te.com\/noticias-oposiciones\/","name":"Noticas de oposiciones por Academia Emplea-te","description":"Toda la actualidad de las ofertas y convocatorias.","publisher":{"@id":"https:\/\/www.emplea-te.com\/noticias-oposiciones\/#organization"},"potentialAction":[{"@type":"SearchAction","target":{"@type":"EntryPoint","urlTemplate":"https:\/\/www.emplea-te.com\/noticias-oposiciones\/?s={search_term_string}"},"query-input":{"@type":"PropertyValueSpecification","valueRequired":true,"valueName":"search_term_string"}}],"inLanguage":"es"},{"@type":"Organization","@id":"https:\/\/www.emplea-te.com\/noticias-oposiciones\/#organization","name":"Academia de oposiciones Empl\u00e9ate","url":"https:\/\/www.emplea-te.com\/noticias-oposiciones\/","logo":{"@type":"ImageObject","inLanguage":"es","@id":"https:\/\/www.emplea-te.com\/noticias-oposiciones\/#\/schema\/logo\/image\/","url":"https:\/\/www.emplea-te.com\/noticias-oposiciones\/wp-content\/uploads\/2019\/04\/empleate.jpg","contentUrl":"https:\/\/www.emplea-te.com\/noticias-oposiciones\/wp-content\/uploads\/2019\/04\/empleate.jpg","width":250,"height":150,"caption":"Academia de oposiciones Empl\u00e9ate"},"image":{"@id":"https:\/\/www.emplea-te.com\/noticias-oposiciones\/#\/schema\/logo\/image\/"},"sameAs":["https:\/\/www.facebook.com\/AcademiaEmpleate\/","https:\/\/x.com\/Emplea_Te","https:\/\/www.instagram.com\/academia_empleate\/"]},{"@type":"Person","@id":"https:\/\/www.emplea-te.com\/noticias-oposiciones\/#\/schema\/person\/d1bc587e1af2b95e9c32aba1795509a6","name":"Empleate"}]}},"_links":{"self":[{"href":"https:\/\/www.emplea-te.com\/noticias-oposiciones\/wp-json\/wp\/v2\/posts\/1294","targetHints":{"allow":["GET"]}}],"collection":[{"href":"https:\/\/www.emplea-te.com\/noticias-oposiciones\/wp-json\/wp\/v2\/posts"}],"about":[{"href":"https:\/\/www.emplea-te.com\/noticias-oposiciones\/wp-json\/wp\/v2\/types\/post"}],"author":[{"embeddable":true,"href":"https:\/\/www.emplea-te.com\/noticias-oposiciones\/wp-json\/wp\/v2\/users\/1"}],"replies":[{"embeddable":true,"href":"https:\/\/www.emplea-te.com\/noticias-oposiciones\/wp-json\/wp\/v2\/comments?post=1294"}],"version-history":[{"count":0,"href":"https:\/\/www.emplea-te.com\/noticias-oposiciones\/wp-json\/wp\/v2\/posts\/1294\/revisions"}],"wp:attachment":[{"href":"https:\/\/www.emplea-te.com\/noticias-oposiciones\/wp-json\/wp\/v2\/media?parent=1294"}],"wp:term":[{"taxonomy":"category","embeddable":true,"href":"https:\/\/www.emplea-te.com\/noticias-oposiciones\/wp-json\/wp\/v2\/categories?post=1294"},{"taxonomy":"post_tag","embeddable":true,"href":"https:\/\/www.emplea-te.com\/noticias-oposiciones\/wp-json\/wp\/v2\/tags?post=1294"}],"curies":[{"name":"wp","href":"https:\/\/api.w.org\/{rel}","templated":true}]}}