{"id":1295,"date":"2019-01-03T00:00:00","date_gmt":"2019-01-02T23:00:00","guid":{"rendered":"https:\/\/www.emplea-te.com\/noticias-oposiciones\/oferta-empleo-publico-2018-universidad-santiago-de-compostela\/"},"modified":"2019-01-03T00:00:00","modified_gmt":"2019-01-02T23:00:00","slug":"oferta-empleo-publico-2018-universidad-santiago-de-compostela","status":"publish","type":"post","link":"https:\/\/www.emplea-te.com\/noticias-oposiciones\/oferta-empleo-publico-2018-universidad-santiago-de-compostela\/","title":{"rendered":"Oferta Empleo P\u00fablico 2018&nbsp;Universidad Santiago de Compostela <br>"},"content":{"rendered":"<p>Publicada en el DOG n\u00famero 248 de fecha 31 de diciembre la Oferta de Empleo P\u00fablico de la Universidad de Santiago de Compostela de Administraci\u00f3n y Personal de Servicios.<\/p>\n<p>Las convocatorias das probas selectivas de acceso libre derivadas da presente oferta publicaranse no Diario Oficial de Galicia e no Bolet\u00edn Oficial del Estado, para garantir a publicidade exixida no artigo 75.2 da Lei 6\/2001, do 21 de decembro, de universidades, e executaranse dentro do prazo m\u00e1ximo previsto no artigo 70 do texto refundido da Lei do Estatuto b\u00e1sico do empregado p\u00fablico.<\/p>\n<p>Destacamos estas plazas de acceso libre:<\/p>\n<p>C2 Escala auxiliar Administrativo&nbsp; 83 plazas <\/p>\n<p>C1 Escala auxiliar de archivos, bibliotecas e museos 6 plazas <\/p>\n<p>IV.1 Oficial de servicios 15&nbsp; plazas <\/p>\n<p><a href=\"https:\/\/www.xunta.gal\/dog\/Publicados\/2018\/20181231\/AnuncioG2018-191218-0001_gl.pdf\" target=\"_blank\" rel=\"nofollow noopener noreferrer\"><span class=\"wysiwyg-color-green\">Enlace a resoluci\u00f3n <\/span><\/a><\/p>\n<p><a href=\"https:\/\/www.emplea-te.com\/cursos-para-oposiciones\" target=\"_blank\" rel=\"nofollow noopener noreferrer\"><span class=\"wysiwyg-color-green\">Informaci\u00f3n de nuestros grupos presenciales <\/span><\/a><\/p>\n","protected":false},"excerpt":{"rendered":"<p>Publicada en el DOG n\u00famero 248 de fecha 31 de diciembre la Oferta de Empleo P\u00fablico de la Universidad de Santiago de Compostela de Administraci\u00f3n y Personal de Servicios. Las convocatorias das probas selectivas de acceso libre derivadas da presente oferta publicaranse no Diario Oficial de Galicia e no Bolet\u00edn Oficial del Estado, para garantir &hellip; <a href=\"https:\/\/www.emplea-te.com\/noticias-oposiciones\/oferta-empleo-publico-2018-universidad-santiago-de-compostela\/\" class=\"more-link\">Continuar leyendo<span class=\"screen-reader-text\"> \u00abOferta Empleo P\u00fablico 2018&nbsp;Universidad Santiago de Compostela <br \/>\u00ab<\/span><\/a><\/p>\n","protected":false},"author":1,"featured_media":0,"comment_status":"open","ping_status":"open","sticky":false,"template":"","format":"standard","meta":{"footnotes":""},"categories":[],"tags":[],"class_list":["post-1295","post","type-post","status-publish","format-standard","hentry"],"yoast_head":"<!-- This site is optimized with the Yoast SEO plugin v27.3 - https:\/\/yoast.com\/product\/yoast-seo-wordpress\/ -->\n<title>Oferta Empleo P\u00fablico 2018&nbsp;Universidad Santiago de Compostela  - Noticas de oposiciones por Academia Emplea-te<\/title>\n<meta name=\"description\" content=\"Publicada en el DOG n\u00famero 248 de fecha 31 de diciembre la Oferta de Empleo P\u00fablico de la Universidad de Santiago de Compostela de Administraci\u00f3n y Personal de Servicios. Enlace a resoluci\u00f3n.\" \/>\n<meta name=\"robots\" content=\"index, follow, max-snippet:-1, max-image-preview:large, max-video-preview:-1\" \/>\n<link rel=\"canonical\" href=\"https:\/\/www.emplea-te.com\/noticias-oposiciones\/oferta-empleo-publico-2018-universidad-santiago-de-compostela\/\" \/>\n<meta property=\"og:locale\" content=\"es_ES\" \/>\n<meta property=\"og:type\" content=\"article\" \/>\n<meta property=\"og:title\" content=\"Oferta Empleo P\u00fablico 2018&nbsp;Universidad Santiago de Compostela  - Noticas de oposiciones por Academia Emplea-te\" \/>\n<meta property=\"og:description\" content=\"Publicada en el DOG n\u00famero 248 de fecha 31 de diciembre la Oferta de Empleo P\u00fablico de la Universidad de Santiago de Compostela de Administraci\u00f3n y Personal de Servicios. Enlace a resoluci\u00f3n.\" \/>\n<meta property=\"og:url\" content=\"https:\/\/www.emplea-te.com\/noticias-oposiciones\/oferta-empleo-publico-2018-universidad-santiago-de-compostela\/\" \/>\n<meta property=\"og:site_name\" content=\"Noticas de oposiciones por Academia Emplea-te\" \/>\n<meta property=\"article:publisher\" content=\"https:\/\/www.facebook.com\/AcademiaEmpleate\/\" \/>\n<meta property=\"article:published_time\" content=\"2019-01-02T23:00:00+00:00\" \/>\n<meta name=\"author\" content=\"Empleate\" \/>\n<meta name=\"twitter:card\" content=\"summary_large_image\" \/>\n<meta name=\"twitter:creator\" content=\"@Emplea_Te\" \/>\n<meta name=\"twitter:site\" content=\"@Emplea_Te\" \/>\n<meta name=\"twitter:label1\" content=\"Escrito por\" \/>\n\t<meta name=\"twitter:data1\" content=\"Empleate\" \/>\n\t<meta name=\"twitter:label2\" content=\"Tiempo de lectura\" \/>\n\t<meta name=\"twitter:data2\" content=\"1 minuto\" \/>\n<script type=\"application\/ld+json\" class=\"yoast-schema-graph\">{\"@context\":\"https:\\\/\\\/schema.org\",\"@graph\":[{\"@type\":\"Article\",\"@id\":\"https:\\\/\\\/www.emplea-te.com\\\/noticias-oposiciones\\\/oferta-empleo-publico-2018-universidad-santiago-de-compostela\\\/#article\",\"isPartOf\":{\"@id\":\"https:\\\/\\\/www.emplea-te.com\\\/noticias-oposiciones\\\/oferta-empleo-publico-2018-universidad-santiago-de-compostela\\\/\"},\"author\":{\"name\":\"Empleate\",\"@id\":\"https:\\\/\\\/www.emplea-te.com\\\/noticias-oposiciones\\\/#\\\/schema\\\/person\\\/d1bc587e1af2b95e9c32aba1795509a6\"},\"headline\":\"Oferta Empleo P\u00fablico 2018&nbsp;Universidad Santiago de Compostela\",\"datePublished\":\"2019-01-02T23:00:00+00:00\",\"mainEntityOfPage\":{\"@id\":\"https:\\\/\\\/www.emplea-te.com\\\/noticias-oposiciones\\\/oferta-empleo-publico-2018-universidad-santiago-de-compostela\\\/\"},\"wordCount\":138,\"commentCount\":0,\"publisher\":{\"@id\":\"https:\\\/\\\/www.emplea-te.com\\\/noticias-oposiciones\\\/#organization\"},\"inLanguage\":\"es\",\"potentialAction\":[{\"@type\":\"CommentAction\",\"name\":\"Comment\",\"target\":[\"https:\\\/\\\/www.emplea-te.com\\\/noticias-oposiciones\\\/oferta-empleo-publico-2018-universidad-santiago-de-compostela\\\/#respond\"]}]},{\"@type\":\"WebPage\",\"@id\":\"https:\\\/\\\/www.emplea-te.com\\\/noticias-oposiciones\\\/oferta-empleo-publico-2018-universidad-santiago-de-compostela\\\/\",\"url\":\"https:\\\/\\\/www.emplea-te.com\\\/noticias-oposiciones\\\/oferta-empleo-publico-2018-universidad-santiago-de-compostela\\\/\",\"name\":\"Oferta Empleo P\u00fablico 2018&nbsp;Universidad Santiago de Compostela - Noticas de oposiciones por Academia Emplea-te\",\"isPartOf\":{\"@id\":\"https:\\\/\\\/www.emplea-te.com\\\/noticias-oposiciones\\\/#website\"},\"datePublished\":\"2019-01-02T23:00:00+00:00\",\"description\":\"Publicada en el DOG n\u00famero 248 de fecha 31 de diciembre la Oferta de Empleo P\u00fablico de la Universidad de Santiago de Compostela de Administraci\u00f3n y Personal de Servicios. Enlace a resoluci\u00f3n.\",\"breadcrumb\":{\"@id\":\"https:\\\/\\\/www.emplea-te.com\\\/noticias-oposiciones\\\/oferta-empleo-publico-2018-universidad-santiago-de-compostela\\\/#breadcrumb\"},\"inLanguage\":\"es\",\"potentialAction\":[{\"@type\":\"ReadAction\",\"target\":[\"https:\\\/\\\/www.emplea-te.com\\\/noticias-oposiciones\\\/oferta-empleo-publico-2018-universidad-santiago-de-compostela\\\/\"]}]},{\"@type\":\"BreadcrumbList\",\"@id\":\"https:\\\/\\\/www.emplea-te.com\\\/noticias-oposiciones\\\/oferta-empleo-publico-2018-universidad-santiago-de-compostela\\\/#breadcrumb\",\"itemListElement\":[{\"@type\":\"ListItem\",\"position\":1,\"name\":\"Noticias Oposiciones\",\"item\":\"https:\\\/\\\/www.emplea-te.com\\\/noticias-oposiciones\\\/\"},{\"@type\":\"ListItem\",\"position\":2,\"name\":\"Oferta Empleo P\u00fablico 2018&nbsp;Universidad Santiago de Compostela\"}]},{\"@type\":\"WebSite\",\"@id\":\"https:\\\/\\\/www.emplea-te.com\\\/noticias-oposiciones\\\/#website\",\"url\":\"https:\\\/\\\/www.emplea-te.com\\\/noticias-oposiciones\\\/\",\"name\":\"Noticas de oposiciones por Academia Emplea-te\",\"description\":\"Toda la actualidad de las ofertas y convocatorias.\",\"publisher\":{\"@id\":\"https:\\\/\\\/www.emplea-te.com\\\/noticias-oposiciones\\\/#organization\"},\"potentialAction\":[{\"@type\":\"SearchAction\",\"target\":{\"@type\":\"EntryPoint\",\"urlTemplate\":\"https:\\\/\\\/www.emplea-te.com\\\/noticias-oposiciones\\\/?s={search_term_string}\"},\"query-input\":{\"@type\":\"PropertyValueSpecification\",\"valueRequired\":true,\"valueName\":\"search_term_string\"}}],\"inLanguage\":\"es\"},{\"@type\":\"Organization\",\"@id\":\"https:\\\/\\\/www.emplea-te.com\\\/noticias-oposiciones\\\/#organization\",\"name\":\"Academia de oposiciones Empl\u00e9ate\",\"url\":\"https:\\\/\\\/www.emplea-te.com\\\/noticias-oposiciones\\\/\",\"logo\":{\"@type\":\"ImageObject\",\"inLanguage\":\"es\",\"@id\":\"https:\\\/\\\/www.emplea-te.com\\\/noticias-oposiciones\\\/#\\\/schema\\\/logo\\\/image\\\/\",\"url\":\"https:\\\/\\\/www.emplea-te.com\\\/noticias-oposiciones\\\/wp-content\\\/uploads\\\/2019\\\/04\\\/empleate.jpg\",\"contentUrl\":\"https:\\\/\\\/www.emplea-te.com\\\/noticias-oposiciones\\\/wp-content\\\/uploads\\\/2019\\\/04\\\/empleate.jpg\",\"width\":250,\"height\":150,\"caption\":\"Academia de oposiciones Empl\u00e9ate\"},\"image\":{\"@id\":\"https:\\\/\\\/www.emplea-te.com\\\/noticias-oposiciones\\\/#\\\/schema\\\/logo\\\/image\\\/\"},\"sameAs\":[\"https:\\\/\\\/www.facebook.com\\\/AcademiaEmpleate\\\/\",\"https:\\\/\\\/x.com\\\/Emplea_Te\",\"https:\\\/\\\/www.instagram.com\\\/academia_empleate\\\/\"]},{\"@type\":\"Person\",\"@id\":\"https:\\\/\\\/www.emplea-te.com\\\/noticias-oposiciones\\\/#\\\/schema\\\/person\\\/d1bc587e1af2b95e9c32aba1795509a6\",\"name\":\"Empleate\"}]}<\/script>\n<!-- \/ Yoast SEO plugin. -->","yoast_head_json":{"title":"Oferta Empleo P\u00fablico 2018&nbsp;Universidad Santiago de Compostela  - Noticas de oposiciones por Academia Emplea-te","description":"Publicada en el DOG n\u00famero 248 de fecha 31 de diciembre la Oferta de Empleo P\u00fablico de la Universidad de Santiago de Compostela de Administraci\u00f3n y Personal de Servicios. Enlace a resoluci\u00f3n.","robots":{"index":"index","follow":"follow","max-snippet":"max-snippet:-1","max-image-preview":"max-image-preview:large","max-video-preview":"max-video-preview:-1"},"canonical":"https:\/\/www.emplea-te.com\/noticias-oposiciones\/oferta-empleo-publico-2018-universidad-santiago-de-compostela\/","og_locale":"es_ES","og_type":"article","og_title":"Oferta Empleo P\u00fablico 2018&nbsp;Universidad Santiago de Compostela  - Noticas de oposiciones por Academia Emplea-te","og_description":"Publicada en el DOG n\u00famero 248 de fecha 31 de diciembre la Oferta de Empleo P\u00fablico de la Universidad de Santiago de Compostela de Administraci\u00f3n y Personal de Servicios. Enlace a resoluci\u00f3n.","og_url":"https:\/\/www.emplea-te.com\/noticias-oposiciones\/oferta-empleo-publico-2018-universidad-santiago-de-compostela\/","og_site_name":"Noticas de oposiciones por Academia Emplea-te","article_publisher":"https:\/\/www.facebook.com\/AcademiaEmpleate\/","article_published_time":"2019-01-02T23:00:00+00:00","author":"Empleate","twitter_card":"summary_large_image","twitter_creator":"@Emplea_Te","twitter_site":"@Emplea_Te","twitter_misc":{"Escrito por":"Empleate","Tiempo de lectura":"1 minuto"},"schema":{"@context":"https:\/\/schema.org","@graph":[{"@type":"Article","@id":"https:\/\/www.emplea-te.com\/noticias-oposiciones\/oferta-empleo-publico-2018-universidad-santiago-de-compostela\/#article","isPartOf":{"@id":"https:\/\/www.emplea-te.com\/noticias-oposiciones\/oferta-empleo-publico-2018-universidad-santiago-de-compostela\/"},"author":{"name":"Empleate","@id":"https:\/\/www.emplea-te.com\/noticias-oposiciones\/#\/schema\/person\/d1bc587e1af2b95e9c32aba1795509a6"},"headline":"Oferta Empleo P\u00fablico 2018&nbsp;Universidad Santiago de Compostela","datePublished":"2019-01-02T23:00:00+00:00","mainEntityOfPage":{"@id":"https:\/\/www.emplea-te.com\/noticias-oposiciones\/oferta-empleo-publico-2018-universidad-santiago-de-compostela\/"},"wordCount":138,"commentCount":0,"publisher":{"@id":"https:\/\/www.emplea-te.com\/noticias-oposiciones\/#organization"},"inLanguage":"es","potentialAction":[{"@type":"CommentAction","name":"Comment","target":["https:\/\/www.emplea-te.com\/noticias-oposiciones\/oferta-empleo-publico-2018-universidad-santiago-de-compostela\/#respond"]}]},{"@type":"WebPage","@id":"https:\/\/www.emplea-te.com\/noticias-oposiciones\/oferta-empleo-publico-2018-universidad-santiago-de-compostela\/","url":"https:\/\/www.emplea-te.com\/noticias-oposiciones\/oferta-empleo-publico-2018-universidad-santiago-de-compostela\/","name":"Oferta Empleo P\u00fablico 2018&nbsp;Universidad Santiago de Compostela - Noticas de oposiciones por Academia Emplea-te","isPartOf":{"@id":"https:\/\/www.emplea-te.com\/noticias-oposiciones\/#website"},"datePublished":"2019-01-02T23:00:00+00:00","description":"Publicada en el DOG n\u00famero 248 de fecha 31 de diciembre la Oferta de Empleo P\u00fablico de la Universidad de Santiago de Compostela de Administraci\u00f3n y Personal de Servicios. Enlace a resoluci\u00f3n.","breadcrumb":{"@id":"https:\/\/www.emplea-te.com\/noticias-oposiciones\/oferta-empleo-publico-2018-universidad-santiago-de-compostela\/#breadcrumb"},"inLanguage":"es","potentialAction":[{"@type":"ReadAction","target":["https:\/\/www.emplea-te.com\/noticias-oposiciones\/oferta-empleo-publico-2018-universidad-santiago-de-compostela\/"]}]},{"@type":"BreadcrumbList","@id":"https:\/\/www.emplea-te.com\/noticias-oposiciones\/oferta-empleo-publico-2018-universidad-santiago-de-compostela\/#breadcrumb","itemListElement":[{"@type":"ListItem","position":1,"name":"Noticias Oposiciones","item":"https:\/\/www.emplea-te.com\/noticias-oposiciones\/"},{"@type":"ListItem","position":2,"name":"Oferta Empleo P\u00fablico 2018&nbsp;Universidad Santiago de Compostela"}]},{"@type":"WebSite","@id":"https:\/\/www.emplea-te.com\/noticias-oposiciones\/#website","url":"https:\/\/www.emplea-te.com\/noticias-oposiciones\/","name":"Noticas de oposiciones por Academia Emplea-te","description":"Toda la actualidad de las ofertas y convocatorias.","publisher":{"@id":"https:\/\/www.emplea-te.com\/noticias-oposiciones\/#organization"},"potentialAction":[{"@type":"SearchAction","target":{"@type":"EntryPoint","urlTemplate":"https:\/\/www.emplea-te.com\/noticias-oposiciones\/?s={search_term_string}"},"query-input":{"@type":"PropertyValueSpecification","valueRequired":true,"valueName":"search_term_string"}}],"inLanguage":"es"},{"@type":"Organization","@id":"https:\/\/www.emplea-te.com\/noticias-oposiciones\/#organization","name":"Academia de oposiciones Empl\u00e9ate","url":"https:\/\/www.emplea-te.com\/noticias-oposiciones\/","logo":{"@type":"ImageObject","inLanguage":"es","@id":"https:\/\/www.emplea-te.com\/noticias-oposiciones\/#\/schema\/logo\/image\/","url":"https:\/\/www.emplea-te.com\/noticias-oposiciones\/wp-content\/uploads\/2019\/04\/empleate.jpg","contentUrl":"https:\/\/www.emplea-te.com\/noticias-oposiciones\/wp-content\/uploads\/2019\/04\/empleate.jpg","width":250,"height":150,"caption":"Academia de oposiciones Empl\u00e9ate"},"image":{"@id":"https:\/\/www.emplea-te.com\/noticias-oposiciones\/#\/schema\/logo\/image\/"},"sameAs":["https:\/\/www.facebook.com\/AcademiaEmpleate\/","https:\/\/x.com\/Emplea_Te","https:\/\/www.instagram.com\/academia_empleate\/"]},{"@type":"Person","@id":"https:\/\/www.emplea-te.com\/noticias-oposiciones\/#\/schema\/person\/d1bc587e1af2b95e9c32aba1795509a6","name":"Empleate"}]}},"_links":{"self":[{"href":"https:\/\/www.emplea-te.com\/noticias-oposiciones\/wp-json\/wp\/v2\/posts\/1295","targetHints":{"allow":["GET"]}}],"collection":[{"href":"https:\/\/www.emplea-te.com\/noticias-oposiciones\/wp-json\/wp\/v2\/posts"}],"about":[{"href":"https:\/\/www.emplea-te.com\/noticias-oposiciones\/wp-json\/wp\/v2\/types\/post"}],"author":[{"embeddable":true,"href":"https:\/\/www.emplea-te.com\/noticias-oposiciones\/wp-json\/wp\/v2\/users\/1"}],"replies":[{"embeddable":true,"href":"https:\/\/www.emplea-te.com\/noticias-oposiciones\/wp-json\/wp\/v2\/comments?post=1295"}],"version-history":[{"count":0,"href":"https:\/\/www.emplea-te.com\/noticias-oposiciones\/wp-json\/wp\/v2\/posts\/1295\/revisions"}],"wp:attachment":[{"href":"https:\/\/www.emplea-te.com\/noticias-oposiciones\/wp-json\/wp\/v2\/media?parent=1295"}],"wp:term":[{"taxonomy":"category","embeddable":true,"href":"https:\/\/www.emplea-te.com\/noticias-oposiciones\/wp-json\/wp\/v2\/categories?post=1295"},{"taxonomy":"post_tag","embeddable":true,"href":"https:\/\/www.emplea-te.com\/noticias-oposiciones\/wp-json\/wp\/v2\/tags?post=1295"}],"curies":[{"name":"wp","href":"https:\/\/api.w.org\/{rel}","templated":true}]}}