{"id":1299,"date":"2019-01-07T00:00:00","date_gmt":"2019-01-06T23:00:00","guid":{"rendered":"https:\/\/www.emplea-te.com\/noticias-oposiciones\/publicada-en-bop-convocatoria-y-bases-para-la-seleccion-de-la-administracion-general-del-concello-de-zas\/"},"modified":"2019-01-07T00:00:00","modified_gmt":"2019-01-06T23:00:00","slug":"publicada-en-bop-convocatoria-y-bases-para-la-seleccion-de-la-administracion-general-del-concello-de-zas","status":"publish","type":"post","link":"https:\/\/www.emplea-te.com\/noticias-oposiciones\/publicada-en-bop-convocatoria-y-bases-para-la-seleccion-de-la-administracion-general-del-concello-de-zas\/","title":{"rendered":"Publicada en BOP convocatoria y bases para la selecci\u00f3n de la Administraci\u00f3n General del Concello de Zas. <br>"},"content":{"rendered":"<p>Publicado en el BOP n\u00famero 4&nbsp;de fecha 7 de enero de 2019 :<\/p>\n<p>Convocatoria y bases espec\u00edficas del proceso de selecci\u00f3n de la Administraci\u00f3n General de Escala, auxiliar administrativo subordinado con car\u00e1cter interino.<\/p>\n<p><\/p>\n<p>Primero.- Objeto de la convocatoria.<\/p>\n<p>El prop\u00f3sito de estas bases es la cobertura de la vacante posterior del auxiliar administrativo de los funcionarios de esta Corporaci\u00f3n, en forma interina, a menos que sea proporcionada por un funcionario de carrera \/ hasta las razones de urgencia que motivaron su cobertura interina cuyas caracter\u00edsticas son :<\/p>\n<p>&#8211; Grupo: C<\/p>\n<p>&#8211; Subgrupo: 2<\/p>\n<p>&#8211; Escala: Administraci\u00f3n general.<\/p>\n<p>&#8211; Subescala: auxiliar administrativo.<\/p>\n<p>&#8211; N\u00famero de vacantes: 1.<\/p>\n<p>&#8211; Nivel: 12<\/p>\n<p>&#8211; Suplemento espec\u00edfico: 3.093,30 \ufffd,\ufffd (14 pagos \/ a\u00f1o)<\/p>\n<p>Las funciones que se le conf\u00edan son las siguientes: mecanograf\u00eda, correspondencia, gesti\u00f3n inform\u00e1tica, mantenimiento y emisi\u00f3n de certificados de registro, coexistencia, control y supervisi\u00f3n, registro y archivo de la documentaci\u00f3n presentada en las oficinas, informaci\u00f3n y servicio p\u00fablico. , c\u00e1lculo simple, manejo de m\u00e1quinas, funciones de soporte para otras subescalas y otras similares.<\/p>\n<p><a href=\"http:\/\/bop.dicoruna.es\/bopportal\/publicado\/2019\/01\/07\/2019_0000000007.html\" target=\"_blank\" rel=\"nofollow noopener noreferrer\"><span class=\"wysiwyg-color-green\">Enlace a resoluci\u00f3n <\/span><\/a><\/p>\n<p><a href=\"https:\/\/www.emplea-te.com\/48\/oposiciones-de-OPOSICIONES-DE-ADMINISTRATIVO-Y-AUX.-ADMINISTRATIVO%C2%A0-PROMOCION-INTERNA\" target=\"_blank\" rel=\"nofollow noopener noreferrer\"><span class=\"wysiwyg-color-green\">Enlace a nuestros grupos presenciales grupales para preparar esta oferta de Auxiliar Administrativo de car\u00e1cter interino. <\/span><\/a><\/p>\n","protected":false},"excerpt":{"rendered":"<p>Publicado en el BOP n\u00famero 4&nbsp;de fecha 7 de enero de 2019 : Convocatoria y bases espec\u00edficas del proceso de selecci\u00f3n de la Administraci\u00f3n General de Escala, auxiliar administrativo subordinado con car\u00e1cter interino. Primero.- Objeto de la convocatoria. El prop\u00f3sito de estas bases es la cobertura de la vacante posterior del auxiliar administrativo de los &hellip; <a href=\"https:\/\/www.emplea-te.com\/noticias-oposiciones\/publicada-en-bop-convocatoria-y-bases-para-la-seleccion-de-la-administracion-general-del-concello-de-zas\/\" class=\"more-link\">Continuar leyendo<span class=\"screen-reader-text\"> \u00abPublicada en BOP convocatoria y bases para la selecci\u00f3n de la Administraci\u00f3n General del Concello de Zas. <br \/>\u00ab<\/span><\/a><\/p>\n","protected":false},"author":1,"featured_media":0,"comment_status":"open","ping_status":"open","sticky":false,"template":"","format":"standard","meta":{"footnotes":""},"categories":[],"tags":[],"class_list":["post-1299","post","type-post","status-publish","format-standard","hentry"],"yoast_head":"<!-- This site is optimized with the Yoast SEO plugin v27.3 - https:\/\/yoast.com\/product\/yoast-seo-wordpress\/ -->\n<title>Publicada en BOP convocatoria y bases para la selecci\u00f3n de la Administraci\u00f3n General del Concello de Zas.  - Noticas de oposiciones por Academia Emplea-te<\/title>\n<meta name=\"description\" content=\"Publicado en el BOP n\u00famero 4\u00a0de fecha 7 de enero de 2019 :Convocatoria y bases espec\u00edficas del proceso de selecci\u00f3n de la Administraci\u00f3n General de Escala, auxiliar administrativo subordinado con car\u00e1cter interino. Enlace a resoluci\u00f3n\" \/>\n<meta name=\"robots\" content=\"index, follow, max-snippet:-1, max-image-preview:large, max-video-preview:-1\" \/>\n<link rel=\"canonical\" href=\"https:\/\/www.emplea-te.com\/noticias-oposiciones\/publicada-en-bop-convocatoria-y-bases-para-la-seleccion-de-la-administracion-general-del-concello-de-zas\/\" \/>\n<meta property=\"og:locale\" content=\"es_ES\" \/>\n<meta property=\"og:type\" content=\"article\" \/>\n<meta property=\"og:title\" content=\"Publicada en BOP convocatoria y bases para la selecci\u00f3n de la Administraci\u00f3n General del Concello de Zas.  - Noticas de oposiciones por Academia Emplea-te\" \/>\n<meta property=\"og:description\" content=\"Publicado en el BOP n\u00famero 4\u00a0de fecha 7 de enero de 2019 :Convocatoria y bases espec\u00edficas del proceso de selecci\u00f3n de la Administraci\u00f3n General de Escala, auxiliar administrativo subordinado con car\u00e1cter interino. Enlace a resoluci\u00f3n\" \/>\n<meta property=\"og:url\" content=\"https:\/\/www.emplea-te.com\/noticias-oposiciones\/publicada-en-bop-convocatoria-y-bases-para-la-seleccion-de-la-administracion-general-del-concello-de-zas\/\" \/>\n<meta property=\"og:site_name\" content=\"Noticas de oposiciones por Academia Emplea-te\" \/>\n<meta property=\"article:publisher\" content=\"https:\/\/www.facebook.com\/AcademiaEmpleate\/\" \/>\n<meta property=\"article:published_time\" content=\"2019-01-06T23:00:00+00:00\" \/>\n<meta name=\"author\" content=\"Empleate\" \/>\n<meta name=\"twitter:card\" content=\"summary_large_image\" \/>\n<meta name=\"twitter:creator\" content=\"@Emplea_Te\" \/>\n<meta name=\"twitter:site\" content=\"@Emplea_Te\" \/>\n<meta name=\"twitter:label1\" content=\"Escrito por\" \/>\n\t<meta name=\"twitter:data1\" content=\"Empleate\" \/>\n\t<meta name=\"twitter:label2\" content=\"Tiempo de lectura\" \/>\n\t<meta name=\"twitter:data2\" content=\"1 minuto\" \/>\n<script type=\"application\/ld+json\" class=\"yoast-schema-graph\">{\"@context\":\"https:\\\/\\\/schema.org\",\"@graph\":[{\"@type\":\"Article\",\"@id\":\"https:\\\/\\\/www.emplea-te.com\\\/noticias-oposiciones\\\/publicada-en-bop-convocatoria-y-bases-para-la-seleccion-de-la-administracion-general-del-concello-de-zas\\\/#article\",\"isPartOf\":{\"@id\":\"https:\\\/\\\/www.emplea-te.com\\\/noticias-oposiciones\\\/publicada-en-bop-convocatoria-y-bases-para-la-seleccion-de-la-administracion-general-del-concello-de-zas\\\/\"},\"author\":{\"name\":\"Empleate\",\"@id\":\"https:\\\/\\\/www.emplea-te.com\\\/noticias-oposiciones\\\/#\\\/schema\\\/person\\\/d1bc587e1af2b95e9c32aba1795509a6\"},\"headline\":\"Publicada en BOP convocatoria y bases para la selecci\u00f3n de la Administraci\u00f3n General del Concello de Zas.\",\"datePublished\":\"2019-01-06T23:00:00+00:00\",\"mainEntityOfPage\":{\"@id\":\"https:\\\/\\\/www.emplea-te.com\\\/noticias-oposiciones\\\/publicada-en-bop-convocatoria-y-bases-para-la-seleccion-de-la-administracion-general-del-concello-de-zas\\\/\"},\"wordCount\":223,\"commentCount\":0,\"publisher\":{\"@id\":\"https:\\\/\\\/www.emplea-te.com\\\/noticias-oposiciones\\\/#organization\"},\"inLanguage\":\"es\",\"potentialAction\":[{\"@type\":\"CommentAction\",\"name\":\"Comment\",\"target\":[\"https:\\\/\\\/www.emplea-te.com\\\/noticias-oposiciones\\\/publicada-en-bop-convocatoria-y-bases-para-la-seleccion-de-la-administracion-general-del-concello-de-zas\\\/#respond\"]}]},{\"@type\":\"WebPage\",\"@id\":\"https:\\\/\\\/www.emplea-te.com\\\/noticias-oposiciones\\\/publicada-en-bop-convocatoria-y-bases-para-la-seleccion-de-la-administracion-general-del-concello-de-zas\\\/\",\"url\":\"https:\\\/\\\/www.emplea-te.com\\\/noticias-oposiciones\\\/publicada-en-bop-convocatoria-y-bases-para-la-seleccion-de-la-administracion-general-del-concello-de-zas\\\/\",\"name\":\"Publicada en BOP convocatoria y bases para la selecci\u00f3n de la Administraci\u00f3n General del Concello de Zas. - Noticas de oposiciones por Academia Emplea-te\",\"isPartOf\":{\"@id\":\"https:\\\/\\\/www.emplea-te.com\\\/noticias-oposiciones\\\/#website\"},\"datePublished\":\"2019-01-06T23:00:00+00:00\",\"description\":\"Publicado en el BOP n\u00famero 4\u00a0de fecha 7 de enero de 2019 :Convocatoria y bases espec\u00edficas del proceso de selecci\u00f3n de la Administraci\u00f3n General de Escala, auxiliar administrativo subordinado con car\u00e1cter interino. Enlace a resoluci\u00f3n\",\"breadcrumb\":{\"@id\":\"https:\\\/\\\/www.emplea-te.com\\\/noticias-oposiciones\\\/publicada-en-bop-convocatoria-y-bases-para-la-seleccion-de-la-administracion-general-del-concello-de-zas\\\/#breadcrumb\"},\"inLanguage\":\"es\",\"potentialAction\":[{\"@type\":\"ReadAction\",\"target\":[\"https:\\\/\\\/www.emplea-te.com\\\/noticias-oposiciones\\\/publicada-en-bop-convocatoria-y-bases-para-la-seleccion-de-la-administracion-general-del-concello-de-zas\\\/\"]}]},{\"@type\":\"BreadcrumbList\",\"@id\":\"https:\\\/\\\/www.emplea-te.com\\\/noticias-oposiciones\\\/publicada-en-bop-convocatoria-y-bases-para-la-seleccion-de-la-administracion-general-del-concello-de-zas\\\/#breadcrumb\",\"itemListElement\":[{\"@type\":\"ListItem\",\"position\":1,\"name\":\"Noticias Oposiciones\",\"item\":\"https:\\\/\\\/www.emplea-te.com\\\/noticias-oposiciones\\\/\"},{\"@type\":\"ListItem\",\"position\":2,\"name\":\"Publicada en BOP convocatoria y bases para la selecci\u00f3n de la Administraci\u00f3n General del Concello de Zas.\"}]},{\"@type\":\"WebSite\",\"@id\":\"https:\\\/\\\/www.emplea-te.com\\\/noticias-oposiciones\\\/#website\",\"url\":\"https:\\\/\\\/www.emplea-te.com\\\/noticias-oposiciones\\\/\",\"name\":\"Noticas de oposiciones por Academia Emplea-te\",\"description\":\"Toda la actualidad de las ofertas y convocatorias.\",\"publisher\":{\"@id\":\"https:\\\/\\\/www.emplea-te.com\\\/noticias-oposiciones\\\/#organization\"},\"potentialAction\":[{\"@type\":\"SearchAction\",\"target\":{\"@type\":\"EntryPoint\",\"urlTemplate\":\"https:\\\/\\\/www.emplea-te.com\\\/noticias-oposiciones\\\/?s={search_term_string}\"},\"query-input\":{\"@type\":\"PropertyValueSpecification\",\"valueRequired\":true,\"valueName\":\"search_term_string\"}}],\"inLanguage\":\"es\"},{\"@type\":\"Organization\",\"@id\":\"https:\\\/\\\/www.emplea-te.com\\\/noticias-oposiciones\\\/#organization\",\"name\":\"Academia de oposiciones Empl\u00e9ate\",\"url\":\"https:\\\/\\\/www.emplea-te.com\\\/noticias-oposiciones\\\/\",\"logo\":{\"@type\":\"ImageObject\",\"inLanguage\":\"es\",\"@id\":\"https:\\\/\\\/www.emplea-te.com\\\/noticias-oposiciones\\\/#\\\/schema\\\/logo\\\/image\\\/\",\"url\":\"https:\\\/\\\/www.emplea-te.com\\\/noticias-oposiciones\\\/wp-content\\\/uploads\\\/2019\\\/04\\\/empleate.jpg\",\"contentUrl\":\"https:\\\/\\\/www.emplea-te.com\\\/noticias-oposiciones\\\/wp-content\\\/uploads\\\/2019\\\/04\\\/empleate.jpg\",\"width\":250,\"height\":150,\"caption\":\"Academia de oposiciones Empl\u00e9ate\"},\"image\":{\"@id\":\"https:\\\/\\\/www.emplea-te.com\\\/noticias-oposiciones\\\/#\\\/schema\\\/logo\\\/image\\\/\"},\"sameAs\":[\"https:\\\/\\\/www.facebook.com\\\/AcademiaEmpleate\\\/\",\"https:\\\/\\\/x.com\\\/Emplea_Te\",\"https:\\\/\\\/www.instagram.com\\\/academia_empleate\\\/\"]},{\"@type\":\"Person\",\"@id\":\"https:\\\/\\\/www.emplea-te.com\\\/noticias-oposiciones\\\/#\\\/schema\\\/person\\\/d1bc587e1af2b95e9c32aba1795509a6\",\"name\":\"Empleate\"}]}<\/script>\n<!-- \/ Yoast SEO plugin. -->","yoast_head_json":{"title":"Publicada en BOP convocatoria y bases para la selecci\u00f3n de la Administraci\u00f3n General del Concello de Zas.  - Noticas de oposiciones por Academia Emplea-te","description":"Publicado en el BOP n\u00famero 4\u00a0de fecha 7 de enero de 2019 :Convocatoria y bases espec\u00edficas del proceso de selecci\u00f3n de la Administraci\u00f3n General de Escala, auxiliar administrativo subordinado con car\u00e1cter interino. Enlace a resoluci\u00f3n","robots":{"index":"index","follow":"follow","max-snippet":"max-snippet:-1","max-image-preview":"max-image-preview:large","max-video-preview":"max-video-preview:-1"},"canonical":"https:\/\/www.emplea-te.com\/noticias-oposiciones\/publicada-en-bop-convocatoria-y-bases-para-la-seleccion-de-la-administracion-general-del-concello-de-zas\/","og_locale":"es_ES","og_type":"article","og_title":"Publicada en BOP convocatoria y bases para la selecci\u00f3n de la Administraci\u00f3n General del Concello de Zas.  - Noticas de oposiciones por Academia Emplea-te","og_description":"Publicado en el BOP n\u00famero 4\u00a0de fecha 7 de enero de 2019 :Convocatoria y bases espec\u00edficas del proceso de selecci\u00f3n de la Administraci\u00f3n General de Escala, auxiliar administrativo subordinado con car\u00e1cter interino. Enlace a resoluci\u00f3n","og_url":"https:\/\/www.emplea-te.com\/noticias-oposiciones\/publicada-en-bop-convocatoria-y-bases-para-la-seleccion-de-la-administracion-general-del-concello-de-zas\/","og_site_name":"Noticas de oposiciones por Academia Emplea-te","article_publisher":"https:\/\/www.facebook.com\/AcademiaEmpleate\/","article_published_time":"2019-01-06T23:00:00+00:00","author":"Empleate","twitter_card":"summary_large_image","twitter_creator":"@Emplea_Te","twitter_site":"@Emplea_Te","twitter_misc":{"Escrito por":"Empleate","Tiempo de lectura":"1 minuto"},"schema":{"@context":"https:\/\/schema.org","@graph":[{"@type":"Article","@id":"https:\/\/www.emplea-te.com\/noticias-oposiciones\/publicada-en-bop-convocatoria-y-bases-para-la-seleccion-de-la-administracion-general-del-concello-de-zas\/#article","isPartOf":{"@id":"https:\/\/www.emplea-te.com\/noticias-oposiciones\/publicada-en-bop-convocatoria-y-bases-para-la-seleccion-de-la-administracion-general-del-concello-de-zas\/"},"author":{"name":"Empleate","@id":"https:\/\/www.emplea-te.com\/noticias-oposiciones\/#\/schema\/person\/d1bc587e1af2b95e9c32aba1795509a6"},"headline":"Publicada en BOP convocatoria y bases para la selecci\u00f3n de la Administraci\u00f3n General del Concello de Zas.","datePublished":"2019-01-06T23:00:00+00:00","mainEntityOfPage":{"@id":"https:\/\/www.emplea-te.com\/noticias-oposiciones\/publicada-en-bop-convocatoria-y-bases-para-la-seleccion-de-la-administracion-general-del-concello-de-zas\/"},"wordCount":223,"commentCount":0,"publisher":{"@id":"https:\/\/www.emplea-te.com\/noticias-oposiciones\/#organization"},"inLanguage":"es","potentialAction":[{"@type":"CommentAction","name":"Comment","target":["https:\/\/www.emplea-te.com\/noticias-oposiciones\/publicada-en-bop-convocatoria-y-bases-para-la-seleccion-de-la-administracion-general-del-concello-de-zas\/#respond"]}]},{"@type":"WebPage","@id":"https:\/\/www.emplea-te.com\/noticias-oposiciones\/publicada-en-bop-convocatoria-y-bases-para-la-seleccion-de-la-administracion-general-del-concello-de-zas\/","url":"https:\/\/www.emplea-te.com\/noticias-oposiciones\/publicada-en-bop-convocatoria-y-bases-para-la-seleccion-de-la-administracion-general-del-concello-de-zas\/","name":"Publicada en BOP convocatoria y bases para la selecci\u00f3n de la Administraci\u00f3n General del Concello de Zas. - Noticas de oposiciones por Academia Emplea-te","isPartOf":{"@id":"https:\/\/www.emplea-te.com\/noticias-oposiciones\/#website"},"datePublished":"2019-01-06T23:00:00+00:00","description":"Publicado en el BOP n\u00famero 4\u00a0de fecha 7 de enero de 2019 :Convocatoria y bases espec\u00edficas del proceso de selecci\u00f3n de la Administraci\u00f3n General de Escala, auxiliar administrativo subordinado con car\u00e1cter interino. Enlace a resoluci\u00f3n","breadcrumb":{"@id":"https:\/\/www.emplea-te.com\/noticias-oposiciones\/publicada-en-bop-convocatoria-y-bases-para-la-seleccion-de-la-administracion-general-del-concello-de-zas\/#breadcrumb"},"inLanguage":"es","potentialAction":[{"@type":"ReadAction","target":["https:\/\/www.emplea-te.com\/noticias-oposiciones\/publicada-en-bop-convocatoria-y-bases-para-la-seleccion-de-la-administracion-general-del-concello-de-zas\/"]}]},{"@type":"BreadcrumbList","@id":"https:\/\/www.emplea-te.com\/noticias-oposiciones\/publicada-en-bop-convocatoria-y-bases-para-la-seleccion-de-la-administracion-general-del-concello-de-zas\/#breadcrumb","itemListElement":[{"@type":"ListItem","position":1,"name":"Noticias Oposiciones","item":"https:\/\/www.emplea-te.com\/noticias-oposiciones\/"},{"@type":"ListItem","position":2,"name":"Publicada en BOP convocatoria y bases para la selecci\u00f3n de la Administraci\u00f3n General del Concello de Zas."}]},{"@type":"WebSite","@id":"https:\/\/www.emplea-te.com\/noticias-oposiciones\/#website","url":"https:\/\/www.emplea-te.com\/noticias-oposiciones\/","name":"Noticas de oposiciones por Academia Emplea-te","description":"Toda la actualidad de las ofertas y convocatorias.","publisher":{"@id":"https:\/\/www.emplea-te.com\/noticias-oposiciones\/#organization"},"potentialAction":[{"@type":"SearchAction","target":{"@type":"EntryPoint","urlTemplate":"https:\/\/www.emplea-te.com\/noticias-oposiciones\/?s={search_term_string}"},"query-input":{"@type":"PropertyValueSpecification","valueRequired":true,"valueName":"search_term_string"}}],"inLanguage":"es"},{"@type":"Organization","@id":"https:\/\/www.emplea-te.com\/noticias-oposiciones\/#organization","name":"Academia de oposiciones Empl\u00e9ate","url":"https:\/\/www.emplea-te.com\/noticias-oposiciones\/","logo":{"@type":"ImageObject","inLanguage":"es","@id":"https:\/\/www.emplea-te.com\/noticias-oposiciones\/#\/schema\/logo\/image\/","url":"https:\/\/www.emplea-te.com\/noticias-oposiciones\/wp-content\/uploads\/2019\/04\/empleate.jpg","contentUrl":"https:\/\/www.emplea-te.com\/noticias-oposiciones\/wp-content\/uploads\/2019\/04\/empleate.jpg","width":250,"height":150,"caption":"Academia de oposiciones Empl\u00e9ate"},"image":{"@id":"https:\/\/www.emplea-te.com\/noticias-oposiciones\/#\/schema\/logo\/image\/"},"sameAs":["https:\/\/www.facebook.com\/AcademiaEmpleate\/","https:\/\/x.com\/Emplea_Te","https:\/\/www.instagram.com\/academia_empleate\/"]},{"@type":"Person","@id":"https:\/\/www.emplea-te.com\/noticias-oposiciones\/#\/schema\/person\/d1bc587e1af2b95e9c32aba1795509a6","name":"Empleate"}]}},"_links":{"self":[{"href":"https:\/\/www.emplea-te.com\/noticias-oposiciones\/wp-json\/wp\/v2\/posts\/1299","targetHints":{"allow":["GET"]}}],"collection":[{"href":"https:\/\/www.emplea-te.com\/noticias-oposiciones\/wp-json\/wp\/v2\/posts"}],"about":[{"href":"https:\/\/www.emplea-te.com\/noticias-oposiciones\/wp-json\/wp\/v2\/types\/post"}],"author":[{"embeddable":true,"href":"https:\/\/www.emplea-te.com\/noticias-oposiciones\/wp-json\/wp\/v2\/users\/1"}],"replies":[{"embeddable":true,"href":"https:\/\/www.emplea-te.com\/noticias-oposiciones\/wp-json\/wp\/v2\/comments?post=1299"}],"version-history":[{"count":0,"href":"https:\/\/www.emplea-te.com\/noticias-oposiciones\/wp-json\/wp\/v2\/posts\/1299\/revisions"}],"wp:attachment":[{"href":"https:\/\/www.emplea-te.com\/noticias-oposiciones\/wp-json\/wp\/v2\/media?parent=1299"}],"wp:term":[{"taxonomy":"category","embeddable":true,"href":"https:\/\/www.emplea-te.com\/noticias-oposiciones\/wp-json\/wp\/v2\/categories?post=1299"},{"taxonomy":"post_tag","embeddable":true,"href":"https:\/\/www.emplea-te.com\/noticias-oposiciones\/wp-json\/wp\/v2\/tags?post=1299"}],"curies":[{"name":"wp","href":"https:\/\/api.w.org\/{rel}","templated":true}]}}