{"id":1300,"date":"2019-01-10T00:00:00","date_gmt":"2019-01-09T23:00:00","guid":{"rendered":"https:\/\/www.emplea-te.com\/noticias-oposiciones\/oferta-empleo-publico-concello-de-mos-oep-2018\/"},"modified":"2019-01-10T00:00:00","modified_gmt":"2019-01-09T23:00:00","slug":"oferta-empleo-publico-concello-de-mos-oep-2018","status":"publish","type":"post","link":"https:\/\/www.emplea-te.com\/noticias-oposiciones\/oferta-empleo-publico-concello-de-mos-oep-2018\/","title":{"rendered":"<br>Oferta Empleo P\u00fablico Concello de Mos (oep 2018)"},"content":{"rendered":"<p>Se publica la Oferta de Empleo P\u00fablico del Concello de Mos correspondiente al ejercicio fiscal de 2018. En el BOPPO n\u00famero 6 de fecha 9 de enero. <\/p>\n<p>La Oferta de Empleo consta de:<\/p>\n<p>2 plazas Polic\u00eda Local C1<\/p>\n<p>De conformidad con lo dispuesto en la secci\u00f3n 1, en multa del art\u00edculo 70 del Estatuto B\u00e1sico del Empleado P\u00fablico y 48.4 de la Ley 2\/2015, de Empleo P\u00fablico de Galicia; El plazo m\u00e1ximo para la convocatoria de los procesos selectivos correspondientes ser\u00e1 de 6 meses a partir de la publicaci\u00f3n de esta OEP en el Bolet\u00edn Oficial de la Provincia.<\/p>\n<p><a href=\"https:\/\/boppo.depo.gal\/web\/boppo\/detalle\/-\/boppo\/2019\/01\/09\/2019000057\" target=\"_blank\" rel=\"nofollow noopener noreferrer\"><span class=\"wysiwyg-color-green\">Enlace a resoluci\u00f3n <\/span><\/a><\/p>\n<table class=\"Tabla-b-sica\" style='margin: 2em 0px; padding: 0px; border: 1px solid rgb(0, 0, 0); border-image: none; width: 616px; color: rgb(77, 77, 77); text-transform: none; line-height: inherit; text-indent: 0px; letter-spacing: normal; clear: both; font-family: myriad-pro, \"Open Sans\", sans-serif; font-size: 0.9em; font-style: normal; font-weight: 400; word-spacing: 0px; vertical-align: inherit; white-space: normal; border-collapse: collapse; box-sizing: border-box; border-spacing: 0px; orphans: 2; widows: 2; box-shadow: none; text-shadow: none; background-color: rgb(255, 255, 255); -webkit-font-smoothing: antialiased; text-decoration-line: inherit; text-decoration-style: initial; text-decoration-color: initial; font-variant-ligatures: normal; font-variant-caps: normal; -webkit-text-stroke-width: 0px;'>\n<tbody>\n<tr class=\"Row-Column-9\" style=\"background: rgb(255, 255, 255); padding: 0px; line-height: inherit; font-style: inherit; text-decoration: inherit; vertical-align: inherit; min-height: 1.9em; box-sizing: border-box; box-shadow: none; text-shadow: none; -webkit-font-smoothing: antialiased;\">\n<td class=\"BOPPO-TABLA-ENUMERA-CORPO cell-style-override-2\" style=\"background: rgb(255, 255, 255); margin: 0px; padding: 0.7em 0.5em 0.5em; border: 1px solid rgb(117, 120, 122); border-image: none; text-align: left; color: rgb(67, 67, 67) !important; line-height: inherit; font-size: 1.1em; font-style: inherit; text-decoration: inherit; vertical-align: middle; box-sizing: border-box; box-shadow: none; text-shadow: none; -webkit-font-smoothing: antialiased;\">\n<\/td>\n<td class=\"BOPPO-TABLA-ENUMERA-CORPO cell-style-override-2\" style=\"background: rgb(255, 255, 255) !important; margin: 0px; padding: 0.7em 0.5em 0.5em; border: 1px solid rgb(117, 120, 122); border-image: none; text-align: left; color: rgb(67, 67, 67) !important; line-height: inherit; font-size: 1.1em; font-style: inherit; text-decoration: inherit; vertical-align: middle; box-sizing: border-box; box-shadow: none; text-shadow: none; -webkit-font-smoothing: antialiased;\">\n<\/td>\n<td class=\"BOPPO-TABLA-ENUMERA-CORPO cell-style-override-2\" style=\"background: rgb(255, 255, 255); margin: 0px; padding: 0.7em 0.5em 0.5em; border: 1px solid rgb(117, 120, 122); border-image: none; text-align: left; color: rgb(67, 67, 67) !important; line-height: inherit; font-size: 1.1em; font-style: inherit; text-decoration: inherit; vertical-align: middle; box-sizing: border-box; box-shadow: none; text-shadow: none; -webkit-font-smoothing: antialiased;\">\n<\/td>\n<td class=\"BOPPO-TABLA-ENUMERA-CORPO cell-style-override-2\" style=\"background: rgb(255, 255, 255) !important; margin: 0px; padding: 0.7em 0.5em 0.5em; border: 1px solid rgb(117, 120, 122); border-image: none; text-align: left; color: rgb(67, 67, 67) !important; line-height: inherit; font-size: 1.1em; font-style: inherit; text-decoration: inherit; vertical-align: middle; box-sizing: border-box; box-shadow: none; text-shadow: none; -webkit-font-smoothing: antialiased;\">\n<\/td>\n<td class=\"BOPPO-TABLA-ENUMERA-CORPO cell-style-override-2\" style=\"background: rgb(255, 255, 255); margin: 0px; padding: 0.7em 0.5em 0.5em; border: 1px solid rgb(117, 120, 122); border-image: none; text-align: left; color: rgb(67, 67, 67) !important; line-height: inherit; font-size: 1.1em; font-style: inherit; text-decoration: inherit; vertical-align: middle; box-sizing: border-box; box-shadow: none; text-shadow: none; -webkit-font-smoothing: antialiased;\">\n<\/td>\n<td class=\"BOPPO-TABLA-ENUMERA-CORPO cell-style-override-2\" style=\"background: rgb(255, 255, 255) !important; margin: 0px; padding: 0.7em 0.5em 0.5em; border: 1px solid rgb(117, 120, 122); border-image: none; text-align: left; color: rgb(67, 67, 67) !important; line-height: inherit; font-size: 1.1em; font-style: inherit; text-decoration: inherit; vertical-align: middle; box-sizing: border-box; box-shadow: none; text-shadow: none; -webkit-font-smoothing: antialiased;\">\n<\/td>\n<td class=\"BOPPO-TABLA-ENUMERA-CORPO cell-style-override-2\" style=\"background: rgb(255, 255, 255); margin: 0px; padding: 0.7em 0.5em 0.5em; border: 1px solid rgb(117, 120, 122); border-image: none; text-align: left; color: rgb(67, 67, 67) !important; line-height: inherit; font-size: 1.1em; font-style: inherit; text-decoration: inherit; vertical-align: middle; box-sizing: border-box; box-shadow: none; text-shadow: none; -webkit-font-smoothing: antialiased;\">\n<\/td>\n<\/tr>\n<\/tbody>\n<\/table>\n<p><\/p>\n","protected":false},"excerpt":{"rendered":"<p>Se publica la Oferta de Empleo P\u00fablico del Concello de Mos correspondiente al ejercicio fiscal de 2018. En el BOPPO n\u00famero 6 de fecha 9 de enero. La Oferta de Empleo consta de: 2 plazas Polic\u00eda Local C1 De conformidad con lo dispuesto en la secci\u00f3n 1, en multa del art\u00edculo 70 del Estatuto B\u00e1sico &hellip; <a href=\"https:\/\/www.emplea-te.com\/noticias-oposiciones\/oferta-empleo-publico-concello-de-mos-oep-2018\/\" class=\"more-link\">Continuar leyendo<span class=\"screen-reader-text\"> \u00ab<br \/>Oferta Empleo P\u00fablico Concello de Mos (oep 2018)\u00bb<\/span><\/a><\/p>\n","protected":false},"author":1,"featured_media":0,"comment_status":"open","ping_status":"open","sticky":false,"template":"","format":"standard","meta":{"footnotes":""},"categories":[],"tags":[],"class_list":["post-1300","post","type-post","status-publish","format-standard","hentry"],"yoast_head":"<!-- This site is optimized with the Yoast SEO plugin v27.3 - https:\/\/yoast.com\/product\/yoast-seo-wordpress\/ -->\n<title>Oferta Empleo P\u00fablico Concello de Mos (oep 2018) - Noticas de oposiciones por Academia Emplea-te<\/title>\n<meta name=\"description\" content=\"Se publica la Oferta de Empleo P\u00fablico del Concello de Mos correspondiente al ejercicio fiscal de 2018. En el BOPPO n\u00famero 6 de fecha 9 de enero. Enlace\u00a0 resoluci\u00f3n en el BOPPO\" \/>\n<meta name=\"robots\" content=\"index, follow, max-snippet:-1, max-image-preview:large, max-video-preview:-1\" \/>\n<link rel=\"canonical\" href=\"https:\/\/www.emplea-te.com\/noticias-oposiciones\/oferta-empleo-publico-concello-de-mos-oep-2018\/\" \/>\n<meta property=\"og:locale\" content=\"es_ES\" \/>\n<meta property=\"og:type\" content=\"article\" \/>\n<meta property=\"og:title\" content=\"Oferta Empleo P\u00fablico Concello de Mos (oep 2018) - Noticas de oposiciones por Academia Emplea-te\" \/>\n<meta property=\"og:description\" content=\"Se publica la Oferta de Empleo P\u00fablico del Concello de Mos correspondiente al ejercicio fiscal de 2018. En el BOPPO n\u00famero 6 de fecha 9 de enero. Enlace\u00a0 resoluci\u00f3n en el BOPPO\" \/>\n<meta property=\"og:url\" content=\"https:\/\/www.emplea-te.com\/noticias-oposiciones\/oferta-empleo-publico-concello-de-mos-oep-2018\/\" \/>\n<meta property=\"og:site_name\" content=\"Noticas de oposiciones por Academia Emplea-te\" \/>\n<meta property=\"article:publisher\" content=\"https:\/\/www.facebook.com\/AcademiaEmpleate\/\" \/>\n<meta property=\"article:published_time\" content=\"2019-01-09T23:00:00+00:00\" \/>\n<meta name=\"author\" content=\"Empleate\" \/>\n<meta name=\"twitter:card\" content=\"summary_large_image\" \/>\n<meta name=\"twitter:creator\" content=\"@Emplea_Te\" \/>\n<meta name=\"twitter:site\" content=\"@Emplea_Te\" \/>\n<meta name=\"twitter:label1\" content=\"Escrito por\" \/>\n\t<meta name=\"twitter:data1\" content=\"Empleate\" \/>\n\t<meta name=\"twitter:label2\" content=\"Tiempo de lectura\" \/>\n\t<meta name=\"twitter:data2\" content=\"1 minuto\" \/>\n<script type=\"application\/ld+json\" class=\"yoast-schema-graph\">{\"@context\":\"https:\\\/\\\/schema.org\",\"@graph\":[{\"@type\":\"Article\",\"@id\":\"https:\\\/\\\/www.emplea-te.com\\\/noticias-oposiciones\\\/oferta-empleo-publico-concello-de-mos-oep-2018\\\/#article\",\"isPartOf\":{\"@id\":\"https:\\\/\\\/www.emplea-te.com\\\/noticias-oposiciones\\\/oferta-empleo-publico-concello-de-mos-oep-2018\\\/\"},\"author\":{\"name\":\"Empleate\",\"@id\":\"https:\\\/\\\/www.emplea-te.com\\\/noticias-oposiciones\\\/#\\\/schema\\\/person\\\/d1bc587e1af2b95e9c32aba1795509a6\"},\"headline\":\"Oferta Empleo P\u00fablico Concello de Mos (oep 2018)\",\"datePublished\":\"2019-01-09T23:00:00+00:00\",\"mainEntityOfPage\":{\"@id\":\"https:\\\/\\\/www.emplea-te.com\\\/noticias-oposiciones\\\/oferta-empleo-publico-concello-de-mos-oep-2018\\\/\"},\"wordCount\":113,\"commentCount\":0,\"publisher\":{\"@id\":\"https:\\\/\\\/www.emplea-te.com\\\/noticias-oposiciones\\\/#organization\"},\"inLanguage\":\"es\",\"potentialAction\":[{\"@type\":\"CommentAction\",\"name\":\"Comment\",\"target\":[\"https:\\\/\\\/www.emplea-te.com\\\/noticias-oposiciones\\\/oferta-empleo-publico-concello-de-mos-oep-2018\\\/#respond\"]}]},{\"@type\":\"WebPage\",\"@id\":\"https:\\\/\\\/www.emplea-te.com\\\/noticias-oposiciones\\\/oferta-empleo-publico-concello-de-mos-oep-2018\\\/\",\"url\":\"https:\\\/\\\/www.emplea-te.com\\\/noticias-oposiciones\\\/oferta-empleo-publico-concello-de-mos-oep-2018\\\/\",\"name\":\"Oferta Empleo P\u00fablico Concello de Mos (oep 2018) - Noticas de oposiciones por Academia Emplea-te\",\"isPartOf\":{\"@id\":\"https:\\\/\\\/www.emplea-te.com\\\/noticias-oposiciones\\\/#website\"},\"datePublished\":\"2019-01-09T23:00:00+00:00\",\"description\":\"Se publica la Oferta de Empleo P\u00fablico del Concello de Mos correspondiente al ejercicio fiscal de 2018. En el BOPPO n\u00famero 6 de fecha 9 de enero. Enlace\u00a0 resoluci\u00f3n en el BOPPO\",\"breadcrumb\":{\"@id\":\"https:\\\/\\\/www.emplea-te.com\\\/noticias-oposiciones\\\/oferta-empleo-publico-concello-de-mos-oep-2018\\\/#breadcrumb\"},\"inLanguage\":\"es\",\"potentialAction\":[{\"@type\":\"ReadAction\",\"target\":[\"https:\\\/\\\/www.emplea-te.com\\\/noticias-oposiciones\\\/oferta-empleo-publico-concello-de-mos-oep-2018\\\/\"]}]},{\"@type\":\"BreadcrumbList\",\"@id\":\"https:\\\/\\\/www.emplea-te.com\\\/noticias-oposiciones\\\/oferta-empleo-publico-concello-de-mos-oep-2018\\\/#breadcrumb\",\"itemListElement\":[{\"@type\":\"ListItem\",\"position\":1,\"name\":\"Noticias Oposiciones\",\"item\":\"https:\\\/\\\/www.emplea-te.com\\\/noticias-oposiciones\\\/\"},{\"@type\":\"ListItem\",\"position\":2,\"name\":\"Oferta Empleo P\u00fablico Concello de Mos (oep 2018)\"}]},{\"@type\":\"WebSite\",\"@id\":\"https:\\\/\\\/www.emplea-te.com\\\/noticias-oposiciones\\\/#website\",\"url\":\"https:\\\/\\\/www.emplea-te.com\\\/noticias-oposiciones\\\/\",\"name\":\"Noticas de oposiciones por Academia Emplea-te\",\"description\":\"Toda la actualidad de las ofertas y convocatorias.\",\"publisher\":{\"@id\":\"https:\\\/\\\/www.emplea-te.com\\\/noticias-oposiciones\\\/#organization\"},\"potentialAction\":[{\"@type\":\"SearchAction\",\"target\":{\"@type\":\"EntryPoint\",\"urlTemplate\":\"https:\\\/\\\/www.emplea-te.com\\\/noticias-oposiciones\\\/?s={search_term_string}\"},\"query-input\":{\"@type\":\"PropertyValueSpecification\",\"valueRequired\":true,\"valueName\":\"search_term_string\"}}],\"inLanguage\":\"es\"},{\"@type\":\"Organization\",\"@id\":\"https:\\\/\\\/www.emplea-te.com\\\/noticias-oposiciones\\\/#organization\",\"name\":\"Academia de oposiciones Empl\u00e9ate\",\"url\":\"https:\\\/\\\/www.emplea-te.com\\\/noticias-oposiciones\\\/\",\"logo\":{\"@type\":\"ImageObject\",\"inLanguage\":\"es\",\"@id\":\"https:\\\/\\\/www.emplea-te.com\\\/noticias-oposiciones\\\/#\\\/schema\\\/logo\\\/image\\\/\",\"url\":\"https:\\\/\\\/www.emplea-te.com\\\/noticias-oposiciones\\\/wp-content\\\/uploads\\\/2019\\\/04\\\/empleate.jpg\",\"contentUrl\":\"https:\\\/\\\/www.emplea-te.com\\\/noticias-oposiciones\\\/wp-content\\\/uploads\\\/2019\\\/04\\\/empleate.jpg\",\"width\":250,\"height\":150,\"caption\":\"Academia de oposiciones Empl\u00e9ate\"},\"image\":{\"@id\":\"https:\\\/\\\/www.emplea-te.com\\\/noticias-oposiciones\\\/#\\\/schema\\\/logo\\\/image\\\/\"},\"sameAs\":[\"https:\\\/\\\/www.facebook.com\\\/AcademiaEmpleate\\\/\",\"https:\\\/\\\/x.com\\\/Emplea_Te\",\"https:\\\/\\\/www.instagram.com\\\/academia_empleate\\\/\"]},{\"@type\":\"Person\",\"@id\":\"https:\\\/\\\/www.emplea-te.com\\\/noticias-oposiciones\\\/#\\\/schema\\\/person\\\/d1bc587e1af2b95e9c32aba1795509a6\",\"name\":\"Empleate\"}]}<\/script>\n<!-- \/ Yoast SEO plugin. -->","yoast_head_json":{"title":"Oferta Empleo P\u00fablico Concello de Mos (oep 2018) - Noticas de oposiciones por Academia Emplea-te","description":"Se publica la Oferta de Empleo P\u00fablico del Concello de Mos correspondiente al ejercicio fiscal de 2018. En el BOPPO n\u00famero 6 de fecha 9 de enero. Enlace\u00a0 resoluci\u00f3n en el BOPPO","robots":{"index":"index","follow":"follow","max-snippet":"max-snippet:-1","max-image-preview":"max-image-preview:large","max-video-preview":"max-video-preview:-1"},"canonical":"https:\/\/www.emplea-te.com\/noticias-oposiciones\/oferta-empleo-publico-concello-de-mos-oep-2018\/","og_locale":"es_ES","og_type":"article","og_title":"Oferta Empleo P\u00fablico Concello de Mos (oep 2018) - Noticas de oposiciones por Academia Emplea-te","og_description":"Se publica la Oferta de Empleo P\u00fablico del Concello de Mos correspondiente al ejercicio fiscal de 2018. En el BOPPO n\u00famero 6 de fecha 9 de enero. Enlace\u00a0 resoluci\u00f3n en el BOPPO","og_url":"https:\/\/www.emplea-te.com\/noticias-oposiciones\/oferta-empleo-publico-concello-de-mos-oep-2018\/","og_site_name":"Noticas de oposiciones por Academia Emplea-te","article_publisher":"https:\/\/www.facebook.com\/AcademiaEmpleate\/","article_published_time":"2019-01-09T23:00:00+00:00","author":"Empleate","twitter_card":"summary_large_image","twitter_creator":"@Emplea_Te","twitter_site":"@Emplea_Te","twitter_misc":{"Escrito por":"Empleate","Tiempo de lectura":"1 minuto"},"schema":{"@context":"https:\/\/schema.org","@graph":[{"@type":"Article","@id":"https:\/\/www.emplea-te.com\/noticias-oposiciones\/oferta-empleo-publico-concello-de-mos-oep-2018\/#article","isPartOf":{"@id":"https:\/\/www.emplea-te.com\/noticias-oposiciones\/oferta-empleo-publico-concello-de-mos-oep-2018\/"},"author":{"name":"Empleate","@id":"https:\/\/www.emplea-te.com\/noticias-oposiciones\/#\/schema\/person\/d1bc587e1af2b95e9c32aba1795509a6"},"headline":"Oferta Empleo P\u00fablico Concello de Mos (oep 2018)","datePublished":"2019-01-09T23:00:00+00:00","mainEntityOfPage":{"@id":"https:\/\/www.emplea-te.com\/noticias-oposiciones\/oferta-empleo-publico-concello-de-mos-oep-2018\/"},"wordCount":113,"commentCount":0,"publisher":{"@id":"https:\/\/www.emplea-te.com\/noticias-oposiciones\/#organization"},"inLanguage":"es","potentialAction":[{"@type":"CommentAction","name":"Comment","target":["https:\/\/www.emplea-te.com\/noticias-oposiciones\/oferta-empleo-publico-concello-de-mos-oep-2018\/#respond"]}]},{"@type":"WebPage","@id":"https:\/\/www.emplea-te.com\/noticias-oposiciones\/oferta-empleo-publico-concello-de-mos-oep-2018\/","url":"https:\/\/www.emplea-te.com\/noticias-oposiciones\/oferta-empleo-publico-concello-de-mos-oep-2018\/","name":"Oferta Empleo P\u00fablico Concello de Mos (oep 2018) - Noticas de oposiciones por Academia Emplea-te","isPartOf":{"@id":"https:\/\/www.emplea-te.com\/noticias-oposiciones\/#website"},"datePublished":"2019-01-09T23:00:00+00:00","description":"Se publica la Oferta de Empleo P\u00fablico del Concello de Mos correspondiente al ejercicio fiscal de 2018. En el BOPPO n\u00famero 6 de fecha 9 de enero. Enlace\u00a0 resoluci\u00f3n en el BOPPO","breadcrumb":{"@id":"https:\/\/www.emplea-te.com\/noticias-oposiciones\/oferta-empleo-publico-concello-de-mos-oep-2018\/#breadcrumb"},"inLanguage":"es","potentialAction":[{"@type":"ReadAction","target":["https:\/\/www.emplea-te.com\/noticias-oposiciones\/oferta-empleo-publico-concello-de-mos-oep-2018\/"]}]},{"@type":"BreadcrumbList","@id":"https:\/\/www.emplea-te.com\/noticias-oposiciones\/oferta-empleo-publico-concello-de-mos-oep-2018\/#breadcrumb","itemListElement":[{"@type":"ListItem","position":1,"name":"Noticias Oposiciones","item":"https:\/\/www.emplea-te.com\/noticias-oposiciones\/"},{"@type":"ListItem","position":2,"name":"Oferta Empleo P\u00fablico Concello de Mos (oep 2018)"}]},{"@type":"WebSite","@id":"https:\/\/www.emplea-te.com\/noticias-oposiciones\/#website","url":"https:\/\/www.emplea-te.com\/noticias-oposiciones\/","name":"Noticas de oposiciones por Academia Emplea-te","description":"Toda la actualidad de las ofertas y convocatorias.","publisher":{"@id":"https:\/\/www.emplea-te.com\/noticias-oposiciones\/#organization"},"potentialAction":[{"@type":"SearchAction","target":{"@type":"EntryPoint","urlTemplate":"https:\/\/www.emplea-te.com\/noticias-oposiciones\/?s={search_term_string}"},"query-input":{"@type":"PropertyValueSpecification","valueRequired":true,"valueName":"search_term_string"}}],"inLanguage":"es"},{"@type":"Organization","@id":"https:\/\/www.emplea-te.com\/noticias-oposiciones\/#organization","name":"Academia de oposiciones Empl\u00e9ate","url":"https:\/\/www.emplea-te.com\/noticias-oposiciones\/","logo":{"@type":"ImageObject","inLanguage":"es","@id":"https:\/\/www.emplea-te.com\/noticias-oposiciones\/#\/schema\/logo\/image\/","url":"https:\/\/www.emplea-te.com\/noticias-oposiciones\/wp-content\/uploads\/2019\/04\/empleate.jpg","contentUrl":"https:\/\/www.emplea-te.com\/noticias-oposiciones\/wp-content\/uploads\/2019\/04\/empleate.jpg","width":250,"height":150,"caption":"Academia de oposiciones Empl\u00e9ate"},"image":{"@id":"https:\/\/www.emplea-te.com\/noticias-oposiciones\/#\/schema\/logo\/image\/"},"sameAs":["https:\/\/www.facebook.com\/AcademiaEmpleate\/","https:\/\/x.com\/Emplea_Te","https:\/\/www.instagram.com\/academia_empleate\/"]},{"@type":"Person","@id":"https:\/\/www.emplea-te.com\/noticias-oposiciones\/#\/schema\/person\/d1bc587e1af2b95e9c32aba1795509a6","name":"Empleate"}]}},"_links":{"self":[{"href":"https:\/\/www.emplea-te.com\/noticias-oposiciones\/wp-json\/wp\/v2\/posts\/1300","targetHints":{"allow":["GET"]}}],"collection":[{"href":"https:\/\/www.emplea-te.com\/noticias-oposiciones\/wp-json\/wp\/v2\/posts"}],"about":[{"href":"https:\/\/www.emplea-te.com\/noticias-oposiciones\/wp-json\/wp\/v2\/types\/post"}],"author":[{"embeddable":true,"href":"https:\/\/www.emplea-te.com\/noticias-oposiciones\/wp-json\/wp\/v2\/users\/1"}],"replies":[{"embeddable":true,"href":"https:\/\/www.emplea-te.com\/noticias-oposiciones\/wp-json\/wp\/v2\/comments?post=1300"}],"version-history":[{"count":0,"href":"https:\/\/www.emplea-te.com\/noticias-oposiciones\/wp-json\/wp\/v2\/posts\/1300\/revisions"}],"wp:attachment":[{"href":"https:\/\/www.emplea-te.com\/noticias-oposiciones\/wp-json\/wp\/v2\/media?parent=1300"}],"wp:term":[{"taxonomy":"category","embeddable":true,"href":"https:\/\/www.emplea-te.com\/noticias-oposiciones\/wp-json\/wp\/v2\/categories?post=1300"},{"taxonomy":"post_tag","embeddable":true,"href":"https:\/\/www.emplea-te.com\/noticias-oposiciones\/wp-json\/wp\/v2\/tags?post=1300"}],"curies":[{"name":"wp","href":"https:\/\/api.w.org\/{rel}","templated":true}]}}