{"id":13003,"date":"2024-08-26T09:58:25","date_gmt":"2024-08-26T07:58:25","guid":{"rendered":"https:\/\/www.emplea-te.com\/noticias-oposiciones\/?p=13003"},"modified":"2024-08-26T09:58:25","modified_gmt":"2024-08-26T07:58:25","slug":"el-ayuntamiento-de-vigo-convocara-91-plazas-de-empleo-publico-de-las-que-77-seran-por-turno-libre","status":"publish","type":"post","link":"https:\/\/www.emplea-te.com\/noticias-oposiciones\/el-ayuntamiento-de-vigo-convocara-91-plazas-de-empleo-publico-de-las-que-77-seran-por-turno-libre\/","title":{"rendered":"El Ayuntamiento de Vigo convocar\u00e1 91 plazas de empleo p\u00fablico de las que 77 ser\u00e1n por turno libre."},"content":{"rendered":"<p>El alcalde de Vigo, Abel Caballero, anunci\u00f3 este jueves la aprobaci\u00f3n de una nueva convocatoria de procesos selectivos para cubrir un total de 91 plazas vacantes en el Concello.<br \/>\nDe estas plazas, 14 ser\u00e1n de promoci\u00f3n interna y 77 de acceso libre, con 16 plazas reservadas para personas con diversidad funcional.<\/p>\n<p>Lee la noticia publicada en el <a href=\"https:\/\/metropolitano.gal\/enfoque\/vigo-convocara-91-nuevas-plazas-de-empleo-publico\/\" target=\"_blank\" rel=\"noopener\"><strong>Metropolitano.gal\u00a0<\/strong><\/a><\/p>\n<p><a href=\"https:\/\/www.emplea-te.com\/\" target=\"_blank\" rel=\"noopener\"><strong>Prep\u00e1rate en nuestros cursos de oposiciones de Ayuntamientos de Galicia.\u00a0<\/strong><\/a><\/p>\n","protected":false},"excerpt":{"rendered":"<p>El alcalde de Vigo, Abel Caballero, anunci\u00f3 este jueves la aprobaci\u00f3n de una nueva convocatoria de procesos selectivos para cubrir un total de 91 plazas vacantes en el Concello. De estas plazas, 14 ser\u00e1n de promoci\u00f3n interna y 77 de acceso libre, con 16 plazas reservadas para personas con diversidad funcional. Lee la noticia publicada &hellip; <a href=\"https:\/\/www.emplea-te.com\/noticias-oposiciones\/el-ayuntamiento-de-vigo-convocara-91-plazas-de-empleo-publico-de-las-que-77-seran-por-turno-libre\/\" class=\"more-link\">Continuar leyendo<span class=\"screen-reader-text\"> \u00abEl Ayuntamiento de Vigo convocar\u00e1 91 plazas de empleo p\u00fablico de las que 77 ser\u00e1n por turno libre.\u00bb<\/span><\/a><\/p>\n","protected":false},"author":1,"featured_media":0,"comment_status":"closed","ping_status":"closed","sticky":false,"template":"","format":"standard","meta":{"footnotes":""},"categories":[37,56],"tags":[117,103],"class_list":["post-13003","post","type-post","status-publish","format-standard","hentry","category-convocatorias-ayuntamientos","category-oposiciones-autonomicas-galicia","tag-anuncio-de-convocatoria","tag-informacion-procesos-selectivos"],"yoast_head":"<!-- This site is optimized with the Yoast SEO plugin v27.5 - https:\/\/yoast.com\/product\/yoast-seo-wordpress\/ -->\n<title>El Ayuntamiento de Vigo convocar\u00e1 91 plazas de empleo p\u00fablico.<\/title>\n<meta name=\"description\" content=\"El Ayuntamiento de Vigo convocar\u00e1 91 plazas de empleo p\u00fablico de las que 77 ser\u00e1n por turno libre.\" \/>\n<meta name=\"robots\" content=\"index, follow, max-snippet:-1, max-image-preview:large, max-video-preview:-1\" \/>\n<link rel=\"canonical\" href=\"https:\/\/www.emplea-te.com\/noticias-oposiciones\/el-ayuntamiento-de-vigo-convocara-91-plazas-de-empleo-publico-de-las-que-77-seran-por-turno-libre\/\" \/>\n<meta property=\"og:locale\" content=\"es_ES\" \/>\n<meta property=\"og:type\" content=\"article\" \/>\n<meta property=\"og:title\" content=\"El Ayuntamiento de Vigo convocar\u00e1 91 plazas de empleo p\u00fablico.\" \/>\n<meta property=\"og:description\" content=\"El Ayuntamiento de Vigo convocar\u00e1 91 plazas de empleo p\u00fablico de las que 77 ser\u00e1n por turno libre.\" \/>\n<meta property=\"og:url\" content=\"https:\/\/www.emplea-te.com\/noticias-oposiciones\/el-ayuntamiento-de-vigo-convocara-91-plazas-de-empleo-publico-de-las-que-77-seran-por-turno-libre\/\" \/>\n<meta property=\"og:site_name\" content=\"Noticas de oposiciones por Academia Emplea-te\" \/>\n<meta property=\"article:publisher\" content=\"https:\/\/www.facebook.com\/AcademiaEmpleate\/\" \/>\n<meta property=\"article:published_time\" content=\"2024-08-26T07:58:25+00:00\" \/>\n<meta name=\"author\" content=\"Empleate\" \/>\n<meta name=\"twitter:card\" content=\"summary_large_image\" \/>\n<meta name=\"twitter:creator\" content=\"@Emplea_Te\" \/>\n<meta name=\"twitter:site\" content=\"@Emplea_Te\" \/>\n<meta name=\"twitter:label1\" content=\"Escrito por\" \/>\n\t<meta name=\"twitter:data1\" content=\"Empleate\" \/>\n\t<meta name=\"twitter:label2\" content=\"Tiempo de lectura\" \/>\n\t<meta name=\"twitter:data2\" content=\"1 minuto\" \/>\n<script type=\"application\/ld+json\" class=\"yoast-schema-graph\">{\"@context\":\"https:\\\/\\\/schema.org\",\"@graph\":[{\"@type\":\"Article\",\"@id\":\"https:\\\/\\\/www.emplea-te.com\\\/noticias-oposiciones\\\/el-ayuntamiento-de-vigo-convocara-91-plazas-de-empleo-publico-de-las-que-77-seran-por-turno-libre\\\/#article\",\"isPartOf\":{\"@id\":\"https:\\\/\\\/www.emplea-te.com\\\/noticias-oposiciones\\\/el-ayuntamiento-de-vigo-convocara-91-plazas-de-empleo-publico-de-las-que-77-seran-por-turno-libre\\\/\"},\"author\":{\"name\":\"Empleate\",\"@id\":\"https:\\\/\\\/www.emplea-te.com\\\/noticias-oposiciones\\\/#\\\/schema\\\/person\\\/d1bc587e1af2b95e9c32aba1795509a6\"},\"headline\":\"El Ayuntamiento de Vigo convocar\u00e1 91 plazas de empleo p\u00fablico de las que 77 ser\u00e1n por turno libre.\",\"datePublished\":\"2024-08-26T07:58:25+00:00\",\"mainEntityOfPage\":{\"@id\":\"https:\\\/\\\/www.emplea-te.com\\\/noticias-oposiciones\\\/el-ayuntamiento-de-vigo-convocara-91-plazas-de-empleo-publico-de-las-que-77-seran-por-turno-libre\\\/\"},\"wordCount\":87,\"publisher\":{\"@id\":\"https:\\\/\\\/www.emplea-te.com\\\/noticias-oposiciones\\\/#organization\"},\"keywords\":[\"Anuncio de convocatoria\",\"Informaci\u00f3n procesos selectivos\"],\"articleSection\":[\"Convocatorias Ayuntamientos\",\"Oposiciones Auton\u00f3micas Galicia\"],\"inLanguage\":\"es\"},{\"@type\":\"WebPage\",\"@id\":\"https:\\\/\\\/www.emplea-te.com\\\/noticias-oposiciones\\\/el-ayuntamiento-de-vigo-convocara-91-plazas-de-empleo-publico-de-las-que-77-seran-por-turno-libre\\\/\",\"url\":\"https:\\\/\\\/www.emplea-te.com\\\/noticias-oposiciones\\\/el-ayuntamiento-de-vigo-convocara-91-plazas-de-empleo-publico-de-las-que-77-seran-por-turno-libre\\\/\",\"name\":\"El Ayuntamiento de Vigo convocar\u00e1 91 plazas de empleo p\u00fablico.\",\"isPartOf\":{\"@id\":\"https:\\\/\\\/www.emplea-te.com\\\/noticias-oposiciones\\\/#website\"},\"datePublished\":\"2024-08-26T07:58:25+00:00\",\"description\":\"El Ayuntamiento de Vigo convocar\u00e1 91 plazas de empleo p\u00fablico de las que 77 ser\u00e1n por turno libre.\",\"breadcrumb\":{\"@id\":\"https:\\\/\\\/www.emplea-te.com\\\/noticias-oposiciones\\\/el-ayuntamiento-de-vigo-convocara-91-plazas-de-empleo-publico-de-las-que-77-seran-por-turno-libre\\\/#breadcrumb\"},\"inLanguage\":\"es\",\"potentialAction\":[{\"@type\":\"ReadAction\",\"target\":[\"https:\\\/\\\/www.emplea-te.com\\\/noticias-oposiciones\\\/el-ayuntamiento-de-vigo-convocara-91-plazas-de-empleo-publico-de-las-que-77-seran-por-turno-libre\\\/\"]}]},{\"@type\":\"BreadcrumbList\",\"@id\":\"https:\\\/\\\/www.emplea-te.com\\\/noticias-oposiciones\\\/el-ayuntamiento-de-vigo-convocara-91-plazas-de-empleo-publico-de-las-que-77-seran-por-turno-libre\\\/#breadcrumb\",\"itemListElement\":[{\"@type\":\"ListItem\",\"position\":1,\"name\":\"Noticias Oposiciones\",\"item\":\"https:\\\/\\\/www.emplea-te.com\\\/noticias-oposiciones\\\/\"},{\"@type\":\"ListItem\",\"position\":2,\"name\":\"Oposiciones Auton\u00f3micas Galicia\",\"item\":\"https:\\\/\\\/www.emplea-te.com\\\/noticias-oposiciones\\\/categoria\\\/oposiciones-autonomicas-galicia\\\/\"},{\"@type\":\"ListItem\",\"position\":3,\"name\":\"El Ayuntamiento de Vigo convocar\u00e1 91 plazas de empleo p\u00fablico de las que 77 ser\u00e1n por turno libre.\"}]},{\"@type\":\"WebSite\",\"@id\":\"https:\\\/\\\/www.emplea-te.com\\\/noticias-oposiciones\\\/#website\",\"url\":\"https:\\\/\\\/www.emplea-te.com\\\/noticias-oposiciones\\\/\",\"name\":\"Noticas de oposiciones por Academia Emplea-te\",\"description\":\"Toda la actualidad de las ofertas y convocatorias.\",\"publisher\":{\"@id\":\"https:\\\/\\\/www.emplea-te.com\\\/noticias-oposiciones\\\/#organization\"},\"potentialAction\":[{\"@type\":\"SearchAction\",\"target\":{\"@type\":\"EntryPoint\",\"urlTemplate\":\"https:\\\/\\\/www.emplea-te.com\\\/noticias-oposiciones\\\/?s={search_term_string}\"},\"query-input\":{\"@type\":\"PropertyValueSpecification\",\"valueRequired\":true,\"valueName\":\"search_term_string\"}}],\"inLanguage\":\"es\"},{\"@type\":\"Organization\",\"@id\":\"https:\\\/\\\/www.emplea-te.com\\\/noticias-oposiciones\\\/#organization\",\"name\":\"Academia de oposiciones Empl\u00e9ate\",\"url\":\"https:\\\/\\\/www.emplea-te.com\\\/noticias-oposiciones\\\/\",\"logo\":{\"@type\":\"ImageObject\",\"inLanguage\":\"es\",\"@id\":\"https:\\\/\\\/www.emplea-te.com\\\/noticias-oposiciones\\\/#\\\/schema\\\/logo\\\/image\\\/\",\"url\":\"https:\\\/\\\/www.emplea-te.com\\\/noticias-oposiciones\\\/wp-content\\\/uploads\\\/2019\\\/04\\\/empleate.jpg\",\"contentUrl\":\"https:\\\/\\\/www.emplea-te.com\\\/noticias-oposiciones\\\/wp-content\\\/uploads\\\/2019\\\/04\\\/empleate.jpg\",\"width\":250,\"height\":150,\"caption\":\"Academia de oposiciones Empl\u00e9ate\"},\"image\":{\"@id\":\"https:\\\/\\\/www.emplea-te.com\\\/noticias-oposiciones\\\/#\\\/schema\\\/logo\\\/image\\\/\"},\"sameAs\":[\"https:\\\/\\\/www.facebook.com\\\/AcademiaEmpleate\\\/\",\"https:\\\/\\\/x.com\\\/Emplea_Te\",\"https:\\\/\\\/www.instagram.com\\\/academia_empleate\\\/\"]},{\"@type\":\"Person\",\"@id\":\"https:\\\/\\\/www.emplea-te.com\\\/noticias-oposiciones\\\/#\\\/schema\\\/person\\\/d1bc587e1af2b95e9c32aba1795509a6\",\"name\":\"Empleate\"}]}<\/script>\n<!-- \/ Yoast SEO plugin. -->","yoast_head_json":{"title":"El Ayuntamiento de Vigo convocar\u00e1 91 plazas de empleo p\u00fablico.","description":"El Ayuntamiento de Vigo convocar\u00e1 91 plazas de empleo p\u00fablico de las que 77 ser\u00e1n por turno libre.","robots":{"index":"index","follow":"follow","max-snippet":"max-snippet:-1","max-image-preview":"max-image-preview:large","max-video-preview":"max-video-preview:-1"},"canonical":"https:\/\/www.emplea-te.com\/noticias-oposiciones\/el-ayuntamiento-de-vigo-convocara-91-plazas-de-empleo-publico-de-las-que-77-seran-por-turno-libre\/","og_locale":"es_ES","og_type":"article","og_title":"El Ayuntamiento de Vigo convocar\u00e1 91 plazas de empleo p\u00fablico.","og_description":"El Ayuntamiento de Vigo convocar\u00e1 91 plazas de empleo p\u00fablico de las que 77 ser\u00e1n por turno libre.","og_url":"https:\/\/www.emplea-te.com\/noticias-oposiciones\/el-ayuntamiento-de-vigo-convocara-91-plazas-de-empleo-publico-de-las-que-77-seran-por-turno-libre\/","og_site_name":"Noticas de oposiciones por Academia Emplea-te","article_publisher":"https:\/\/www.facebook.com\/AcademiaEmpleate\/","article_published_time":"2024-08-26T07:58:25+00:00","author":"Empleate","twitter_card":"summary_large_image","twitter_creator":"@Emplea_Te","twitter_site":"@Emplea_Te","twitter_misc":{"Escrito por":"Empleate","Tiempo de lectura":"1 minuto"},"schema":{"@context":"https:\/\/schema.org","@graph":[{"@type":"Article","@id":"https:\/\/www.emplea-te.com\/noticias-oposiciones\/el-ayuntamiento-de-vigo-convocara-91-plazas-de-empleo-publico-de-las-que-77-seran-por-turno-libre\/#article","isPartOf":{"@id":"https:\/\/www.emplea-te.com\/noticias-oposiciones\/el-ayuntamiento-de-vigo-convocara-91-plazas-de-empleo-publico-de-las-que-77-seran-por-turno-libre\/"},"author":{"name":"Empleate","@id":"https:\/\/www.emplea-te.com\/noticias-oposiciones\/#\/schema\/person\/d1bc587e1af2b95e9c32aba1795509a6"},"headline":"El Ayuntamiento de Vigo convocar\u00e1 91 plazas de empleo p\u00fablico de las que 77 ser\u00e1n por turno libre.","datePublished":"2024-08-26T07:58:25+00:00","mainEntityOfPage":{"@id":"https:\/\/www.emplea-te.com\/noticias-oposiciones\/el-ayuntamiento-de-vigo-convocara-91-plazas-de-empleo-publico-de-las-que-77-seran-por-turno-libre\/"},"wordCount":87,"publisher":{"@id":"https:\/\/www.emplea-te.com\/noticias-oposiciones\/#organization"},"keywords":["Anuncio de convocatoria","Informaci\u00f3n procesos selectivos"],"articleSection":["Convocatorias Ayuntamientos","Oposiciones Auton\u00f3micas Galicia"],"inLanguage":"es"},{"@type":"WebPage","@id":"https:\/\/www.emplea-te.com\/noticias-oposiciones\/el-ayuntamiento-de-vigo-convocara-91-plazas-de-empleo-publico-de-las-que-77-seran-por-turno-libre\/","url":"https:\/\/www.emplea-te.com\/noticias-oposiciones\/el-ayuntamiento-de-vigo-convocara-91-plazas-de-empleo-publico-de-las-que-77-seran-por-turno-libre\/","name":"El Ayuntamiento de Vigo convocar\u00e1 91 plazas de empleo p\u00fablico.","isPartOf":{"@id":"https:\/\/www.emplea-te.com\/noticias-oposiciones\/#website"},"datePublished":"2024-08-26T07:58:25+00:00","description":"El Ayuntamiento de Vigo convocar\u00e1 91 plazas de empleo p\u00fablico de las que 77 ser\u00e1n por turno libre.","breadcrumb":{"@id":"https:\/\/www.emplea-te.com\/noticias-oposiciones\/el-ayuntamiento-de-vigo-convocara-91-plazas-de-empleo-publico-de-las-que-77-seran-por-turno-libre\/#breadcrumb"},"inLanguage":"es","potentialAction":[{"@type":"ReadAction","target":["https:\/\/www.emplea-te.com\/noticias-oposiciones\/el-ayuntamiento-de-vigo-convocara-91-plazas-de-empleo-publico-de-las-que-77-seran-por-turno-libre\/"]}]},{"@type":"BreadcrumbList","@id":"https:\/\/www.emplea-te.com\/noticias-oposiciones\/el-ayuntamiento-de-vigo-convocara-91-plazas-de-empleo-publico-de-las-que-77-seran-por-turno-libre\/#breadcrumb","itemListElement":[{"@type":"ListItem","position":1,"name":"Noticias Oposiciones","item":"https:\/\/www.emplea-te.com\/noticias-oposiciones\/"},{"@type":"ListItem","position":2,"name":"Oposiciones Auton\u00f3micas Galicia","item":"https:\/\/www.emplea-te.com\/noticias-oposiciones\/categoria\/oposiciones-autonomicas-galicia\/"},{"@type":"ListItem","position":3,"name":"El Ayuntamiento de Vigo convocar\u00e1 91 plazas de empleo p\u00fablico de las que 77 ser\u00e1n por turno libre."}]},{"@type":"WebSite","@id":"https:\/\/www.emplea-te.com\/noticias-oposiciones\/#website","url":"https:\/\/www.emplea-te.com\/noticias-oposiciones\/","name":"Noticas de oposiciones por Academia Emplea-te","description":"Toda la actualidad de las ofertas y convocatorias.","publisher":{"@id":"https:\/\/www.emplea-te.com\/noticias-oposiciones\/#organization"},"potentialAction":[{"@type":"SearchAction","target":{"@type":"EntryPoint","urlTemplate":"https:\/\/www.emplea-te.com\/noticias-oposiciones\/?s={search_term_string}"},"query-input":{"@type":"PropertyValueSpecification","valueRequired":true,"valueName":"search_term_string"}}],"inLanguage":"es"},{"@type":"Organization","@id":"https:\/\/www.emplea-te.com\/noticias-oposiciones\/#organization","name":"Academia de oposiciones Empl\u00e9ate","url":"https:\/\/www.emplea-te.com\/noticias-oposiciones\/","logo":{"@type":"ImageObject","inLanguage":"es","@id":"https:\/\/www.emplea-te.com\/noticias-oposiciones\/#\/schema\/logo\/image\/","url":"https:\/\/www.emplea-te.com\/noticias-oposiciones\/wp-content\/uploads\/2019\/04\/empleate.jpg","contentUrl":"https:\/\/www.emplea-te.com\/noticias-oposiciones\/wp-content\/uploads\/2019\/04\/empleate.jpg","width":250,"height":150,"caption":"Academia de oposiciones Empl\u00e9ate"},"image":{"@id":"https:\/\/www.emplea-te.com\/noticias-oposiciones\/#\/schema\/logo\/image\/"},"sameAs":["https:\/\/www.facebook.com\/AcademiaEmpleate\/","https:\/\/x.com\/Emplea_Te","https:\/\/www.instagram.com\/academia_empleate\/"]},{"@type":"Person","@id":"https:\/\/www.emplea-te.com\/noticias-oposiciones\/#\/schema\/person\/d1bc587e1af2b95e9c32aba1795509a6","name":"Empleate"}]}},"_links":{"self":[{"href":"https:\/\/www.emplea-te.com\/noticias-oposiciones\/wp-json\/wp\/v2\/posts\/13003","targetHints":{"allow":["GET"]}}],"collection":[{"href":"https:\/\/www.emplea-te.com\/noticias-oposiciones\/wp-json\/wp\/v2\/posts"}],"about":[{"href":"https:\/\/www.emplea-te.com\/noticias-oposiciones\/wp-json\/wp\/v2\/types\/post"}],"author":[{"embeddable":true,"href":"https:\/\/www.emplea-te.com\/noticias-oposiciones\/wp-json\/wp\/v2\/users\/1"}],"replies":[{"embeddable":true,"href":"https:\/\/www.emplea-te.com\/noticias-oposiciones\/wp-json\/wp\/v2\/comments?post=13003"}],"version-history":[{"count":1,"href":"https:\/\/www.emplea-te.com\/noticias-oposiciones\/wp-json\/wp\/v2\/posts\/13003\/revisions"}],"predecessor-version":[{"id":13004,"href":"https:\/\/www.emplea-te.com\/noticias-oposiciones\/wp-json\/wp\/v2\/posts\/13003\/revisions\/13004"}],"wp:attachment":[{"href":"https:\/\/www.emplea-te.com\/noticias-oposiciones\/wp-json\/wp\/v2\/media?parent=13003"}],"wp:term":[{"taxonomy":"category","embeddable":true,"href":"https:\/\/www.emplea-te.com\/noticias-oposiciones\/wp-json\/wp\/v2\/categories?post=13003"},{"taxonomy":"post_tag","embeddable":true,"href":"https:\/\/www.emplea-te.com\/noticias-oposiciones\/wp-json\/wp\/v2\/tags?post=13003"}],"curies":[{"name":"wp","href":"https:\/\/api.w.org\/{rel}","templated":true}]}}