{"id":13005,"date":"2024-08-27T09:37:19","date_gmt":"2024-08-27T07:37:19","guid":{"rendered":"https:\/\/www.emplea-te.com\/noticias-oposiciones\/?p=13005"},"modified":"2024-08-27T09:37:19","modified_gmt":"2024-08-27T07:37:19","slug":"mancomunidad-concellos-comarca-de-ferrol-convocatoria-y-bases-proceso-selectivo-de-una-plaza-de-orientacion-laboral-a2-personal-interino","status":"publish","type":"post","link":"https:\/\/www.emplea-te.com\/noticias-oposiciones\/mancomunidad-concellos-comarca-de-ferrol-convocatoria-y-bases-proceso-selectivo-de-una-plaza-de-orientacion-laboral-a2-personal-interino\/","title":{"rendered":"Mancomunidad Concellos Comarca de Ferrol. Convocatoria y bases proceso selectivo de una plaza de Orientaci\u00f3n Laboral A2 personal interino."},"content":{"rendered":"<p>Se publica en el BOP de la Provincia de A Coru\u00f1a de hoy, d\u00eda 27 de agosto de 2024, la convocatoria y bases regidoras de proceso selectivo que ser\u00e1 convocado para cubrir plaza de T\u00e9cnico de Orientaci\u00f3n Laboral A2 para personal funcionario interino.<\/p>\n<p>Las bases regidoras de este proceso selectivo se encuentran expuestas en la web de la mancomunidad de ayuntamientos de la comarca de Ferrol,\u00a0 en el Tabl\u00f3n de Anuncios:<br \/>\n<a href=\"https:\/\/comarcaferrolterra.wordpress.com\/taboleiro-de-anuncios\/\" target=\"_blank\" rel=\"noopener\"><strong>https:\/\/comarcaferrolterra.wordpress.com\/taboleiro-de-anuncios\/<\/strong><\/a><\/p>\n<p>El plazo de presentaci\u00f3n de instancias es de 10 d\u00edas h\u00e1biles a contar a partir del d\u00eda siguiente al de esta publicaci\u00f3n en el BOP de la Provincia de A Coru\u00f1a y por tanto el plazo permanecer\u00e1 abierto desde el d\u00eda 28\/08\/2024 hasta el d\u00eda 10\/09\/2024<\/p>\n<p><a href=\"https:\/\/bop.dicoruna.es\/bopportal\/publicado\/2024\/08\/27\/2024_0000005966.pdf\" target=\"_blank\" rel=\"noopener\"><strong>Accede a la publici\u00f3n realizada en el BOP Coru\u00f1a referente a esta convocatoria desde este enlace.\u00a0<\/strong><\/a><\/p>\n","protected":false},"excerpt":{"rendered":"<p>Se publica en el BOP de la Provincia de A Coru\u00f1a de hoy, d\u00eda 27 de agosto de 2024, la convocatoria y bases regidoras de proceso selectivo que ser\u00e1 convocado para cubrir plaza de T\u00e9cnico de Orientaci\u00f3n Laboral A2 para personal funcionario interino. Las bases regidoras de este proceso selectivo se encuentran expuestas en la &hellip; <a href=\"https:\/\/www.emplea-te.com\/noticias-oposiciones\/mancomunidad-concellos-comarca-de-ferrol-convocatoria-y-bases-proceso-selectivo-de-una-plaza-de-orientacion-laboral-a2-personal-interino\/\" class=\"more-link\">Continuar leyendo<span class=\"screen-reader-text\"> \u00abMancomunidad Concellos Comarca de Ferrol. Convocatoria y bases proceso selectivo de una plaza de Orientaci\u00f3n Laboral A2 personal interino.\u00bb<\/span><\/a><\/p>\n","protected":false},"author":1,"featured_media":0,"comment_status":"closed","ping_status":"closed","sticky":false,"template":"","format":"standard","meta":{"footnotes":""},"categories":[37,56],"tags":[49,103],"class_list":["post-13005","post","type-post","status-publish","format-standard","hentry","category-convocatorias-ayuntamientos","category-oposiciones-autonomicas-galicia","tag-convocatorias-de-oposiciones","tag-informacion-procesos-selectivos"],"yoast_head":"<!-- This site is optimized with the Yoast SEO plugin v27.5 - https:\/\/yoast.com\/product\/yoast-seo-wordpress\/ -->\n<title>Mancomunidad Concellos Comarca Ferrol. Convocatoria empleo<\/title>\n<meta name=\"description\" content=\"Mancomunidad Concellos Comarca de Ferrol. Convocatoria y bases proceso selectivo de una plaza de Orientaci\u00f3n Laboral A2 personal interino.\" \/>\n<meta name=\"robots\" content=\"index, follow, max-snippet:-1, max-image-preview:large, max-video-preview:-1\" \/>\n<link rel=\"canonical\" href=\"https:\/\/www.emplea-te.com\/noticias-oposiciones\/mancomunidad-concellos-comarca-de-ferrol-convocatoria-y-bases-proceso-selectivo-de-una-plaza-de-orientacion-laboral-a2-personal-interino\/\" \/>\n<meta property=\"og:locale\" content=\"es_ES\" \/>\n<meta property=\"og:type\" content=\"article\" \/>\n<meta property=\"og:title\" content=\"Mancomunidad Concellos Comarca Ferrol. Convocatoria empleo\" \/>\n<meta property=\"og:description\" content=\"Mancomunidad Concellos Comarca de Ferrol. Convocatoria y bases proceso selectivo de una plaza de Orientaci\u00f3n Laboral A2 personal interino.\" \/>\n<meta property=\"og:url\" content=\"https:\/\/www.emplea-te.com\/noticias-oposiciones\/mancomunidad-concellos-comarca-de-ferrol-convocatoria-y-bases-proceso-selectivo-de-una-plaza-de-orientacion-laboral-a2-personal-interino\/\" \/>\n<meta property=\"og:site_name\" content=\"Noticas de oposiciones por Academia Emplea-te\" \/>\n<meta property=\"article:publisher\" content=\"https:\/\/www.facebook.com\/AcademiaEmpleate\/\" \/>\n<meta property=\"article:published_time\" content=\"2024-08-27T07:37:19+00:00\" \/>\n<meta name=\"author\" content=\"Empleate\" \/>\n<meta name=\"twitter:card\" content=\"summary_large_image\" \/>\n<meta name=\"twitter:creator\" content=\"@Emplea_Te\" \/>\n<meta name=\"twitter:site\" content=\"@Emplea_Te\" \/>\n<meta name=\"twitter:label1\" content=\"Escrito por\" \/>\n\t<meta name=\"twitter:data1\" content=\"Empleate\" \/>\n\t<meta name=\"twitter:label2\" content=\"Tiempo de lectura\" \/>\n\t<meta name=\"twitter:data2\" content=\"1 minuto\" \/>\n<script type=\"application\/ld+json\" class=\"yoast-schema-graph\">{\"@context\":\"https:\\\/\\\/schema.org\",\"@graph\":[{\"@type\":\"Article\",\"@id\":\"https:\\\/\\\/www.emplea-te.com\\\/noticias-oposiciones\\\/mancomunidad-concellos-comarca-de-ferrol-convocatoria-y-bases-proceso-selectivo-de-una-plaza-de-orientacion-laboral-a2-personal-interino\\\/#article\",\"isPartOf\":{\"@id\":\"https:\\\/\\\/www.emplea-te.com\\\/noticias-oposiciones\\\/mancomunidad-concellos-comarca-de-ferrol-convocatoria-y-bases-proceso-selectivo-de-una-plaza-de-orientacion-laboral-a2-personal-interino\\\/\"},\"author\":{\"name\":\"Empleate\",\"@id\":\"https:\\\/\\\/www.emplea-te.com\\\/noticias-oposiciones\\\/#\\\/schema\\\/person\\\/d1bc587e1af2b95e9c32aba1795509a6\"},\"headline\":\"Mancomunidad Concellos Comarca de Ferrol. Convocatoria y bases proceso selectivo de una plaza de Orientaci\u00f3n Laboral A2 personal interino.\",\"datePublished\":\"2024-08-27T07:37:19+00:00\",\"mainEntityOfPage\":{\"@id\":\"https:\\\/\\\/www.emplea-te.com\\\/noticias-oposiciones\\\/mancomunidad-concellos-comarca-de-ferrol-convocatoria-y-bases-proceso-selectivo-de-una-plaza-de-orientacion-laboral-a2-personal-interino\\\/\"},\"wordCount\":168,\"publisher\":{\"@id\":\"https:\\\/\\\/www.emplea-te.com\\\/noticias-oposiciones\\\/#organization\"},\"keywords\":[\"Convocatoria\",\"Informaci\u00f3n procesos selectivos\"],\"articleSection\":[\"Convocatorias Ayuntamientos\",\"Oposiciones Auton\u00f3micas Galicia\"],\"inLanguage\":\"es\"},{\"@type\":\"WebPage\",\"@id\":\"https:\\\/\\\/www.emplea-te.com\\\/noticias-oposiciones\\\/mancomunidad-concellos-comarca-de-ferrol-convocatoria-y-bases-proceso-selectivo-de-una-plaza-de-orientacion-laboral-a2-personal-interino\\\/\",\"url\":\"https:\\\/\\\/www.emplea-te.com\\\/noticias-oposiciones\\\/mancomunidad-concellos-comarca-de-ferrol-convocatoria-y-bases-proceso-selectivo-de-una-plaza-de-orientacion-laboral-a2-personal-interino\\\/\",\"name\":\"Mancomunidad Concellos Comarca Ferrol. Convocatoria empleo\",\"isPartOf\":{\"@id\":\"https:\\\/\\\/www.emplea-te.com\\\/noticias-oposiciones\\\/#website\"},\"datePublished\":\"2024-08-27T07:37:19+00:00\",\"description\":\"Mancomunidad Concellos Comarca de Ferrol. Convocatoria y bases proceso selectivo de una plaza de Orientaci\u00f3n Laboral A2 personal interino.\",\"breadcrumb\":{\"@id\":\"https:\\\/\\\/www.emplea-te.com\\\/noticias-oposiciones\\\/mancomunidad-concellos-comarca-de-ferrol-convocatoria-y-bases-proceso-selectivo-de-una-plaza-de-orientacion-laboral-a2-personal-interino\\\/#breadcrumb\"},\"inLanguage\":\"es\",\"potentialAction\":[{\"@type\":\"ReadAction\",\"target\":[\"https:\\\/\\\/www.emplea-te.com\\\/noticias-oposiciones\\\/mancomunidad-concellos-comarca-de-ferrol-convocatoria-y-bases-proceso-selectivo-de-una-plaza-de-orientacion-laboral-a2-personal-interino\\\/\"]}]},{\"@type\":\"BreadcrumbList\",\"@id\":\"https:\\\/\\\/www.emplea-te.com\\\/noticias-oposiciones\\\/mancomunidad-concellos-comarca-de-ferrol-convocatoria-y-bases-proceso-selectivo-de-una-plaza-de-orientacion-laboral-a2-personal-interino\\\/#breadcrumb\",\"itemListElement\":[{\"@type\":\"ListItem\",\"position\":1,\"name\":\"Noticias Oposiciones\",\"item\":\"https:\\\/\\\/www.emplea-te.com\\\/noticias-oposiciones\\\/\"},{\"@type\":\"ListItem\",\"position\":2,\"name\":\"Oposiciones Auton\u00f3micas Galicia\",\"item\":\"https:\\\/\\\/www.emplea-te.com\\\/noticias-oposiciones\\\/categoria\\\/oposiciones-autonomicas-galicia\\\/\"},{\"@type\":\"ListItem\",\"position\":3,\"name\":\"Mancomunidad Concellos Comarca de Ferrol. Convocatoria y bases proceso selectivo de una plaza de Orientaci\u00f3n Laboral A2 personal interino.\"}]},{\"@type\":\"WebSite\",\"@id\":\"https:\\\/\\\/www.emplea-te.com\\\/noticias-oposiciones\\\/#website\",\"url\":\"https:\\\/\\\/www.emplea-te.com\\\/noticias-oposiciones\\\/\",\"name\":\"Noticas de oposiciones por Academia Emplea-te\",\"description\":\"Toda la actualidad de las ofertas y convocatorias.\",\"publisher\":{\"@id\":\"https:\\\/\\\/www.emplea-te.com\\\/noticias-oposiciones\\\/#organization\"},\"potentialAction\":[{\"@type\":\"SearchAction\",\"target\":{\"@type\":\"EntryPoint\",\"urlTemplate\":\"https:\\\/\\\/www.emplea-te.com\\\/noticias-oposiciones\\\/?s={search_term_string}\"},\"query-input\":{\"@type\":\"PropertyValueSpecification\",\"valueRequired\":true,\"valueName\":\"search_term_string\"}}],\"inLanguage\":\"es\"},{\"@type\":\"Organization\",\"@id\":\"https:\\\/\\\/www.emplea-te.com\\\/noticias-oposiciones\\\/#organization\",\"name\":\"Academia de oposiciones Empl\u00e9ate\",\"url\":\"https:\\\/\\\/www.emplea-te.com\\\/noticias-oposiciones\\\/\",\"logo\":{\"@type\":\"ImageObject\",\"inLanguage\":\"es\",\"@id\":\"https:\\\/\\\/www.emplea-te.com\\\/noticias-oposiciones\\\/#\\\/schema\\\/logo\\\/image\\\/\",\"url\":\"https:\\\/\\\/www.emplea-te.com\\\/noticias-oposiciones\\\/wp-content\\\/uploads\\\/2019\\\/04\\\/empleate.jpg\",\"contentUrl\":\"https:\\\/\\\/www.emplea-te.com\\\/noticias-oposiciones\\\/wp-content\\\/uploads\\\/2019\\\/04\\\/empleate.jpg\",\"width\":250,\"height\":150,\"caption\":\"Academia de oposiciones Empl\u00e9ate\"},\"image\":{\"@id\":\"https:\\\/\\\/www.emplea-te.com\\\/noticias-oposiciones\\\/#\\\/schema\\\/logo\\\/image\\\/\"},\"sameAs\":[\"https:\\\/\\\/www.facebook.com\\\/AcademiaEmpleate\\\/\",\"https:\\\/\\\/x.com\\\/Emplea_Te\",\"https:\\\/\\\/www.instagram.com\\\/academia_empleate\\\/\"]},{\"@type\":\"Person\",\"@id\":\"https:\\\/\\\/www.emplea-te.com\\\/noticias-oposiciones\\\/#\\\/schema\\\/person\\\/d1bc587e1af2b95e9c32aba1795509a6\",\"name\":\"Empleate\"}]}<\/script>\n<!-- \/ Yoast SEO plugin. -->","yoast_head_json":{"title":"Mancomunidad Concellos Comarca Ferrol. Convocatoria empleo","description":"Mancomunidad Concellos Comarca de Ferrol. Convocatoria y bases proceso selectivo de una plaza de Orientaci\u00f3n Laboral A2 personal interino.","robots":{"index":"index","follow":"follow","max-snippet":"max-snippet:-1","max-image-preview":"max-image-preview:large","max-video-preview":"max-video-preview:-1"},"canonical":"https:\/\/www.emplea-te.com\/noticias-oposiciones\/mancomunidad-concellos-comarca-de-ferrol-convocatoria-y-bases-proceso-selectivo-de-una-plaza-de-orientacion-laboral-a2-personal-interino\/","og_locale":"es_ES","og_type":"article","og_title":"Mancomunidad Concellos Comarca Ferrol. Convocatoria empleo","og_description":"Mancomunidad Concellos Comarca de Ferrol. Convocatoria y bases proceso selectivo de una plaza de Orientaci\u00f3n Laboral A2 personal interino.","og_url":"https:\/\/www.emplea-te.com\/noticias-oposiciones\/mancomunidad-concellos-comarca-de-ferrol-convocatoria-y-bases-proceso-selectivo-de-una-plaza-de-orientacion-laboral-a2-personal-interino\/","og_site_name":"Noticas de oposiciones por Academia Emplea-te","article_publisher":"https:\/\/www.facebook.com\/AcademiaEmpleate\/","article_published_time":"2024-08-27T07:37:19+00:00","author":"Empleate","twitter_card":"summary_large_image","twitter_creator":"@Emplea_Te","twitter_site":"@Emplea_Te","twitter_misc":{"Escrito por":"Empleate","Tiempo de lectura":"1 minuto"},"schema":{"@context":"https:\/\/schema.org","@graph":[{"@type":"Article","@id":"https:\/\/www.emplea-te.com\/noticias-oposiciones\/mancomunidad-concellos-comarca-de-ferrol-convocatoria-y-bases-proceso-selectivo-de-una-plaza-de-orientacion-laboral-a2-personal-interino\/#article","isPartOf":{"@id":"https:\/\/www.emplea-te.com\/noticias-oposiciones\/mancomunidad-concellos-comarca-de-ferrol-convocatoria-y-bases-proceso-selectivo-de-una-plaza-de-orientacion-laboral-a2-personal-interino\/"},"author":{"name":"Empleate","@id":"https:\/\/www.emplea-te.com\/noticias-oposiciones\/#\/schema\/person\/d1bc587e1af2b95e9c32aba1795509a6"},"headline":"Mancomunidad Concellos Comarca de Ferrol. Convocatoria y bases proceso selectivo de una plaza de Orientaci\u00f3n Laboral A2 personal interino.","datePublished":"2024-08-27T07:37:19+00:00","mainEntityOfPage":{"@id":"https:\/\/www.emplea-te.com\/noticias-oposiciones\/mancomunidad-concellos-comarca-de-ferrol-convocatoria-y-bases-proceso-selectivo-de-una-plaza-de-orientacion-laboral-a2-personal-interino\/"},"wordCount":168,"publisher":{"@id":"https:\/\/www.emplea-te.com\/noticias-oposiciones\/#organization"},"keywords":["Convocatoria","Informaci\u00f3n procesos selectivos"],"articleSection":["Convocatorias Ayuntamientos","Oposiciones Auton\u00f3micas Galicia"],"inLanguage":"es"},{"@type":"WebPage","@id":"https:\/\/www.emplea-te.com\/noticias-oposiciones\/mancomunidad-concellos-comarca-de-ferrol-convocatoria-y-bases-proceso-selectivo-de-una-plaza-de-orientacion-laboral-a2-personal-interino\/","url":"https:\/\/www.emplea-te.com\/noticias-oposiciones\/mancomunidad-concellos-comarca-de-ferrol-convocatoria-y-bases-proceso-selectivo-de-una-plaza-de-orientacion-laboral-a2-personal-interino\/","name":"Mancomunidad Concellos Comarca Ferrol. Convocatoria empleo","isPartOf":{"@id":"https:\/\/www.emplea-te.com\/noticias-oposiciones\/#website"},"datePublished":"2024-08-27T07:37:19+00:00","description":"Mancomunidad Concellos Comarca de Ferrol. Convocatoria y bases proceso selectivo de una plaza de Orientaci\u00f3n Laboral A2 personal interino.","breadcrumb":{"@id":"https:\/\/www.emplea-te.com\/noticias-oposiciones\/mancomunidad-concellos-comarca-de-ferrol-convocatoria-y-bases-proceso-selectivo-de-una-plaza-de-orientacion-laboral-a2-personal-interino\/#breadcrumb"},"inLanguage":"es","potentialAction":[{"@type":"ReadAction","target":["https:\/\/www.emplea-te.com\/noticias-oposiciones\/mancomunidad-concellos-comarca-de-ferrol-convocatoria-y-bases-proceso-selectivo-de-una-plaza-de-orientacion-laboral-a2-personal-interino\/"]}]},{"@type":"BreadcrumbList","@id":"https:\/\/www.emplea-te.com\/noticias-oposiciones\/mancomunidad-concellos-comarca-de-ferrol-convocatoria-y-bases-proceso-selectivo-de-una-plaza-de-orientacion-laboral-a2-personal-interino\/#breadcrumb","itemListElement":[{"@type":"ListItem","position":1,"name":"Noticias Oposiciones","item":"https:\/\/www.emplea-te.com\/noticias-oposiciones\/"},{"@type":"ListItem","position":2,"name":"Oposiciones Auton\u00f3micas Galicia","item":"https:\/\/www.emplea-te.com\/noticias-oposiciones\/categoria\/oposiciones-autonomicas-galicia\/"},{"@type":"ListItem","position":3,"name":"Mancomunidad Concellos Comarca de Ferrol. Convocatoria y bases proceso selectivo de una plaza de Orientaci\u00f3n Laboral A2 personal interino."}]},{"@type":"WebSite","@id":"https:\/\/www.emplea-te.com\/noticias-oposiciones\/#website","url":"https:\/\/www.emplea-te.com\/noticias-oposiciones\/","name":"Noticas de oposiciones por Academia Emplea-te","description":"Toda la actualidad de las ofertas y convocatorias.","publisher":{"@id":"https:\/\/www.emplea-te.com\/noticias-oposiciones\/#organization"},"potentialAction":[{"@type":"SearchAction","target":{"@type":"EntryPoint","urlTemplate":"https:\/\/www.emplea-te.com\/noticias-oposiciones\/?s={search_term_string}"},"query-input":{"@type":"PropertyValueSpecification","valueRequired":true,"valueName":"search_term_string"}}],"inLanguage":"es"},{"@type":"Organization","@id":"https:\/\/www.emplea-te.com\/noticias-oposiciones\/#organization","name":"Academia de oposiciones Empl\u00e9ate","url":"https:\/\/www.emplea-te.com\/noticias-oposiciones\/","logo":{"@type":"ImageObject","inLanguage":"es","@id":"https:\/\/www.emplea-te.com\/noticias-oposiciones\/#\/schema\/logo\/image\/","url":"https:\/\/www.emplea-te.com\/noticias-oposiciones\/wp-content\/uploads\/2019\/04\/empleate.jpg","contentUrl":"https:\/\/www.emplea-te.com\/noticias-oposiciones\/wp-content\/uploads\/2019\/04\/empleate.jpg","width":250,"height":150,"caption":"Academia de oposiciones Empl\u00e9ate"},"image":{"@id":"https:\/\/www.emplea-te.com\/noticias-oposiciones\/#\/schema\/logo\/image\/"},"sameAs":["https:\/\/www.facebook.com\/AcademiaEmpleate\/","https:\/\/x.com\/Emplea_Te","https:\/\/www.instagram.com\/academia_empleate\/"]},{"@type":"Person","@id":"https:\/\/www.emplea-te.com\/noticias-oposiciones\/#\/schema\/person\/d1bc587e1af2b95e9c32aba1795509a6","name":"Empleate"}]}},"_links":{"self":[{"href":"https:\/\/www.emplea-te.com\/noticias-oposiciones\/wp-json\/wp\/v2\/posts\/13005","targetHints":{"allow":["GET"]}}],"collection":[{"href":"https:\/\/www.emplea-te.com\/noticias-oposiciones\/wp-json\/wp\/v2\/posts"}],"about":[{"href":"https:\/\/www.emplea-te.com\/noticias-oposiciones\/wp-json\/wp\/v2\/types\/post"}],"author":[{"embeddable":true,"href":"https:\/\/www.emplea-te.com\/noticias-oposiciones\/wp-json\/wp\/v2\/users\/1"}],"replies":[{"embeddable":true,"href":"https:\/\/www.emplea-te.com\/noticias-oposiciones\/wp-json\/wp\/v2\/comments?post=13005"}],"version-history":[{"count":1,"href":"https:\/\/www.emplea-te.com\/noticias-oposiciones\/wp-json\/wp\/v2\/posts\/13005\/revisions"}],"predecessor-version":[{"id":13006,"href":"https:\/\/www.emplea-te.com\/noticias-oposiciones\/wp-json\/wp\/v2\/posts\/13005\/revisions\/13006"}],"wp:attachment":[{"href":"https:\/\/www.emplea-te.com\/noticias-oposiciones\/wp-json\/wp\/v2\/media?parent=13005"}],"wp:term":[{"taxonomy":"category","embeddable":true,"href":"https:\/\/www.emplea-te.com\/noticias-oposiciones\/wp-json\/wp\/v2\/categories?post=13005"},{"taxonomy":"post_tag","embeddable":true,"href":"https:\/\/www.emplea-te.com\/noticias-oposiciones\/wp-json\/wp\/v2\/tags?post=13005"}],"curies":[{"name":"wp","href":"https:\/\/api.w.org\/{rel}","templated":true}]}}