{"id":1303,"date":"2019-01-11T00:00:00","date_gmt":"2019-01-10T23:00:00","guid":{"rendered":"https:\/\/www.emplea-te.com\/noticias-oposiciones\/se-anuncia-una-oep-de-mas-de-4-300-plazas-y-un-acuerdo-historico-de-la-xunta-de-galicia-y-sindicatos-para-la-mejora-del-empleo-publico-en-galicia\/"},"modified":"2019-01-11T00:00:00","modified_gmt":"2019-01-10T23:00:00","slug":"se-anuncia-una-oep-de-mas-de-4-300-plazas-y-un-acuerdo-historico-de-la-xunta-de-galicia-y-sindicatos-para-la-mejora-del-empleo-publico-en-galicia","status":"publish","type":"post","link":"https:\/\/www.emplea-te.com\/noticias-oposiciones\/se-anuncia-una-oep-de-mas-de-4-300-plazas-y-un-acuerdo-historico-de-la-xunta-de-galicia-y-sindicatos-para-la-mejora-del-empleo-publico-en-galicia\/","title":{"rendered":"Se anuncia una OEP de m\u00e1s de 4.300 plazas y un acuerdo hist\u00f3rico de la Xunta de Galicia y Sindicatos para la mejora&nbsp; del Empleo p\u00fablico en Galicia. <br>"},"content":{"rendered":"<p>El Presidente de la Xunta de Galicia, D. Alberto N\u00fa\u00f1ez Feij\u00f3o anuncia un acuerdo hist\u00f3rico con los sindicatos para la mejora del empleo y las condiciones de trabajo de los profesionales de la Funci\u00f3n P\u00fablica y una Oferta de Empleo P\u00fablico de m\u00e1s de 4.300 plazas entre 2019-2020.<\/p>\n<p><a href=\"https:\/\/www.xunta.gal\/notas-de-prensa\/-\/nova\/36642\/feijoo-anuncia-acordo-historico-cos-sindicatos-para-mellora-emprego-das-condicions\" target=\"_blank\" rel=\"nofollow noopener noreferrer\"><span class=\"wysiwyg-color-green\">Enlace a la noticia <\/span><\/a><\/p>\n<\/p>\n<p>Pilares que destacamos&nbsp;de este nuevo acuerdo:<\/p>\n<p>&nbsp;Reunir un m\u00ednimo de 4,300 vacantes de empleo p\u00fablico, tanto gratuitas como operativas, entre 2019 y 2020. Una cifra, que, seg\u00fan lo explica el jefe de la Xunta, no incluir\u00e1 Las ofertas de educaci\u00f3n y salud, por lo que la cantidad total ser\u00e1 a\u00fan mayor.<\/p>\n<p>La tasa temporal se reducir\u00e1 para situarla en el entorno del 7% y los salarios aumentar\u00e1n en 2019 y 2020. Con respecto al aumento en la remuneraci\u00f3n, explic\u00f3 que el aumento ser\u00e1 de 2.25% en este a\u00f1o que comienza, Ya ha subido en la n\u00f3mina de enero, lo que supondr\u00e1 un incremento de 810 euros al a\u00f1o en promedio, abund\u00f3. A este aumento, que beneficiar\u00e1 a unos 100,000 trabajadores, se puede agregar un 0.25% adicional a partir de julio si el crecimiento del PIB en Espa\u00f1a es igual o mayor al 2.5%. Adem\u00e1s, en el a\u00f1o siguiente, agreg\u00f3, el aumento m\u00ednimo fijo ser\u00e1 de 2% y la variable de 1% si el PIB crece en la proporci\u00f3n mencionada anteriormente, lo que agregar\u00eda un aumento adicional de 0.55% en 2021.<\/p>\n<p>Se establece el desarrollo de los procesos de conversi\u00f3n en el empleado de la fuerza laboral fija actual, para unificar en uno de los reg\u00edmenes de personal y en condiciones de trabajo iguales. Un proceso voluntario en el que pr\u00e1cticamente todo el personal puede ser acomodado.<\/p>\n<p>El desarrollo de la carrera profesional, que ya est\u00e1 implementado en Sergas y reconoce el valor profesional y alienta la capacitaci\u00f3n continua, ahora se extender\u00e1 a los servicios administrativos y sociales. Los beneficiarios recibir\u00e1n, de forma progresiva, una cantidad anual por grado de carrera entre 760 y 2,460 euros seg\u00fan la categor\u00eda.<\/p>\n<p>Es uno de los mejores momentos para opositar en Galicia.<\/p>\n<p><a href=\"https:\/\/www.emplea-te.com\/1\/oposiciones-de-administrativo-y-auxiliar-administrativo\" target=\"_blank\" rel=\"nofollow noopener noreferrer\"><span class=\"wysiwyg-color-green\">Accede a la informaci\u00f3n de las oposiciones a la Funci\u00f3n P\u00fablica en Galicia y de nuestros grupos presenciales y nuestro m\u00e9todo para prepararte con \u00e9xito y conseguir tu plaza. <\/span><\/a><\/p>\n<p><\/p><\/p>\n","protected":false},"excerpt":{"rendered":"<p>El Presidente de la Xunta de Galicia, D. Alberto N\u00fa\u00f1ez Feij\u00f3o anuncia un acuerdo hist\u00f3rico con los sindicatos para la mejora del empleo y las condiciones de trabajo de los profesionales de la Funci\u00f3n P\u00fablica y una Oferta de Empleo P\u00fablico de m\u00e1s de 4.300 plazas entre 2019-2020. Enlace a la noticia Pilares que destacamos&nbsp;de &hellip; <a href=\"https:\/\/www.emplea-te.com\/noticias-oposiciones\/se-anuncia-una-oep-de-mas-de-4-300-plazas-y-un-acuerdo-historico-de-la-xunta-de-galicia-y-sindicatos-para-la-mejora-del-empleo-publico-en-galicia\/\" class=\"more-link\">Continuar leyendo<span class=\"screen-reader-text\"> \u00abSe anuncia una OEP de m\u00e1s de 4.300 plazas y un acuerdo hist\u00f3rico de la Xunta de Galicia y Sindicatos para la mejora&nbsp; del Empleo p\u00fablico en Galicia. <br \/>\u00ab<\/span><\/a><\/p>\n","protected":false},"author":1,"featured_media":0,"comment_status":"open","ping_status":"open","sticky":false,"template":"","format":"standard","meta":{"footnotes":""},"categories":[],"tags":[],"class_list":["post-1303","post","type-post","status-publish","format-standard","hentry"],"yoast_head":"<!-- This site is optimized with the Yoast SEO plugin v27.5 - https:\/\/yoast.com\/product\/yoast-seo-wordpress\/ -->\n<title>Se anuncia una OEP de m\u00e1s de 4.300 plazas y un acuerdo hist\u00f3rico de la Xunta de Galicia y Sindicatos para la mejora&nbsp; del Empleo p\u00fablico en Galicia.  - Noticas de oposiciones por Academia Emplea-te<\/title>\n<meta name=\"description\" content=\"El Presidente de la Xunta de Galicia, D. Alberto N\u00fa\u00f1ez Feij\u00f3o anuncia un acuerdo hist\u00f3rico con los sindicatos para la mejora del empleo y las condiciones de trabajo de los profesionales de la Funci\u00f3n P\u00fablica y una Oferta de Empleo P\u00fablico de m\u00e1s de 4.300 plazas entre 2019-2020. Enlace a noticia\" \/>\n<meta name=\"robots\" content=\"index, follow, max-snippet:-1, max-image-preview:large, max-video-preview:-1\" \/>\n<link rel=\"canonical\" href=\"https:\/\/www.emplea-te.com\/noticias-oposiciones\/se-anuncia-una-oep-de-mas-de-4-300-plazas-y-un-acuerdo-historico-de-la-xunta-de-galicia-y-sindicatos-para-la-mejora-del-empleo-publico-en-galicia\/\" \/>\n<meta property=\"og:locale\" content=\"es_ES\" \/>\n<meta property=\"og:type\" content=\"article\" \/>\n<meta property=\"og:title\" content=\"Se anuncia una OEP de m\u00e1s de 4.300 plazas y un acuerdo hist\u00f3rico de la Xunta de Galicia y Sindicatos para la mejora&nbsp; del Empleo p\u00fablico en Galicia.  - Noticas de oposiciones por Academia Emplea-te\" \/>\n<meta property=\"og:description\" content=\"El Presidente de la Xunta de Galicia, D. Alberto N\u00fa\u00f1ez Feij\u00f3o anuncia un acuerdo hist\u00f3rico con los sindicatos para la mejora del empleo y las condiciones de trabajo de los profesionales de la Funci\u00f3n P\u00fablica y una Oferta de Empleo P\u00fablico de m\u00e1s de 4.300 plazas entre 2019-2020. Enlace a noticia\" \/>\n<meta property=\"og:url\" content=\"https:\/\/www.emplea-te.com\/noticias-oposiciones\/se-anuncia-una-oep-de-mas-de-4-300-plazas-y-un-acuerdo-historico-de-la-xunta-de-galicia-y-sindicatos-para-la-mejora-del-empleo-publico-en-galicia\/\" \/>\n<meta property=\"og:site_name\" content=\"Noticas de oposiciones por Academia Emplea-te\" \/>\n<meta property=\"article:publisher\" content=\"https:\/\/www.facebook.com\/AcademiaEmpleate\/\" \/>\n<meta property=\"article:published_time\" content=\"2019-01-10T23:00:00+00:00\" \/>\n<meta name=\"author\" content=\"Empleate\" \/>\n<meta name=\"twitter:card\" content=\"summary_large_image\" \/>\n<meta name=\"twitter:creator\" content=\"@Emplea_Te\" \/>\n<meta name=\"twitter:site\" content=\"@Emplea_Te\" \/>\n<meta name=\"twitter:label1\" content=\"Escrito por\" \/>\n\t<meta name=\"twitter:data1\" content=\"Empleate\" \/>\n\t<meta name=\"twitter:label2\" content=\"Tiempo de lectura\" \/>\n\t<meta name=\"twitter:data2\" content=\"2 minutos\" \/>\n<script type=\"application\/ld+json\" class=\"yoast-schema-graph\">{\"@context\":\"https:\\\/\\\/schema.org\",\"@graph\":[{\"@type\":\"Article\",\"@id\":\"https:\\\/\\\/www.emplea-te.com\\\/noticias-oposiciones\\\/se-anuncia-una-oep-de-mas-de-4-300-plazas-y-un-acuerdo-historico-de-la-xunta-de-galicia-y-sindicatos-para-la-mejora-del-empleo-publico-en-galicia\\\/#article\",\"isPartOf\":{\"@id\":\"https:\\\/\\\/www.emplea-te.com\\\/noticias-oposiciones\\\/se-anuncia-una-oep-de-mas-de-4-300-plazas-y-un-acuerdo-historico-de-la-xunta-de-galicia-y-sindicatos-para-la-mejora-del-empleo-publico-en-galicia\\\/\"},\"author\":{\"name\":\"Empleate\",\"@id\":\"https:\\\/\\\/www.emplea-te.com\\\/noticias-oposiciones\\\/#\\\/schema\\\/person\\\/d1bc587e1af2b95e9c32aba1795509a6\"},\"headline\":\"Se anuncia una OEP de m\u00e1s de 4.300 plazas y un acuerdo hist\u00f3rico de la Xunta de Galicia y Sindicatos para la mejora&nbsp; del Empleo p\u00fablico en Galicia.\",\"datePublished\":\"2019-01-10T23:00:00+00:00\",\"mainEntityOfPage\":{\"@id\":\"https:\\\/\\\/www.emplea-te.com\\\/noticias-oposiciones\\\/se-anuncia-una-oep-de-mas-de-4-300-plazas-y-un-acuerdo-historico-de-la-xunta-de-galicia-y-sindicatos-para-la-mejora-del-empleo-publico-en-galicia\\\/\"},\"wordCount\":419,\"commentCount\":0,\"publisher\":{\"@id\":\"https:\\\/\\\/www.emplea-te.com\\\/noticias-oposiciones\\\/#organization\"},\"inLanguage\":\"es\",\"potentialAction\":[{\"@type\":\"CommentAction\",\"name\":\"Comment\",\"target\":[\"https:\\\/\\\/www.emplea-te.com\\\/noticias-oposiciones\\\/se-anuncia-una-oep-de-mas-de-4-300-plazas-y-un-acuerdo-historico-de-la-xunta-de-galicia-y-sindicatos-para-la-mejora-del-empleo-publico-en-galicia\\\/#respond\"]}]},{\"@type\":\"WebPage\",\"@id\":\"https:\\\/\\\/www.emplea-te.com\\\/noticias-oposiciones\\\/se-anuncia-una-oep-de-mas-de-4-300-plazas-y-un-acuerdo-historico-de-la-xunta-de-galicia-y-sindicatos-para-la-mejora-del-empleo-publico-en-galicia\\\/\",\"url\":\"https:\\\/\\\/www.emplea-te.com\\\/noticias-oposiciones\\\/se-anuncia-una-oep-de-mas-de-4-300-plazas-y-un-acuerdo-historico-de-la-xunta-de-galicia-y-sindicatos-para-la-mejora-del-empleo-publico-en-galicia\\\/\",\"name\":\"Se anuncia una OEP de m\u00e1s de 4.300 plazas y un acuerdo hist\u00f3rico de la Xunta de Galicia y Sindicatos para la mejora&nbsp; del Empleo p\u00fablico en Galicia. - Noticas de oposiciones por Academia Emplea-te\",\"isPartOf\":{\"@id\":\"https:\\\/\\\/www.emplea-te.com\\\/noticias-oposiciones\\\/#website\"},\"datePublished\":\"2019-01-10T23:00:00+00:00\",\"description\":\"El Presidente de la Xunta de Galicia, D. Alberto N\u00fa\u00f1ez Feij\u00f3o anuncia un acuerdo hist\u00f3rico con los sindicatos para la mejora del empleo y las condiciones de trabajo de los profesionales de la Funci\u00f3n P\u00fablica y una Oferta de Empleo P\u00fablico de m\u00e1s de 4.300 plazas entre 2019-2020. Enlace a noticia\",\"breadcrumb\":{\"@id\":\"https:\\\/\\\/www.emplea-te.com\\\/noticias-oposiciones\\\/se-anuncia-una-oep-de-mas-de-4-300-plazas-y-un-acuerdo-historico-de-la-xunta-de-galicia-y-sindicatos-para-la-mejora-del-empleo-publico-en-galicia\\\/#breadcrumb\"},\"inLanguage\":\"es\",\"potentialAction\":[{\"@type\":\"ReadAction\",\"target\":[\"https:\\\/\\\/www.emplea-te.com\\\/noticias-oposiciones\\\/se-anuncia-una-oep-de-mas-de-4-300-plazas-y-un-acuerdo-historico-de-la-xunta-de-galicia-y-sindicatos-para-la-mejora-del-empleo-publico-en-galicia\\\/\"]}]},{\"@type\":\"BreadcrumbList\",\"@id\":\"https:\\\/\\\/www.emplea-te.com\\\/noticias-oposiciones\\\/se-anuncia-una-oep-de-mas-de-4-300-plazas-y-un-acuerdo-historico-de-la-xunta-de-galicia-y-sindicatos-para-la-mejora-del-empleo-publico-en-galicia\\\/#breadcrumb\",\"itemListElement\":[{\"@type\":\"ListItem\",\"position\":1,\"name\":\"Noticias Oposiciones\",\"item\":\"https:\\\/\\\/www.emplea-te.com\\\/noticias-oposiciones\\\/\"},{\"@type\":\"ListItem\",\"position\":2,\"name\":\"Se anuncia una OEP de m\u00e1s de 4.300 plazas y un acuerdo hist\u00f3rico de la Xunta de Galicia y Sindicatos para la mejora&nbsp; del Empleo p\u00fablico en Galicia.\"}]},{\"@type\":\"WebSite\",\"@id\":\"https:\\\/\\\/www.emplea-te.com\\\/noticias-oposiciones\\\/#website\",\"url\":\"https:\\\/\\\/www.emplea-te.com\\\/noticias-oposiciones\\\/\",\"name\":\"Noticas de oposiciones por Academia Emplea-te\",\"description\":\"Toda la actualidad de las ofertas y convocatorias.\",\"publisher\":{\"@id\":\"https:\\\/\\\/www.emplea-te.com\\\/noticias-oposiciones\\\/#organization\"},\"potentialAction\":[{\"@type\":\"SearchAction\",\"target\":{\"@type\":\"EntryPoint\",\"urlTemplate\":\"https:\\\/\\\/www.emplea-te.com\\\/noticias-oposiciones\\\/?s={search_term_string}\"},\"query-input\":{\"@type\":\"PropertyValueSpecification\",\"valueRequired\":true,\"valueName\":\"search_term_string\"}}],\"inLanguage\":\"es\"},{\"@type\":\"Organization\",\"@id\":\"https:\\\/\\\/www.emplea-te.com\\\/noticias-oposiciones\\\/#organization\",\"name\":\"Academia de oposiciones Empl\u00e9ate\",\"url\":\"https:\\\/\\\/www.emplea-te.com\\\/noticias-oposiciones\\\/\",\"logo\":{\"@type\":\"ImageObject\",\"inLanguage\":\"es\",\"@id\":\"https:\\\/\\\/www.emplea-te.com\\\/noticias-oposiciones\\\/#\\\/schema\\\/logo\\\/image\\\/\",\"url\":\"https:\\\/\\\/www.emplea-te.com\\\/noticias-oposiciones\\\/wp-content\\\/uploads\\\/2019\\\/04\\\/empleate.jpg\",\"contentUrl\":\"https:\\\/\\\/www.emplea-te.com\\\/noticias-oposiciones\\\/wp-content\\\/uploads\\\/2019\\\/04\\\/empleate.jpg\",\"width\":250,\"height\":150,\"caption\":\"Academia de oposiciones Empl\u00e9ate\"},\"image\":{\"@id\":\"https:\\\/\\\/www.emplea-te.com\\\/noticias-oposiciones\\\/#\\\/schema\\\/logo\\\/image\\\/\"},\"sameAs\":[\"https:\\\/\\\/www.facebook.com\\\/AcademiaEmpleate\\\/\",\"https:\\\/\\\/x.com\\\/Emplea_Te\",\"https:\\\/\\\/www.instagram.com\\\/academia_empleate\\\/\"]},{\"@type\":\"Person\",\"@id\":\"https:\\\/\\\/www.emplea-te.com\\\/noticias-oposiciones\\\/#\\\/schema\\\/person\\\/d1bc587e1af2b95e9c32aba1795509a6\",\"name\":\"Empleate\"}]}<\/script>\n<!-- \/ Yoast SEO plugin. -->","yoast_head_json":{"title":"Se anuncia una OEP de m\u00e1s de 4.300 plazas y un acuerdo hist\u00f3rico de la Xunta de Galicia y Sindicatos para la mejora&nbsp; del Empleo p\u00fablico en Galicia.  - Noticas de oposiciones por Academia Emplea-te","description":"El Presidente de la Xunta de Galicia, D. Alberto N\u00fa\u00f1ez Feij\u00f3o anuncia un acuerdo hist\u00f3rico con los sindicatos para la mejora del empleo y las condiciones de trabajo de los profesionales de la Funci\u00f3n P\u00fablica y una Oferta de Empleo P\u00fablico de m\u00e1s de 4.300 plazas entre 2019-2020. Enlace a noticia","robots":{"index":"index","follow":"follow","max-snippet":"max-snippet:-1","max-image-preview":"max-image-preview:large","max-video-preview":"max-video-preview:-1"},"canonical":"https:\/\/www.emplea-te.com\/noticias-oposiciones\/se-anuncia-una-oep-de-mas-de-4-300-plazas-y-un-acuerdo-historico-de-la-xunta-de-galicia-y-sindicatos-para-la-mejora-del-empleo-publico-en-galicia\/","og_locale":"es_ES","og_type":"article","og_title":"Se anuncia una OEP de m\u00e1s de 4.300 plazas y un acuerdo hist\u00f3rico de la Xunta de Galicia y Sindicatos para la mejora&nbsp; del Empleo p\u00fablico en Galicia.  - Noticas de oposiciones por Academia Emplea-te","og_description":"El Presidente de la Xunta de Galicia, D. Alberto N\u00fa\u00f1ez Feij\u00f3o anuncia un acuerdo hist\u00f3rico con los sindicatos para la mejora del empleo y las condiciones de trabajo de los profesionales de la Funci\u00f3n P\u00fablica y una Oferta de Empleo P\u00fablico de m\u00e1s de 4.300 plazas entre 2019-2020. Enlace a noticia","og_url":"https:\/\/www.emplea-te.com\/noticias-oposiciones\/se-anuncia-una-oep-de-mas-de-4-300-plazas-y-un-acuerdo-historico-de-la-xunta-de-galicia-y-sindicatos-para-la-mejora-del-empleo-publico-en-galicia\/","og_site_name":"Noticas de oposiciones por Academia Emplea-te","article_publisher":"https:\/\/www.facebook.com\/AcademiaEmpleate\/","article_published_time":"2019-01-10T23:00:00+00:00","author":"Empleate","twitter_card":"summary_large_image","twitter_creator":"@Emplea_Te","twitter_site":"@Emplea_Te","twitter_misc":{"Escrito por":"Empleate","Tiempo de lectura":"2 minutos"},"schema":{"@context":"https:\/\/schema.org","@graph":[{"@type":"Article","@id":"https:\/\/www.emplea-te.com\/noticias-oposiciones\/se-anuncia-una-oep-de-mas-de-4-300-plazas-y-un-acuerdo-historico-de-la-xunta-de-galicia-y-sindicatos-para-la-mejora-del-empleo-publico-en-galicia\/#article","isPartOf":{"@id":"https:\/\/www.emplea-te.com\/noticias-oposiciones\/se-anuncia-una-oep-de-mas-de-4-300-plazas-y-un-acuerdo-historico-de-la-xunta-de-galicia-y-sindicatos-para-la-mejora-del-empleo-publico-en-galicia\/"},"author":{"name":"Empleate","@id":"https:\/\/www.emplea-te.com\/noticias-oposiciones\/#\/schema\/person\/d1bc587e1af2b95e9c32aba1795509a6"},"headline":"Se anuncia una OEP de m\u00e1s de 4.300 plazas y un acuerdo hist\u00f3rico de la Xunta de Galicia y Sindicatos para la mejora&nbsp; del Empleo p\u00fablico en Galicia.","datePublished":"2019-01-10T23:00:00+00:00","mainEntityOfPage":{"@id":"https:\/\/www.emplea-te.com\/noticias-oposiciones\/se-anuncia-una-oep-de-mas-de-4-300-plazas-y-un-acuerdo-historico-de-la-xunta-de-galicia-y-sindicatos-para-la-mejora-del-empleo-publico-en-galicia\/"},"wordCount":419,"commentCount":0,"publisher":{"@id":"https:\/\/www.emplea-te.com\/noticias-oposiciones\/#organization"},"inLanguage":"es","potentialAction":[{"@type":"CommentAction","name":"Comment","target":["https:\/\/www.emplea-te.com\/noticias-oposiciones\/se-anuncia-una-oep-de-mas-de-4-300-plazas-y-un-acuerdo-historico-de-la-xunta-de-galicia-y-sindicatos-para-la-mejora-del-empleo-publico-en-galicia\/#respond"]}]},{"@type":"WebPage","@id":"https:\/\/www.emplea-te.com\/noticias-oposiciones\/se-anuncia-una-oep-de-mas-de-4-300-plazas-y-un-acuerdo-historico-de-la-xunta-de-galicia-y-sindicatos-para-la-mejora-del-empleo-publico-en-galicia\/","url":"https:\/\/www.emplea-te.com\/noticias-oposiciones\/se-anuncia-una-oep-de-mas-de-4-300-plazas-y-un-acuerdo-historico-de-la-xunta-de-galicia-y-sindicatos-para-la-mejora-del-empleo-publico-en-galicia\/","name":"Se anuncia una OEP de m\u00e1s de 4.300 plazas y un acuerdo hist\u00f3rico de la Xunta de Galicia y Sindicatos para la mejora&nbsp; del Empleo p\u00fablico en Galicia. - Noticas de oposiciones por Academia Emplea-te","isPartOf":{"@id":"https:\/\/www.emplea-te.com\/noticias-oposiciones\/#website"},"datePublished":"2019-01-10T23:00:00+00:00","description":"El Presidente de la Xunta de Galicia, D. Alberto N\u00fa\u00f1ez Feij\u00f3o anuncia un acuerdo hist\u00f3rico con los sindicatos para la mejora del empleo y las condiciones de trabajo de los profesionales de la Funci\u00f3n P\u00fablica y una Oferta de Empleo P\u00fablico de m\u00e1s de 4.300 plazas entre 2019-2020. Enlace a noticia","breadcrumb":{"@id":"https:\/\/www.emplea-te.com\/noticias-oposiciones\/se-anuncia-una-oep-de-mas-de-4-300-plazas-y-un-acuerdo-historico-de-la-xunta-de-galicia-y-sindicatos-para-la-mejora-del-empleo-publico-en-galicia\/#breadcrumb"},"inLanguage":"es","potentialAction":[{"@type":"ReadAction","target":["https:\/\/www.emplea-te.com\/noticias-oposiciones\/se-anuncia-una-oep-de-mas-de-4-300-plazas-y-un-acuerdo-historico-de-la-xunta-de-galicia-y-sindicatos-para-la-mejora-del-empleo-publico-en-galicia\/"]}]},{"@type":"BreadcrumbList","@id":"https:\/\/www.emplea-te.com\/noticias-oposiciones\/se-anuncia-una-oep-de-mas-de-4-300-plazas-y-un-acuerdo-historico-de-la-xunta-de-galicia-y-sindicatos-para-la-mejora-del-empleo-publico-en-galicia\/#breadcrumb","itemListElement":[{"@type":"ListItem","position":1,"name":"Noticias Oposiciones","item":"https:\/\/www.emplea-te.com\/noticias-oposiciones\/"},{"@type":"ListItem","position":2,"name":"Se anuncia una OEP de m\u00e1s de 4.300 plazas y un acuerdo hist\u00f3rico de la Xunta de Galicia y Sindicatos para la mejora&nbsp; del Empleo p\u00fablico en Galicia."}]},{"@type":"WebSite","@id":"https:\/\/www.emplea-te.com\/noticias-oposiciones\/#website","url":"https:\/\/www.emplea-te.com\/noticias-oposiciones\/","name":"Noticas de oposiciones por Academia Emplea-te","description":"Toda la actualidad de las ofertas y convocatorias.","publisher":{"@id":"https:\/\/www.emplea-te.com\/noticias-oposiciones\/#organization"},"potentialAction":[{"@type":"SearchAction","target":{"@type":"EntryPoint","urlTemplate":"https:\/\/www.emplea-te.com\/noticias-oposiciones\/?s={search_term_string}"},"query-input":{"@type":"PropertyValueSpecification","valueRequired":true,"valueName":"search_term_string"}}],"inLanguage":"es"},{"@type":"Organization","@id":"https:\/\/www.emplea-te.com\/noticias-oposiciones\/#organization","name":"Academia de oposiciones Empl\u00e9ate","url":"https:\/\/www.emplea-te.com\/noticias-oposiciones\/","logo":{"@type":"ImageObject","inLanguage":"es","@id":"https:\/\/www.emplea-te.com\/noticias-oposiciones\/#\/schema\/logo\/image\/","url":"https:\/\/www.emplea-te.com\/noticias-oposiciones\/wp-content\/uploads\/2019\/04\/empleate.jpg","contentUrl":"https:\/\/www.emplea-te.com\/noticias-oposiciones\/wp-content\/uploads\/2019\/04\/empleate.jpg","width":250,"height":150,"caption":"Academia de oposiciones Empl\u00e9ate"},"image":{"@id":"https:\/\/www.emplea-te.com\/noticias-oposiciones\/#\/schema\/logo\/image\/"},"sameAs":["https:\/\/www.facebook.com\/AcademiaEmpleate\/","https:\/\/x.com\/Emplea_Te","https:\/\/www.instagram.com\/academia_empleate\/"]},{"@type":"Person","@id":"https:\/\/www.emplea-te.com\/noticias-oposiciones\/#\/schema\/person\/d1bc587e1af2b95e9c32aba1795509a6","name":"Empleate"}]}},"_links":{"self":[{"href":"https:\/\/www.emplea-te.com\/noticias-oposiciones\/wp-json\/wp\/v2\/posts\/1303","targetHints":{"allow":["GET"]}}],"collection":[{"href":"https:\/\/www.emplea-te.com\/noticias-oposiciones\/wp-json\/wp\/v2\/posts"}],"about":[{"href":"https:\/\/www.emplea-te.com\/noticias-oposiciones\/wp-json\/wp\/v2\/types\/post"}],"author":[{"embeddable":true,"href":"https:\/\/www.emplea-te.com\/noticias-oposiciones\/wp-json\/wp\/v2\/users\/1"}],"replies":[{"embeddable":true,"href":"https:\/\/www.emplea-te.com\/noticias-oposiciones\/wp-json\/wp\/v2\/comments?post=1303"}],"version-history":[{"count":0,"href":"https:\/\/www.emplea-te.com\/noticias-oposiciones\/wp-json\/wp\/v2\/posts\/1303\/revisions"}],"wp:attachment":[{"href":"https:\/\/www.emplea-te.com\/noticias-oposiciones\/wp-json\/wp\/v2\/media?parent=1303"}],"wp:term":[{"taxonomy":"category","embeddable":true,"href":"https:\/\/www.emplea-te.com\/noticias-oposiciones\/wp-json\/wp\/v2\/categories?post=1303"},{"taxonomy":"post_tag","embeddable":true,"href":"https:\/\/www.emplea-te.com\/noticias-oposiciones\/wp-json\/wp\/v2\/tags?post=1303"}],"curies":[{"name":"wp","href":"https:\/\/api.w.org\/{rel}","templated":true}]}}