{"id":1308,"date":"2019-01-22T00:00:00","date_gmt":"2019-01-21T23:00:00","guid":{"rendered":"https:\/\/www.emplea-te.com\/noticias-oposiciones\/planificacion-y-metodo-para-preparar-las-oposiciones-en-emplea-te\/"},"modified":"2019-01-22T00:00:00","modified_gmt":"2019-01-21T23:00:00","slug":"planificacion-y-metodo-para-preparar-las-oposiciones-en-emplea-te","status":"publish","type":"post","link":"https:\/\/www.emplea-te.com\/noticias-oposiciones\/planificacion-y-metodo-para-preparar-las-oposiciones-en-emplea-te\/","title":{"rendered":"Planificaci\u00f3n y M\u00e9todo para preparar las oposiciones en Empl\u00e9a-te.<br>"},"content":{"rendered":"<p>En Emplea-te creemos que es fundamental que nuestros alumnos tengan una buena planificaci\u00f3n de horarios y de cada una de las materias de las que tendr\u00e1n clase cada d\u00eda de la semana para que su organizaci\u00f3n sea \u00f3ptima.<\/p>\n<p>Cada mes les enviamos la planificaci\u00f3n mensual en la que pueden ver : horarios de clases, qu\u00e9 temas daremos en clase, qu\u00e9 d\u00eda de la semana tendr\u00e1n test, qu\u00e9 d\u00eda de la semana tendr\u00e1n simulacro de su oposici\u00f3n&#8230;<\/p>\n<p>En Empl\u00e9a-te:<\/p>\n<p>&nbsp;&nbsp;&nbsp;&nbsp;&nbsp;&nbsp; Damos temas completos no mezclamos materias.<\/p>\n<p>&nbsp;&nbsp;&nbsp;&nbsp;&nbsp;&nbsp; Los temas no tienen una duraci\u00f3n concreta, la academia adapta las clases a las necesidades de los alumnos.<\/p>\n<p>&nbsp;&nbsp;&nbsp;&nbsp;&nbsp;&nbsp; Recibes planificaci\u00f3n mensual para que siempre sepas lo que te vamos a dar.<\/p>\n<p>&nbsp;&nbsp;&nbsp;&nbsp;&nbsp;&nbsp;&nbsp;Registramos todos tus datos, notas, dudas y cualquier necesidad. Para que siempre sepas que temas llevas mejor.<\/p>\n<p>&nbsp;&nbsp;&nbsp;&nbsp;&nbsp;&nbsp; Y por supuesto dispones de tus profesores para realizar tutor\u00edas y aclarar cualquier duda que tengas del temario o cualquier cosa referente a tu oposici\u00f3n.<\/p>\n<p>\u00a1\u00a1Nos gusta lo que hacemos y por eso lo hacemos tan bien!!<\/p>\n<p>Ven a conocernos, estamos en A Coru\u00f1a calle San Andr\u00e9s n\u00ba 148 bajo. <\/p>\n<p>Prep\u00e1rate para conseguir tu plaza con la garant\u00eda que podemos ofrecerte con nuestra experiencia de m\u00e1s de 20 a\u00f1os preparando opositores , nuestro equipo de docentes especialistas en cada una de las materias de distintas oposiciones . Adem\u00e1s tendr\u00e1s a un tutor-a disponible individualmente para ti, a lo largo de tu proceso de preparaci\u00f3n con el que cada semana planificar\u00e1s tu ritmo de estudio. <\/p>\n<p><a href=\"www.emplea-te.com\" target=\"_blank\" rel=\"nofollow noopener noreferrer\"><span class=\"wysiwyg-color-green\">No esperes m\u00e1s ven a Empl\u00e8a-te \u00a1\u00a1Saldr\u00e1s ganando tu plaza!! <\/span><\/a><\/p>\n","protected":false},"excerpt":{"rendered":"<p>En Emplea-te creemos que es fundamental que nuestros alumnos tengan una buena planificaci\u00f3n de horarios y de cada una de las materias de las que tendr\u00e1n clase cada d\u00eda de la semana para que su organizaci\u00f3n sea \u00f3ptima. Cada mes les enviamos la planificaci\u00f3n mensual en la que pueden ver : horarios de clases, qu\u00e9 &hellip; <a href=\"https:\/\/www.emplea-te.com\/noticias-oposiciones\/planificacion-y-metodo-para-preparar-las-oposiciones-en-emplea-te\/\" class=\"more-link\">Continuar leyendo<span class=\"screen-reader-text\"> \u00abPlanificaci\u00f3n y M\u00e9todo para preparar las oposiciones en Empl\u00e9a-te.<br \/>\u00ab<\/span><\/a><\/p>\n","protected":false},"author":1,"featured_media":0,"comment_status":"open","ping_status":"open","sticky":false,"template":"","format":"standard","meta":{"footnotes":""},"categories":[],"tags":[],"class_list":["post-1308","post","type-post","status-publish","format-standard","hentry"],"yoast_head":"<!-- This site is optimized with the Yoast SEO plugin v27.5 - https:\/\/yoast.com\/product\/yoast-seo-wordpress\/ -->\n<title>Planificaci\u00f3n y M\u00e9todo para preparar las oposiciones en Empl\u00e9a-te. - Noticas de oposiciones por Academia Emplea-te<\/title>\n<meta name=\"description\" content=\"En Emplea-te creemos que es fundamental que nuestros alumnos tengan una buena planificaci\u00f3n de horarios y de cada una de las materias de las que tendr\u00e1n clase cada d\u00eda de la semana para que su organizaci\u00f3n sea \u00f3ptima. Cada mes les enviamos la planificaci\u00f3n mensual en la que pueden ver : horarios de clases, qu\u00e9 temas daremos en clase, qu\u00e9 d\u00eda de la semana tendr\u00e1n test, qu\u00e9 d\u00eda de la semana tendr\u00e1n simulacro de su oposici\u00f3n...Puedes echar un vistazo r\u00e1pido a nuestro m\u00e9todo en el enlace de m\u00e1s abajo. Empl\u00e9a-te academia de oposiciones en Coru\u00f1a .\" \/>\n<meta name=\"robots\" content=\"index, follow, max-snippet:-1, max-image-preview:large, max-video-preview:-1\" \/>\n<link rel=\"canonical\" href=\"https:\/\/www.emplea-te.com\/noticias-oposiciones\/planificacion-y-metodo-para-preparar-las-oposiciones-en-emplea-te\/\" \/>\n<meta property=\"og:locale\" content=\"es_ES\" \/>\n<meta property=\"og:type\" content=\"article\" \/>\n<meta property=\"og:title\" content=\"Planificaci\u00f3n y M\u00e9todo para preparar las oposiciones en Empl\u00e9a-te. - Noticas de oposiciones por Academia Emplea-te\" \/>\n<meta property=\"og:description\" content=\"En Emplea-te creemos que es fundamental que nuestros alumnos tengan una buena planificaci\u00f3n de horarios y de cada una de las materias de las que tendr\u00e1n clase cada d\u00eda de la semana para que su organizaci\u00f3n sea \u00f3ptima. Cada mes les enviamos la planificaci\u00f3n mensual en la que pueden ver : horarios de clases, qu\u00e9 temas daremos en clase, qu\u00e9 d\u00eda de la semana tendr\u00e1n test, qu\u00e9 d\u00eda de la semana tendr\u00e1n simulacro de su oposici\u00f3n...Puedes echar un vistazo r\u00e1pido a nuestro m\u00e9todo en el enlace de m\u00e1s abajo. Empl\u00e9a-te academia de oposiciones en Coru\u00f1a .\" \/>\n<meta property=\"og:url\" content=\"https:\/\/www.emplea-te.com\/noticias-oposiciones\/planificacion-y-metodo-para-preparar-las-oposiciones-en-emplea-te\/\" \/>\n<meta property=\"og:site_name\" content=\"Noticas de oposiciones por Academia Emplea-te\" \/>\n<meta property=\"article:publisher\" content=\"https:\/\/www.facebook.com\/AcademiaEmpleate\/\" \/>\n<meta property=\"article:published_time\" content=\"2019-01-21T23:00:00+00:00\" \/>\n<meta name=\"author\" content=\"Empleate\" \/>\n<meta name=\"twitter:card\" content=\"summary_large_image\" \/>\n<meta name=\"twitter:creator\" content=\"@Emplea_Te\" \/>\n<meta name=\"twitter:site\" content=\"@Emplea_Te\" \/>\n<meta name=\"twitter:label1\" content=\"Escrito por\" \/>\n\t<meta name=\"twitter:data1\" content=\"Empleate\" \/>\n\t<meta name=\"twitter:label2\" content=\"Tiempo de lectura\" \/>\n\t<meta name=\"twitter:data2\" content=\"2 minutos\" \/>\n<script type=\"application\/ld+json\" class=\"yoast-schema-graph\">{\"@context\":\"https:\\\/\\\/schema.org\",\"@graph\":[{\"@type\":\"Article\",\"@id\":\"https:\\\/\\\/www.emplea-te.com\\\/noticias-oposiciones\\\/planificacion-y-metodo-para-preparar-las-oposiciones-en-emplea-te\\\/#article\",\"isPartOf\":{\"@id\":\"https:\\\/\\\/www.emplea-te.com\\\/noticias-oposiciones\\\/planificacion-y-metodo-para-preparar-las-oposiciones-en-emplea-te\\\/\"},\"author\":{\"name\":\"Empleate\",\"@id\":\"https:\\\/\\\/www.emplea-te.com\\\/noticias-oposiciones\\\/#\\\/schema\\\/person\\\/d1bc587e1af2b95e9c32aba1795509a6\"},\"headline\":\"Planificaci\u00f3n y M\u00e9todo para preparar las oposiciones en Empl\u00e9a-te.\",\"datePublished\":\"2019-01-21T23:00:00+00:00\",\"mainEntityOfPage\":{\"@id\":\"https:\\\/\\\/www.emplea-te.com\\\/noticias-oposiciones\\\/planificacion-y-metodo-para-preparar-las-oposiciones-en-emplea-te\\\/\"},\"wordCount\":322,\"commentCount\":0,\"publisher\":{\"@id\":\"https:\\\/\\\/www.emplea-te.com\\\/noticias-oposiciones\\\/#organization\"},\"inLanguage\":\"es\",\"potentialAction\":[{\"@type\":\"CommentAction\",\"name\":\"Comment\",\"target\":[\"https:\\\/\\\/www.emplea-te.com\\\/noticias-oposiciones\\\/planificacion-y-metodo-para-preparar-las-oposiciones-en-emplea-te\\\/#respond\"]}]},{\"@type\":\"WebPage\",\"@id\":\"https:\\\/\\\/www.emplea-te.com\\\/noticias-oposiciones\\\/planificacion-y-metodo-para-preparar-las-oposiciones-en-emplea-te\\\/\",\"url\":\"https:\\\/\\\/www.emplea-te.com\\\/noticias-oposiciones\\\/planificacion-y-metodo-para-preparar-las-oposiciones-en-emplea-te\\\/\",\"name\":\"Planificaci\u00f3n y M\u00e9todo para preparar las oposiciones en Empl\u00e9a-te. - Noticas de oposiciones por Academia Emplea-te\",\"isPartOf\":{\"@id\":\"https:\\\/\\\/www.emplea-te.com\\\/noticias-oposiciones\\\/#website\"},\"datePublished\":\"2019-01-21T23:00:00+00:00\",\"description\":\"En Emplea-te creemos que es fundamental que nuestros alumnos tengan una buena planificaci\u00f3n de horarios y de cada una de las materias de las que tendr\u00e1n clase cada d\u00eda de la semana para que su organizaci\u00f3n sea \u00f3ptima. Cada mes les enviamos la planificaci\u00f3n mensual en la que pueden ver : horarios de clases, qu\u00e9 temas daremos en clase, qu\u00e9 d\u00eda de la semana tendr\u00e1n test, qu\u00e9 d\u00eda de la semana tendr\u00e1n simulacro de su oposici\u00f3n...Puedes echar un vistazo r\u00e1pido a nuestro m\u00e9todo en el enlace de m\u00e1s abajo. Empl\u00e9a-te academia de oposiciones en Coru\u00f1a .\",\"breadcrumb\":{\"@id\":\"https:\\\/\\\/www.emplea-te.com\\\/noticias-oposiciones\\\/planificacion-y-metodo-para-preparar-las-oposiciones-en-emplea-te\\\/#breadcrumb\"},\"inLanguage\":\"es\",\"potentialAction\":[{\"@type\":\"ReadAction\",\"target\":[\"https:\\\/\\\/www.emplea-te.com\\\/noticias-oposiciones\\\/planificacion-y-metodo-para-preparar-las-oposiciones-en-emplea-te\\\/\"]}]},{\"@type\":\"BreadcrumbList\",\"@id\":\"https:\\\/\\\/www.emplea-te.com\\\/noticias-oposiciones\\\/planificacion-y-metodo-para-preparar-las-oposiciones-en-emplea-te\\\/#breadcrumb\",\"itemListElement\":[{\"@type\":\"ListItem\",\"position\":1,\"name\":\"Noticias Oposiciones\",\"item\":\"https:\\\/\\\/www.emplea-te.com\\\/noticias-oposiciones\\\/\"},{\"@type\":\"ListItem\",\"position\":2,\"name\":\"Planificaci\u00f3n y M\u00e9todo para preparar las oposiciones en Empl\u00e9a-te.\"}]},{\"@type\":\"WebSite\",\"@id\":\"https:\\\/\\\/www.emplea-te.com\\\/noticias-oposiciones\\\/#website\",\"url\":\"https:\\\/\\\/www.emplea-te.com\\\/noticias-oposiciones\\\/\",\"name\":\"Noticas de oposiciones por Academia Emplea-te\",\"description\":\"Toda la actualidad de las ofertas y convocatorias.\",\"publisher\":{\"@id\":\"https:\\\/\\\/www.emplea-te.com\\\/noticias-oposiciones\\\/#organization\"},\"potentialAction\":[{\"@type\":\"SearchAction\",\"target\":{\"@type\":\"EntryPoint\",\"urlTemplate\":\"https:\\\/\\\/www.emplea-te.com\\\/noticias-oposiciones\\\/?s={search_term_string}\"},\"query-input\":{\"@type\":\"PropertyValueSpecification\",\"valueRequired\":true,\"valueName\":\"search_term_string\"}}],\"inLanguage\":\"es\"},{\"@type\":\"Organization\",\"@id\":\"https:\\\/\\\/www.emplea-te.com\\\/noticias-oposiciones\\\/#organization\",\"name\":\"Academia de oposiciones Empl\u00e9ate\",\"url\":\"https:\\\/\\\/www.emplea-te.com\\\/noticias-oposiciones\\\/\",\"logo\":{\"@type\":\"ImageObject\",\"inLanguage\":\"es\",\"@id\":\"https:\\\/\\\/www.emplea-te.com\\\/noticias-oposiciones\\\/#\\\/schema\\\/logo\\\/image\\\/\",\"url\":\"https:\\\/\\\/www.emplea-te.com\\\/noticias-oposiciones\\\/wp-content\\\/uploads\\\/2019\\\/04\\\/empleate.jpg\",\"contentUrl\":\"https:\\\/\\\/www.emplea-te.com\\\/noticias-oposiciones\\\/wp-content\\\/uploads\\\/2019\\\/04\\\/empleate.jpg\",\"width\":250,\"height\":150,\"caption\":\"Academia de oposiciones Empl\u00e9ate\"},\"image\":{\"@id\":\"https:\\\/\\\/www.emplea-te.com\\\/noticias-oposiciones\\\/#\\\/schema\\\/logo\\\/image\\\/\"},\"sameAs\":[\"https:\\\/\\\/www.facebook.com\\\/AcademiaEmpleate\\\/\",\"https:\\\/\\\/x.com\\\/Emplea_Te\",\"https:\\\/\\\/www.instagram.com\\\/academia_empleate\\\/\"]},{\"@type\":\"Person\",\"@id\":\"https:\\\/\\\/www.emplea-te.com\\\/noticias-oposiciones\\\/#\\\/schema\\\/person\\\/d1bc587e1af2b95e9c32aba1795509a6\",\"name\":\"Empleate\"}]}<\/script>\n<!-- \/ Yoast SEO plugin. -->","yoast_head_json":{"title":"Planificaci\u00f3n y M\u00e9todo para preparar las oposiciones en Empl\u00e9a-te. - Noticas de oposiciones por Academia Emplea-te","description":"En Emplea-te creemos que es fundamental que nuestros alumnos tengan una buena planificaci\u00f3n de horarios y de cada una de las materias de las que tendr\u00e1n clase cada d\u00eda de la semana para que su organizaci\u00f3n sea \u00f3ptima. Cada mes les enviamos la planificaci\u00f3n mensual en la que pueden ver : horarios de clases, qu\u00e9 temas daremos en clase, qu\u00e9 d\u00eda de la semana tendr\u00e1n test, qu\u00e9 d\u00eda de la semana tendr\u00e1n simulacro de su oposici\u00f3n...Puedes echar un vistazo r\u00e1pido a nuestro m\u00e9todo en el enlace de m\u00e1s abajo. Empl\u00e9a-te academia de oposiciones en Coru\u00f1a .","robots":{"index":"index","follow":"follow","max-snippet":"max-snippet:-1","max-image-preview":"max-image-preview:large","max-video-preview":"max-video-preview:-1"},"canonical":"https:\/\/www.emplea-te.com\/noticias-oposiciones\/planificacion-y-metodo-para-preparar-las-oposiciones-en-emplea-te\/","og_locale":"es_ES","og_type":"article","og_title":"Planificaci\u00f3n y M\u00e9todo para preparar las oposiciones en Empl\u00e9a-te. - Noticas de oposiciones por Academia Emplea-te","og_description":"En Emplea-te creemos que es fundamental que nuestros alumnos tengan una buena planificaci\u00f3n de horarios y de cada una de las materias de las que tendr\u00e1n clase cada d\u00eda de la semana para que su organizaci\u00f3n sea \u00f3ptima. Cada mes les enviamos la planificaci\u00f3n mensual en la que pueden ver : horarios de clases, qu\u00e9 temas daremos en clase, qu\u00e9 d\u00eda de la semana tendr\u00e1n test, qu\u00e9 d\u00eda de la semana tendr\u00e1n simulacro de su oposici\u00f3n...Puedes echar un vistazo r\u00e1pido a nuestro m\u00e9todo en el enlace de m\u00e1s abajo. Empl\u00e9a-te academia de oposiciones en Coru\u00f1a .","og_url":"https:\/\/www.emplea-te.com\/noticias-oposiciones\/planificacion-y-metodo-para-preparar-las-oposiciones-en-emplea-te\/","og_site_name":"Noticas de oposiciones por Academia Emplea-te","article_publisher":"https:\/\/www.facebook.com\/AcademiaEmpleate\/","article_published_time":"2019-01-21T23:00:00+00:00","author":"Empleate","twitter_card":"summary_large_image","twitter_creator":"@Emplea_Te","twitter_site":"@Emplea_Te","twitter_misc":{"Escrito por":"Empleate","Tiempo de lectura":"2 minutos"},"schema":{"@context":"https:\/\/schema.org","@graph":[{"@type":"Article","@id":"https:\/\/www.emplea-te.com\/noticias-oposiciones\/planificacion-y-metodo-para-preparar-las-oposiciones-en-emplea-te\/#article","isPartOf":{"@id":"https:\/\/www.emplea-te.com\/noticias-oposiciones\/planificacion-y-metodo-para-preparar-las-oposiciones-en-emplea-te\/"},"author":{"name":"Empleate","@id":"https:\/\/www.emplea-te.com\/noticias-oposiciones\/#\/schema\/person\/d1bc587e1af2b95e9c32aba1795509a6"},"headline":"Planificaci\u00f3n y M\u00e9todo para preparar las oposiciones en Empl\u00e9a-te.","datePublished":"2019-01-21T23:00:00+00:00","mainEntityOfPage":{"@id":"https:\/\/www.emplea-te.com\/noticias-oposiciones\/planificacion-y-metodo-para-preparar-las-oposiciones-en-emplea-te\/"},"wordCount":322,"commentCount":0,"publisher":{"@id":"https:\/\/www.emplea-te.com\/noticias-oposiciones\/#organization"},"inLanguage":"es","potentialAction":[{"@type":"CommentAction","name":"Comment","target":["https:\/\/www.emplea-te.com\/noticias-oposiciones\/planificacion-y-metodo-para-preparar-las-oposiciones-en-emplea-te\/#respond"]}]},{"@type":"WebPage","@id":"https:\/\/www.emplea-te.com\/noticias-oposiciones\/planificacion-y-metodo-para-preparar-las-oposiciones-en-emplea-te\/","url":"https:\/\/www.emplea-te.com\/noticias-oposiciones\/planificacion-y-metodo-para-preparar-las-oposiciones-en-emplea-te\/","name":"Planificaci\u00f3n y M\u00e9todo para preparar las oposiciones en Empl\u00e9a-te. - Noticas de oposiciones por Academia Emplea-te","isPartOf":{"@id":"https:\/\/www.emplea-te.com\/noticias-oposiciones\/#website"},"datePublished":"2019-01-21T23:00:00+00:00","description":"En Emplea-te creemos que es fundamental que nuestros alumnos tengan una buena planificaci\u00f3n de horarios y de cada una de las materias de las que tendr\u00e1n clase cada d\u00eda de la semana para que su organizaci\u00f3n sea \u00f3ptima. Cada mes les enviamos la planificaci\u00f3n mensual en la que pueden ver : horarios de clases, qu\u00e9 temas daremos en clase, qu\u00e9 d\u00eda de la semana tendr\u00e1n test, qu\u00e9 d\u00eda de la semana tendr\u00e1n simulacro de su oposici\u00f3n...Puedes echar un vistazo r\u00e1pido a nuestro m\u00e9todo en el enlace de m\u00e1s abajo. Empl\u00e9a-te academia de oposiciones en Coru\u00f1a .","breadcrumb":{"@id":"https:\/\/www.emplea-te.com\/noticias-oposiciones\/planificacion-y-metodo-para-preparar-las-oposiciones-en-emplea-te\/#breadcrumb"},"inLanguage":"es","potentialAction":[{"@type":"ReadAction","target":["https:\/\/www.emplea-te.com\/noticias-oposiciones\/planificacion-y-metodo-para-preparar-las-oposiciones-en-emplea-te\/"]}]},{"@type":"BreadcrumbList","@id":"https:\/\/www.emplea-te.com\/noticias-oposiciones\/planificacion-y-metodo-para-preparar-las-oposiciones-en-emplea-te\/#breadcrumb","itemListElement":[{"@type":"ListItem","position":1,"name":"Noticias Oposiciones","item":"https:\/\/www.emplea-te.com\/noticias-oposiciones\/"},{"@type":"ListItem","position":2,"name":"Planificaci\u00f3n y M\u00e9todo para preparar las oposiciones en Empl\u00e9a-te."}]},{"@type":"WebSite","@id":"https:\/\/www.emplea-te.com\/noticias-oposiciones\/#website","url":"https:\/\/www.emplea-te.com\/noticias-oposiciones\/","name":"Noticas de oposiciones por Academia Emplea-te","description":"Toda la actualidad de las ofertas y convocatorias.","publisher":{"@id":"https:\/\/www.emplea-te.com\/noticias-oposiciones\/#organization"},"potentialAction":[{"@type":"SearchAction","target":{"@type":"EntryPoint","urlTemplate":"https:\/\/www.emplea-te.com\/noticias-oposiciones\/?s={search_term_string}"},"query-input":{"@type":"PropertyValueSpecification","valueRequired":true,"valueName":"search_term_string"}}],"inLanguage":"es"},{"@type":"Organization","@id":"https:\/\/www.emplea-te.com\/noticias-oposiciones\/#organization","name":"Academia de oposiciones Empl\u00e9ate","url":"https:\/\/www.emplea-te.com\/noticias-oposiciones\/","logo":{"@type":"ImageObject","inLanguage":"es","@id":"https:\/\/www.emplea-te.com\/noticias-oposiciones\/#\/schema\/logo\/image\/","url":"https:\/\/www.emplea-te.com\/noticias-oposiciones\/wp-content\/uploads\/2019\/04\/empleate.jpg","contentUrl":"https:\/\/www.emplea-te.com\/noticias-oposiciones\/wp-content\/uploads\/2019\/04\/empleate.jpg","width":250,"height":150,"caption":"Academia de oposiciones Empl\u00e9ate"},"image":{"@id":"https:\/\/www.emplea-te.com\/noticias-oposiciones\/#\/schema\/logo\/image\/"},"sameAs":["https:\/\/www.facebook.com\/AcademiaEmpleate\/","https:\/\/x.com\/Emplea_Te","https:\/\/www.instagram.com\/academia_empleate\/"]},{"@type":"Person","@id":"https:\/\/www.emplea-te.com\/noticias-oposiciones\/#\/schema\/person\/d1bc587e1af2b95e9c32aba1795509a6","name":"Empleate"}]}},"_links":{"self":[{"href":"https:\/\/www.emplea-te.com\/noticias-oposiciones\/wp-json\/wp\/v2\/posts\/1308","targetHints":{"allow":["GET"]}}],"collection":[{"href":"https:\/\/www.emplea-te.com\/noticias-oposiciones\/wp-json\/wp\/v2\/posts"}],"about":[{"href":"https:\/\/www.emplea-te.com\/noticias-oposiciones\/wp-json\/wp\/v2\/types\/post"}],"author":[{"embeddable":true,"href":"https:\/\/www.emplea-te.com\/noticias-oposiciones\/wp-json\/wp\/v2\/users\/1"}],"replies":[{"embeddable":true,"href":"https:\/\/www.emplea-te.com\/noticias-oposiciones\/wp-json\/wp\/v2\/comments?post=1308"}],"version-history":[{"count":0,"href":"https:\/\/www.emplea-te.com\/noticias-oposiciones\/wp-json\/wp\/v2\/posts\/1308\/revisions"}],"wp:attachment":[{"href":"https:\/\/www.emplea-te.com\/noticias-oposiciones\/wp-json\/wp\/v2\/media?parent=1308"}],"wp:term":[{"taxonomy":"category","embeddable":true,"href":"https:\/\/www.emplea-te.com\/noticias-oposiciones\/wp-json\/wp\/v2\/categories?post=1308"},{"taxonomy":"post_tag","embeddable":true,"href":"https:\/\/www.emplea-te.com\/noticias-oposiciones\/wp-json\/wp\/v2\/tags?post=1308"}],"curies":[{"name":"wp","href":"https:\/\/api.w.org\/{rel}","templated":true}]}}