{"id":1314,"date":"2019-01-25T00:00:00","date_gmt":"2019-01-24T23:00:00","guid":{"rendered":"https:\/\/www.emplea-te.com\/noticias-oposiciones\/concurso-de-meritos-cuerpos-de-auxilio-judicial-gestion-procesal-y-tramitacion-procesal-y-administrativa\/"},"modified":"2019-01-25T00:00:00","modified_gmt":"2019-01-24T23:00:00","slug":"concurso-de-meritos-cuerpos-de-auxilio-judicial-gestion-procesal-y-tramitacion-procesal-y-administrativa","status":"publish","type":"post","link":"https:\/\/www.emplea-te.com\/noticias-oposiciones\/concurso-de-meritos-cuerpos-de-auxilio-judicial-gestion-procesal-y-tramitacion-procesal-y-administrativa\/","title":{"rendered":"<br>Concurso de m\u00e9ritos Cuerpos de Auxilio Judicial, Gesti\u00f3n Procesal y Tramitaci\u00f3n Procesal y administrativa."},"content":{"rendered":"<p>Se publica en el BOE n\u00famero 22 de fecha 25 de enero la Orden JUS\/46\/2019, de 15 de enero, por la que se resuelve el concurso espec\u00edfico, convocado por Orden JUS\/908\/2018, de 25 de julio, para los Cuerpos de Gesti\u00f3n Procesal y Administrativa y Auxilio Judicial.<\/p>\n<p>El&nbsp;Ministerio acuerda:<br \/>Primero.<br \/>Resolver el concurso espec\u00edfico de m\u00e9ritos adjudicando los puestos convocados a los<br \/>concursantes que se relacionan en el anexo.<br \/>Segundo.<br \/>El plazo para tomar posesi\u00f3n del nuevo destino obtenido ser\u00e1 de tres d\u00edas naturales si no implica cambio de localidad del funcionario; ocho d\u00edas si implica cambio de localidad dentro de la Comunidad Aut\u00f3noma y veinte d\u00edas si implica cambio de Comunidad Aut\u00f3noma, a excepci\u00f3n de la Comunidad Aut\u00f3noma de Canarias, Comunidad Aut\u00f3noma<br \/>de las Illes Balears, Ciudad de Ceuta y de Melilla en que ser\u00e1 un mes tanto si el puesto de trabajo es de origen o de destino. Cuando el adjudicatario de plaza obtenga con su toma de posesi\u00f3n el reingreso en el servicio activo el plazo ser\u00e1 de veinte d\u00edas.<br \/>El plazo para la toma de posesi\u00f3n empezar\u00e1 a contarse a partir del d\u00eda siguiente al del cese, que deber\u00e1 efectuarse dentro de los tres d\u00edas h\u00e1biles siguientes a la publicaci\u00f3n de la resoluci\u00f3n del concurso en el \u00abBolet\u00edn Oficial del Estado\u00bb.<\/p>\n<p><a href=\"https:\/\/www.boe.es\/boe\/dias\/2019\/01\/25\/pdfs\/BOE-A-2019-861.pdf\" target=\"_blank\" rel=\"nofollow noopener noreferrer\"><span class=\"wysiwyg-color-green\">Enlace BOE <\/span><\/a><\/p>\n","protected":false},"excerpt":{"rendered":"<p>Se publica en el BOE n\u00famero 22 de fecha 25 de enero la Orden JUS\/46\/2019, de 15 de enero, por la que se resuelve el concurso espec\u00edfico, convocado por Orden JUS\/908\/2018, de 25 de julio, para los Cuerpos de Gesti\u00f3n Procesal y Administrativa y Auxilio Judicial. El&nbsp;Ministerio acuerda:Primero.Resolver el concurso espec\u00edfico de m\u00e9ritos adjudicando los &hellip; <a href=\"https:\/\/www.emplea-te.com\/noticias-oposiciones\/concurso-de-meritos-cuerpos-de-auxilio-judicial-gestion-procesal-y-tramitacion-procesal-y-administrativa\/\" class=\"more-link\">Continuar leyendo<span class=\"screen-reader-text\"> \u00ab<br \/>Concurso de m\u00e9ritos Cuerpos de Auxilio Judicial, Gesti\u00f3n Procesal y Tramitaci\u00f3n Procesal y administrativa.\u00bb<\/span><\/a><\/p>\n","protected":false},"author":1,"featured_media":0,"comment_status":"open","ping_status":"open","sticky":false,"template":"","format":"standard","meta":{"footnotes":""},"categories":[],"tags":[],"class_list":["post-1314","post","type-post","status-publish","format-standard","hentry"],"yoast_head":"<!-- This site is optimized with the Yoast SEO plugin v27.5 - https:\/\/yoast.com\/product\/yoast-seo-wordpress\/ -->\n<title>Concurso de m\u00e9ritos Cuerpos de Auxilio Judicial, Gesti\u00f3n Procesal y Tramitaci\u00f3n Procesal y administrativa. - Noticas de oposiciones por Academia Emplea-te<\/title>\n<meta name=\"description\" content=\"Se publica en el BOE n\u00famero 22 de fecha 25 de enero la Orden JUS\/46\/2019, de 15 de enero, por la que se resuelve el concurso espec\u00edfico, convocado por Orden JUS\/908\/2018, de 25 de julio, para los Cuerpos de Gesti\u00f3n Procesal y Administrativa y Auxilio Judicial. Enlace BOE\" \/>\n<meta name=\"robots\" content=\"index, follow, max-snippet:-1, max-image-preview:large, max-video-preview:-1\" \/>\n<link rel=\"canonical\" href=\"https:\/\/www.emplea-te.com\/noticias-oposiciones\/concurso-de-meritos-cuerpos-de-auxilio-judicial-gestion-procesal-y-tramitacion-procesal-y-administrativa\/\" \/>\n<meta property=\"og:locale\" content=\"es_ES\" \/>\n<meta property=\"og:type\" content=\"article\" \/>\n<meta property=\"og:title\" content=\"Concurso de m\u00e9ritos Cuerpos de Auxilio Judicial, Gesti\u00f3n Procesal y Tramitaci\u00f3n Procesal y administrativa. - Noticas de oposiciones por Academia Emplea-te\" \/>\n<meta property=\"og:description\" content=\"Se publica en el BOE n\u00famero 22 de fecha 25 de enero la Orden JUS\/46\/2019, de 15 de enero, por la que se resuelve el concurso espec\u00edfico, convocado por Orden JUS\/908\/2018, de 25 de julio, para los Cuerpos de Gesti\u00f3n Procesal y Administrativa y Auxilio Judicial. Enlace BOE\" \/>\n<meta property=\"og:url\" content=\"https:\/\/www.emplea-te.com\/noticias-oposiciones\/concurso-de-meritos-cuerpos-de-auxilio-judicial-gestion-procesal-y-tramitacion-procesal-y-administrativa\/\" \/>\n<meta property=\"og:site_name\" content=\"Noticas de oposiciones por Academia Emplea-te\" \/>\n<meta property=\"article:publisher\" content=\"https:\/\/www.facebook.com\/AcademiaEmpleate\/\" \/>\n<meta property=\"article:published_time\" content=\"2019-01-24T23:00:00+00:00\" \/>\n<meta name=\"author\" content=\"Empleate\" \/>\n<meta name=\"twitter:card\" content=\"summary_large_image\" \/>\n<meta name=\"twitter:creator\" content=\"@Emplea_Te\" \/>\n<meta name=\"twitter:site\" content=\"@Emplea_Te\" \/>\n<meta name=\"twitter:label1\" content=\"Escrito por\" \/>\n\t<meta name=\"twitter:data1\" content=\"Empleate\" \/>\n\t<meta name=\"twitter:label2\" content=\"Tiempo de lectura\" \/>\n\t<meta name=\"twitter:data2\" content=\"1 minuto\" \/>\n<script type=\"application\/ld+json\" class=\"yoast-schema-graph\">{\"@context\":\"https:\\\/\\\/schema.org\",\"@graph\":[{\"@type\":\"Article\",\"@id\":\"https:\\\/\\\/www.emplea-te.com\\\/noticias-oposiciones\\\/concurso-de-meritos-cuerpos-de-auxilio-judicial-gestion-procesal-y-tramitacion-procesal-y-administrativa\\\/#article\",\"isPartOf\":{\"@id\":\"https:\\\/\\\/www.emplea-te.com\\\/noticias-oposiciones\\\/concurso-de-meritos-cuerpos-de-auxilio-judicial-gestion-procesal-y-tramitacion-procesal-y-administrativa\\\/\"},\"author\":{\"name\":\"Empleate\",\"@id\":\"https:\\\/\\\/www.emplea-te.com\\\/noticias-oposiciones\\\/#\\\/schema\\\/person\\\/d1bc587e1af2b95e9c32aba1795509a6\"},\"headline\":\"Concurso de m\u00e9ritos Cuerpos de Auxilio Judicial, Gesti\u00f3n Procesal y Tramitaci\u00f3n Procesal y administrativa.\",\"datePublished\":\"2019-01-24T23:00:00+00:00\",\"mainEntityOfPage\":{\"@id\":\"https:\\\/\\\/www.emplea-te.com\\\/noticias-oposiciones\\\/concurso-de-meritos-cuerpos-de-auxilio-judicial-gestion-procesal-y-tramitacion-procesal-y-administrativa\\\/\"},\"wordCount\":252,\"commentCount\":0,\"publisher\":{\"@id\":\"https:\\\/\\\/www.emplea-te.com\\\/noticias-oposiciones\\\/#organization\"},\"inLanguage\":\"es\",\"potentialAction\":[{\"@type\":\"CommentAction\",\"name\":\"Comment\",\"target\":[\"https:\\\/\\\/www.emplea-te.com\\\/noticias-oposiciones\\\/concurso-de-meritos-cuerpos-de-auxilio-judicial-gestion-procesal-y-tramitacion-procesal-y-administrativa\\\/#respond\"]}]},{\"@type\":\"WebPage\",\"@id\":\"https:\\\/\\\/www.emplea-te.com\\\/noticias-oposiciones\\\/concurso-de-meritos-cuerpos-de-auxilio-judicial-gestion-procesal-y-tramitacion-procesal-y-administrativa\\\/\",\"url\":\"https:\\\/\\\/www.emplea-te.com\\\/noticias-oposiciones\\\/concurso-de-meritos-cuerpos-de-auxilio-judicial-gestion-procesal-y-tramitacion-procesal-y-administrativa\\\/\",\"name\":\"Concurso de m\u00e9ritos Cuerpos de Auxilio Judicial, Gesti\u00f3n Procesal y Tramitaci\u00f3n Procesal y administrativa. - Noticas de oposiciones por Academia Emplea-te\",\"isPartOf\":{\"@id\":\"https:\\\/\\\/www.emplea-te.com\\\/noticias-oposiciones\\\/#website\"},\"datePublished\":\"2019-01-24T23:00:00+00:00\",\"description\":\"Se publica en el BOE n\u00famero 22 de fecha 25 de enero la Orden JUS\\\/46\\\/2019, de 15 de enero, por la que se resuelve el concurso espec\u00edfico, convocado por Orden JUS\\\/908\\\/2018, de 25 de julio, para los Cuerpos de Gesti\u00f3n Procesal y Administrativa y Auxilio Judicial. Enlace BOE\",\"breadcrumb\":{\"@id\":\"https:\\\/\\\/www.emplea-te.com\\\/noticias-oposiciones\\\/concurso-de-meritos-cuerpos-de-auxilio-judicial-gestion-procesal-y-tramitacion-procesal-y-administrativa\\\/#breadcrumb\"},\"inLanguage\":\"es\",\"potentialAction\":[{\"@type\":\"ReadAction\",\"target\":[\"https:\\\/\\\/www.emplea-te.com\\\/noticias-oposiciones\\\/concurso-de-meritos-cuerpos-de-auxilio-judicial-gestion-procesal-y-tramitacion-procesal-y-administrativa\\\/\"]}]},{\"@type\":\"BreadcrumbList\",\"@id\":\"https:\\\/\\\/www.emplea-te.com\\\/noticias-oposiciones\\\/concurso-de-meritos-cuerpos-de-auxilio-judicial-gestion-procesal-y-tramitacion-procesal-y-administrativa\\\/#breadcrumb\",\"itemListElement\":[{\"@type\":\"ListItem\",\"position\":1,\"name\":\"Noticias Oposiciones\",\"item\":\"https:\\\/\\\/www.emplea-te.com\\\/noticias-oposiciones\\\/\"},{\"@type\":\"ListItem\",\"position\":2,\"name\":\"Concurso de m\u00e9ritos Cuerpos de Auxilio Judicial, Gesti\u00f3n Procesal y Tramitaci\u00f3n Procesal y administrativa.\"}]},{\"@type\":\"WebSite\",\"@id\":\"https:\\\/\\\/www.emplea-te.com\\\/noticias-oposiciones\\\/#website\",\"url\":\"https:\\\/\\\/www.emplea-te.com\\\/noticias-oposiciones\\\/\",\"name\":\"Noticas de oposiciones por Academia Emplea-te\",\"description\":\"Toda la actualidad de las ofertas y convocatorias.\",\"publisher\":{\"@id\":\"https:\\\/\\\/www.emplea-te.com\\\/noticias-oposiciones\\\/#organization\"},\"potentialAction\":[{\"@type\":\"SearchAction\",\"target\":{\"@type\":\"EntryPoint\",\"urlTemplate\":\"https:\\\/\\\/www.emplea-te.com\\\/noticias-oposiciones\\\/?s={search_term_string}\"},\"query-input\":{\"@type\":\"PropertyValueSpecification\",\"valueRequired\":true,\"valueName\":\"search_term_string\"}}],\"inLanguage\":\"es\"},{\"@type\":\"Organization\",\"@id\":\"https:\\\/\\\/www.emplea-te.com\\\/noticias-oposiciones\\\/#organization\",\"name\":\"Academia de oposiciones Empl\u00e9ate\",\"url\":\"https:\\\/\\\/www.emplea-te.com\\\/noticias-oposiciones\\\/\",\"logo\":{\"@type\":\"ImageObject\",\"inLanguage\":\"es\",\"@id\":\"https:\\\/\\\/www.emplea-te.com\\\/noticias-oposiciones\\\/#\\\/schema\\\/logo\\\/image\\\/\",\"url\":\"https:\\\/\\\/www.emplea-te.com\\\/noticias-oposiciones\\\/wp-content\\\/uploads\\\/2019\\\/04\\\/empleate.jpg\",\"contentUrl\":\"https:\\\/\\\/www.emplea-te.com\\\/noticias-oposiciones\\\/wp-content\\\/uploads\\\/2019\\\/04\\\/empleate.jpg\",\"width\":250,\"height\":150,\"caption\":\"Academia de oposiciones Empl\u00e9ate\"},\"image\":{\"@id\":\"https:\\\/\\\/www.emplea-te.com\\\/noticias-oposiciones\\\/#\\\/schema\\\/logo\\\/image\\\/\"},\"sameAs\":[\"https:\\\/\\\/www.facebook.com\\\/AcademiaEmpleate\\\/\",\"https:\\\/\\\/x.com\\\/Emplea_Te\",\"https:\\\/\\\/www.instagram.com\\\/academia_empleate\\\/\"]},{\"@type\":\"Person\",\"@id\":\"https:\\\/\\\/www.emplea-te.com\\\/noticias-oposiciones\\\/#\\\/schema\\\/person\\\/d1bc587e1af2b95e9c32aba1795509a6\",\"name\":\"Empleate\"}]}<\/script>\n<!-- \/ Yoast SEO plugin. -->","yoast_head_json":{"title":"Concurso de m\u00e9ritos Cuerpos de Auxilio Judicial, Gesti\u00f3n Procesal y Tramitaci\u00f3n Procesal y administrativa. - Noticas de oposiciones por Academia Emplea-te","description":"Se publica en el BOE n\u00famero 22 de fecha 25 de enero la Orden JUS\/46\/2019, de 15 de enero, por la que se resuelve el concurso espec\u00edfico, convocado por Orden JUS\/908\/2018, de 25 de julio, para los Cuerpos de Gesti\u00f3n Procesal y Administrativa y Auxilio Judicial. Enlace BOE","robots":{"index":"index","follow":"follow","max-snippet":"max-snippet:-1","max-image-preview":"max-image-preview:large","max-video-preview":"max-video-preview:-1"},"canonical":"https:\/\/www.emplea-te.com\/noticias-oposiciones\/concurso-de-meritos-cuerpos-de-auxilio-judicial-gestion-procesal-y-tramitacion-procesal-y-administrativa\/","og_locale":"es_ES","og_type":"article","og_title":"Concurso de m\u00e9ritos Cuerpos de Auxilio Judicial, Gesti\u00f3n Procesal y Tramitaci\u00f3n Procesal y administrativa. - Noticas de oposiciones por Academia Emplea-te","og_description":"Se publica en el BOE n\u00famero 22 de fecha 25 de enero la Orden JUS\/46\/2019, de 15 de enero, por la que se resuelve el concurso espec\u00edfico, convocado por Orden JUS\/908\/2018, de 25 de julio, para los Cuerpos de Gesti\u00f3n Procesal y Administrativa y Auxilio Judicial. Enlace BOE","og_url":"https:\/\/www.emplea-te.com\/noticias-oposiciones\/concurso-de-meritos-cuerpos-de-auxilio-judicial-gestion-procesal-y-tramitacion-procesal-y-administrativa\/","og_site_name":"Noticas de oposiciones por Academia Emplea-te","article_publisher":"https:\/\/www.facebook.com\/AcademiaEmpleate\/","article_published_time":"2019-01-24T23:00:00+00:00","author":"Empleate","twitter_card":"summary_large_image","twitter_creator":"@Emplea_Te","twitter_site":"@Emplea_Te","twitter_misc":{"Escrito por":"Empleate","Tiempo de lectura":"1 minuto"},"schema":{"@context":"https:\/\/schema.org","@graph":[{"@type":"Article","@id":"https:\/\/www.emplea-te.com\/noticias-oposiciones\/concurso-de-meritos-cuerpos-de-auxilio-judicial-gestion-procesal-y-tramitacion-procesal-y-administrativa\/#article","isPartOf":{"@id":"https:\/\/www.emplea-te.com\/noticias-oposiciones\/concurso-de-meritos-cuerpos-de-auxilio-judicial-gestion-procesal-y-tramitacion-procesal-y-administrativa\/"},"author":{"name":"Empleate","@id":"https:\/\/www.emplea-te.com\/noticias-oposiciones\/#\/schema\/person\/d1bc587e1af2b95e9c32aba1795509a6"},"headline":"Concurso de m\u00e9ritos Cuerpos de Auxilio Judicial, Gesti\u00f3n Procesal y Tramitaci\u00f3n Procesal y administrativa.","datePublished":"2019-01-24T23:00:00+00:00","mainEntityOfPage":{"@id":"https:\/\/www.emplea-te.com\/noticias-oposiciones\/concurso-de-meritos-cuerpos-de-auxilio-judicial-gestion-procesal-y-tramitacion-procesal-y-administrativa\/"},"wordCount":252,"commentCount":0,"publisher":{"@id":"https:\/\/www.emplea-te.com\/noticias-oposiciones\/#organization"},"inLanguage":"es","potentialAction":[{"@type":"CommentAction","name":"Comment","target":["https:\/\/www.emplea-te.com\/noticias-oposiciones\/concurso-de-meritos-cuerpos-de-auxilio-judicial-gestion-procesal-y-tramitacion-procesal-y-administrativa\/#respond"]}]},{"@type":"WebPage","@id":"https:\/\/www.emplea-te.com\/noticias-oposiciones\/concurso-de-meritos-cuerpos-de-auxilio-judicial-gestion-procesal-y-tramitacion-procesal-y-administrativa\/","url":"https:\/\/www.emplea-te.com\/noticias-oposiciones\/concurso-de-meritos-cuerpos-de-auxilio-judicial-gestion-procesal-y-tramitacion-procesal-y-administrativa\/","name":"Concurso de m\u00e9ritos Cuerpos de Auxilio Judicial, Gesti\u00f3n Procesal y Tramitaci\u00f3n Procesal y administrativa. - Noticas de oposiciones por Academia Emplea-te","isPartOf":{"@id":"https:\/\/www.emplea-te.com\/noticias-oposiciones\/#website"},"datePublished":"2019-01-24T23:00:00+00:00","description":"Se publica en el BOE n\u00famero 22 de fecha 25 de enero la Orden JUS\/46\/2019, de 15 de enero, por la que se resuelve el concurso espec\u00edfico, convocado por Orden JUS\/908\/2018, de 25 de julio, para los Cuerpos de Gesti\u00f3n Procesal y Administrativa y Auxilio Judicial. Enlace BOE","breadcrumb":{"@id":"https:\/\/www.emplea-te.com\/noticias-oposiciones\/concurso-de-meritos-cuerpos-de-auxilio-judicial-gestion-procesal-y-tramitacion-procesal-y-administrativa\/#breadcrumb"},"inLanguage":"es","potentialAction":[{"@type":"ReadAction","target":["https:\/\/www.emplea-te.com\/noticias-oposiciones\/concurso-de-meritos-cuerpos-de-auxilio-judicial-gestion-procesal-y-tramitacion-procesal-y-administrativa\/"]}]},{"@type":"BreadcrumbList","@id":"https:\/\/www.emplea-te.com\/noticias-oposiciones\/concurso-de-meritos-cuerpos-de-auxilio-judicial-gestion-procesal-y-tramitacion-procesal-y-administrativa\/#breadcrumb","itemListElement":[{"@type":"ListItem","position":1,"name":"Noticias Oposiciones","item":"https:\/\/www.emplea-te.com\/noticias-oposiciones\/"},{"@type":"ListItem","position":2,"name":"Concurso de m\u00e9ritos Cuerpos de Auxilio Judicial, Gesti\u00f3n Procesal y Tramitaci\u00f3n Procesal y administrativa."}]},{"@type":"WebSite","@id":"https:\/\/www.emplea-te.com\/noticias-oposiciones\/#website","url":"https:\/\/www.emplea-te.com\/noticias-oposiciones\/","name":"Noticas de oposiciones por Academia Emplea-te","description":"Toda la actualidad de las ofertas y convocatorias.","publisher":{"@id":"https:\/\/www.emplea-te.com\/noticias-oposiciones\/#organization"},"potentialAction":[{"@type":"SearchAction","target":{"@type":"EntryPoint","urlTemplate":"https:\/\/www.emplea-te.com\/noticias-oposiciones\/?s={search_term_string}"},"query-input":{"@type":"PropertyValueSpecification","valueRequired":true,"valueName":"search_term_string"}}],"inLanguage":"es"},{"@type":"Organization","@id":"https:\/\/www.emplea-te.com\/noticias-oposiciones\/#organization","name":"Academia de oposiciones Empl\u00e9ate","url":"https:\/\/www.emplea-te.com\/noticias-oposiciones\/","logo":{"@type":"ImageObject","inLanguage":"es","@id":"https:\/\/www.emplea-te.com\/noticias-oposiciones\/#\/schema\/logo\/image\/","url":"https:\/\/www.emplea-te.com\/noticias-oposiciones\/wp-content\/uploads\/2019\/04\/empleate.jpg","contentUrl":"https:\/\/www.emplea-te.com\/noticias-oposiciones\/wp-content\/uploads\/2019\/04\/empleate.jpg","width":250,"height":150,"caption":"Academia de oposiciones Empl\u00e9ate"},"image":{"@id":"https:\/\/www.emplea-te.com\/noticias-oposiciones\/#\/schema\/logo\/image\/"},"sameAs":["https:\/\/www.facebook.com\/AcademiaEmpleate\/","https:\/\/x.com\/Emplea_Te","https:\/\/www.instagram.com\/academia_empleate\/"]},{"@type":"Person","@id":"https:\/\/www.emplea-te.com\/noticias-oposiciones\/#\/schema\/person\/d1bc587e1af2b95e9c32aba1795509a6","name":"Empleate"}]}},"_links":{"self":[{"href":"https:\/\/www.emplea-te.com\/noticias-oposiciones\/wp-json\/wp\/v2\/posts\/1314","targetHints":{"allow":["GET"]}}],"collection":[{"href":"https:\/\/www.emplea-te.com\/noticias-oposiciones\/wp-json\/wp\/v2\/posts"}],"about":[{"href":"https:\/\/www.emplea-te.com\/noticias-oposiciones\/wp-json\/wp\/v2\/types\/post"}],"author":[{"embeddable":true,"href":"https:\/\/www.emplea-te.com\/noticias-oposiciones\/wp-json\/wp\/v2\/users\/1"}],"replies":[{"embeddable":true,"href":"https:\/\/www.emplea-te.com\/noticias-oposiciones\/wp-json\/wp\/v2\/comments?post=1314"}],"version-history":[{"count":0,"href":"https:\/\/www.emplea-te.com\/noticias-oposiciones\/wp-json\/wp\/v2\/posts\/1314\/revisions"}],"wp:attachment":[{"href":"https:\/\/www.emplea-te.com\/noticias-oposiciones\/wp-json\/wp\/v2\/media?parent=1314"}],"wp:term":[{"taxonomy":"category","embeddable":true,"href":"https:\/\/www.emplea-te.com\/noticias-oposiciones\/wp-json\/wp\/v2\/categories?post=1314"},{"taxonomy":"post_tag","embeddable":true,"href":"https:\/\/www.emplea-te.com\/noticias-oposiciones\/wp-json\/wp\/v2\/tags?post=1314"}],"curies":[{"name":"wp","href":"https:\/\/api.w.org\/{rel}","templated":true}]}}