{"id":13163,"date":"2024-09-24T10:26:03","date_gmt":"2024-09-24T08:26:03","guid":{"rendered":"https:\/\/www.emplea-te.com\/noticias-oposiciones\/?p=13163"},"modified":"2024-09-24T10:26:03","modified_gmt":"2024-09-24T08:26:03","slug":"seguridad-social-2-500-plazas-convocadas-de-administrativo-c1-turno-libre-relacion-definitiva-aspirantes-admitidos-y-excluidos-y-fecha-realizacion-ejercicio","status":"publish","type":"post","link":"https:\/\/www.emplea-te.com\/noticias-oposiciones\/seguridad-social-2-500-plazas-convocadas-de-administrativo-c1-turno-libre-relacion-definitiva-aspirantes-admitidos-y-excluidos-y-fecha-realizacion-ejercicio\/","title":{"rendered":"Seguridad Social. 2.500 plazas convocadas de Administrativo C1 turno libre. Relaci\u00f3n definitiva aspirantes admitidos y excluidos y fecha realizaci\u00f3n ejercicio."},"content":{"rendered":"<p>Se publica en la Web del Ministerio de Inclusi\u00f3n, Seguridad Social y migraciones la siguiente informaci\u00f3n referente al proceso selectivo convocado para cubrir 2.500 plazas de Administrativo C1 por turno libre.<\/p>\n<p><a href=\"https:\/\/www.seg-social.es\/wps\/wcm\/connect\/wss\/8e15c8f4-890d-4787-be8e-8c428d0d4f30\/RELACION+DEFINITIVA+DE+ADMITIDOS+LIBRE.pdf?MOD=AJPERES\" target=\"_blank\" rel=\"noopener\"><strong>Relaci\u00f3n definitiva aspirantes admitidos turno libre<\/strong><\/a><br \/>\n<a href=\"https:\/\/www.seg-social.es\/wps\/wcm\/connect\/wss\/d7175399-9f81-41d7-b715-c06a6b989b9e\/RELACION+DEFINITIVA+DE+EXCLUIDOS+LIBRE.pdf?MOD=AJPERES\" target=\"_blank\" rel=\"noopener\"><strong>Relaci\u00f3n definitiva aspirantes excluidos turno libre<\/strong><\/a><br \/>\n<a href=\"https:\/\/www.seg-social.es\/wps\/wcm\/connect\/wss\/c5d118a7-1ec9-4b3a-a7c2-1619cc7f7089\/NOTA+INFORMATIVA+PROCESO+SELECTIVO+TRIBUNAL.pdf?MOD=AJPERES\" target=\"_blank\" rel=\"noopener\"><strong>Nota informativa del Tribunal sobre el procesos selectivo.<\/strong><\/a><\/p>\n<p>El Tribunal informa:<\/p>\n<p>La celebraci\u00f3n del ejercicio \u00fanico tanto para acceso libre y promoci\u00f3n interna, est\u00e1 previsto que se realice el d\u00eda 30 de noviembre, a las 10:00 horas, las 9:00 horas en Canarias, en las siguientes sedes, en funci\u00f3n de la provincia de examen recogida en la instancia:<\/p>\n<p>La hora de llamamiento comenzar\u00e1 a las 9:00 horas, 8:00 horas en Canarias.<\/p>\n<p>Se publicar\u00e1 otra nota informativa, en fechas m\u00e1s pr\u00f3ximas al examen, donde se indicar\u00e1 la distribuci\u00f3n de los aspirantes por facultades en cada Universidad.<\/p>\n<p>Con la finalidad de acreditar su identidad, los opositores deber\u00e1n presentar el documento nacional de identidad o, en su defecto, permiso de conducir o pasaporte. Asimismo, deber\u00e1n ir provistos de bol\u00edgrafo de color azul o negro.<\/p>\n<p>\u00a1\u00a1\u00c1NIMO!!<\/p>\n<p>&nbsp;<\/p>\n","protected":false},"excerpt":{"rendered":"<p>Se publica en la Web del Ministerio de Inclusi\u00f3n, Seguridad Social y migraciones la siguiente informaci\u00f3n referente al proceso selectivo convocado para cubrir 2.500 plazas de Administrativo C1 por turno libre. Relaci\u00f3n definitiva aspirantes admitidos turno libre Relaci\u00f3n definitiva aspirantes excluidos turno libre Nota informativa del Tribunal sobre el procesos selectivo. El Tribunal informa: La &hellip; <a href=\"https:\/\/www.emplea-te.com\/noticias-oposiciones\/seguridad-social-2-500-plazas-convocadas-de-administrativo-c1-turno-libre-relacion-definitiva-aspirantes-admitidos-y-excluidos-y-fecha-realizacion-ejercicio\/\" class=\"more-link\">Continuar leyendo<span class=\"screen-reader-text\"> \u00abSeguridad Social. 2.500 plazas convocadas de Administrativo C1 turno libre. Relaci\u00f3n definitiva aspirantes admitidos y excluidos y fecha realizaci\u00f3n ejercicio.\u00bb<\/span><\/a><\/p>\n","protected":false},"author":1,"featured_media":0,"comment_status":"closed","ping_status":"closed","sticky":false,"template":"","format":"standard","meta":{"footnotes":""},"categories":[140],"tags":[49,71,103,87],"class_list":["post-13163","post","type-post","status-publish","format-standard","hentry","category-administrativo-seguridad-social","tag-convocatorias-de-oposiciones","tag-fecha-examenes","tag-informacion-procesos-selectivos","tag-listados-definitivos-de-aspirantes-admitidos-y-excluidos"],"yoast_head":"<!-- This site is optimized with the Yoast SEO plugin v27.5 - https:\/\/yoast.com\/product\/yoast-seo-wordpress\/ -->\n<title>Seguridad Social. 2.500 plazas Administrativo C1 turno libre.<\/title>\n<meta name=\"description\" content=\"Seguridad Social. 2.500 plazas convocadas de Administrativo C1 turno libre. Relaci\u00f3n definitiva aspirantes admitidos y excluidos y fecha realizaci\u00f3n ejercicio.\" \/>\n<meta name=\"robots\" content=\"index, follow, max-snippet:-1, max-image-preview:large, max-video-preview:-1\" \/>\n<link rel=\"canonical\" href=\"https:\/\/www.emplea-te.com\/noticias-oposiciones\/seguridad-social-2-500-plazas-convocadas-de-administrativo-c1-turno-libre-relacion-definitiva-aspirantes-admitidos-y-excluidos-y-fecha-realizacion-ejercicio\/\" \/>\n<meta property=\"og:locale\" content=\"es_ES\" \/>\n<meta property=\"og:type\" content=\"article\" \/>\n<meta property=\"og:title\" content=\"Seguridad Social. 2.500 plazas Administrativo C1 turno libre.\" \/>\n<meta property=\"og:description\" content=\"Seguridad Social. 2.500 plazas convocadas de Administrativo C1 turno libre. Relaci\u00f3n definitiva aspirantes admitidos y excluidos y fecha realizaci\u00f3n ejercicio.\" \/>\n<meta property=\"og:url\" content=\"https:\/\/www.emplea-te.com\/noticias-oposiciones\/seguridad-social-2-500-plazas-convocadas-de-administrativo-c1-turno-libre-relacion-definitiva-aspirantes-admitidos-y-excluidos-y-fecha-realizacion-ejercicio\/\" \/>\n<meta property=\"og:site_name\" content=\"Noticas de oposiciones por Academia Emplea-te\" \/>\n<meta property=\"article:publisher\" content=\"https:\/\/www.facebook.com\/AcademiaEmpleate\/\" \/>\n<meta property=\"article:published_time\" content=\"2024-09-24T08:26:03+00:00\" \/>\n<meta name=\"author\" content=\"Empleate\" \/>\n<meta name=\"twitter:card\" content=\"summary_large_image\" \/>\n<meta name=\"twitter:creator\" content=\"@Emplea_Te\" \/>\n<meta name=\"twitter:site\" content=\"@Emplea_Te\" \/>\n<meta name=\"twitter:label1\" content=\"Escrito por\" \/>\n\t<meta name=\"twitter:data1\" content=\"Empleate\" \/>\n\t<meta name=\"twitter:label2\" content=\"Tiempo de lectura\" \/>\n\t<meta name=\"twitter:data2\" content=\"1 minuto\" \/>\n<script type=\"application\/ld+json\" class=\"yoast-schema-graph\">{\"@context\":\"https:\\\/\\\/schema.org\",\"@graph\":[{\"@type\":\"Article\",\"@id\":\"https:\\\/\\\/www.emplea-te.com\\\/noticias-oposiciones\\\/seguridad-social-2-500-plazas-convocadas-de-administrativo-c1-turno-libre-relacion-definitiva-aspirantes-admitidos-y-excluidos-y-fecha-realizacion-ejercicio\\\/#article\",\"isPartOf\":{\"@id\":\"https:\\\/\\\/www.emplea-te.com\\\/noticias-oposiciones\\\/seguridad-social-2-500-plazas-convocadas-de-administrativo-c1-turno-libre-relacion-definitiva-aspirantes-admitidos-y-excluidos-y-fecha-realizacion-ejercicio\\\/\"},\"author\":{\"name\":\"Empleate\",\"@id\":\"https:\\\/\\\/www.emplea-te.com\\\/noticias-oposiciones\\\/#\\\/schema\\\/person\\\/d1bc587e1af2b95e9c32aba1795509a6\"},\"headline\":\"Seguridad Social. 2.500 plazas convocadas de Administrativo C1 turno libre. Relaci\u00f3n definitiva aspirantes admitidos y excluidos y fecha realizaci\u00f3n ejercicio.\",\"datePublished\":\"2024-09-24T08:26:03+00:00\",\"mainEntityOfPage\":{\"@id\":\"https:\\\/\\\/www.emplea-te.com\\\/noticias-oposiciones\\\/seguridad-social-2-500-plazas-convocadas-de-administrativo-c1-turno-libre-relacion-definitiva-aspirantes-admitidos-y-excluidos-y-fecha-realizacion-ejercicio\\\/\"},\"wordCount\":204,\"publisher\":{\"@id\":\"https:\\\/\\\/www.emplea-te.com\\\/noticias-oposiciones\\\/#organization\"},\"keywords\":[\"Convocatoria\",\"Fecha ex\u00e1menes\",\"Informaci\u00f3n procesos selectivos\",\"Listados Definitivos de aspirantes admitidos y excluidos\"],\"articleSection\":[\"administrativo seguridad social\"],\"inLanguage\":\"es\"},{\"@type\":\"WebPage\",\"@id\":\"https:\\\/\\\/www.emplea-te.com\\\/noticias-oposiciones\\\/seguridad-social-2-500-plazas-convocadas-de-administrativo-c1-turno-libre-relacion-definitiva-aspirantes-admitidos-y-excluidos-y-fecha-realizacion-ejercicio\\\/\",\"url\":\"https:\\\/\\\/www.emplea-te.com\\\/noticias-oposiciones\\\/seguridad-social-2-500-plazas-convocadas-de-administrativo-c1-turno-libre-relacion-definitiva-aspirantes-admitidos-y-excluidos-y-fecha-realizacion-ejercicio\\\/\",\"name\":\"Seguridad Social. 2.500 plazas Administrativo C1 turno libre.\",\"isPartOf\":{\"@id\":\"https:\\\/\\\/www.emplea-te.com\\\/noticias-oposiciones\\\/#website\"},\"datePublished\":\"2024-09-24T08:26:03+00:00\",\"description\":\"Seguridad Social. 2.500 plazas convocadas de Administrativo C1 turno libre. Relaci\u00f3n definitiva aspirantes admitidos y excluidos y fecha realizaci\u00f3n ejercicio.\",\"breadcrumb\":{\"@id\":\"https:\\\/\\\/www.emplea-te.com\\\/noticias-oposiciones\\\/seguridad-social-2-500-plazas-convocadas-de-administrativo-c1-turno-libre-relacion-definitiva-aspirantes-admitidos-y-excluidos-y-fecha-realizacion-ejercicio\\\/#breadcrumb\"},\"inLanguage\":\"es\",\"potentialAction\":[{\"@type\":\"ReadAction\",\"target\":[\"https:\\\/\\\/www.emplea-te.com\\\/noticias-oposiciones\\\/seguridad-social-2-500-plazas-convocadas-de-administrativo-c1-turno-libre-relacion-definitiva-aspirantes-admitidos-y-excluidos-y-fecha-realizacion-ejercicio\\\/\"]}]},{\"@type\":\"BreadcrumbList\",\"@id\":\"https:\\\/\\\/www.emplea-te.com\\\/noticias-oposiciones\\\/seguridad-social-2-500-plazas-convocadas-de-administrativo-c1-turno-libre-relacion-definitiva-aspirantes-admitidos-y-excluidos-y-fecha-realizacion-ejercicio\\\/#breadcrumb\",\"itemListElement\":[{\"@type\":\"ListItem\",\"position\":1,\"name\":\"Noticias Oposiciones\",\"item\":\"https:\\\/\\\/www.emplea-te.com\\\/noticias-oposiciones\\\/\"},{\"@type\":\"ListItem\",\"position\":2,\"name\":\"administrativo seguridad social\",\"item\":\"https:\\\/\\\/www.emplea-te.com\\\/noticias-oposiciones\\\/categoria\\\/administrativo-seguridad-social\\\/\"},{\"@type\":\"ListItem\",\"position\":3,\"name\":\"Seguridad Social. 2.500 plazas convocadas de Administrativo C1 turno libre. Relaci\u00f3n definitiva aspirantes admitidos y excluidos y fecha realizaci\u00f3n ejercicio.\"}]},{\"@type\":\"WebSite\",\"@id\":\"https:\\\/\\\/www.emplea-te.com\\\/noticias-oposiciones\\\/#website\",\"url\":\"https:\\\/\\\/www.emplea-te.com\\\/noticias-oposiciones\\\/\",\"name\":\"Noticas de oposiciones por Academia Emplea-te\",\"description\":\"Toda la actualidad de las ofertas y convocatorias.\",\"publisher\":{\"@id\":\"https:\\\/\\\/www.emplea-te.com\\\/noticias-oposiciones\\\/#organization\"},\"potentialAction\":[{\"@type\":\"SearchAction\",\"target\":{\"@type\":\"EntryPoint\",\"urlTemplate\":\"https:\\\/\\\/www.emplea-te.com\\\/noticias-oposiciones\\\/?s={search_term_string}\"},\"query-input\":{\"@type\":\"PropertyValueSpecification\",\"valueRequired\":true,\"valueName\":\"search_term_string\"}}],\"inLanguage\":\"es\"},{\"@type\":\"Organization\",\"@id\":\"https:\\\/\\\/www.emplea-te.com\\\/noticias-oposiciones\\\/#organization\",\"name\":\"Academia de oposiciones Empl\u00e9ate\",\"url\":\"https:\\\/\\\/www.emplea-te.com\\\/noticias-oposiciones\\\/\",\"logo\":{\"@type\":\"ImageObject\",\"inLanguage\":\"es\",\"@id\":\"https:\\\/\\\/www.emplea-te.com\\\/noticias-oposiciones\\\/#\\\/schema\\\/logo\\\/image\\\/\",\"url\":\"https:\\\/\\\/www.emplea-te.com\\\/noticias-oposiciones\\\/wp-content\\\/uploads\\\/2019\\\/04\\\/empleate.jpg\",\"contentUrl\":\"https:\\\/\\\/www.emplea-te.com\\\/noticias-oposiciones\\\/wp-content\\\/uploads\\\/2019\\\/04\\\/empleate.jpg\",\"width\":250,\"height\":150,\"caption\":\"Academia de oposiciones Empl\u00e9ate\"},\"image\":{\"@id\":\"https:\\\/\\\/www.emplea-te.com\\\/noticias-oposiciones\\\/#\\\/schema\\\/logo\\\/image\\\/\"},\"sameAs\":[\"https:\\\/\\\/www.facebook.com\\\/AcademiaEmpleate\\\/\",\"https:\\\/\\\/x.com\\\/Emplea_Te\",\"https:\\\/\\\/www.instagram.com\\\/academia_empleate\\\/\"]},{\"@type\":\"Person\",\"@id\":\"https:\\\/\\\/www.emplea-te.com\\\/noticias-oposiciones\\\/#\\\/schema\\\/person\\\/d1bc587e1af2b95e9c32aba1795509a6\",\"name\":\"Empleate\"}]}<\/script>\n<!-- \/ Yoast SEO plugin. -->","yoast_head_json":{"title":"Seguridad Social. 2.500 plazas Administrativo C1 turno libre.","description":"Seguridad Social. 2.500 plazas convocadas de Administrativo C1 turno libre. Relaci\u00f3n definitiva aspirantes admitidos y excluidos y fecha realizaci\u00f3n ejercicio.","robots":{"index":"index","follow":"follow","max-snippet":"max-snippet:-1","max-image-preview":"max-image-preview:large","max-video-preview":"max-video-preview:-1"},"canonical":"https:\/\/www.emplea-te.com\/noticias-oposiciones\/seguridad-social-2-500-plazas-convocadas-de-administrativo-c1-turno-libre-relacion-definitiva-aspirantes-admitidos-y-excluidos-y-fecha-realizacion-ejercicio\/","og_locale":"es_ES","og_type":"article","og_title":"Seguridad Social. 2.500 plazas Administrativo C1 turno libre.","og_description":"Seguridad Social. 2.500 plazas convocadas de Administrativo C1 turno libre. Relaci\u00f3n definitiva aspirantes admitidos y excluidos y fecha realizaci\u00f3n ejercicio.","og_url":"https:\/\/www.emplea-te.com\/noticias-oposiciones\/seguridad-social-2-500-plazas-convocadas-de-administrativo-c1-turno-libre-relacion-definitiva-aspirantes-admitidos-y-excluidos-y-fecha-realizacion-ejercicio\/","og_site_name":"Noticas de oposiciones por Academia Emplea-te","article_publisher":"https:\/\/www.facebook.com\/AcademiaEmpleate\/","article_published_time":"2024-09-24T08:26:03+00:00","author":"Empleate","twitter_card":"summary_large_image","twitter_creator":"@Emplea_Te","twitter_site":"@Emplea_Te","twitter_misc":{"Escrito por":"Empleate","Tiempo de lectura":"1 minuto"},"schema":{"@context":"https:\/\/schema.org","@graph":[{"@type":"Article","@id":"https:\/\/www.emplea-te.com\/noticias-oposiciones\/seguridad-social-2-500-plazas-convocadas-de-administrativo-c1-turno-libre-relacion-definitiva-aspirantes-admitidos-y-excluidos-y-fecha-realizacion-ejercicio\/#article","isPartOf":{"@id":"https:\/\/www.emplea-te.com\/noticias-oposiciones\/seguridad-social-2-500-plazas-convocadas-de-administrativo-c1-turno-libre-relacion-definitiva-aspirantes-admitidos-y-excluidos-y-fecha-realizacion-ejercicio\/"},"author":{"name":"Empleate","@id":"https:\/\/www.emplea-te.com\/noticias-oposiciones\/#\/schema\/person\/d1bc587e1af2b95e9c32aba1795509a6"},"headline":"Seguridad Social. 2.500 plazas convocadas de Administrativo C1 turno libre. Relaci\u00f3n definitiva aspirantes admitidos y excluidos y fecha realizaci\u00f3n ejercicio.","datePublished":"2024-09-24T08:26:03+00:00","mainEntityOfPage":{"@id":"https:\/\/www.emplea-te.com\/noticias-oposiciones\/seguridad-social-2-500-plazas-convocadas-de-administrativo-c1-turno-libre-relacion-definitiva-aspirantes-admitidos-y-excluidos-y-fecha-realizacion-ejercicio\/"},"wordCount":204,"publisher":{"@id":"https:\/\/www.emplea-te.com\/noticias-oposiciones\/#organization"},"keywords":["Convocatoria","Fecha ex\u00e1menes","Informaci\u00f3n procesos selectivos","Listados Definitivos de aspirantes admitidos y excluidos"],"articleSection":["administrativo seguridad social"],"inLanguage":"es"},{"@type":"WebPage","@id":"https:\/\/www.emplea-te.com\/noticias-oposiciones\/seguridad-social-2-500-plazas-convocadas-de-administrativo-c1-turno-libre-relacion-definitiva-aspirantes-admitidos-y-excluidos-y-fecha-realizacion-ejercicio\/","url":"https:\/\/www.emplea-te.com\/noticias-oposiciones\/seguridad-social-2-500-plazas-convocadas-de-administrativo-c1-turno-libre-relacion-definitiva-aspirantes-admitidos-y-excluidos-y-fecha-realizacion-ejercicio\/","name":"Seguridad Social. 2.500 plazas Administrativo C1 turno libre.","isPartOf":{"@id":"https:\/\/www.emplea-te.com\/noticias-oposiciones\/#website"},"datePublished":"2024-09-24T08:26:03+00:00","description":"Seguridad Social. 2.500 plazas convocadas de Administrativo C1 turno libre. Relaci\u00f3n definitiva aspirantes admitidos y excluidos y fecha realizaci\u00f3n ejercicio.","breadcrumb":{"@id":"https:\/\/www.emplea-te.com\/noticias-oposiciones\/seguridad-social-2-500-plazas-convocadas-de-administrativo-c1-turno-libre-relacion-definitiva-aspirantes-admitidos-y-excluidos-y-fecha-realizacion-ejercicio\/#breadcrumb"},"inLanguage":"es","potentialAction":[{"@type":"ReadAction","target":["https:\/\/www.emplea-te.com\/noticias-oposiciones\/seguridad-social-2-500-plazas-convocadas-de-administrativo-c1-turno-libre-relacion-definitiva-aspirantes-admitidos-y-excluidos-y-fecha-realizacion-ejercicio\/"]}]},{"@type":"BreadcrumbList","@id":"https:\/\/www.emplea-te.com\/noticias-oposiciones\/seguridad-social-2-500-plazas-convocadas-de-administrativo-c1-turno-libre-relacion-definitiva-aspirantes-admitidos-y-excluidos-y-fecha-realizacion-ejercicio\/#breadcrumb","itemListElement":[{"@type":"ListItem","position":1,"name":"Noticias Oposiciones","item":"https:\/\/www.emplea-te.com\/noticias-oposiciones\/"},{"@type":"ListItem","position":2,"name":"administrativo seguridad social","item":"https:\/\/www.emplea-te.com\/noticias-oposiciones\/categoria\/administrativo-seguridad-social\/"},{"@type":"ListItem","position":3,"name":"Seguridad Social. 2.500 plazas convocadas de Administrativo C1 turno libre. Relaci\u00f3n definitiva aspirantes admitidos y excluidos y fecha realizaci\u00f3n ejercicio."}]},{"@type":"WebSite","@id":"https:\/\/www.emplea-te.com\/noticias-oposiciones\/#website","url":"https:\/\/www.emplea-te.com\/noticias-oposiciones\/","name":"Noticas de oposiciones por Academia Emplea-te","description":"Toda la actualidad de las ofertas y convocatorias.","publisher":{"@id":"https:\/\/www.emplea-te.com\/noticias-oposiciones\/#organization"},"potentialAction":[{"@type":"SearchAction","target":{"@type":"EntryPoint","urlTemplate":"https:\/\/www.emplea-te.com\/noticias-oposiciones\/?s={search_term_string}"},"query-input":{"@type":"PropertyValueSpecification","valueRequired":true,"valueName":"search_term_string"}}],"inLanguage":"es"},{"@type":"Organization","@id":"https:\/\/www.emplea-te.com\/noticias-oposiciones\/#organization","name":"Academia de oposiciones Empl\u00e9ate","url":"https:\/\/www.emplea-te.com\/noticias-oposiciones\/","logo":{"@type":"ImageObject","inLanguage":"es","@id":"https:\/\/www.emplea-te.com\/noticias-oposiciones\/#\/schema\/logo\/image\/","url":"https:\/\/www.emplea-te.com\/noticias-oposiciones\/wp-content\/uploads\/2019\/04\/empleate.jpg","contentUrl":"https:\/\/www.emplea-te.com\/noticias-oposiciones\/wp-content\/uploads\/2019\/04\/empleate.jpg","width":250,"height":150,"caption":"Academia de oposiciones Empl\u00e9ate"},"image":{"@id":"https:\/\/www.emplea-te.com\/noticias-oposiciones\/#\/schema\/logo\/image\/"},"sameAs":["https:\/\/www.facebook.com\/AcademiaEmpleate\/","https:\/\/x.com\/Emplea_Te","https:\/\/www.instagram.com\/academia_empleate\/"]},{"@type":"Person","@id":"https:\/\/www.emplea-te.com\/noticias-oposiciones\/#\/schema\/person\/d1bc587e1af2b95e9c32aba1795509a6","name":"Empleate"}]}},"_links":{"self":[{"href":"https:\/\/www.emplea-te.com\/noticias-oposiciones\/wp-json\/wp\/v2\/posts\/13163","targetHints":{"allow":["GET"]}}],"collection":[{"href":"https:\/\/www.emplea-te.com\/noticias-oposiciones\/wp-json\/wp\/v2\/posts"}],"about":[{"href":"https:\/\/www.emplea-te.com\/noticias-oposiciones\/wp-json\/wp\/v2\/types\/post"}],"author":[{"embeddable":true,"href":"https:\/\/www.emplea-te.com\/noticias-oposiciones\/wp-json\/wp\/v2\/users\/1"}],"replies":[{"embeddable":true,"href":"https:\/\/www.emplea-te.com\/noticias-oposiciones\/wp-json\/wp\/v2\/comments?post=13163"}],"version-history":[{"count":1,"href":"https:\/\/www.emplea-te.com\/noticias-oposiciones\/wp-json\/wp\/v2\/posts\/13163\/revisions"}],"predecessor-version":[{"id":13164,"href":"https:\/\/www.emplea-te.com\/noticias-oposiciones\/wp-json\/wp\/v2\/posts\/13163\/revisions\/13164"}],"wp:attachment":[{"href":"https:\/\/www.emplea-te.com\/noticias-oposiciones\/wp-json\/wp\/v2\/media?parent=13163"}],"wp:term":[{"taxonomy":"category","embeddable":true,"href":"https:\/\/www.emplea-te.com\/noticias-oposiciones\/wp-json\/wp\/v2\/categories?post=13163"},{"taxonomy":"post_tag","embeddable":true,"href":"https:\/\/www.emplea-te.com\/noticias-oposiciones\/wp-json\/wp\/v2\/tags?post=13163"}],"curies":[{"name":"wp","href":"https:\/\/api.w.org\/{rel}","templated":true}]}}