{"id":1318,"date":"2019-01-29T00:00:00","date_gmt":"2019-01-28T23:00:00","guid":{"rendered":"https:\/\/www.emplea-te.com\/noticias-oposiciones\/xunta-de-galicia-se-publica-el-acuerdo-de-concertacion-del-empleo-publico\/"},"modified":"2019-01-29T00:00:00","modified_gmt":"2019-01-28T23:00:00","slug":"xunta-de-galicia-se-publica-el-acuerdo-de-concertacion-del-empleo-publico","status":"publish","type":"post","link":"https:\/\/www.emplea-te.com\/noticias-oposiciones\/xunta-de-galicia-se-publica-el-acuerdo-de-concertacion-del-empleo-publico\/","title":{"rendered":"<br>Xunta de Galicia: Se publica el Acuerdo de concertaci\u00f3n del empleo p\u00fablico"},"content":{"rendered":"<p>Publicado en el DOG de fecha 28 de enero de 2019 el Acuerdo de Concertaci\u00f3n del Empleo P\u00fablico en Galicia.<\/p>\n<p>Destacamos de este Acuerdo los siguientes puntos:<\/p>\n<p>La OPE 2019 se aprobar\u00e1 en el primer trimestre de 2019. <\/p>\n<p>Se incluir\u00e1n los compromisos asumidos en el acuerdo de peones camineros firmado en el a\u00f1o 2018 y publicado en el DOG el d\u00eda 11 de diciembre de 2018. En esta OPE se contemplar\u00e1 un m\u00ednimo de 525 puestos de tasa de reposici\u00f3n ordinaria por acceso libre, 730 de estabilizaci\u00f3n por acceso libre y 800 de funcionarizaci\u00f3n. Adem\u00e1s, en relaci\u00f3n al Consorcio Gallego de Servicios de Igualdad y Bienestar, se convocar\u00e1, en este ejercicio de 2019, un m\u00ednimo del 50 % de las plazas para estabilizaci\u00f3n a mayores de las se\u00f1aladas anteriormente y, adem\u00e1s, el 100 % de las plazas de 12 meses sujetas a la estabilizaci\u00f3n del personal del SPDCIF.<\/p>\n<p>Segundo. OPE 2020<br \/>En la OPE 2020 se contemplar\u00e1 un m\u00ednimo de 550 puestos de tasa de reposici\u00f3n ordinaria por acceso libre, 900 de estabilizaci\u00f3n por acceso libre (de los que unos 600 ser\u00e1n puestos del Consorcio Gallego de Servicios de Igualdad y Bienestar) y 800 de funcionarizaci\u00f3n.<\/p>\n<p>Tercero. Acumulaci\u00f3n de procesos<br \/>En los procesos a convocar en el primer trimestre de 2019 se acumular\u00e1n a las convocatorias de la OPE de 2018 los procesos coincidentes de las OPE de 2016 (con 192 puestos) y 2017 (con 421 puestos).<\/p>\n<p>Cuarto. Promoci\u00f3n interna separada<br \/>En cada una das OPE 2019 y 2020 se incluir\u00e1 un n\u00famero de plazas de promoci\u00f3n interna separada. En la OPE 2018 se incrementar\u00e1n 50 plazas en la promoci\u00f3n interna separada, pasando a un total de 200 (20 del A1; 60 del A2; 95 del C1; y 25 del C2). Igual porcentaje de promoci\u00f3n interna se tendr\u00e1 en cuenta como m\u00ednimo en las OPE 2019 y 2020 en esta promoci\u00f3n interna separada (que consiste en un 40 %).<\/p>\n<p>OPE extraordinarias<br \/>Adem\u00e1s de las OPE ordinarias de los a\u00f1os 2018, 2019 y 2020, se podr\u00e1, de ser necesario, publicar, adem\u00e1s, para alcanzar los objetivos previstos en los acuerdos firmados, OPE extraordinarias en los a\u00f1os 2019 y 2020.<\/p>\n<p>Sexto. Procesos selectivos<br \/>Con car\u00e1cter general los procesos selectivos se desarrollar\u00e1n mediante la modalidad de concurso-oposici\u00f3n. <\/p>\n<p><a href=\"https:\/\/www.xunta.gal\/dog\/Publicados\/2019\/20190128\/AnuncioCA01-210119-0003_es.pdf\" target=\"_blank\" rel=\"nofollow noopener noreferrer\"><span class=\"wysiwyg-color-green\">Enlace a resoluci\u00f3n<\/span> <\/a><\/p>\n","protected":false},"excerpt":{"rendered":"<p>Publicado en el DOG de fecha 28 de enero de 2019 el Acuerdo de Concertaci\u00f3n del Empleo P\u00fablico en Galicia. Destacamos de este Acuerdo los siguientes puntos: La OPE 2019 se aprobar\u00e1 en el primer trimestre de 2019. Se incluir\u00e1n los compromisos asumidos en el acuerdo de peones camineros firmado en el a\u00f1o 2018 y &hellip; <a href=\"https:\/\/www.emplea-te.com\/noticias-oposiciones\/xunta-de-galicia-se-publica-el-acuerdo-de-concertacion-del-empleo-publico\/\" class=\"more-link\">Continuar leyendo<span class=\"screen-reader-text\"> \u00ab<br \/>Xunta de Galicia: Se publica el Acuerdo de concertaci\u00f3n del empleo p\u00fablico\u00bb<\/span><\/a><\/p>\n","protected":false},"author":1,"featured_media":0,"comment_status":"open","ping_status":"open","sticky":false,"template":"","format":"standard","meta":{"footnotes":""},"categories":[],"tags":[],"class_list":["post-1318","post","type-post","status-publish","format-standard","hentry"],"yoast_head":"<!-- This site is optimized with the Yoast SEO plugin v27.5 - https:\/\/yoast.com\/product\/yoast-seo-wordpress\/ -->\n<title>Xunta de Galicia: Se publica el Acuerdo de concertaci\u00f3n del empleo p\u00fablico - Noticas de oposiciones por Academia Emplea-te<\/title>\n<meta name=\"description\" content=\"Publicado en el DOG de fecha 28 de enero de 2019 el Acuerdo de Concertaci\u00f3n del Empleo P\u00fablico en Galicia.Enlace a resoluci\u00f3n\" \/>\n<meta name=\"robots\" content=\"index, follow, max-snippet:-1, max-image-preview:large, max-video-preview:-1\" \/>\n<link rel=\"canonical\" href=\"https:\/\/www.emplea-te.com\/noticias-oposiciones\/xunta-de-galicia-se-publica-el-acuerdo-de-concertacion-del-empleo-publico\/\" \/>\n<meta property=\"og:locale\" content=\"es_ES\" \/>\n<meta property=\"og:type\" content=\"article\" \/>\n<meta property=\"og:title\" content=\"Xunta de Galicia: Se publica el Acuerdo de concertaci\u00f3n del empleo p\u00fablico - Noticas de oposiciones por Academia Emplea-te\" \/>\n<meta property=\"og:description\" content=\"Publicado en el DOG de fecha 28 de enero de 2019 el Acuerdo de Concertaci\u00f3n del Empleo P\u00fablico en Galicia.Enlace a resoluci\u00f3n\" \/>\n<meta property=\"og:url\" content=\"https:\/\/www.emplea-te.com\/noticias-oposiciones\/xunta-de-galicia-se-publica-el-acuerdo-de-concertacion-del-empleo-publico\/\" \/>\n<meta property=\"og:site_name\" content=\"Noticas de oposiciones por Academia Emplea-te\" \/>\n<meta property=\"article:publisher\" content=\"https:\/\/www.facebook.com\/AcademiaEmpleate\/\" \/>\n<meta property=\"article:published_time\" content=\"2019-01-28T23:00:00+00:00\" \/>\n<meta name=\"author\" content=\"Empleate\" \/>\n<meta name=\"twitter:card\" content=\"summary_large_image\" \/>\n<meta name=\"twitter:creator\" content=\"@Emplea_Te\" \/>\n<meta name=\"twitter:site\" content=\"@Emplea_Te\" \/>\n<meta name=\"twitter:label1\" content=\"Escrito por\" \/>\n\t<meta name=\"twitter:data1\" content=\"Empleate\" \/>\n\t<meta name=\"twitter:label2\" content=\"Tiempo de lectura\" \/>\n\t<meta name=\"twitter:data2\" content=\"2 minutos\" \/>\n<script type=\"application\/ld+json\" class=\"yoast-schema-graph\">{\"@context\":\"https:\\\/\\\/schema.org\",\"@graph\":[{\"@type\":\"Article\",\"@id\":\"https:\\\/\\\/www.emplea-te.com\\\/noticias-oposiciones\\\/xunta-de-galicia-se-publica-el-acuerdo-de-concertacion-del-empleo-publico\\\/#article\",\"isPartOf\":{\"@id\":\"https:\\\/\\\/www.emplea-te.com\\\/noticias-oposiciones\\\/xunta-de-galicia-se-publica-el-acuerdo-de-concertacion-del-empleo-publico\\\/\"},\"author\":{\"name\":\"Empleate\",\"@id\":\"https:\\\/\\\/www.emplea-te.com\\\/noticias-oposiciones\\\/#\\\/schema\\\/person\\\/d1bc587e1af2b95e9c32aba1795509a6\"},\"headline\":\"Xunta de Galicia: Se publica el Acuerdo de concertaci\u00f3n del empleo p\u00fablico\",\"datePublished\":\"2019-01-28T23:00:00+00:00\",\"mainEntityOfPage\":{\"@id\":\"https:\\\/\\\/www.emplea-te.com\\\/noticias-oposiciones\\\/xunta-de-galicia-se-publica-el-acuerdo-de-concertacion-del-empleo-publico\\\/\"},\"wordCount\":379,\"commentCount\":0,\"publisher\":{\"@id\":\"https:\\\/\\\/www.emplea-te.com\\\/noticias-oposiciones\\\/#organization\"},\"inLanguage\":\"es\",\"potentialAction\":[{\"@type\":\"CommentAction\",\"name\":\"Comment\",\"target\":[\"https:\\\/\\\/www.emplea-te.com\\\/noticias-oposiciones\\\/xunta-de-galicia-se-publica-el-acuerdo-de-concertacion-del-empleo-publico\\\/#respond\"]}]},{\"@type\":\"WebPage\",\"@id\":\"https:\\\/\\\/www.emplea-te.com\\\/noticias-oposiciones\\\/xunta-de-galicia-se-publica-el-acuerdo-de-concertacion-del-empleo-publico\\\/\",\"url\":\"https:\\\/\\\/www.emplea-te.com\\\/noticias-oposiciones\\\/xunta-de-galicia-se-publica-el-acuerdo-de-concertacion-del-empleo-publico\\\/\",\"name\":\"Xunta de Galicia: Se publica el Acuerdo de concertaci\u00f3n del empleo p\u00fablico - Noticas de oposiciones por Academia Emplea-te\",\"isPartOf\":{\"@id\":\"https:\\\/\\\/www.emplea-te.com\\\/noticias-oposiciones\\\/#website\"},\"datePublished\":\"2019-01-28T23:00:00+00:00\",\"description\":\"Publicado en el DOG de fecha 28 de enero de 2019 el Acuerdo de Concertaci\u00f3n del Empleo P\u00fablico en Galicia.Enlace a resoluci\u00f3n\",\"breadcrumb\":{\"@id\":\"https:\\\/\\\/www.emplea-te.com\\\/noticias-oposiciones\\\/xunta-de-galicia-se-publica-el-acuerdo-de-concertacion-del-empleo-publico\\\/#breadcrumb\"},\"inLanguage\":\"es\",\"potentialAction\":[{\"@type\":\"ReadAction\",\"target\":[\"https:\\\/\\\/www.emplea-te.com\\\/noticias-oposiciones\\\/xunta-de-galicia-se-publica-el-acuerdo-de-concertacion-del-empleo-publico\\\/\"]}]},{\"@type\":\"BreadcrumbList\",\"@id\":\"https:\\\/\\\/www.emplea-te.com\\\/noticias-oposiciones\\\/xunta-de-galicia-se-publica-el-acuerdo-de-concertacion-del-empleo-publico\\\/#breadcrumb\",\"itemListElement\":[{\"@type\":\"ListItem\",\"position\":1,\"name\":\"Noticias Oposiciones\",\"item\":\"https:\\\/\\\/www.emplea-te.com\\\/noticias-oposiciones\\\/\"},{\"@type\":\"ListItem\",\"position\":2,\"name\":\"Xunta de Galicia: Se publica el Acuerdo de concertaci\u00f3n del empleo p\u00fablico\"}]},{\"@type\":\"WebSite\",\"@id\":\"https:\\\/\\\/www.emplea-te.com\\\/noticias-oposiciones\\\/#website\",\"url\":\"https:\\\/\\\/www.emplea-te.com\\\/noticias-oposiciones\\\/\",\"name\":\"Noticas de oposiciones por Academia Emplea-te\",\"description\":\"Toda la actualidad de las ofertas y convocatorias.\",\"publisher\":{\"@id\":\"https:\\\/\\\/www.emplea-te.com\\\/noticias-oposiciones\\\/#organization\"},\"potentialAction\":[{\"@type\":\"SearchAction\",\"target\":{\"@type\":\"EntryPoint\",\"urlTemplate\":\"https:\\\/\\\/www.emplea-te.com\\\/noticias-oposiciones\\\/?s={search_term_string}\"},\"query-input\":{\"@type\":\"PropertyValueSpecification\",\"valueRequired\":true,\"valueName\":\"search_term_string\"}}],\"inLanguage\":\"es\"},{\"@type\":\"Organization\",\"@id\":\"https:\\\/\\\/www.emplea-te.com\\\/noticias-oposiciones\\\/#organization\",\"name\":\"Academia de oposiciones Empl\u00e9ate\",\"url\":\"https:\\\/\\\/www.emplea-te.com\\\/noticias-oposiciones\\\/\",\"logo\":{\"@type\":\"ImageObject\",\"inLanguage\":\"es\",\"@id\":\"https:\\\/\\\/www.emplea-te.com\\\/noticias-oposiciones\\\/#\\\/schema\\\/logo\\\/image\\\/\",\"url\":\"https:\\\/\\\/www.emplea-te.com\\\/noticias-oposiciones\\\/wp-content\\\/uploads\\\/2019\\\/04\\\/empleate.jpg\",\"contentUrl\":\"https:\\\/\\\/www.emplea-te.com\\\/noticias-oposiciones\\\/wp-content\\\/uploads\\\/2019\\\/04\\\/empleate.jpg\",\"width\":250,\"height\":150,\"caption\":\"Academia de oposiciones Empl\u00e9ate\"},\"image\":{\"@id\":\"https:\\\/\\\/www.emplea-te.com\\\/noticias-oposiciones\\\/#\\\/schema\\\/logo\\\/image\\\/\"},\"sameAs\":[\"https:\\\/\\\/www.facebook.com\\\/AcademiaEmpleate\\\/\",\"https:\\\/\\\/x.com\\\/Emplea_Te\",\"https:\\\/\\\/www.instagram.com\\\/academia_empleate\\\/\"]},{\"@type\":\"Person\",\"@id\":\"https:\\\/\\\/www.emplea-te.com\\\/noticias-oposiciones\\\/#\\\/schema\\\/person\\\/d1bc587e1af2b95e9c32aba1795509a6\",\"name\":\"Empleate\"}]}<\/script>\n<!-- \/ Yoast SEO plugin. -->","yoast_head_json":{"title":"Xunta de Galicia: Se publica el Acuerdo de concertaci\u00f3n del empleo p\u00fablico - Noticas de oposiciones por Academia Emplea-te","description":"Publicado en el DOG de fecha 28 de enero de 2019 el Acuerdo de Concertaci\u00f3n del Empleo P\u00fablico en Galicia.Enlace a resoluci\u00f3n","robots":{"index":"index","follow":"follow","max-snippet":"max-snippet:-1","max-image-preview":"max-image-preview:large","max-video-preview":"max-video-preview:-1"},"canonical":"https:\/\/www.emplea-te.com\/noticias-oposiciones\/xunta-de-galicia-se-publica-el-acuerdo-de-concertacion-del-empleo-publico\/","og_locale":"es_ES","og_type":"article","og_title":"Xunta de Galicia: Se publica el Acuerdo de concertaci\u00f3n del empleo p\u00fablico - Noticas de oposiciones por Academia Emplea-te","og_description":"Publicado en el DOG de fecha 28 de enero de 2019 el Acuerdo de Concertaci\u00f3n del Empleo P\u00fablico en Galicia.Enlace a resoluci\u00f3n","og_url":"https:\/\/www.emplea-te.com\/noticias-oposiciones\/xunta-de-galicia-se-publica-el-acuerdo-de-concertacion-del-empleo-publico\/","og_site_name":"Noticas de oposiciones por Academia Emplea-te","article_publisher":"https:\/\/www.facebook.com\/AcademiaEmpleate\/","article_published_time":"2019-01-28T23:00:00+00:00","author":"Empleate","twitter_card":"summary_large_image","twitter_creator":"@Emplea_Te","twitter_site":"@Emplea_Te","twitter_misc":{"Escrito por":"Empleate","Tiempo de lectura":"2 minutos"},"schema":{"@context":"https:\/\/schema.org","@graph":[{"@type":"Article","@id":"https:\/\/www.emplea-te.com\/noticias-oposiciones\/xunta-de-galicia-se-publica-el-acuerdo-de-concertacion-del-empleo-publico\/#article","isPartOf":{"@id":"https:\/\/www.emplea-te.com\/noticias-oposiciones\/xunta-de-galicia-se-publica-el-acuerdo-de-concertacion-del-empleo-publico\/"},"author":{"name":"Empleate","@id":"https:\/\/www.emplea-te.com\/noticias-oposiciones\/#\/schema\/person\/d1bc587e1af2b95e9c32aba1795509a6"},"headline":"Xunta de Galicia: Se publica el Acuerdo de concertaci\u00f3n del empleo p\u00fablico","datePublished":"2019-01-28T23:00:00+00:00","mainEntityOfPage":{"@id":"https:\/\/www.emplea-te.com\/noticias-oposiciones\/xunta-de-galicia-se-publica-el-acuerdo-de-concertacion-del-empleo-publico\/"},"wordCount":379,"commentCount":0,"publisher":{"@id":"https:\/\/www.emplea-te.com\/noticias-oposiciones\/#organization"},"inLanguage":"es","potentialAction":[{"@type":"CommentAction","name":"Comment","target":["https:\/\/www.emplea-te.com\/noticias-oposiciones\/xunta-de-galicia-se-publica-el-acuerdo-de-concertacion-del-empleo-publico\/#respond"]}]},{"@type":"WebPage","@id":"https:\/\/www.emplea-te.com\/noticias-oposiciones\/xunta-de-galicia-se-publica-el-acuerdo-de-concertacion-del-empleo-publico\/","url":"https:\/\/www.emplea-te.com\/noticias-oposiciones\/xunta-de-galicia-se-publica-el-acuerdo-de-concertacion-del-empleo-publico\/","name":"Xunta de Galicia: Se publica el Acuerdo de concertaci\u00f3n del empleo p\u00fablico - Noticas de oposiciones por Academia Emplea-te","isPartOf":{"@id":"https:\/\/www.emplea-te.com\/noticias-oposiciones\/#website"},"datePublished":"2019-01-28T23:00:00+00:00","description":"Publicado en el DOG de fecha 28 de enero de 2019 el Acuerdo de Concertaci\u00f3n del Empleo P\u00fablico en Galicia.Enlace a resoluci\u00f3n","breadcrumb":{"@id":"https:\/\/www.emplea-te.com\/noticias-oposiciones\/xunta-de-galicia-se-publica-el-acuerdo-de-concertacion-del-empleo-publico\/#breadcrumb"},"inLanguage":"es","potentialAction":[{"@type":"ReadAction","target":["https:\/\/www.emplea-te.com\/noticias-oposiciones\/xunta-de-galicia-se-publica-el-acuerdo-de-concertacion-del-empleo-publico\/"]}]},{"@type":"BreadcrumbList","@id":"https:\/\/www.emplea-te.com\/noticias-oposiciones\/xunta-de-galicia-se-publica-el-acuerdo-de-concertacion-del-empleo-publico\/#breadcrumb","itemListElement":[{"@type":"ListItem","position":1,"name":"Noticias Oposiciones","item":"https:\/\/www.emplea-te.com\/noticias-oposiciones\/"},{"@type":"ListItem","position":2,"name":"Xunta de Galicia: Se publica el Acuerdo de concertaci\u00f3n del empleo p\u00fablico"}]},{"@type":"WebSite","@id":"https:\/\/www.emplea-te.com\/noticias-oposiciones\/#website","url":"https:\/\/www.emplea-te.com\/noticias-oposiciones\/","name":"Noticas de oposiciones por Academia Emplea-te","description":"Toda la actualidad de las ofertas y convocatorias.","publisher":{"@id":"https:\/\/www.emplea-te.com\/noticias-oposiciones\/#organization"},"potentialAction":[{"@type":"SearchAction","target":{"@type":"EntryPoint","urlTemplate":"https:\/\/www.emplea-te.com\/noticias-oposiciones\/?s={search_term_string}"},"query-input":{"@type":"PropertyValueSpecification","valueRequired":true,"valueName":"search_term_string"}}],"inLanguage":"es"},{"@type":"Organization","@id":"https:\/\/www.emplea-te.com\/noticias-oposiciones\/#organization","name":"Academia de oposiciones Empl\u00e9ate","url":"https:\/\/www.emplea-te.com\/noticias-oposiciones\/","logo":{"@type":"ImageObject","inLanguage":"es","@id":"https:\/\/www.emplea-te.com\/noticias-oposiciones\/#\/schema\/logo\/image\/","url":"https:\/\/www.emplea-te.com\/noticias-oposiciones\/wp-content\/uploads\/2019\/04\/empleate.jpg","contentUrl":"https:\/\/www.emplea-te.com\/noticias-oposiciones\/wp-content\/uploads\/2019\/04\/empleate.jpg","width":250,"height":150,"caption":"Academia de oposiciones Empl\u00e9ate"},"image":{"@id":"https:\/\/www.emplea-te.com\/noticias-oposiciones\/#\/schema\/logo\/image\/"},"sameAs":["https:\/\/www.facebook.com\/AcademiaEmpleate\/","https:\/\/x.com\/Emplea_Te","https:\/\/www.instagram.com\/academia_empleate\/"]},{"@type":"Person","@id":"https:\/\/www.emplea-te.com\/noticias-oposiciones\/#\/schema\/person\/d1bc587e1af2b95e9c32aba1795509a6","name":"Empleate"}]}},"_links":{"self":[{"href":"https:\/\/www.emplea-te.com\/noticias-oposiciones\/wp-json\/wp\/v2\/posts\/1318","targetHints":{"allow":["GET"]}}],"collection":[{"href":"https:\/\/www.emplea-te.com\/noticias-oposiciones\/wp-json\/wp\/v2\/posts"}],"about":[{"href":"https:\/\/www.emplea-te.com\/noticias-oposiciones\/wp-json\/wp\/v2\/types\/post"}],"author":[{"embeddable":true,"href":"https:\/\/www.emplea-te.com\/noticias-oposiciones\/wp-json\/wp\/v2\/users\/1"}],"replies":[{"embeddable":true,"href":"https:\/\/www.emplea-te.com\/noticias-oposiciones\/wp-json\/wp\/v2\/comments?post=1318"}],"version-history":[{"count":0,"href":"https:\/\/www.emplea-te.com\/noticias-oposiciones\/wp-json\/wp\/v2\/posts\/1318\/revisions"}],"wp:attachment":[{"href":"https:\/\/www.emplea-te.com\/noticias-oposiciones\/wp-json\/wp\/v2\/media?parent=1318"}],"wp:term":[{"taxonomy":"category","embeddable":true,"href":"https:\/\/www.emplea-te.com\/noticias-oposiciones\/wp-json\/wp\/v2\/categories?post=1318"},{"taxonomy":"post_tag","embeddable":true,"href":"https:\/\/www.emplea-te.com\/noticias-oposiciones\/wp-json\/wp\/v2\/tags?post=1318"}],"curies":[{"name":"wp","href":"https:\/\/api.w.org\/{rel}","templated":true}]}}