{"id":13180,"date":"2024-09-27T10:40:58","date_gmt":"2024-09-27T08:40:58","guid":{"rendered":"https:\/\/www.emplea-te.com\/noticias-oposiciones\/?p=13180"},"modified":"2024-09-27T10:40:58","modified_gmt":"2024-09-27T08:40:58","slug":"xunta-funcion-publica-se-hace-publica-nota-informativa-sobre-la-normativa-de-igualdad","status":"publish","type":"post","link":"https:\/\/www.emplea-te.com\/noticias-oposiciones\/xunta-funcion-publica-se-hace-publica-nota-informativa-sobre-la-normativa-de-igualdad\/","title":{"rendered":"Xunta. Funci\u00f3n P\u00fablica. Se hace p\u00fablica nota informativa sobre la normativa de igualdad."},"content":{"rendered":"<p>En aquellos procesos en los que conste como parte del temario el Decreto legislativo 2\/2015, de 12 de febrero , por lo que se aprueba el texto refundido de las disposiciones legales de la Comunidad Aut\u00f3noma de Galicia en materia de igualdad, se sustituir\u00e1 por la norma que lo derog\u00f3, la Ley 7\/2023, de 30 de noviembre , para la igualdad efectiva de mujeres y hombres de Galicia conforme a:<\/p>\n<p><span style=\"font-size: large;\"><u><b>Subgrupos A1 e I.\u00a0 \u00a0<\/b><\/u>Lei 7\/2023, do 30 de novembro, para a igualdade efectiva de mulleres e homes de Galicia: t\u00edtulo preliminar, t\u00edtulo I, t\u00edtulo II: cap\u00edtulos I, II, III, IV, V \u00a0y XI.-Subgrupos A2 e II.<br \/>\nLei 7\/2023, do 30 de novembro, para a igualdade efectiva de mulleres e homes de Galicia: t\u00edtulo preliminar, t\u00edtulo I, t\u00edtulo II: cap\u00edtulos I, II, III, IV, V y XI.<\/span><\/p>\n<p><span style=\"font-size: large;\"><u><b>-Subgrupos B, C1 e III.<\/b><\/u>\u00a0 Lei 7\/2023, do 30 de novembro, para a igualdade efectiva de mulleres e homes de Galicia: t\u00edtulo preliminar, t\u00edtulo I, t\u00edtulo II: cap\u00edtulos I e II.<\/span><\/p>\n<p><span style=\"font-size: large;\"><b><u>-Subgrupos C2 e IV.\u00a0 <\/u><\/b>Lei 7\/2023, do 30 de novembro, para a igualdade efectiva de mulleres e homes de Galicia: t\u00edtulo preliminar, t\u00edtulo I, t\u00edtulo II: cap\u00edtulos I e II.<\/span><br \/>\n<b><u><br \/>\n<\/u><\/b><span style=\"font-size: large;\"><b><u>-Subgrupos AP e V.<\/u><\/b>\u00a0 Lei 7\/2023, do 30 de novembro, para a igualdade efectiva de mulleres e homes de Galicia: t\u00edtulo preliminar, t\u00edtulo I, t\u00edtulo II: cap\u00edtulos I e II.<\/p>\n<p><a href=\"https:\/\/www.emplea-te.com\/noticias-oposiciones\/ver-pdf\/?pdf=https%3A%2F%2Fwww.emplea-te.com%2Fnoticias-oposiciones%2Fwp-content%2Fuploads%2F2024%2F09%2Fopo_visor_novas.jsp-1.pdf\" target=\"_blank\" rel=\"noopener\">NOTA INFORMATIVA<\/a><br \/>\n<\/span><\/p>\n","protected":false},"excerpt":{"rendered":"<p>En aquellos procesos en los que conste como parte del temario el Decreto legislativo 2\/2015, de 12 de febrero , por lo que se aprueba el texto refundido de las disposiciones legales de la Comunidad Aut\u00f3noma de Galicia en materia de igualdad, se sustituir\u00e1 por la norma que lo derog\u00f3, la Ley 7\/2023, de 30 &hellip; <a href=\"https:\/\/www.emplea-te.com\/noticias-oposiciones\/xunta-funcion-publica-se-hace-publica-nota-informativa-sobre-la-normativa-de-igualdad\/\" class=\"more-link\">Continuar leyendo<span class=\"screen-reader-text\"> \u00abXunta. Funci\u00f3n P\u00fablica. Se hace p\u00fablica nota informativa sobre la normativa de igualdad.\u00bb<\/span><\/a><\/p>\n","protected":false},"author":1,"featured_media":0,"comment_status":"closed","ping_status":"closed","sticky":false,"template":"","format":"standard","meta":{"footnotes":""},"categories":[4],"tags":[103],"class_list":["post-13180","post","type-post","status-publish","format-standard","hentry","category-oposiciones-xunta","tag-informacion-procesos-selectivos"],"yoast_head":"<!-- This site is optimized with the Yoast SEO plugin v27.5 - https:\/\/yoast.com\/product\/yoast-seo-wordpress\/ -->\n<title>Xunta. Funci\u00f3n P\u00fablica. Nota informativa de normativa de igualdad<\/title>\n<meta name=\"description\" content=\"Xunta. Funci\u00f3n P\u00fablica. Se hace p\u00fablica nota informativa sobre la normativa de igualdad.\" \/>\n<meta name=\"robots\" content=\"index, follow, max-snippet:-1, max-image-preview:large, max-video-preview:-1\" \/>\n<link rel=\"canonical\" href=\"https:\/\/www.emplea-te.com\/noticias-oposiciones\/xunta-funcion-publica-se-hace-publica-nota-informativa-sobre-la-normativa-de-igualdad\/\" \/>\n<meta property=\"og:locale\" content=\"es_ES\" \/>\n<meta property=\"og:type\" content=\"article\" \/>\n<meta property=\"og:title\" content=\"Xunta. Funci\u00f3n P\u00fablica. Nota informativa de normativa de igualdad\" \/>\n<meta property=\"og:description\" content=\"Xunta. Funci\u00f3n P\u00fablica. Se hace p\u00fablica nota informativa sobre la normativa de igualdad.\" \/>\n<meta property=\"og:url\" content=\"https:\/\/www.emplea-te.com\/noticias-oposiciones\/xunta-funcion-publica-se-hace-publica-nota-informativa-sobre-la-normativa-de-igualdad\/\" \/>\n<meta property=\"og:site_name\" content=\"Noticas de oposiciones por Academia Emplea-te\" \/>\n<meta property=\"article:publisher\" content=\"https:\/\/www.facebook.com\/AcademiaEmpleate\/\" \/>\n<meta property=\"article:published_time\" content=\"2024-09-27T08:40:58+00:00\" \/>\n<meta name=\"author\" content=\"Empleate\" \/>\n<meta name=\"twitter:card\" content=\"summary_large_image\" \/>\n<meta name=\"twitter:creator\" content=\"@Emplea_Te\" \/>\n<meta name=\"twitter:site\" content=\"@Emplea_Te\" \/>\n<meta name=\"twitter:label1\" content=\"Escrito por\" \/>\n\t<meta name=\"twitter:data1\" content=\"Empleate\" \/>\n\t<meta name=\"twitter:label2\" content=\"Tiempo de lectura\" \/>\n\t<meta name=\"twitter:data2\" content=\"2 minutos\" \/>\n<script type=\"application\/ld+json\" class=\"yoast-schema-graph\">{\"@context\":\"https:\\\/\\\/schema.org\",\"@graph\":[{\"@type\":\"Article\",\"@id\":\"https:\\\/\\\/www.emplea-te.com\\\/noticias-oposiciones\\\/xunta-funcion-publica-se-hace-publica-nota-informativa-sobre-la-normativa-de-igualdad\\\/#article\",\"isPartOf\":{\"@id\":\"https:\\\/\\\/www.emplea-te.com\\\/noticias-oposiciones\\\/xunta-funcion-publica-se-hace-publica-nota-informativa-sobre-la-normativa-de-igualdad\\\/\"},\"author\":{\"name\":\"Empleate\",\"@id\":\"https:\\\/\\\/www.emplea-te.com\\\/noticias-oposiciones\\\/#\\\/schema\\\/person\\\/d1bc587e1af2b95e9c32aba1795509a6\"},\"headline\":\"Xunta. Funci\u00f3n P\u00fablica. Se hace p\u00fablica nota informativa sobre la normativa de igualdad.\",\"datePublished\":\"2024-09-27T08:40:58+00:00\",\"mainEntityOfPage\":{\"@id\":\"https:\\\/\\\/www.emplea-te.com\\\/noticias-oposiciones\\\/xunta-funcion-publica-se-hace-publica-nota-informativa-sobre-la-normativa-de-igualdad\\\/\"},\"wordCount\":252,\"publisher\":{\"@id\":\"https:\\\/\\\/www.emplea-te.com\\\/noticias-oposiciones\\\/#organization\"},\"keywords\":[\"Informaci\u00f3n procesos selectivos\"],\"articleSection\":[\"Oposiciones Xunta\"],\"inLanguage\":\"es\"},{\"@type\":\"WebPage\",\"@id\":\"https:\\\/\\\/www.emplea-te.com\\\/noticias-oposiciones\\\/xunta-funcion-publica-se-hace-publica-nota-informativa-sobre-la-normativa-de-igualdad\\\/\",\"url\":\"https:\\\/\\\/www.emplea-te.com\\\/noticias-oposiciones\\\/xunta-funcion-publica-se-hace-publica-nota-informativa-sobre-la-normativa-de-igualdad\\\/\",\"name\":\"Xunta. Funci\u00f3n P\u00fablica. Nota informativa de normativa de igualdad\",\"isPartOf\":{\"@id\":\"https:\\\/\\\/www.emplea-te.com\\\/noticias-oposiciones\\\/#website\"},\"datePublished\":\"2024-09-27T08:40:58+00:00\",\"description\":\"Xunta. Funci\u00f3n P\u00fablica. Se hace p\u00fablica nota informativa sobre la normativa de igualdad.\",\"breadcrumb\":{\"@id\":\"https:\\\/\\\/www.emplea-te.com\\\/noticias-oposiciones\\\/xunta-funcion-publica-se-hace-publica-nota-informativa-sobre-la-normativa-de-igualdad\\\/#breadcrumb\"},\"inLanguage\":\"es\",\"potentialAction\":[{\"@type\":\"ReadAction\",\"target\":[\"https:\\\/\\\/www.emplea-te.com\\\/noticias-oposiciones\\\/xunta-funcion-publica-se-hace-publica-nota-informativa-sobre-la-normativa-de-igualdad\\\/\"]}]},{\"@type\":\"BreadcrumbList\",\"@id\":\"https:\\\/\\\/www.emplea-te.com\\\/noticias-oposiciones\\\/xunta-funcion-publica-se-hace-publica-nota-informativa-sobre-la-normativa-de-igualdad\\\/#breadcrumb\",\"itemListElement\":[{\"@type\":\"ListItem\",\"position\":1,\"name\":\"Noticias Oposiciones\",\"item\":\"https:\\\/\\\/www.emplea-te.com\\\/noticias-oposiciones\\\/\"},{\"@type\":\"ListItem\",\"position\":2,\"name\":\"Oposiciones Xunta\",\"item\":\"https:\\\/\\\/www.emplea-te.com\\\/noticias-oposiciones\\\/categoria\\\/oposiciones-xunta\\\/\"},{\"@type\":\"ListItem\",\"position\":3,\"name\":\"Xunta. Funci\u00f3n P\u00fablica. Se hace p\u00fablica nota informativa sobre la normativa de igualdad.\"}]},{\"@type\":\"WebSite\",\"@id\":\"https:\\\/\\\/www.emplea-te.com\\\/noticias-oposiciones\\\/#website\",\"url\":\"https:\\\/\\\/www.emplea-te.com\\\/noticias-oposiciones\\\/\",\"name\":\"Noticas de oposiciones por Academia Emplea-te\",\"description\":\"Toda la actualidad de las ofertas y convocatorias.\",\"publisher\":{\"@id\":\"https:\\\/\\\/www.emplea-te.com\\\/noticias-oposiciones\\\/#organization\"},\"potentialAction\":[{\"@type\":\"SearchAction\",\"target\":{\"@type\":\"EntryPoint\",\"urlTemplate\":\"https:\\\/\\\/www.emplea-te.com\\\/noticias-oposiciones\\\/?s={search_term_string}\"},\"query-input\":{\"@type\":\"PropertyValueSpecification\",\"valueRequired\":true,\"valueName\":\"search_term_string\"}}],\"inLanguage\":\"es\"},{\"@type\":\"Organization\",\"@id\":\"https:\\\/\\\/www.emplea-te.com\\\/noticias-oposiciones\\\/#organization\",\"name\":\"Academia de oposiciones Empl\u00e9ate\",\"url\":\"https:\\\/\\\/www.emplea-te.com\\\/noticias-oposiciones\\\/\",\"logo\":{\"@type\":\"ImageObject\",\"inLanguage\":\"es\",\"@id\":\"https:\\\/\\\/www.emplea-te.com\\\/noticias-oposiciones\\\/#\\\/schema\\\/logo\\\/image\\\/\",\"url\":\"https:\\\/\\\/www.emplea-te.com\\\/noticias-oposiciones\\\/wp-content\\\/uploads\\\/2019\\\/04\\\/empleate.jpg\",\"contentUrl\":\"https:\\\/\\\/www.emplea-te.com\\\/noticias-oposiciones\\\/wp-content\\\/uploads\\\/2019\\\/04\\\/empleate.jpg\",\"width\":250,\"height\":150,\"caption\":\"Academia de oposiciones Empl\u00e9ate\"},\"image\":{\"@id\":\"https:\\\/\\\/www.emplea-te.com\\\/noticias-oposiciones\\\/#\\\/schema\\\/logo\\\/image\\\/\"},\"sameAs\":[\"https:\\\/\\\/www.facebook.com\\\/AcademiaEmpleate\\\/\",\"https:\\\/\\\/x.com\\\/Emplea_Te\",\"https:\\\/\\\/www.instagram.com\\\/academia_empleate\\\/\"]},{\"@type\":\"Person\",\"@id\":\"https:\\\/\\\/www.emplea-te.com\\\/noticias-oposiciones\\\/#\\\/schema\\\/person\\\/d1bc587e1af2b95e9c32aba1795509a6\",\"name\":\"Empleate\"}]}<\/script>\n<!-- \/ Yoast SEO plugin. -->","yoast_head_json":{"title":"Xunta. Funci\u00f3n P\u00fablica. Nota informativa de normativa de igualdad","description":"Xunta. Funci\u00f3n P\u00fablica. Se hace p\u00fablica nota informativa sobre la normativa de igualdad.","robots":{"index":"index","follow":"follow","max-snippet":"max-snippet:-1","max-image-preview":"max-image-preview:large","max-video-preview":"max-video-preview:-1"},"canonical":"https:\/\/www.emplea-te.com\/noticias-oposiciones\/xunta-funcion-publica-se-hace-publica-nota-informativa-sobre-la-normativa-de-igualdad\/","og_locale":"es_ES","og_type":"article","og_title":"Xunta. Funci\u00f3n P\u00fablica. Nota informativa de normativa de igualdad","og_description":"Xunta. Funci\u00f3n P\u00fablica. Se hace p\u00fablica nota informativa sobre la normativa de igualdad.","og_url":"https:\/\/www.emplea-te.com\/noticias-oposiciones\/xunta-funcion-publica-se-hace-publica-nota-informativa-sobre-la-normativa-de-igualdad\/","og_site_name":"Noticas de oposiciones por Academia Emplea-te","article_publisher":"https:\/\/www.facebook.com\/AcademiaEmpleate\/","article_published_time":"2024-09-27T08:40:58+00:00","author":"Empleate","twitter_card":"summary_large_image","twitter_creator":"@Emplea_Te","twitter_site":"@Emplea_Te","twitter_misc":{"Escrito por":"Empleate","Tiempo de lectura":"2 minutos"},"schema":{"@context":"https:\/\/schema.org","@graph":[{"@type":"Article","@id":"https:\/\/www.emplea-te.com\/noticias-oposiciones\/xunta-funcion-publica-se-hace-publica-nota-informativa-sobre-la-normativa-de-igualdad\/#article","isPartOf":{"@id":"https:\/\/www.emplea-te.com\/noticias-oposiciones\/xunta-funcion-publica-se-hace-publica-nota-informativa-sobre-la-normativa-de-igualdad\/"},"author":{"name":"Empleate","@id":"https:\/\/www.emplea-te.com\/noticias-oposiciones\/#\/schema\/person\/d1bc587e1af2b95e9c32aba1795509a6"},"headline":"Xunta. Funci\u00f3n P\u00fablica. Se hace p\u00fablica nota informativa sobre la normativa de igualdad.","datePublished":"2024-09-27T08:40:58+00:00","mainEntityOfPage":{"@id":"https:\/\/www.emplea-te.com\/noticias-oposiciones\/xunta-funcion-publica-se-hace-publica-nota-informativa-sobre-la-normativa-de-igualdad\/"},"wordCount":252,"publisher":{"@id":"https:\/\/www.emplea-te.com\/noticias-oposiciones\/#organization"},"keywords":["Informaci\u00f3n procesos selectivos"],"articleSection":["Oposiciones Xunta"],"inLanguage":"es"},{"@type":"WebPage","@id":"https:\/\/www.emplea-te.com\/noticias-oposiciones\/xunta-funcion-publica-se-hace-publica-nota-informativa-sobre-la-normativa-de-igualdad\/","url":"https:\/\/www.emplea-te.com\/noticias-oposiciones\/xunta-funcion-publica-se-hace-publica-nota-informativa-sobre-la-normativa-de-igualdad\/","name":"Xunta. Funci\u00f3n P\u00fablica. Nota informativa de normativa de igualdad","isPartOf":{"@id":"https:\/\/www.emplea-te.com\/noticias-oposiciones\/#website"},"datePublished":"2024-09-27T08:40:58+00:00","description":"Xunta. Funci\u00f3n P\u00fablica. Se hace p\u00fablica nota informativa sobre la normativa de igualdad.","breadcrumb":{"@id":"https:\/\/www.emplea-te.com\/noticias-oposiciones\/xunta-funcion-publica-se-hace-publica-nota-informativa-sobre-la-normativa-de-igualdad\/#breadcrumb"},"inLanguage":"es","potentialAction":[{"@type":"ReadAction","target":["https:\/\/www.emplea-te.com\/noticias-oposiciones\/xunta-funcion-publica-se-hace-publica-nota-informativa-sobre-la-normativa-de-igualdad\/"]}]},{"@type":"BreadcrumbList","@id":"https:\/\/www.emplea-te.com\/noticias-oposiciones\/xunta-funcion-publica-se-hace-publica-nota-informativa-sobre-la-normativa-de-igualdad\/#breadcrumb","itemListElement":[{"@type":"ListItem","position":1,"name":"Noticias Oposiciones","item":"https:\/\/www.emplea-te.com\/noticias-oposiciones\/"},{"@type":"ListItem","position":2,"name":"Oposiciones Xunta","item":"https:\/\/www.emplea-te.com\/noticias-oposiciones\/categoria\/oposiciones-xunta\/"},{"@type":"ListItem","position":3,"name":"Xunta. Funci\u00f3n P\u00fablica. Se hace p\u00fablica nota informativa sobre la normativa de igualdad."}]},{"@type":"WebSite","@id":"https:\/\/www.emplea-te.com\/noticias-oposiciones\/#website","url":"https:\/\/www.emplea-te.com\/noticias-oposiciones\/","name":"Noticas de oposiciones por Academia Emplea-te","description":"Toda la actualidad de las ofertas y convocatorias.","publisher":{"@id":"https:\/\/www.emplea-te.com\/noticias-oposiciones\/#organization"},"potentialAction":[{"@type":"SearchAction","target":{"@type":"EntryPoint","urlTemplate":"https:\/\/www.emplea-te.com\/noticias-oposiciones\/?s={search_term_string}"},"query-input":{"@type":"PropertyValueSpecification","valueRequired":true,"valueName":"search_term_string"}}],"inLanguage":"es"},{"@type":"Organization","@id":"https:\/\/www.emplea-te.com\/noticias-oposiciones\/#organization","name":"Academia de oposiciones Empl\u00e9ate","url":"https:\/\/www.emplea-te.com\/noticias-oposiciones\/","logo":{"@type":"ImageObject","inLanguage":"es","@id":"https:\/\/www.emplea-te.com\/noticias-oposiciones\/#\/schema\/logo\/image\/","url":"https:\/\/www.emplea-te.com\/noticias-oposiciones\/wp-content\/uploads\/2019\/04\/empleate.jpg","contentUrl":"https:\/\/www.emplea-te.com\/noticias-oposiciones\/wp-content\/uploads\/2019\/04\/empleate.jpg","width":250,"height":150,"caption":"Academia de oposiciones Empl\u00e9ate"},"image":{"@id":"https:\/\/www.emplea-te.com\/noticias-oposiciones\/#\/schema\/logo\/image\/"},"sameAs":["https:\/\/www.facebook.com\/AcademiaEmpleate\/","https:\/\/x.com\/Emplea_Te","https:\/\/www.instagram.com\/academia_empleate\/"]},{"@type":"Person","@id":"https:\/\/www.emplea-te.com\/noticias-oposiciones\/#\/schema\/person\/d1bc587e1af2b95e9c32aba1795509a6","name":"Empleate"}]}},"_links":{"self":[{"href":"https:\/\/www.emplea-te.com\/noticias-oposiciones\/wp-json\/wp\/v2\/posts\/13180","targetHints":{"allow":["GET"]}}],"collection":[{"href":"https:\/\/www.emplea-te.com\/noticias-oposiciones\/wp-json\/wp\/v2\/posts"}],"about":[{"href":"https:\/\/www.emplea-te.com\/noticias-oposiciones\/wp-json\/wp\/v2\/types\/post"}],"author":[{"embeddable":true,"href":"https:\/\/www.emplea-te.com\/noticias-oposiciones\/wp-json\/wp\/v2\/users\/1"}],"replies":[{"embeddable":true,"href":"https:\/\/www.emplea-te.com\/noticias-oposiciones\/wp-json\/wp\/v2\/comments?post=13180"}],"version-history":[{"count":1,"href":"https:\/\/www.emplea-te.com\/noticias-oposiciones\/wp-json\/wp\/v2\/posts\/13180\/revisions"}],"predecessor-version":[{"id":13182,"href":"https:\/\/www.emplea-te.com\/noticias-oposiciones\/wp-json\/wp\/v2\/posts\/13180\/revisions\/13182"}],"wp:attachment":[{"href":"https:\/\/www.emplea-te.com\/noticias-oposiciones\/wp-json\/wp\/v2\/media?parent=13180"}],"wp:term":[{"taxonomy":"category","embeddable":true,"href":"https:\/\/www.emplea-te.com\/noticias-oposiciones\/wp-json\/wp\/v2\/categories?post=13180"},{"taxonomy":"post_tag","embeddable":true,"href":"https:\/\/www.emplea-te.com\/noticias-oposiciones\/wp-json\/wp\/v2\/tags?post=13180"}],"curies":[{"name":"wp","href":"https:\/\/api.w.org\/{rel}","templated":true}]}}