{"id":1319,"date":"2019-01-30T00:00:00","date_gmt":"2019-01-29T23:00:00","guid":{"rendered":"https:\/\/www.emplea-te.com\/noticias-oposiciones\/listas-definitivas-de-aprobados-y-preseleccionados-para-el-ingreso-en-correos\/"},"modified":"2019-01-30T00:00:00","modified_gmt":"2019-01-29T23:00:00","slug":"listas-definitivas-de-aprobados-y-preseleccionados-para-el-ingreso-en-correos","status":"publish","type":"post","link":"https:\/\/www.emplea-te.com\/noticias-oposiciones\/listas-definitivas-de-aprobados-y-preseleccionados-para-el-ingreso-en-correos\/","title":{"rendered":"<br>Listas definitivas de aprobados y preseleccionados para el ingreso en Correos."},"content":{"rendered":"<p>Publicada la lista definitiva de aprobados y preseleccionados para el ingreso en Correos. <\/p>\n<p>\u00bfD\u00f3nde puedes consultar la lista de aprobados?<\/p>\n<p><a href=\"https:\/\/www.correos.es\/ss\/Satellite\/site\/pagina-1363199395883\/sidioma=es_ES\" target=\"_blank\" rel=\"nofollow noopener noreferrer\"><span class=\"wysiwyg-color-green\">En la web de Correos <\/span><\/a><\/p>\n<p>\u00bfY el listado de valoraci\u00f3n de m\u00e9ritos?<\/p>\n<p><span class=\"wysiwyg-color-green\">Estos listados no se publicar\u00e1n en papel. Se podr\u00e1n consultar en la p\u00e1gina web de Correos:&nbsp; <\/span><a href=\"http:\/\/www.correos.es\" target=\"\" rel=\"noopener noreferrer\"><span class=\"wysiwyg-color-green\">www.correos.es<\/span><\/a><span class=\"wysiwyg-color-green\">&nbsp;&nbsp;<\/span>&nbsp;&nbsp; para verificar que sean correctos: datos personales, tiempos de servicios prestados en Correos, permisos de conducir, titulaciones y cursos de formaci\u00f3n.<\/p>\n<p>Si has conseguido la plaza \u00bfqu\u00e9 pasos debes seguir ahora?<\/p>\n<p>&#8211; Reconocimiento m\u00e9dico de las personas aprobadas: hasta el 5 de febrero.<\/p>\n<p>&#8211; Oferta y elecci\u00f3n de puesto de trabajo: entre el 18 y 22 de febrero. La empresa se pondr\u00e1 en contacto contigo a trav\u00e9s de sms y o email.<\/p>\n<p>&#8211; Presentaci\u00f3n de la documentaci\u00f3n establecida en la convocatoria: hasta el 22 de febrero.<\/p>\n<p>&#8211; Formalizaci\u00f3n del contrato y toma de posesi\u00f3n el d\u00eda 1 de marzo de 2019. <\/p>\n<p><\/p>\n<p><a href=\"https:\/\/www.emplea-te.com\/33-oposiciones-de-correos\" target=\"_blank\" rel=\"nofollow noopener noreferrer\"><span class=\"wysiwyg-color-green\">Si no la has conseguido esta vez, recuerda que pronto se convocar\u00e1n las m\u00e1s de 8000 plazas de las OEPS 2017+2018 y est\u00e1 pendiente la oferta de 2019 <\/span><\/a><\/p>\n<\/p>\n<p><\/p>\n","protected":false},"excerpt":{"rendered":"<p>Publicada la lista definitiva de aprobados y preseleccionados para el ingreso en Correos. \u00bfD\u00f3nde puedes consultar la lista de aprobados? En la web de Correos \u00bfY el listado de valoraci\u00f3n de m\u00e9ritos? Estos listados no se publicar\u00e1n en papel. Se podr\u00e1n consultar en la p\u00e1gina web de Correos:&nbsp; www.correos.es&nbsp;&nbsp;&nbsp;&nbsp; para verificar que sean correctos: datos &hellip; <a href=\"https:\/\/www.emplea-te.com\/noticias-oposiciones\/listas-definitivas-de-aprobados-y-preseleccionados-para-el-ingreso-en-correos\/\" class=\"more-link\">Continuar leyendo<span class=\"screen-reader-text\"> \u00ab<br \/>Listas definitivas de aprobados y preseleccionados para el ingreso en Correos.\u00bb<\/span><\/a><\/p>\n","protected":false},"author":1,"featured_media":0,"comment_status":"open","ping_status":"open","sticky":false,"template":"","format":"standard","meta":{"footnotes":""},"categories":[],"tags":[],"class_list":["post-1319","post","type-post","status-publish","format-standard","hentry"],"yoast_head":"<!-- This site is optimized with the Yoast SEO plugin v27.5 - https:\/\/yoast.com\/product\/yoast-seo-wordpress\/ -->\n<title>Listas definitivas de aprobados y preseleccionados para el ingreso en Correos. - Noticas de oposiciones por Academia Emplea-te<\/title>\n<meta name=\"description\" content=\"Publicada la lista definitiva de aprobados y preseleccionados para el ingreso en Correos. Enlace publicaci\u00f3n web de Correos.\" \/>\n<meta name=\"robots\" content=\"index, follow, max-snippet:-1, max-image-preview:large, max-video-preview:-1\" \/>\n<link rel=\"canonical\" href=\"https:\/\/www.emplea-te.com\/noticias-oposiciones\/listas-definitivas-de-aprobados-y-preseleccionados-para-el-ingreso-en-correos\/\" \/>\n<meta property=\"og:locale\" content=\"es_ES\" \/>\n<meta property=\"og:type\" content=\"article\" \/>\n<meta property=\"og:title\" content=\"Listas definitivas de aprobados y preseleccionados para el ingreso en Correos. - Noticas de oposiciones por Academia Emplea-te\" \/>\n<meta property=\"og:description\" content=\"Publicada la lista definitiva de aprobados y preseleccionados para el ingreso en Correos. Enlace publicaci\u00f3n web de Correos.\" \/>\n<meta property=\"og:url\" content=\"https:\/\/www.emplea-te.com\/noticias-oposiciones\/listas-definitivas-de-aprobados-y-preseleccionados-para-el-ingreso-en-correos\/\" \/>\n<meta property=\"og:site_name\" content=\"Noticas de oposiciones por Academia Emplea-te\" \/>\n<meta property=\"article:publisher\" content=\"https:\/\/www.facebook.com\/AcademiaEmpleate\/\" \/>\n<meta property=\"article:published_time\" content=\"2019-01-29T23:00:00+00:00\" \/>\n<meta name=\"author\" content=\"Empleate\" \/>\n<meta name=\"twitter:card\" content=\"summary_large_image\" \/>\n<meta name=\"twitter:creator\" content=\"@Emplea_Te\" \/>\n<meta name=\"twitter:site\" content=\"@Emplea_Te\" \/>\n<meta name=\"twitter:label1\" content=\"Escrito por\" \/>\n\t<meta name=\"twitter:data1\" content=\"Empleate\" \/>\n\t<meta name=\"twitter:label2\" content=\"Tiempo de lectura\" \/>\n\t<meta name=\"twitter:data2\" content=\"1 minuto\" \/>\n<script type=\"application\/ld+json\" class=\"yoast-schema-graph\">{\"@context\":\"https:\\\/\\\/schema.org\",\"@graph\":[{\"@type\":\"Article\",\"@id\":\"https:\\\/\\\/www.emplea-te.com\\\/noticias-oposiciones\\\/listas-definitivas-de-aprobados-y-preseleccionados-para-el-ingreso-en-correos\\\/#article\",\"isPartOf\":{\"@id\":\"https:\\\/\\\/www.emplea-te.com\\\/noticias-oposiciones\\\/listas-definitivas-de-aprobados-y-preseleccionados-para-el-ingreso-en-correos\\\/\"},\"author\":{\"name\":\"Empleate\",\"@id\":\"https:\\\/\\\/www.emplea-te.com\\\/noticias-oposiciones\\\/#\\\/schema\\\/person\\\/d1bc587e1af2b95e9c32aba1795509a6\"},\"headline\":\"Listas definitivas de aprobados y preseleccionados para el ingreso en Correos.\",\"datePublished\":\"2019-01-29T23:00:00+00:00\",\"mainEntityOfPage\":{\"@id\":\"https:\\\/\\\/www.emplea-te.com\\\/noticias-oposiciones\\\/listas-definitivas-de-aprobados-y-preseleccionados-para-el-ingreso-en-correos\\\/\"},\"wordCount\":204,\"commentCount\":0,\"publisher\":{\"@id\":\"https:\\\/\\\/www.emplea-te.com\\\/noticias-oposiciones\\\/#organization\"},\"inLanguage\":\"es\",\"potentialAction\":[{\"@type\":\"CommentAction\",\"name\":\"Comment\",\"target\":[\"https:\\\/\\\/www.emplea-te.com\\\/noticias-oposiciones\\\/listas-definitivas-de-aprobados-y-preseleccionados-para-el-ingreso-en-correos\\\/#respond\"]}]},{\"@type\":\"WebPage\",\"@id\":\"https:\\\/\\\/www.emplea-te.com\\\/noticias-oposiciones\\\/listas-definitivas-de-aprobados-y-preseleccionados-para-el-ingreso-en-correos\\\/\",\"url\":\"https:\\\/\\\/www.emplea-te.com\\\/noticias-oposiciones\\\/listas-definitivas-de-aprobados-y-preseleccionados-para-el-ingreso-en-correos\\\/\",\"name\":\"Listas definitivas de aprobados y preseleccionados para el ingreso en Correos. - Noticas de oposiciones por Academia Emplea-te\",\"isPartOf\":{\"@id\":\"https:\\\/\\\/www.emplea-te.com\\\/noticias-oposiciones\\\/#website\"},\"datePublished\":\"2019-01-29T23:00:00+00:00\",\"description\":\"Publicada la lista definitiva de aprobados y preseleccionados para el ingreso en Correos. Enlace publicaci\u00f3n web de Correos.\",\"breadcrumb\":{\"@id\":\"https:\\\/\\\/www.emplea-te.com\\\/noticias-oposiciones\\\/listas-definitivas-de-aprobados-y-preseleccionados-para-el-ingreso-en-correos\\\/#breadcrumb\"},\"inLanguage\":\"es\",\"potentialAction\":[{\"@type\":\"ReadAction\",\"target\":[\"https:\\\/\\\/www.emplea-te.com\\\/noticias-oposiciones\\\/listas-definitivas-de-aprobados-y-preseleccionados-para-el-ingreso-en-correos\\\/\"]}]},{\"@type\":\"BreadcrumbList\",\"@id\":\"https:\\\/\\\/www.emplea-te.com\\\/noticias-oposiciones\\\/listas-definitivas-de-aprobados-y-preseleccionados-para-el-ingreso-en-correos\\\/#breadcrumb\",\"itemListElement\":[{\"@type\":\"ListItem\",\"position\":1,\"name\":\"Noticias Oposiciones\",\"item\":\"https:\\\/\\\/www.emplea-te.com\\\/noticias-oposiciones\\\/\"},{\"@type\":\"ListItem\",\"position\":2,\"name\":\"Listas definitivas de aprobados y preseleccionados para el ingreso en Correos.\"}]},{\"@type\":\"WebSite\",\"@id\":\"https:\\\/\\\/www.emplea-te.com\\\/noticias-oposiciones\\\/#website\",\"url\":\"https:\\\/\\\/www.emplea-te.com\\\/noticias-oposiciones\\\/\",\"name\":\"Noticas de oposiciones por Academia Emplea-te\",\"description\":\"Toda la actualidad de las ofertas y convocatorias.\",\"publisher\":{\"@id\":\"https:\\\/\\\/www.emplea-te.com\\\/noticias-oposiciones\\\/#organization\"},\"potentialAction\":[{\"@type\":\"SearchAction\",\"target\":{\"@type\":\"EntryPoint\",\"urlTemplate\":\"https:\\\/\\\/www.emplea-te.com\\\/noticias-oposiciones\\\/?s={search_term_string}\"},\"query-input\":{\"@type\":\"PropertyValueSpecification\",\"valueRequired\":true,\"valueName\":\"search_term_string\"}}],\"inLanguage\":\"es\"},{\"@type\":\"Organization\",\"@id\":\"https:\\\/\\\/www.emplea-te.com\\\/noticias-oposiciones\\\/#organization\",\"name\":\"Academia de oposiciones Empl\u00e9ate\",\"url\":\"https:\\\/\\\/www.emplea-te.com\\\/noticias-oposiciones\\\/\",\"logo\":{\"@type\":\"ImageObject\",\"inLanguage\":\"es\",\"@id\":\"https:\\\/\\\/www.emplea-te.com\\\/noticias-oposiciones\\\/#\\\/schema\\\/logo\\\/image\\\/\",\"url\":\"https:\\\/\\\/www.emplea-te.com\\\/noticias-oposiciones\\\/wp-content\\\/uploads\\\/2019\\\/04\\\/empleate.jpg\",\"contentUrl\":\"https:\\\/\\\/www.emplea-te.com\\\/noticias-oposiciones\\\/wp-content\\\/uploads\\\/2019\\\/04\\\/empleate.jpg\",\"width\":250,\"height\":150,\"caption\":\"Academia de oposiciones Empl\u00e9ate\"},\"image\":{\"@id\":\"https:\\\/\\\/www.emplea-te.com\\\/noticias-oposiciones\\\/#\\\/schema\\\/logo\\\/image\\\/\"},\"sameAs\":[\"https:\\\/\\\/www.facebook.com\\\/AcademiaEmpleate\\\/\",\"https:\\\/\\\/x.com\\\/Emplea_Te\",\"https:\\\/\\\/www.instagram.com\\\/academia_empleate\\\/\"]},{\"@type\":\"Person\",\"@id\":\"https:\\\/\\\/www.emplea-te.com\\\/noticias-oposiciones\\\/#\\\/schema\\\/person\\\/d1bc587e1af2b95e9c32aba1795509a6\",\"name\":\"Empleate\"}]}<\/script>\n<!-- \/ Yoast SEO plugin. -->","yoast_head_json":{"title":"Listas definitivas de aprobados y preseleccionados para el ingreso en Correos. - Noticas de oposiciones por Academia Emplea-te","description":"Publicada la lista definitiva de aprobados y preseleccionados para el ingreso en Correos. Enlace publicaci\u00f3n web de Correos.","robots":{"index":"index","follow":"follow","max-snippet":"max-snippet:-1","max-image-preview":"max-image-preview:large","max-video-preview":"max-video-preview:-1"},"canonical":"https:\/\/www.emplea-te.com\/noticias-oposiciones\/listas-definitivas-de-aprobados-y-preseleccionados-para-el-ingreso-en-correos\/","og_locale":"es_ES","og_type":"article","og_title":"Listas definitivas de aprobados y preseleccionados para el ingreso en Correos. - Noticas de oposiciones por Academia Emplea-te","og_description":"Publicada la lista definitiva de aprobados y preseleccionados para el ingreso en Correos. Enlace publicaci\u00f3n web de Correos.","og_url":"https:\/\/www.emplea-te.com\/noticias-oposiciones\/listas-definitivas-de-aprobados-y-preseleccionados-para-el-ingreso-en-correos\/","og_site_name":"Noticas de oposiciones por Academia Emplea-te","article_publisher":"https:\/\/www.facebook.com\/AcademiaEmpleate\/","article_published_time":"2019-01-29T23:00:00+00:00","author":"Empleate","twitter_card":"summary_large_image","twitter_creator":"@Emplea_Te","twitter_site":"@Emplea_Te","twitter_misc":{"Escrito por":"Empleate","Tiempo de lectura":"1 minuto"},"schema":{"@context":"https:\/\/schema.org","@graph":[{"@type":"Article","@id":"https:\/\/www.emplea-te.com\/noticias-oposiciones\/listas-definitivas-de-aprobados-y-preseleccionados-para-el-ingreso-en-correos\/#article","isPartOf":{"@id":"https:\/\/www.emplea-te.com\/noticias-oposiciones\/listas-definitivas-de-aprobados-y-preseleccionados-para-el-ingreso-en-correos\/"},"author":{"name":"Empleate","@id":"https:\/\/www.emplea-te.com\/noticias-oposiciones\/#\/schema\/person\/d1bc587e1af2b95e9c32aba1795509a6"},"headline":"Listas definitivas de aprobados y preseleccionados para el ingreso en Correos.","datePublished":"2019-01-29T23:00:00+00:00","mainEntityOfPage":{"@id":"https:\/\/www.emplea-te.com\/noticias-oposiciones\/listas-definitivas-de-aprobados-y-preseleccionados-para-el-ingreso-en-correos\/"},"wordCount":204,"commentCount":0,"publisher":{"@id":"https:\/\/www.emplea-te.com\/noticias-oposiciones\/#organization"},"inLanguage":"es","potentialAction":[{"@type":"CommentAction","name":"Comment","target":["https:\/\/www.emplea-te.com\/noticias-oposiciones\/listas-definitivas-de-aprobados-y-preseleccionados-para-el-ingreso-en-correos\/#respond"]}]},{"@type":"WebPage","@id":"https:\/\/www.emplea-te.com\/noticias-oposiciones\/listas-definitivas-de-aprobados-y-preseleccionados-para-el-ingreso-en-correos\/","url":"https:\/\/www.emplea-te.com\/noticias-oposiciones\/listas-definitivas-de-aprobados-y-preseleccionados-para-el-ingreso-en-correos\/","name":"Listas definitivas de aprobados y preseleccionados para el ingreso en Correos. - Noticas de oposiciones por Academia Emplea-te","isPartOf":{"@id":"https:\/\/www.emplea-te.com\/noticias-oposiciones\/#website"},"datePublished":"2019-01-29T23:00:00+00:00","description":"Publicada la lista definitiva de aprobados y preseleccionados para el ingreso en Correos. Enlace publicaci\u00f3n web de Correos.","breadcrumb":{"@id":"https:\/\/www.emplea-te.com\/noticias-oposiciones\/listas-definitivas-de-aprobados-y-preseleccionados-para-el-ingreso-en-correos\/#breadcrumb"},"inLanguage":"es","potentialAction":[{"@type":"ReadAction","target":["https:\/\/www.emplea-te.com\/noticias-oposiciones\/listas-definitivas-de-aprobados-y-preseleccionados-para-el-ingreso-en-correos\/"]}]},{"@type":"BreadcrumbList","@id":"https:\/\/www.emplea-te.com\/noticias-oposiciones\/listas-definitivas-de-aprobados-y-preseleccionados-para-el-ingreso-en-correos\/#breadcrumb","itemListElement":[{"@type":"ListItem","position":1,"name":"Noticias Oposiciones","item":"https:\/\/www.emplea-te.com\/noticias-oposiciones\/"},{"@type":"ListItem","position":2,"name":"Listas definitivas de aprobados y preseleccionados para el ingreso en Correos."}]},{"@type":"WebSite","@id":"https:\/\/www.emplea-te.com\/noticias-oposiciones\/#website","url":"https:\/\/www.emplea-te.com\/noticias-oposiciones\/","name":"Noticas de oposiciones por Academia Emplea-te","description":"Toda la actualidad de las ofertas y convocatorias.","publisher":{"@id":"https:\/\/www.emplea-te.com\/noticias-oposiciones\/#organization"},"potentialAction":[{"@type":"SearchAction","target":{"@type":"EntryPoint","urlTemplate":"https:\/\/www.emplea-te.com\/noticias-oposiciones\/?s={search_term_string}"},"query-input":{"@type":"PropertyValueSpecification","valueRequired":true,"valueName":"search_term_string"}}],"inLanguage":"es"},{"@type":"Organization","@id":"https:\/\/www.emplea-te.com\/noticias-oposiciones\/#organization","name":"Academia de oposiciones Empl\u00e9ate","url":"https:\/\/www.emplea-te.com\/noticias-oposiciones\/","logo":{"@type":"ImageObject","inLanguage":"es","@id":"https:\/\/www.emplea-te.com\/noticias-oposiciones\/#\/schema\/logo\/image\/","url":"https:\/\/www.emplea-te.com\/noticias-oposiciones\/wp-content\/uploads\/2019\/04\/empleate.jpg","contentUrl":"https:\/\/www.emplea-te.com\/noticias-oposiciones\/wp-content\/uploads\/2019\/04\/empleate.jpg","width":250,"height":150,"caption":"Academia de oposiciones Empl\u00e9ate"},"image":{"@id":"https:\/\/www.emplea-te.com\/noticias-oposiciones\/#\/schema\/logo\/image\/"},"sameAs":["https:\/\/www.facebook.com\/AcademiaEmpleate\/","https:\/\/x.com\/Emplea_Te","https:\/\/www.instagram.com\/academia_empleate\/"]},{"@type":"Person","@id":"https:\/\/www.emplea-te.com\/noticias-oposiciones\/#\/schema\/person\/d1bc587e1af2b95e9c32aba1795509a6","name":"Empleate"}]}},"_links":{"self":[{"href":"https:\/\/www.emplea-te.com\/noticias-oposiciones\/wp-json\/wp\/v2\/posts\/1319","targetHints":{"allow":["GET"]}}],"collection":[{"href":"https:\/\/www.emplea-te.com\/noticias-oposiciones\/wp-json\/wp\/v2\/posts"}],"about":[{"href":"https:\/\/www.emplea-te.com\/noticias-oposiciones\/wp-json\/wp\/v2\/types\/post"}],"author":[{"embeddable":true,"href":"https:\/\/www.emplea-te.com\/noticias-oposiciones\/wp-json\/wp\/v2\/users\/1"}],"replies":[{"embeddable":true,"href":"https:\/\/www.emplea-te.com\/noticias-oposiciones\/wp-json\/wp\/v2\/comments?post=1319"}],"version-history":[{"count":0,"href":"https:\/\/www.emplea-te.com\/noticias-oposiciones\/wp-json\/wp\/v2\/posts\/1319\/revisions"}],"wp:attachment":[{"href":"https:\/\/www.emplea-te.com\/noticias-oposiciones\/wp-json\/wp\/v2\/media?parent=1319"}],"wp:term":[{"taxonomy":"category","embeddable":true,"href":"https:\/\/www.emplea-te.com\/noticias-oposiciones\/wp-json\/wp\/v2\/categories?post=1319"},{"taxonomy":"post_tag","embeddable":true,"href":"https:\/\/www.emplea-te.com\/noticias-oposiciones\/wp-json\/wp\/v2\/tags?post=1319"}],"curies":[{"name":"wp","href":"https:\/\/api.w.org\/{rel}","templated":true}]}}