{"id":13190,"date":"2024-09-30T10:16:30","date_gmt":"2024-09-30T08:16:30","guid":{"rendered":"https:\/\/www.emplea-te.com\/noticias-oposiciones\/?p=13190"},"modified":"2024-09-30T10:30:42","modified_gmt":"2024-09-30T08:30:42","slug":"ayuntamiento-de-torres-de-la-alameda-rectificacion-bases-regidoras-de-convocatoria-de-3-plazas-de-auxiliar-administrativo-c2-por-concurso-oposicion-en-turno-libre","status":"publish","type":"post","link":"https:\/\/www.emplea-te.com\/noticias-oposiciones\/ayuntamiento-de-torres-de-la-alameda-rectificacion-bases-regidoras-de-convocatoria-de-3-plazas-de-auxiliar-administrativo-c2-por-concurso-oposicion-en-turno-libre\/","title":{"rendered":"Ayuntamiento de Torres de la Alameda. Rectificaci\u00f3n bases regidoras de convocatoria de 3 plazas de Auxiliar Administrativo C2 por concurso-oposici\u00f3n en turno libre."},"content":{"rendered":"<p>Se publica en el BOCM de hoy, d\u00eda 30 de septiembre de 2024, la Rectificaci\u00f3n bases regidoras de convocatoria de 3 plazas de Auxiliar Administrativo C2 por concurso-oposici\u00f3n en turno libre.<\/p>\n<p>Rectificaci\u00f3n:<\/p>\n<p>Rectificar las bases reguladoras de las pruebas selectivas para la provisi\u00f3n en propiedad de las tres plazas vacantes de auxiliar administrativo, en el punto 10.1.2, Fase Concurso, en el apartado A2), modific\u00e1ndose el mismo.<\/p>\n<p>Donde pone:<br \/>\n\u201cPor poseer t\u00edtulo universitario superior al exigido en la convocatoria no relacionada con el puesto de trabajo (m\u00e1ximo 0,75 puntos)\u201d.<\/p>\n<p>Debe poner:<br \/>\n\u201cPor poseer t\u00edtulo universitario superior al exigido en la convocatoria relacionada con el puesto de trabajo (m\u00e1ximo 0,75 puntos)\u201d.<\/p>\n<p>&nbsp;<\/p>\n<p>Asimismo, publicar las bases espec\u00edficas reguladoras de las pruebas selectivas para proveer tres (3) plazas de auxiliar administrativo del Ayuntamiento de Torres de la Alameda, en la sede electr\u00f3nica de este Ayuntamiento ( <a href=\"http:\/\/torresdelaalameda.sedelectronica.es\" target=\"_blank\" rel=\"noopener\"><strong>http:\/\/torresdelaalameda.sedelectronica.es<\/strong><\/a> ) y en el tabl\u00f3n de anuncios, para mayor difusi\u00f3n.<\/p>\n<p><a href=\"https:\/\/www.bocm.es\/boletin\/CM_Orden_BOCM\/2024\/09\/30\/BOCM-20240930-86.PDF\" target=\"_blank\" rel=\"noopener\"><strong>Accede a la publicaci\u00f3n con la rectificaci\u00f3n publicada en el BOCM de hoy.\u00a0<\/strong><\/a><\/p>\n","protected":false},"excerpt":{"rendered":"<p>Se publica en el BOCM de hoy, d\u00eda 30 de septiembre de 2024, la Rectificaci\u00f3n bases regidoras de convocatoria de 3 plazas de Auxiliar Administrativo C2 por concurso-oposici\u00f3n en turno libre. Rectificaci\u00f3n: Rectificar las bases reguladoras de las pruebas selectivas para la provisi\u00f3n en propiedad de las tres plazas vacantes de auxiliar administrativo, en el &hellip; <a href=\"https:\/\/www.emplea-te.com\/noticias-oposiciones\/ayuntamiento-de-torres-de-la-alameda-rectificacion-bases-regidoras-de-convocatoria-de-3-plazas-de-auxiliar-administrativo-c2-por-concurso-oposicion-en-turno-libre\/\" class=\"more-link\">Continuar leyendo<span class=\"screen-reader-text\"> \u00abAyuntamiento de Torres de la Alameda. Rectificaci\u00f3n bases regidoras de convocatoria de 3 plazas de Auxiliar Administrativo C2 por concurso-oposici\u00f3n en turno libre.\u00bb<\/span><\/a><\/p>\n","protected":false},"author":1,"featured_media":0,"comment_status":"closed","ping_status":"closed","sticky":false,"template":"","format":"standard","meta":{"footnotes":""},"categories":[115,109],"tags":[49,103],"class_list":["post-13190","post","type-post","status-publish","format-standard","hentry","category-convocatoria-ayuntamientos","category-oposiciones-madrid","tag-convocatorias-de-oposiciones","tag-informacion-procesos-selectivos"],"yoast_head":"<!-- This site is optimized with the Yoast SEO plugin v27.5 - https:\/\/yoast.com\/product\/yoast-seo-wordpress\/ -->\n<title>Ayto. de Torres de la Alameda. Convocatoria empleo p\u00fablico<\/title>\n<meta name=\"description\" content=\"Ayuntamiento de Torres de la Alameda. Rectificaci\u00f3n bases regidoras de convocatoria de 3 plazas de Auxiliar Administrativo C2 por concurso-oposici\u00f3n en turno libre.\" \/>\n<meta name=\"robots\" content=\"index, follow, max-snippet:-1, max-image-preview:large, max-video-preview:-1\" \/>\n<link rel=\"canonical\" href=\"https:\/\/www.emplea-te.com\/noticias-oposiciones\/ayuntamiento-de-torres-de-la-alameda-rectificacion-bases-regidoras-de-convocatoria-de-3-plazas-de-auxiliar-administrativo-c2-por-concurso-oposicion-en-turno-libre\/\" \/>\n<meta property=\"og:locale\" content=\"es_ES\" \/>\n<meta property=\"og:type\" content=\"article\" \/>\n<meta property=\"og:title\" content=\"Ayto. de Torres de la Alameda. Convocatoria empleo p\u00fablico\" \/>\n<meta property=\"og:description\" content=\"Ayuntamiento de Torres de la Alameda. Rectificaci\u00f3n bases regidoras de convocatoria de 3 plazas de Auxiliar Administrativo C2 por concurso-oposici\u00f3n en turno libre.\" \/>\n<meta property=\"og:url\" content=\"https:\/\/www.emplea-te.com\/noticias-oposiciones\/ayuntamiento-de-torres-de-la-alameda-rectificacion-bases-regidoras-de-convocatoria-de-3-plazas-de-auxiliar-administrativo-c2-por-concurso-oposicion-en-turno-libre\/\" \/>\n<meta property=\"og:site_name\" content=\"Noticas de oposiciones por Academia Emplea-te\" \/>\n<meta property=\"article:publisher\" content=\"https:\/\/www.facebook.com\/AcademiaEmpleate\/\" \/>\n<meta property=\"article:published_time\" content=\"2024-09-30T08:16:30+00:00\" \/>\n<meta property=\"article:modified_time\" content=\"2024-09-30T08:30:42+00:00\" \/>\n<meta name=\"author\" content=\"Empleate\" \/>\n<meta name=\"twitter:card\" content=\"summary_large_image\" \/>\n<meta name=\"twitter:creator\" content=\"@Emplea_Te\" \/>\n<meta name=\"twitter:site\" content=\"@Emplea_Te\" \/>\n<meta name=\"twitter:label1\" content=\"Escrito por\" \/>\n\t<meta name=\"twitter:data1\" content=\"Empleate\" \/>\n\t<meta name=\"twitter:label2\" content=\"Tiempo de lectura\" \/>\n\t<meta name=\"twitter:data2\" content=\"1 minuto\" \/>\n<script type=\"application\/ld+json\" class=\"yoast-schema-graph\">{\"@context\":\"https:\\\/\\\/schema.org\",\"@graph\":[{\"@type\":\"Article\",\"@id\":\"https:\\\/\\\/www.emplea-te.com\\\/noticias-oposiciones\\\/ayuntamiento-de-torres-de-la-alameda-rectificacion-bases-regidoras-de-convocatoria-de-3-plazas-de-auxiliar-administrativo-c2-por-concurso-oposicion-en-turno-libre\\\/#article\",\"isPartOf\":{\"@id\":\"https:\\\/\\\/www.emplea-te.com\\\/noticias-oposiciones\\\/ayuntamiento-de-torres-de-la-alameda-rectificacion-bases-regidoras-de-convocatoria-de-3-plazas-de-auxiliar-administrativo-c2-por-concurso-oposicion-en-turno-libre\\\/\"},\"author\":{\"name\":\"Empleate\",\"@id\":\"https:\\\/\\\/www.emplea-te.com\\\/noticias-oposiciones\\\/#\\\/schema\\\/person\\\/d1bc587e1af2b95e9c32aba1795509a6\"},\"headline\":\"Ayuntamiento de Torres de la Alameda. Rectificaci\u00f3n bases regidoras de convocatoria de 3 plazas de Auxiliar Administrativo C2 por concurso-oposici\u00f3n en turno libre.\",\"datePublished\":\"2024-09-30T08:16:30+00:00\",\"dateModified\":\"2024-09-30T08:30:42+00:00\",\"mainEntityOfPage\":{\"@id\":\"https:\\\/\\\/www.emplea-te.com\\\/noticias-oposiciones\\\/ayuntamiento-de-torres-de-la-alameda-rectificacion-bases-regidoras-de-convocatoria-de-3-plazas-de-auxiliar-administrativo-c2-por-concurso-oposicion-en-turno-libre\\\/\"},\"wordCount\":201,\"publisher\":{\"@id\":\"https:\\\/\\\/www.emplea-te.com\\\/noticias-oposiciones\\\/#organization\"},\"keywords\":[\"Convocatoria\",\"Informaci\u00f3n procesos selectivos\"],\"articleSection\":[\"CONVOCATORIA AYUNTAMIENTOS\",\"Oposiciones Madrid.\"],\"inLanguage\":\"es\"},{\"@type\":\"WebPage\",\"@id\":\"https:\\\/\\\/www.emplea-te.com\\\/noticias-oposiciones\\\/ayuntamiento-de-torres-de-la-alameda-rectificacion-bases-regidoras-de-convocatoria-de-3-plazas-de-auxiliar-administrativo-c2-por-concurso-oposicion-en-turno-libre\\\/\",\"url\":\"https:\\\/\\\/www.emplea-te.com\\\/noticias-oposiciones\\\/ayuntamiento-de-torres-de-la-alameda-rectificacion-bases-regidoras-de-convocatoria-de-3-plazas-de-auxiliar-administrativo-c2-por-concurso-oposicion-en-turno-libre\\\/\",\"name\":\"Ayto. de Torres de la Alameda. Convocatoria empleo p\u00fablico\",\"isPartOf\":{\"@id\":\"https:\\\/\\\/www.emplea-te.com\\\/noticias-oposiciones\\\/#website\"},\"datePublished\":\"2024-09-30T08:16:30+00:00\",\"dateModified\":\"2024-09-30T08:30:42+00:00\",\"description\":\"Ayuntamiento de Torres de la Alameda. Rectificaci\u00f3n bases regidoras de convocatoria de 3 plazas de Auxiliar Administrativo C2 por concurso-oposici\u00f3n en turno libre.\",\"breadcrumb\":{\"@id\":\"https:\\\/\\\/www.emplea-te.com\\\/noticias-oposiciones\\\/ayuntamiento-de-torres-de-la-alameda-rectificacion-bases-regidoras-de-convocatoria-de-3-plazas-de-auxiliar-administrativo-c2-por-concurso-oposicion-en-turno-libre\\\/#breadcrumb\"},\"inLanguage\":\"es\",\"potentialAction\":[{\"@type\":\"ReadAction\",\"target\":[\"https:\\\/\\\/www.emplea-te.com\\\/noticias-oposiciones\\\/ayuntamiento-de-torres-de-la-alameda-rectificacion-bases-regidoras-de-convocatoria-de-3-plazas-de-auxiliar-administrativo-c2-por-concurso-oposicion-en-turno-libre\\\/\"]}]},{\"@type\":\"BreadcrumbList\",\"@id\":\"https:\\\/\\\/www.emplea-te.com\\\/noticias-oposiciones\\\/ayuntamiento-de-torres-de-la-alameda-rectificacion-bases-regidoras-de-convocatoria-de-3-plazas-de-auxiliar-administrativo-c2-por-concurso-oposicion-en-turno-libre\\\/#breadcrumb\",\"itemListElement\":[{\"@type\":\"ListItem\",\"position\":1,\"name\":\"Noticias Oposiciones\",\"item\":\"https:\\\/\\\/www.emplea-te.com\\\/noticias-oposiciones\\\/\"},{\"@type\":\"ListItem\",\"position\":2,\"name\":\"Oposiciones Madrid.\",\"item\":\"https:\\\/\\\/www.emplea-te.com\\\/noticias-oposiciones\\\/categoria\\\/oposiciones-madrid\\\/\"},{\"@type\":\"ListItem\",\"position\":3,\"name\":\"Ayuntamiento de Torres de la Alameda. Rectificaci\u00f3n bases regidoras de convocatoria de 3 plazas de Auxiliar Administrativo C2 por concurso-oposici\u00f3n en turno libre.\"}]},{\"@type\":\"WebSite\",\"@id\":\"https:\\\/\\\/www.emplea-te.com\\\/noticias-oposiciones\\\/#website\",\"url\":\"https:\\\/\\\/www.emplea-te.com\\\/noticias-oposiciones\\\/\",\"name\":\"Noticas de oposiciones por Academia Emplea-te\",\"description\":\"Toda la actualidad de las ofertas y convocatorias.\",\"publisher\":{\"@id\":\"https:\\\/\\\/www.emplea-te.com\\\/noticias-oposiciones\\\/#organization\"},\"potentialAction\":[{\"@type\":\"SearchAction\",\"target\":{\"@type\":\"EntryPoint\",\"urlTemplate\":\"https:\\\/\\\/www.emplea-te.com\\\/noticias-oposiciones\\\/?s={search_term_string}\"},\"query-input\":{\"@type\":\"PropertyValueSpecification\",\"valueRequired\":true,\"valueName\":\"search_term_string\"}}],\"inLanguage\":\"es\"},{\"@type\":\"Organization\",\"@id\":\"https:\\\/\\\/www.emplea-te.com\\\/noticias-oposiciones\\\/#organization\",\"name\":\"Academia de oposiciones Empl\u00e9ate\",\"url\":\"https:\\\/\\\/www.emplea-te.com\\\/noticias-oposiciones\\\/\",\"logo\":{\"@type\":\"ImageObject\",\"inLanguage\":\"es\",\"@id\":\"https:\\\/\\\/www.emplea-te.com\\\/noticias-oposiciones\\\/#\\\/schema\\\/logo\\\/image\\\/\",\"url\":\"https:\\\/\\\/www.emplea-te.com\\\/noticias-oposiciones\\\/wp-content\\\/uploads\\\/2019\\\/04\\\/empleate.jpg\",\"contentUrl\":\"https:\\\/\\\/www.emplea-te.com\\\/noticias-oposiciones\\\/wp-content\\\/uploads\\\/2019\\\/04\\\/empleate.jpg\",\"width\":250,\"height\":150,\"caption\":\"Academia de oposiciones Empl\u00e9ate\"},\"image\":{\"@id\":\"https:\\\/\\\/www.emplea-te.com\\\/noticias-oposiciones\\\/#\\\/schema\\\/logo\\\/image\\\/\"},\"sameAs\":[\"https:\\\/\\\/www.facebook.com\\\/AcademiaEmpleate\\\/\",\"https:\\\/\\\/x.com\\\/Emplea_Te\",\"https:\\\/\\\/www.instagram.com\\\/academia_empleate\\\/\"]},{\"@type\":\"Person\",\"@id\":\"https:\\\/\\\/www.emplea-te.com\\\/noticias-oposiciones\\\/#\\\/schema\\\/person\\\/d1bc587e1af2b95e9c32aba1795509a6\",\"name\":\"Empleate\"}]}<\/script>\n<!-- \/ Yoast SEO plugin. -->","yoast_head_json":{"title":"Ayto. de Torres de la Alameda. Convocatoria empleo p\u00fablico","description":"Ayuntamiento de Torres de la Alameda. Rectificaci\u00f3n bases regidoras de convocatoria de 3 plazas de Auxiliar Administrativo C2 por concurso-oposici\u00f3n en turno libre.","robots":{"index":"index","follow":"follow","max-snippet":"max-snippet:-1","max-image-preview":"max-image-preview:large","max-video-preview":"max-video-preview:-1"},"canonical":"https:\/\/www.emplea-te.com\/noticias-oposiciones\/ayuntamiento-de-torres-de-la-alameda-rectificacion-bases-regidoras-de-convocatoria-de-3-plazas-de-auxiliar-administrativo-c2-por-concurso-oposicion-en-turno-libre\/","og_locale":"es_ES","og_type":"article","og_title":"Ayto. de Torres de la Alameda. Convocatoria empleo p\u00fablico","og_description":"Ayuntamiento de Torres de la Alameda. Rectificaci\u00f3n bases regidoras de convocatoria de 3 plazas de Auxiliar Administrativo C2 por concurso-oposici\u00f3n en turno libre.","og_url":"https:\/\/www.emplea-te.com\/noticias-oposiciones\/ayuntamiento-de-torres-de-la-alameda-rectificacion-bases-regidoras-de-convocatoria-de-3-plazas-de-auxiliar-administrativo-c2-por-concurso-oposicion-en-turno-libre\/","og_site_name":"Noticas de oposiciones por Academia Emplea-te","article_publisher":"https:\/\/www.facebook.com\/AcademiaEmpleate\/","article_published_time":"2024-09-30T08:16:30+00:00","article_modified_time":"2024-09-30T08:30:42+00:00","author":"Empleate","twitter_card":"summary_large_image","twitter_creator":"@Emplea_Te","twitter_site":"@Emplea_Te","twitter_misc":{"Escrito por":"Empleate","Tiempo de lectura":"1 minuto"},"schema":{"@context":"https:\/\/schema.org","@graph":[{"@type":"Article","@id":"https:\/\/www.emplea-te.com\/noticias-oposiciones\/ayuntamiento-de-torres-de-la-alameda-rectificacion-bases-regidoras-de-convocatoria-de-3-plazas-de-auxiliar-administrativo-c2-por-concurso-oposicion-en-turno-libre\/#article","isPartOf":{"@id":"https:\/\/www.emplea-te.com\/noticias-oposiciones\/ayuntamiento-de-torres-de-la-alameda-rectificacion-bases-regidoras-de-convocatoria-de-3-plazas-de-auxiliar-administrativo-c2-por-concurso-oposicion-en-turno-libre\/"},"author":{"name":"Empleate","@id":"https:\/\/www.emplea-te.com\/noticias-oposiciones\/#\/schema\/person\/d1bc587e1af2b95e9c32aba1795509a6"},"headline":"Ayuntamiento de Torres de la Alameda. Rectificaci\u00f3n bases regidoras de convocatoria de 3 plazas de Auxiliar Administrativo C2 por concurso-oposici\u00f3n en turno libre.","datePublished":"2024-09-30T08:16:30+00:00","dateModified":"2024-09-30T08:30:42+00:00","mainEntityOfPage":{"@id":"https:\/\/www.emplea-te.com\/noticias-oposiciones\/ayuntamiento-de-torres-de-la-alameda-rectificacion-bases-regidoras-de-convocatoria-de-3-plazas-de-auxiliar-administrativo-c2-por-concurso-oposicion-en-turno-libre\/"},"wordCount":201,"publisher":{"@id":"https:\/\/www.emplea-te.com\/noticias-oposiciones\/#organization"},"keywords":["Convocatoria","Informaci\u00f3n procesos selectivos"],"articleSection":["CONVOCATORIA AYUNTAMIENTOS","Oposiciones Madrid."],"inLanguage":"es"},{"@type":"WebPage","@id":"https:\/\/www.emplea-te.com\/noticias-oposiciones\/ayuntamiento-de-torres-de-la-alameda-rectificacion-bases-regidoras-de-convocatoria-de-3-plazas-de-auxiliar-administrativo-c2-por-concurso-oposicion-en-turno-libre\/","url":"https:\/\/www.emplea-te.com\/noticias-oposiciones\/ayuntamiento-de-torres-de-la-alameda-rectificacion-bases-regidoras-de-convocatoria-de-3-plazas-de-auxiliar-administrativo-c2-por-concurso-oposicion-en-turno-libre\/","name":"Ayto. de Torres de la Alameda. Convocatoria empleo p\u00fablico","isPartOf":{"@id":"https:\/\/www.emplea-te.com\/noticias-oposiciones\/#website"},"datePublished":"2024-09-30T08:16:30+00:00","dateModified":"2024-09-30T08:30:42+00:00","description":"Ayuntamiento de Torres de la Alameda. Rectificaci\u00f3n bases regidoras de convocatoria de 3 plazas de Auxiliar Administrativo C2 por concurso-oposici\u00f3n en turno libre.","breadcrumb":{"@id":"https:\/\/www.emplea-te.com\/noticias-oposiciones\/ayuntamiento-de-torres-de-la-alameda-rectificacion-bases-regidoras-de-convocatoria-de-3-plazas-de-auxiliar-administrativo-c2-por-concurso-oposicion-en-turno-libre\/#breadcrumb"},"inLanguage":"es","potentialAction":[{"@type":"ReadAction","target":["https:\/\/www.emplea-te.com\/noticias-oposiciones\/ayuntamiento-de-torres-de-la-alameda-rectificacion-bases-regidoras-de-convocatoria-de-3-plazas-de-auxiliar-administrativo-c2-por-concurso-oposicion-en-turno-libre\/"]}]},{"@type":"BreadcrumbList","@id":"https:\/\/www.emplea-te.com\/noticias-oposiciones\/ayuntamiento-de-torres-de-la-alameda-rectificacion-bases-regidoras-de-convocatoria-de-3-plazas-de-auxiliar-administrativo-c2-por-concurso-oposicion-en-turno-libre\/#breadcrumb","itemListElement":[{"@type":"ListItem","position":1,"name":"Noticias Oposiciones","item":"https:\/\/www.emplea-te.com\/noticias-oposiciones\/"},{"@type":"ListItem","position":2,"name":"Oposiciones Madrid.","item":"https:\/\/www.emplea-te.com\/noticias-oposiciones\/categoria\/oposiciones-madrid\/"},{"@type":"ListItem","position":3,"name":"Ayuntamiento de Torres de la Alameda. Rectificaci\u00f3n bases regidoras de convocatoria de 3 plazas de Auxiliar Administrativo C2 por concurso-oposici\u00f3n en turno libre."}]},{"@type":"WebSite","@id":"https:\/\/www.emplea-te.com\/noticias-oposiciones\/#website","url":"https:\/\/www.emplea-te.com\/noticias-oposiciones\/","name":"Noticas de oposiciones por Academia Emplea-te","description":"Toda la actualidad de las ofertas y convocatorias.","publisher":{"@id":"https:\/\/www.emplea-te.com\/noticias-oposiciones\/#organization"},"potentialAction":[{"@type":"SearchAction","target":{"@type":"EntryPoint","urlTemplate":"https:\/\/www.emplea-te.com\/noticias-oposiciones\/?s={search_term_string}"},"query-input":{"@type":"PropertyValueSpecification","valueRequired":true,"valueName":"search_term_string"}}],"inLanguage":"es"},{"@type":"Organization","@id":"https:\/\/www.emplea-te.com\/noticias-oposiciones\/#organization","name":"Academia de oposiciones Empl\u00e9ate","url":"https:\/\/www.emplea-te.com\/noticias-oposiciones\/","logo":{"@type":"ImageObject","inLanguage":"es","@id":"https:\/\/www.emplea-te.com\/noticias-oposiciones\/#\/schema\/logo\/image\/","url":"https:\/\/www.emplea-te.com\/noticias-oposiciones\/wp-content\/uploads\/2019\/04\/empleate.jpg","contentUrl":"https:\/\/www.emplea-te.com\/noticias-oposiciones\/wp-content\/uploads\/2019\/04\/empleate.jpg","width":250,"height":150,"caption":"Academia de oposiciones Empl\u00e9ate"},"image":{"@id":"https:\/\/www.emplea-te.com\/noticias-oposiciones\/#\/schema\/logo\/image\/"},"sameAs":["https:\/\/www.facebook.com\/AcademiaEmpleate\/","https:\/\/x.com\/Emplea_Te","https:\/\/www.instagram.com\/academia_empleate\/"]},{"@type":"Person","@id":"https:\/\/www.emplea-te.com\/noticias-oposiciones\/#\/schema\/person\/d1bc587e1af2b95e9c32aba1795509a6","name":"Empleate"}]}},"_links":{"self":[{"href":"https:\/\/www.emplea-te.com\/noticias-oposiciones\/wp-json\/wp\/v2\/posts\/13190","targetHints":{"allow":["GET"]}}],"collection":[{"href":"https:\/\/www.emplea-te.com\/noticias-oposiciones\/wp-json\/wp\/v2\/posts"}],"about":[{"href":"https:\/\/www.emplea-te.com\/noticias-oposiciones\/wp-json\/wp\/v2\/types\/post"}],"author":[{"embeddable":true,"href":"https:\/\/www.emplea-te.com\/noticias-oposiciones\/wp-json\/wp\/v2\/users\/1"}],"replies":[{"embeddable":true,"href":"https:\/\/www.emplea-te.com\/noticias-oposiciones\/wp-json\/wp\/v2\/comments?post=13190"}],"version-history":[{"count":2,"href":"https:\/\/www.emplea-te.com\/noticias-oposiciones\/wp-json\/wp\/v2\/posts\/13190\/revisions"}],"predecessor-version":[{"id":13192,"href":"https:\/\/www.emplea-te.com\/noticias-oposiciones\/wp-json\/wp\/v2\/posts\/13190\/revisions\/13192"}],"wp:attachment":[{"href":"https:\/\/www.emplea-te.com\/noticias-oposiciones\/wp-json\/wp\/v2\/media?parent=13190"}],"wp:term":[{"taxonomy":"category","embeddable":true,"href":"https:\/\/www.emplea-te.com\/noticias-oposiciones\/wp-json\/wp\/v2\/categories?post=13190"},{"taxonomy":"post_tag","embeddable":true,"href":"https:\/\/www.emplea-te.com\/noticias-oposiciones\/wp-json\/wp\/v2\/tags?post=13190"}],"curies":[{"name":"wp","href":"https:\/\/api.w.org\/{rel}","templated":true}]}}