{"id":1321,"date":"2019-01-31T00:00:00","date_gmt":"2019-01-30T23:00:00","guid":{"rendered":"https:\/\/www.emplea-te.com\/noticias-oposiciones\/administrativo-y-auxiliar-administrativo-del-estado-fechas-posibles-de-eleccion-de-destinos\/"},"modified":"2019-01-31T00:00:00","modified_gmt":"2019-01-30T23:00:00","slug":"administrativo-y-auxiliar-administrativo-del-estado-fechas-posibles-de-eleccion-de-destinos","status":"publish","type":"post","link":"https:\/\/www.emplea-te.com\/noticias-oposiciones\/administrativo-y-auxiliar-administrativo-del-estado-fechas-posibles-de-eleccion-de-destinos\/","title":{"rendered":"<br>Administrativo y Auxiliar Administrativo del Estado. Fechas posibles de elecci\u00f3n de destinos."},"content":{"rendered":"<p>Posibles fechas elecci\u00f3n de destinos de Auxiliar y Administrativo del Estado (OEP 2017) . Ingreso turno libre. <\/p>\n<p>La Resoluci\u00f3n de oferta de destinos se har\u00e1 p\u00fablica, previsiblemente, durante la primera quincena del mes de febrero de 2019, la elecci\u00f3n de destinos se realizar\u00e1, por motivos de eficiencia y agilidad, por v\u00eda electr\u00f3nica, por lo que ser\u00e1 imprescindible estar en posesi\u00f3n de un certificado electr\u00f3nico o firma electr\u00f3nica vigentes.<\/p>\n<p>Al objeto de facilitar que todos los interesados est\u00e9n en posesi\u00f3n del necesario certificado electr\u00f3nico en el momento de la solicitud de destinos, se facilitan en el Anexo las instrucciones b\u00e1sicas para la obtenci\u00f3n de un certificado electr\u00f3nico en la FNMT.<\/p>\n<p>Asimismo se informa de que aquellos aspirantes que no dispongan de dispositivo con conexi\u00f3n a internet para la realizaci\u00f3n de la elecci\u00f3n de destinos, podr\u00e1n acudir a las Oficinas de Atenci\u00f3n Ciudadana (OAC) de la Administraci\u00f3n General del Estado en las que tendr\u00e1n a su disposici\u00f3n terminales con acceso a internet para poder realizar la correspondiente solicitud. <\/p>\n<p><a href=\"http:\/\/www.seat.mpr.gob.es\/dam\/es\/portal\/funcionpublica\/funcion-publica\/empleo_publico\/procesos-selectivos\/funcionario_carrera\/Convocatorias-2017\/AUX_OEP2017\/notainformativaelecciondestinoscertificadoelectronico.pdf.pdf\" target=\"_blank\" rel=\"nofollow noopener noreferrer\"><span class=\"wysiwyg-color-green\">Enlace a nota informativa<\/span><\/a><\/p>\n","protected":false},"excerpt":{"rendered":"<p>Posibles fechas elecci\u00f3n de destinos de Auxiliar y Administrativo del Estado (OEP 2017) . Ingreso turno libre. La Resoluci\u00f3n de oferta de destinos se har\u00e1 p\u00fablica, previsiblemente, durante la primera quincena del mes de febrero de 2019, la elecci\u00f3n de destinos se realizar\u00e1, por motivos de eficiencia y agilidad, por v\u00eda electr\u00f3nica, por lo que &hellip; <a href=\"https:\/\/www.emplea-te.com\/noticias-oposiciones\/administrativo-y-auxiliar-administrativo-del-estado-fechas-posibles-de-eleccion-de-destinos\/\" class=\"more-link\">Continuar leyendo<span class=\"screen-reader-text\"> \u00ab<br \/>Administrativo y Auxiliar Administrativo del Estado. Fechas posibles de elecci\u00f3n de destinos.\u00bb<\/span><\/a><\/p>\n","protected":false},"author":1,"featured_media":0,"comment_status":"open","ping_status":"open","sticky":false,"template":"","format":"standard","meta":{"footnotes":""},"categories":[],"tags":[],"class_list":["post-1321","post","type-post","status-publish","format-standard","hentry"],"yoast_head":"<!-- This site is optimized with the Yoast SEO plugin v27.5 - https:\/\/yoast.com\/product\/yoast-seo-wordpress\/ -->\n<title>Administrativo y Auxiliar Administrativo del Estado. Fechas posibles de elecci\u00f3n de destinos. - Noticas de oposiciones por Academia Emplea-te<\/title>\n<meta name=\"description\" content=\"Posibles fechas elecci\u00f3n de destinos de Auxiliar y Administrativo del Estado (OEP 2017) . Ingreso turno libre. La Resoluci\u00f3n de oferta de destinos se har\u00e1 p\u00fablica, previsiblemente, durante la primera quincena del mes de febrero de 2019, la elecci\u00f3n de destinos se realizar\u00e1, por motivos de eficiencia y agilidad, por v\u00eda electr\u00f3nica, por lo que ser\u00e1 imprescindible estar en posesi\u00f3n de un certificado electr\u00f3nico o firma electr\u00f3nica vigentes. Enlace a la nota informativa,\" \/>\n<meta name=\"robots\" content=\"index, follow, max-snippet:-1, max-image-preview:large, max-video-preview:-1\" \/>\n<link rel=\"canonical\" href=\"https:\/\/www.emplea-te.com\/noticias-oposiciones\/administrativo-y-auxiliar-administrativo-del-estado-fechas-posibles-de-eleccion-de-destinos\/\" \/>\n<meta property=\"og:locale\" content=\"es_ES\" \/>\n<meta property=\"og:type\" content=\"article\" \/>\n<meta property=\"og:title\" content=\"Administrativo y Auxiliar Administrativo del Estado. Fechas posibles de elecci\u00f3n de destinos. - Noticas de oposiciones por Academia Emplea-te\" \/>\n<meta property=\"og:description\" content=\"Posibles fechas elecci\u00f3n de destinos de Auxiliar y Administrativo del Estado (OEP 2017) . Ingreso turno libre. La Resoluci\u00f3n de oferta de destinos se har\u00e1 p\u00fablica, previsiblemente, durante la primera quincena del mes de febrero de 2019, la elecci\u00f3n de destinos se realizar\u00e1, por motivos de eficiencia y agilidad, por v\u00eda electr\u00f3nica, por lo que ser\u00e1 imprescindible estar en posesi\u00f3n de un certificado electr\u00f3nico o firma electr\u00f3nica vigentes. Enlace a la nota informativa,\" \/>\n<meta property=\"og:url\" content=\"https:\/\/www.emplea-te.com\/noticias-oposiciones\/administrativo-y-auxiliar-administrativo-del-estado-fechas-posibles-de-eleccion-de-destinos\/\" \/>\n<meta property=\"og:site_name\" content=\"Noticas de oposiciones por Academia Emplea-te\" \/>\n<meta property=\"article:publisher\" content=\"https:\/\/www.facebook.com\/AcademiaEmpleate\/\" \/>\n<meta property=\"article:published_time\" content=\"2019-01-30T23:00:00+00:00\" \/>\n<meta name=\"author\" content=\"Empleate\" \/>\n<meta name=\"twitter:card\" content=\"summary_large_image\" \/>\n<meta name=\"twitter:creator\" content=\"@Emplea_Te\" \/>\n<meta name=\"twitter:site\" content=\"@Emplea_Te\" \/>\n<meta name=\"twitter:label1\" content=\"Escrito por\" \/>\n\t<meta name=\"twitter:data1\" content=\"Empleate\" \/>\n\t<meta name=\"twitter:label2\" content=\"Tiempo de lectura\" \/>\n\t<meta name=\"twitter:data2\" content=\"1 minuto\" \/>\n<script type=\"application\/ld+json\" class=\"yoast-schema-graph\">{\"@context\":\"https:\\\/\\\/schema.org\",\"@graph\":[{\"@type\":\"Article\",\"@id\":\"https:\\\/\\\/www.emplea-te.com\\\/noticias-oposiciones\\\/administrativo-y-auxiliar-administrativo-del-estado-fechas-posibles-de-eleccion-de-destinos\\\/#article\",\"isPartOf\":{\"@id\":\"https:\\\/\\\/www.emplea-te.com\\\/noticias-oposiciones\\\/administrativo-y-auxiliar-administrativo-del-estado-fechas-posibles-de-eleccion-de-destinos\\\/\"},\"author\":{\"name\":\"Empleate\",\"@id\":\"https:\\\/\\\/www.emplea-te.com\\\/noticias-oposiciones\\\/#\\\/schema\\\/person\\\/d1bc587e1af2b95e9c32aba1795509a6\"},\"headline\":\"Administrativo y Auxiliar Administrativo del Estado. Fechas posibles de elecci\u00f3n de destinos.\",\"datePublished\":\"2019-01-30T23:00:00+00:00\",\"mainEntityOfPage\":{\"@id\":\"https:\\\/\\\/www.emplea-te.com\\\/noticias-oposiciones\\\/administrativo-y-auxiliar-administrativo-del-estado-fechas-posibles-de-eleccion-de-destinos\\\/\"},\"wordCount\":203,\"commentCount\":0,\"publisher\":{\"@id\":\"https:\\\/\\\/www.emplea-te.com\\\/noticias-oposiciones\\\/#organization\"},\"inLanguage\":\"es\",\"potentialAction\":[{\"@type\":\"CommentAction\",\"name\":\"Comment\",\"target\":[\"https:\\\/\\\/www.emplea-te.com\\\/noticias-oposiciones\\\/administrativo-y-auxiliar-administrativo-del-estado-fechas-posibles-de-eleccion-de-destinos\\\/#respond\"]}]},{\"@type\":\"WebPage\",\"@id\":\"https:\\\/\\\/www.emplea-te.com\\\/noticias-oposiciones\\\/administrativo-y-auxiliar-administrativo-del-estado-fechas-posibles-de-eleccion-de-destinos\\\/\",\"url\":\"https:\\\/\\\/www.emplea-te.com\\\/noticias-oposiciones\\\/administrativo-y-auxiliar-administrativo-del-estado-fechas-posibles-de-eleccion-de-destinos\\\/\",\"name\":\"Administrativo y Auxiliar Administrativo del Estado. Fechas posibles de elecci\u00f3n de destinos. - Noticas de oposiciones por Academia Emplea-te\",\"isPartOf\":{\"@id\":\"https:\\\/\\\/www.emplea-te.com\\\/noticias-oposiciones\\\/#website\"},\"datePublished\":\"2019-01-30T23:00:00+00:00\",\"description\":\"Posibles fechas elecci\u00f3n de destinos de Auxiliar y Administrativo del Estado (OEP 2017) . Ingreso turno libre. La Resoluci\u00f3n de oferta de destinos se har\u00e1 p\u00fablica, previsiblemente, durante la primera quincena del mes de febrero de 2019, la elecci\u00f3n de destinos se realizar\u00e1, por motivos de eficiencia y agilidad, por v\u00eda electr\u00f3nica, por lo que ser\u00e1 imprescindible estar en posesi\u00f3n de un certificado electr\u00f3nico o firma electr\u00f3nica vigentes. Enlace a la nota informativa,\",\"breadcrumb\":{\"@id\":\"https:\\\/\\\/www.emplea-te.com\\\/noticias-oposiciones\\\/administrativo-y-auxiliar-administrativo-del-estado-fechas-posibles-de-eleccion-de-destinos\\\/#breadcrumb\"},\"inLanguage\":\"es\",\"potentialAction\":[{\"@type\":\"ReadAction\",\"target\":[\"https:\\\/\\\/www.emplea-te.com\\\/noticias-oposiciones\\\/administrativo-y-auxiliar-administrativo-del-estado-fechas-posibles-de-eleccion-de-destinos\\\/\"]}]},{\"@type\":\"BreadcrumbList\",\"@id\":\"https:\\\/\\\/www.emplea-te.com\\\/noticias-oposiciones\\\/administrativo-y-auxiliar-administrativo-del-estado-fechas-posibles-de-eleccion-de-destinos\\\/#breadcrumb\",\"itemListElement\":[{\"@type\":\"ListItem\",\"position\":1,\"name\":\"Noticias Oposiciones\",\"item\":\"https:\\\/\\\/www.emplea-te.com\\\/noticias-oposiciones\\\/\"},{\"@type\":\"ListItem\",\"position\":2,\"name\":\"Administrativo y Auxiliar Administrativo del Estado. Fechas posibles de elecci\u00f3n de destinos.\"}]},{\"@type\":\"WebSite\",\"@id\":\"https:\\\/\\\/www.emplea-te.com\\\/noticias-oposiciones\\\/#website\",\"url\":\"https:\\\/\\\/www.emplea-te.com\\\/noticias-oposiciones\\\/\",\"name\":\"Noticas de oposiciones por Academia Emplea-te\",\"description\":\"Toda la actualidad de las ofertas y convocatorias.\",\"publisher\":{\"@id\":\"https:\\\/\\\/www.emplea-te.com\\\/noticias-oposiciones\\\/#organization\"},\"potentialAction\":[{\"@type\":\"SearchAction\",\"target\":{\"@type\":\"EntryPoint\",\"urlTemplate\":\"https:\\\/\\\/www.emplea-te.com\\\/noticias-oposiciones\\\/?s={search_term_string}\"},\"query-input\":{\"@type\":\"PropertyValueSpecification\",\"valueRequired\":true,\"valueName\":\"search_term_string\"}}],\"inLanguage\":\"es\"},{\"@type\":\"Organization\",\"@id\":\"https:\\\/\\\/www.emplea-te.com\\\/noticias-oposiciones\\\/#organization\",\"name\":\"Academia de oposiciones Empl\u00e9ate\",\"url\":\"https:\\\/\\\/www.emplea-te.com\\\/noticias-oposiciones\\\/\",\"logo\":{\"@type\":\"ImageObject\",\"inLanguage\":\"es\",\"@id\":\"https:\\\/\\\/www.emplea-te.com\\\/noticias-oposiciones\\\/#\\\/schema\\\/logo\\\/image\\\/\",\"url\":\"https:\\\/\\\/www.emplea-te.com\\\/noticias-oposiciones\\\/wp-content\\\/uploads\\\/2019\\\/04\\\/empleate.jpg\",\"contentUrl\":\"https:\\\/\\\/www.emplea-te.com\\\/noticias-oposiciones\\\/wp-content\\\/uploads\\\/2019\\\/04\\\/empleate.jpg\",\"width\":250,\"height\":150,\"caption\":\"Academia de oposiciones Empl\u00e9ate\"},\"image\":{\"@id\":\"https:\\\/\\\/www.emplea-te.com\\\/noticias-oposiciones\\\/#\\\/schema\\\/logo\\\/image\\\/\"},\"sameAs\":[\"https:\\\/\\\/www.facebook.com\\\/AcademiaEmpleate\\\/\",\"https:\\\/\\\/x.com\\\/Emplea_Te\",\"https:\\\/\\\/www.instagram.com\\\/academia_empleate\\\/\"]},{\"@type\":\"Person\",\"@id\":\"https:\\\/\\\/www.emplea-te.com\\\/noticias-oposiciones\\\/#\\\/schema\\\/person\\\/d1bc587e1af2b95e9c32aba1795509a6\",\"name\":\"Empleate\"}]}<\/script>\n<!-- \/ Yoast SEO plugin. -->","yoast_head_json":{"title":"Administrativo y Auxiliar Administrativo del Estado. Fechas posibles de elecci\u00f3n de destinos. - Noticas de oposiciones por Academia Emplea-te","description":"Posibles fechas elecci\u00f3n de destinos de Auxiliar y Administrativo del Estado (OEP 2017) . Ingreso turno libre. La Resoluci\u00f3n de oferta de destinos se har\u00e1 p\u00fablica, previsiblemente, durante la primera quincena del mes de febrero de 2019, la elecci\u00f3n de destinos se realizar\u00e1, por motivos de eficiencia y agilidad, por v\u00eda electr\u00f3nica, por lo que ser\u00e1 imprescindible estar en posesi\u00f3n de un certificado electr\u00f3nico o firma electr\u00f3nica vigentes. Enlace a la nota informativa,","robots":{"index":"index","follow":"follow","max-snippet":"max-snippet:-1","max-image-preview":"max-image-preview:large","max-video-preview":"max-video-preview:-1"},"canonical":"https:\/\/www.emplea-te.com\/noticias-oposiciones\/administrativo-y-auxiliar-administrativo-del-estado-fechas-posibles-de-eleccion-de-destinos\/","og_locale":"es_ES","og_type":"article","og_title":"Administrativo y Auxiliar Administrativo del Estado. Fechas posibles de elecci\u00f3n de destinos. - Noticas de oposiciones por Academia Emplea-te","og_description":"Posibles fechas elecci\u00f3n de destinos de Auxiliar y Administrativo del Estado (OEP 2017) . Ingreso turno libre. La Resoluci\u00f3n de oferta de destinos se har\u00e1 p\u00fablica, previsiblemente, durante la primera quincena del mes de febrero de 2019, la elecci\u00f3n de destinos se realizar\u00e1, por motivos de eficiencia y agilidad, por v\u00eda electr\u00f3nica, por lo que ser\u00e1 imprescindible estar en posesi\u00f3n de un certificado electr\u00f3nico o firma electr\u00f3nica vigentes. Enlace a la nota informativa,","og_url":"https:\/\/www.emplea-te.com\/noticias-oposiciones\/administrativo-y-auxiliar-administrativo-del-estado-fechas-posibles-de-eleccion-de-destinos\/","og_site_name":"Noticas de oposiciones por Academia Emplea-te","article_publisher":"https:\/\/www.facebook.com\/AcademiaEmpleate\/","article_published_time":"2019-01-30T23:00:00+00:00","author":"Empleate","twitter_card":"summary_large_image","twitter_creator":"@Emplea_Te","twitter_site":"@Emplea_Te","twitter_misc":{"Escrito por":"Empleate","Tiempo de lectura":"1 minuto"},"schema":{"@context":"https:\/\/schema.org","@graph":[{"@type":"Article","@id":"https:\/\/www.emplea-te.com\/noticias-oposiciones\/administrativo-y-auxiliar-administrativo-del-estado-fechas-posibles-de-eleccion-de-destinos\/#article","isPartOf":{"@id":"https:\/\/www.emplea-te.com\/noticias-oposiciones\/administrativo-y-auxiliar-administrativo-del-estado-fechas-posibles-de-eleccion-de-destinos\/"},"author":{"name":"Empleate","@id":"https:\/\/www.emplea-te.com\/noticias-oposiciones\/#\/schema\/person\/d1bc587e1af2b95e9c32aba1795509a6"},"headline":"Administrativo y Auxiliar Administrativo del Estado. Fechas posibles de elecci\u00f3n de destinos.","datePublished":"2019-01-30T23:00:00+00:00","mainEntityOfPage":{"@id":"https:\/\/www.emplea-te.com\/noticias-oposiciones\/administrativo-y-auxiliar-administrativo-del-estado-fechas-posibles-de-eleccion-de-destinos\/"},"wordCount":203,"commentCount":0,"publisher":{"@id":"https:\/\/www.emplea-te.com\/noticias-oposiciones\/#organization"},"inLanguage":"es","potentialAction":[{"@type":"CommentAction","name":"Comment","target":["https:\/\/www.emplea-te.com\/noticias-oposiciones\/administrativo-y-auxiliar-administrativo-del-estado-fechas-posibles-de-eleccion-de-destinos\/#respond"]}]},{"@type":"WebPage","@id":"https:\/\/www.emplea-te.com\/noticias-oposiciones\/administrativo-y-auxiliar-administrativo-del-estado-fechas-posibles-de-eleccion-de-destinos\/","url":"https:\/\/www.emplea-te.com\/noticias-oposiciones\/administrativo-y-auxiliar-administrativo-del-estado-fechas-posibles-de-eleccion-de-destinos\/","name":"Administrativo y Auxiliar Administrativo del Estado. Fechas posibles de elecci\u00f3n de destinos. - Noticas de oposiciones por Academia Emplea-te","isPartOf":{"@id":"https:\/\/www.emplea-te.com\/noticias-oposiciones\/#website"},"datePublished":"2019-01-30T23:00:00+00:00","description":"Posibles fechas elecci\u00f3n de destinos de Auxiliar y Administrativo del Estado (OEP 2017) . Ingreso turno libre. La Resoluci\u00f3n de oferta de destinos se har\u00e1 p\u00fablica, previsiblemente, durante la primera quincena del mes de febrero de 2019, la elecci\u00f3n de destinos se realizar\u00e1, por motivos de eficiencia y agilidad, por v\u00eda electr\u00f3nica, por lo que ser\u00e1 imprescindible estar en posesi\u00f3n de un certificado electr\u00f3nico o firma electr\u00f3nica vigentes. Enlace a la nota informativa,","breadcrumb":{"@id":"https:\/\/www.emplea-te.com\/noticias-oposiciones\/administrativo-y-auxiliar-administrativo-del-estado-fechas-posibles-de-eleccion-de-destinos\/#breadcrumb"},"inLanguage":"es","potentialAction":[{"@type":"ReadAction","target":["https:\/\/www.emplea-te.com\/noticias-oposiciones\/administrativo-y-auxiliar-administrativo-del-estado-fechas-posibles-de-eleccion-de-destinos\/"]}]},{"@type":"BreadcrumbList","@id":"https:\/\/www.emplea-te.com\/noticias-oposiciones\/administrativo-y-auxiliar-administrativo-del-estado-fechas-posibles-de-eleccion-de-destinos\/#breadcrumb","itemListElement":[{"@type":"ListItem","position":1,"name":"Noticias Oposiciones","item":"https:\/\/www.emplea-te.com\/noticias-oposiciones\/"},{"@type":"ListItem","position":2,"name":"Administrativo y Auxiliar Administrativo del Estado. Fechas posibles de elecci\u00f3n de destinos."}]},{"@type":"WebSite","@id":"https:\/\/www.emplea-te.com\/noticias-oposiciones\/#website","url":"https:\/\/www.emplea-te.com\/noticias-oposiciones\/","name":"Noticas de oposiciones por Academia Emplea-te","description":"Toda la actualidad de las ofertas y convocatorias.","publisher":{"@id":"https:\/\/www.emplea-te.com\/noticias-oposiciones\/#organization"},"potentialAction":[{"@type":"SearchAction","target":{"@type":"EntryPoint","urlTemplate":"https:\/\/www.emplea-te.com\/noticias-oposiciones\/?s={search_term_string}"},"query-input":{"@type":"PropertyValueSpecification","valueRequired":true,"valueName":"search_term_string"}}],"inLanguage":"es"},{"@type":"Organization","@id":"https:\/\/www.emplea-te.com\/noticias-oposiciones\/#organization","name":"Academia de oposiciones Empl\u00e9ate","url":"https:\/\/www.emplea-te.com\/noticias-oposiciones\/","logo":{"@type":"ImageObject","inLanguage":"es","@id":"https:\/\/www.emplea-te.com\/noticias-oposiciones\/#\/schema\/logo\/image\/","url":"https:\/\/www.emplea-te.com\/noticias-oposiciones\/wp-content\/uploads\/2019\/04\/empleate.jpg","contentUrl":"https:\/\/www.emplea-te.com\/noticias-oposiciones\/wp-content\/uploads\/2019\/04\/empleate.jpg","width":250,"height":150,"caption":"Academia de oposiciones Empl\u00e9ate"},"image":{"@id":"https:\/\/www.emplea-te.com\/noticias-oposiciones\/#\/schema\/logo\/image\/"},"sameAs":["https:\/\/www.facebook.com\/AcademiaEmpleate\/","https:\/\/x.com\/Emplea_Te","https:\/\/www.instagram.com\/academia_empleate\/"]},{"@type":"Person","@id":"https:\/\/www.emplea-te.com\/noticias-oposiciones\/#\/schema\/person\/d1bc587e1af2b95e9c32aba1795509a6","name":"Empleate"}]}},"_links":{"self":[{"href":"https:\/\/www.emplea-te.com\/noticias-oposiciones\/wp-json\/wp\/v2\/posts\/1321","targetHints":{"allow":["GET"]}}],"collection":[{"href":"https:\/\/www.emplea-te.com\/noticias-oposiciones\/wp-json\/wp\/v2\/posts"}],"about":[{"href":"https:\/\/www.emplea-te.com\/noticias-oposiciones\/wp-json\/wp\/v2\/types\/post"}],"author":[{"embeddable":true,"href":"https:\/\/www.emplea-te.com\/noticias-oposiciones\/wp-json\/wp\/v2\/users\/1"}],"replies":[{"embeddable":true,"href":"https:\/\/www.emplea-te.com\/noticias-oposiciones\/wp-json\/wp\/v2\/comments?post=1321"}],"version-history":[{"count":0,"href":"https:\/\/www.emplea-te.com\/noticias-oposiciones\/wp-json\/wp\/v2\/posts\/1321\/revisions"}],"wp:attachment":[{"href":"https:\/\/www.emplea-te.com\/noticias-oposiciones\/wp-json\/wp\/v2\/media?parent=1321"}],"wp:term":[{"taxonomy":"category","embeddable":true,"href":"https:\/\/www.emplea-te.com\/noticias-oposiciones\/wp-json\/wp\/v2\/categories?post=1321"},{"taxonomy":"post_tag","embeddable":true,"href":"https:\/\/www.emplea-te.com\/noticias-oposiciones\/wp-json\/wp\/v2\/tags?post=1321"}],"curies":[{"name":"wp","href":"https:\/\/api.w.org\/{rel}","templated":true}]}}