{"id":1322,"date":"2019-02-01T00:00:00","date_gmt":"2019-01-31T23:00:00","guid":{"rendered":"https:\/\/www.emplea-te.com\/noticias-oposiciones\/relacion-definitiva-de-aprobados-gestion-civil-del-estado-promocion-interna\/"},"modified":"2019-02-01T00:00:00","modified_gmt":"2019-01-31T23:00:00","slug":"relacion-definitiva-de-aprobados-gestion-civil-del-estado-promocion-interna","status":"publish","type":"post","link":"https:\/\/www.emplea-te.com\/noticias-oposiciones\/relacion-definitiva-de-aprobados-gestion-civil-del-estado-promocion-interna\/","title":{"rendered":"Relaci\u00f3n definitiva de aprobados Gesti\u00f3n Civil del Estado promoci\u00f3n interna.<br>"},"content":{"rendered":"<p>Se publica en el BOE de hoy, 1 de febrero de 2019 la resoluci\u00f3n de 30 de enero de 2019, de la Secretar\u00eda de Estado de Funci\u00f3n P\u00fablica, por la que se publica la relaci\u00f3n definitiva de aspirantes que han superado las fases de oposici\u00f3n y concurso de las pruebas selectivas para acceso, por promoci\u00f3n interna para personal funcionario y para personal laboral fijo, al Cuerpo de Gesti\u00f3n de la Administraci\u00f3n Civil del Estado, convocadas por Resoluci\u00f3n de 25 de enero de 2018.<\/p>\n<p>Los aspirantes se\u00f1alados en el anexo II deber\u00e1n aportar la documentaci\u00f3n que en \u00e9l se indica.<\/p>\n<p><a href=\"https:\/\/www.boe.es\/boe\/dias\/2019\/02\/01\/pdfs\/BOE-A-2019-1282.pdf\" target=\"_blank\" rel=\"nofollow noopener noreferrer\"><span class=\"wysiwyg-color-green\">Enlace a resoluci\u00f3n y anexos I y II <\/span><\/a><\/p>\n<p><a href=\"https:\/\/www.emplea-te.com\/48\/oposiciones-de-OPOSICIONES-DE-ADMINISTRATIVO-Y-AUX.-ADMINISTRATIVO%C2%A0-PROMOCION-INTERNA\" target=\"_blank\" rel=\"nofollow noopener noreferrer\"><span class=\"wysiwyg-color-green\">\u00a1\u00a1Enhorabuena a nuestros alumnos por los buenos resultados conseguidos superando el proceso selectivo!!<\/span><\/a><\/p>\n<p><\/p>\n","protected":false},"excerpt":{"rendered":"<p>Se publica en el BOE de hoy, 1 de febrero de 2019 la resoluci\u00f3n de 30 de enero de 2019, de la Secretar\u00eda de Estado de Funci\u00f3n P\u00fablica, por la que se publica la relaci\u00f3n definitiva de aspirantes que han superado las fases de oposici\u00f3n y concurso de las pruebas selectivas para acceso, por promoci\u00f3n &hellip; <a href=\"https:\/\/www.emplea-te.com\/noticias-oposiciones\/relacion-definitiva-de-aprobados-gestion-civil-del-estado-promocion-interna\/\" class=\"more-link\">Continuar leyendo<span class=\"screen-reader-text\"> \u00abRelaci\u00f3n definitiva de aprobados Gesti\u00f3n Civil del Estado promoci\u00f3n interna.<br \/>\u00ab<\/span><\/a><\/p>\n","protected":false},"author":1,"featured_media":0,"comment_status":"open","ping_status":"open","sticky":false,"template":"","format":"standard","meta":{"footnotes":""},"categories":[],"tags":[],"class_list":["post-1322","post","type-post","status-publish","format-standard","hentry"],"yoast_head":"<!-- This site is optimized with the Yoast SEO plugin v27.5 - https:\/\/yoast.com\/product\/yoast-seo-wordpress\/ -->\n<title>Relaci\u00f3n definitiva de aprobados Gesti\u00f3n Civil del Estado promoci\u00f3n interna. - Noticas de oposiciones por Academia Emplea-te<\/title>\n<meta name=\"description\" content=\"\u00a0Se publica en el BOE de hoy, 1 de febrero de 2019 la resoluci\u00f3n de 30 de enero de 2019, de la Secretar\u00eda de Estado de Funci\u00f3n P\u00fablica, por la que se publica la relaci\u00f3n definitiva de aspirantes que han superado las fases de oposici\u00f3n y concurso de las pruebas selectivas para acceso, por promoci\u00f3n interna para personal funcionario y para personal laboral fijo, al Cuerpo de Gesti\u00f3n de la Administraci\u00f3n Civil del Estado, convocadas por Resoluci\u00f3n de 25 de enero de 2018. Enlace a BOE\" \/>\n<meta name=\"robots\" content=\"index, follow, max-snippet:-1, max-image-preview:large, max-video-preview:-1\" \/>\n<link rel=\"canonical\" href=\"https:\/\/www.emplea-te.com\/noticias-oposiciones\/relacion-definitiva-de-aprobados-gestion-civil-del-estado-promocion-interna\/\" \/>\n<meta property=\"og:locale\" content=\"es_ES\" \/>\n<meta property=\"og:type\" content=\"article\" \/>\n<meta property=\"og:title\" content=\"Relaci\u00f3n definitiva de aprobados Gesti\u00f3n Civil del Estado promoci\u00f3n interna. - Noticas de oposiciones por Academia Emplea-te\" \/>\n<meta property=\"og:description\" content=\"\u00a0Se publica en el BOE de hoy, 1 de febrero de 2019 la resoluci\u00f3n de 30 de enero de 2019, de la Secretar\u00eda de Estado de Funci\u00f3n P\u00fablica, por la que se publica la relaci\u00f3n definitiva de aspirantes que han superado las fases de oposici\u00f3n y concurso de las pruebas selectivas para acceso, por promoci\u00f3n interna para personal funcionario y para personal laboral fijo, al Cuerpo de Gesti\u00f3n de la Administraci\u00f3n Civil del Estado, convocadas por Resoluci\u00f3n de 25 de enero de 2018. Enlace a BOE\" \/>\n<meta property=\"og:url\" content=\"https:\/\/www.emplea-te.com\/noticias-oposiciones\/relacion-definitiva-de-aprobados-gestion-civil-del-estado-promocion-interna\/\" \/>\n<meta property=\"og:site_name\" content=\"Noticas de oposiciones por Academia Emplea-te\" \/>\n<meta property=\"article:publisher\" content=\"https:\/\/www.facebook.com\/AcademiaEmpleate\/\" \/>\n<meta property=\"article:published_time\" content=\"2019-01-31T23:00:00+00:00\" \/>\n<meta name=\"author\" content=\"Empleate\" \/>\n<meta name=\"twitter:card\" content=\"summary_large_image\" \/>\n<meta name=\"twitter:creator\" content=\"@Emplea_Te\" \/>\n<meta name=\"twitter:site\" content=\"@Emplea_Te\" \/>\n<meta name=\"twitter:label1\" content=\"Escrito por\" \/>\n\t<meta name=\"twitter:data1\" content=\"Empleate\" \/>\n\t<meta name=\"twitter:label2\" content=\"Tiempo de lectura\" \/>\n\t<meta name=\"twitter:data2\" content=\"1 minuto\" \/>\n<script type=\"application\/ld+json\" class=\"yoast-schema-graph\">{\"@context\":\"https:\\\/\\\/schema.org\",\"@graph\":[{\"@type\":\"Article\",\"@id\":\"https:\\\/\\\/www.emplea-te.com\\\/noticias-oposiciones\\\/relacion-definitiva-de-aprobados-gestion-civil-del-estado-promocion-interna\\\/#article\",\"isPartOf\":{\"@id\":\"https:\\\/\\\/www.emplea-te.com\\\/noticias-oposiciones\\\/relacion-definitiva-de-aprobados-gestion-civil-del-estado-promocion-interna\\\/\"},\"author\":{\"name\":\"Empleate\",\"@id\":\"https:\\\/\\\/www.emplea-te.com\\\/noticias-oposiciones\\\/#\\\/schema\\\/person\\\/d1bc587e1af2b95e9c32aba1795509a6\"},\"headline\":\"Relaci\u00f3n definitiva de aprobados Gesti\u00f3n Civil del Estado promoci\u00f3n interna.\",\"datePublished\":\"2019-01-31T23:00:00+00:00\",\"mainEntityOfPage\":{\"@id\":\"https:\\\/\\\/www.emplea-te.com\\\/noticias-oposiciones\\\/relacion-definitiva-de-aprobados-gestion-civil-del-estado-promocion-interna\\\/\"},\"wordCount\":141,\"commentCount\":0,\"publisher\":{\"@id\":\"https:\\\/\\\/www.emplea-te.com\\\/noticias-oposiciones\\\/#organization\"},\"inLanguage\":\"es\",\"potentialAction\":[{\"@type\":\"CommentAction\",\"name\":\"Comment\",\"target\":[\"https:\\\/\\\/www.emplea-te.com\\\/noticias-oposiciones\\\/relacion-definitiva-de-aprobados-gestion-civil-del-estado-promocion-interna\\\/#respond\"]}]},{\"@type\":\"WebPage\",\"@id\":\"https:\\\/\\\/www.emplea-te.com\\\/noticias-oposiciones\\\/relacion-definitiva-de-aprobados-gestion-civil-del-estado-promocion-interna\\\/\",\"url\":\"https:\\\/\\\/www.emplea-te.com\\\/noticias-oposiciones\\\/relacion-definitiva-de-aprobados-gestion-civil-del-estado-promocion-interna\\\/\",\"name\":\"Relaci\u00f3n definitiva de aprobados Gesti\u00f3n Civil del Estado promoci\u00f3n interna. - Noticas de oposiciones por Academia Emplea-te\",\"isPartOf\":{\"@id\":\"https:\\\/\\\/www.emplea-te.com\\\/noticias-oposiciones\\\/#website\"},\"datePublished\":\"2019-01-31T23:00:00+00:00\",\"description\":\"\u00a0Se publica en el BOE de hoy, 1 de febrero de 2019 la resoluci\u00f3n de 30 de enero de 2019, de la Secretar\u00eda de Estado de Funci\u00f3n P\u00fablica, por la que se publica la relaci\u00f3n definitiva de aspirantes que han superado las fases de oposici\u00f3n y concurso de las pruebas selectivas para acceso, por promoci\u00f3n interna para personal funcionario y para personal laboral fijo, al Cuerpo de Gesti\u00f3n de la Administraci\u00f3n Civil del Estado, convocadas por Resoluci\u00f3n de 25 de enero de 2018. Enlace a BOE\",\"breadcrumb\":{\"@id\":\"https:\\\/\\\/www.emplea-te.com\\\/noticias-oposiciones\\\/relacion-definitiva-de-aprobados-gestion-civil-del-estado-promocion-interna\\\/#breadcrumb\"},\"inLanguage\":\"es\",\"potentialAction\":[{\"@type\":\"ReadAction\",\"target\":[\"https:\\\/\\\/www.emplea-te.com\\\/noticias-oposiciones\\\/relacion-definitiva-de-aprobados-gestion-civil-del-estado-promocion-interna\\\/\"]}]},{\"@type\":\"BreadcrumbList\",\"@id\":\"https:\\\/\\\/www.emplea-te.com\\\/noticias-oposiciones\\\/relacion-definitiva-de-aprobados-gestion-civil-del-estado-promocion-interna\\\/#breadcrumb\",\"itemListElement\":[{\"@type\":\"ListItem\",\"position\":1,\"name\":\"Noticias Oposiciones\",\"item\":\"https:\\\/\\\/www.emplea-te.com\\\/noticias-oposiciones\\\/\"},{\"@type\":\"ListItem\",\"position\":2,\"name\":\"Relaci\u00f3n definitiva de aprobados Gesti\u00f3n Civil del Estado promoci\u00f3n interna.\"}]},{\"@type\":\"WebSite\",\"@id\":\"https:\\\/\\\/www.emplea-te.com\\\/noticias-oposiciones\\\/#website\",\"url\":\"https:\\\/\\\/www.emplea-te.com\\\/noticias-oposiciones\\\/\",\"name\":\"Noticas de oposiciones por Academia Emplea-te\",\"description\":\"Toda la actualidad de las ofertas y convocatorias.\",\"publisher\":{\"@id\":\"https:\\\/\\\/www.emplea-te.com\\\/noticias-oposiciones\\\/#organization\"},\"potentialAction\":[{\"@type\":\"SearchAction\",\"target\":{\"@type\":\"EntryPoint\",\"urlTemplate\":\"https:\\\/\\\/www.emplea-te.com\\\/noticias-oposiciones\\\/?s={search_term_string}\"},\"query-input\":{\"@type\":\"PropertyValueSpecification\",\"valueRequired\":true,\"valueName\":\"search_term_string\"}}],\"inLanguage\":\"es\"},{\"@type\":\"Organization\",\"@id\":\"https:\\\/\\\/www.emplea-te.com\\\/noticias-oposiciones\\\/#organization\",\"name\":\"Academia de oposiciones Empl\u00e9ate\",\"url\":\"https:\\\/\\\/www.emplea-te.com\\\/noticias-oposiciones\\\/\",\"logo\":{\"@type\":\"ImageObject\",\"inLanguage\":\"es\",\"@id\":\"https:\\\/\\\/www.emplea-te.com\\\/noticias-oposiciones\\\/#\\\/schema\\\/logo\\\/image\\\/\",\"url\":\"https:\\\/\\\/www.emplea-te.com\\\/noticias-oposiciones\\\/wp-content\\\/uploads\\\/2019\\\/04\\\/empleate.jpg\",\"contentUrl\":\"https:\\\/\\\/www.emplea-te.com\\\/noticias-oposiciones\\\/wp-content\\\/uploads\\\/2019\\\/04\\\/empleate.jpg\",\"width\":250,\"height\":150,\"caption\":\"Academia de oposiciones Empl\u00e9ate\"},\"image\":{\"@id\":\"https:\\\/\\\/www.emplea-te.com\\\/noticias-oposiciones\\\/#\\\/schema\\\/logo\\\/image\\\/\"},\"sameAs\":[\"https:\\\/\\\/www.facebook.com\\\/AcademiaEmpleate\\\/\",\"https:\\\/\\\/x.com\\\/Emplea_Te\",\"https:\\\/\\\/www.instagram.com\\\/academia_empleate\\\/\"]},{\"@type\":\"Person\",\"@id\":\"https:\\\/\\\/www.emplea-te.com\\\/noticias-oposiciones\\\/#\\\/schema\\\/person\\\/d1bc587e1af2b95e9c32aba1795509a6\",\"name\":\"Empleate\"}]}<\/script>\n<!-- \/ Yoast SEO plugin. -->","yoast_head_json":{"title":"Relaci\u00f3n definitiva de aprobados Gesti\u00f3n Civil del Estado promoci\u00f3n interna. - Noticas de oposiciones por Academia Emplea-te","description":"\u00a0Se publica en el BOE de hoy, 1 de febrero de 2019 la resoluci\u00f3n de 30 de enero de 2019, de la Secretar\u00eda de Estado de Funci\u00f3n P\u00fablica, por la que se publica la relaci\u00f3n definitiva de aspirantes que han superado las fases de oposici\u00f3n y concurso de las pruebas selectivas para acceso, por promoci\u00f3n interna para personal funcionario y para personal laboral fijo, al Cuerpo de Gesti\u00f3n de la Administraci\u00f3n Civil del Estado, convocadas por Resoluci\u00f3n de 25 de enero de 2018. Enlace a BOE","robots":{"index":"index","follow":"follow","max-snippet":"max-snippet:-1","max-image-preview":"max-image-preview:large","max-video-preview":"max-video-preview:-1"},"canonical":"https:\/\/www.emplea-te.com\/noticias-oposiciones\/relacion-definitiva-de-aprobados-gestion-civil-del-estado-promocion-interna\/","og_locale":"es_ES","og_type":"article","og_title":"Relaci\u00f3n definitiva de aprobados Gesti\u00f3n Civil del Estado promoci\u00f3n interna. - Noticas de oposiciones por Academia Emplea-te","og_description":"\u00a0Se publica en el BOE de hoy, 1 de febrero de 2019 la resoluci\u00f3n de 30 de enero de 2019, de la Secretar\u00eda de Estado de Funci\u00f3n P\u00fablica, por la que se publica la relaci\u00f3n definitiva de aspirantes que han superado las fases de oposici\u00f3n y concurso de las pruebas selectivas para acceso, por promoci\u00f3n interna para personal funcionario y para personal laboral fijo, al Cuerpo de Gesti\u00f3n de la Administraci\u00f3n Civil del Estado, convocadas por Resoluci\u00f3n de 25 de enero de 2018. Enlace a BOE","og_url":"https:\/\/www.emplea-te.com\/noticias-oposiciones\/relacion-definitiva-de-aprobados-gestion-civil-del-estado-promocion-interna\/","og_site_name":"Noticas de oposiciones por Academia Emplea-te","article_publisher":"https:\/\/www.facebook.com\/AcademiaEmpleate\/","article_published_time":"2019-01-31T23:00:00+00:00","author":"Empleate","twitter_card":"summary_large_image","twitter_creator":"@Emplea_Te","twitter_site":"@Emplea_Te","twitter_misc":{"Escrito por":"Empleate","Tiempo de lectura":"1 minuto"},"schema":{"@context":"https:\/\/schema.org","@graph":[{"@type":"Article","@id":"https:\/\/www.emplea-te.com\/noticias-oposiciones\/relacion-definitiva-de-aprobados-gestion-civil-del-estado-promocion-interna\/#article","isPartOf":{"@id":"https:\/\/www.emplea-te.com\/noticias-oposiciones\/relacion-definitiva-de-aprobados-gestion-civil-del-estado-promocion-interna\/"},"author":{"name":"Empleate","@id":"https:\/\/www.emplea-te.com\/noticias-oposiciones\/#\/schema\/person\/d1bc587e1af2b95e9c32aba1795509a6"},"headline":"Relaci\u00f3n definitiva de aprobados Gesti\u00f3n Civil del Estado promoci\u00f3n interna.","datePublished":"2019-01-31T23:00:00+00:00","mainEntityOfPage":{"@id":"https:\/\/www.emplea-te.com\/noticias-oposiciones\/relacion-definitiva-de-aprobados-gestion-civil-del-estado-promocion-interna\/"},"wordCount":141,"commentCount":0,"publisher":{"@id":"https:\/\/www.emplea-te.com\/noticias-oposiciones\/#organization"},"inLanguage":"es","potentialAction":[{"@type":"CommentAction","name":"Comment","target":["https:\/\/www.emplea-te.com\/noticias-oposiciones\/relacion-definitiva-de-aprobados-gestion-civil-del-estado-promocion-interna\/#respond"]}]},{"@type":"WebPage","@id":"https:\/\/www.emplea-te.com\/noticias-oposiciones\/relacion-definitiva-de-aprobados-gestion-civil-del-estado-promocion-interna\/","url":"https:\/\/www.emplea-te.com\/noticias-oposiciones\/relacion-definitiva-de-aprobados-gestion-civil-del-estado-promocion-interna\/","name":"Relaci\u00f3n definitiva de aprobados Gesti\u00f3n Civil del Estado promoci\u00f3n interna. - Noticas de oposiciones por Academia Emplea-te","isPartOf":{"@id":"https:\/\/www.emplea-te.com\/noticias-oposiciones\/#website"},"datePublished":"2019-01-31T23:00:00+00:00","description":"\u00a0Se publica en el BOE de hoy, 1 de febrero de 2019 la resoluci\u00f3n de 30 de enero de 2019, de la Secretar\u00eda de Estado de Funci\u00f3n P\u00fablica, por la que se publica la relaci\u00f3n definitiva de aspirantes que han superado las fases de oposici\u00f3n y concurso de las pruebas selectivas para acceso, por promoci\u00f3n interna para personal funcionario y para personal laboral fijo, al Cuerpo de Gesti\u00f3n de la Administraci\u00f3n Civil del Estado, convocadas por Resoluci\u00f3n de 25 de enero de 2018. Enlace a BOE","breadcrumb":{"@id":"https:\/\/www.emplea-te.com\/noticias-oposiciones\/relacion-definitiva-de-aprobados-gestion-civil-del-estado-promocion-interna\/#breadcrumb"},"inLanguage":"es","potentialAction":[{"@type":"ReadAction","target":["https:\/\/www.emplea-te.com\/noticias-oposiciones\/relacion-definitiva-de-aprobados-gestion-civil-del-estado-promocion-interna\/"]}]},{"@type":"BreadcrumbList","@id":"https:\/\/www.emplea-te.com\/noticias-oposiciones\/relacion-definitiva-de-aprobados-gestion-civil-del-estado-promocion-interna\/#breadcrumb","itemListElement":[{"@type":"ListItem","position":1,"name":"Noticias Oposiciones","item":"https:\/\/www.emplea-te.com\/noticias-oposiciones\/"},{"@type":"ListItem","position":2,"name":"Relaci\u00f3n definitiva de aprobados Gesti\u00f3n Civil del Estado promoci\u00f3n interna."}]},{"@type":"WebSite","@id":"https:\/\/www.emplea-te.com\/noticias-oposiciones\/#website","url":"https:\/\/www.emplea-te.com\/noticias-oposiciones\/","name":"Noticas de oposiciones por Academia Emplea-te","description":"Toda la actualidad de las ofertas y convocatorias.","publisher":{"@id":"https:\/\/www.emplea-te.com\/noticias-oposiciones\/#organization"},"potentialAction":[{"@type":"SearchAction","target":{"@type":"EntryPoint","urlTemplate":"https:\/\/www.emplea-te.com\/noticias-oposiciones\/?s={search_term_string}"},"query-input":{"@type":"PropertyValueSpecification","valueRequired":true,"valueName":"search_term_string"}}],"inLanguage":"es"},{"@type":"Organization","@id":"https:\/\/www.emplea-te.com\/noticias-oposiciones\/#organization","name":"Academia de oposiciones Empl\u00e9ate","url":"https:\/\/www.emplea-te.com\/noticias-oposiciones\/","logo":{"@type":"ImageObject","inLanguage":"es","@id":"https:\/\/www.emplea-te.com\/noticias-oposiciones\/#\/schema\/logo\/image\/","url":"https:\/\/www.emplea-te.com\/noticias-oposiciones\/wp-content\/uploads\/2019\/04\/empleate.jpg","contentUrl":"https:\/\/www.emplea-te.com\/noticias-oposiciones\/wp-content\/uploads\/2019\/04\/empleate.jpg","width":250,"height":150,"caption":"Academia de oposiciones Empl\u00e9ate"},"image":{"@id":"https:\/\/www.emplea-te.com\/noticias-oposiciones\/#\/schema\/logo\/image\/"},"sameAs":["https:\/\/www.facebook.com\/AcademiaEmpleate\/","https:\/\/x.com\/Emplea_Te","https:\/\/www.instagram.com\/academia_empleate\/"]},{"@type":"Person","@id":"https:\/\/www.emplea-te.com\/noticias-oposiciones\/#\/schema\/person\/d1bc587e1af2b95e9c32aba1795509a6","name":"Empleate"}]}},"_links":{"self":[{"href":"https:\/\/www.emplea-te.com\/noticias-oposiciones\/wp-json\/wp\/v2\/posts\/1322","targetHints":{"allow":["GET"]}}],"collection":[{"href":"https:\/\/www.emplea-te.com\/noticias-oposiciones\/wp-json\/wp\/v2\/posts"}],"about":[{"href":"https:\/\/www.emplea-te.com\/noticias-oposiciones\/wp-json\/wp\/v2\/types\/post"}],"author":[{"embeddable":true,"href":"https:\/\/www.emplea-te.com\/noticias-oposiciones\/wp-json\/wp\/v2\/users\/1"}],"replies":[{"embeddable":true,"href":"https:\/\/www.emplea-te.com\/noticias-oposiciones\/wp-json\/wp\/v2\/comments?post=1322"}],"version-history":[{"count":0,"href":"https:\/\/www.emplea-te.com\/noticias-oposiciones\/wp-json\/wp\/v2\/posts\/1322\/revisions"}],"wp:attachment":[{"href":"https:\/\/www.emplea-te.com\/noticias-oposiciones\/wp-json\/wp\/v2\/media?parent=1322"}],"wp:term":[{"taxonomy":"category","embeddable":true,"href":"https:\/\/www.emplea-te.com\/noticias-oposiciones\/wp-json\/wp\/v2\/categories?post=1322"},{"taxonomy":"post_tag","embeddable":true,"href":"https:\/\/www.emplea-te.com\/noticias-oposiciones\/wp-json\/wp\/v2\/tags?post=1322"}],"curies":[{"name":"wp","href":"https:\/\/api.w.org\/{rel}","templated":true}]}}