{"id":1327,"date":"2019-02-05T00:00:00","date_gmt":"2019-02-04T23:00:00","guid":{"rendered":"https:\/\/www.emplea-te.com\/noticias-oposiciones\/publicadas-las-listas-definitivas-de-admitidos-y-excluidos-en-proceso-selectivo-promocion-interna-de-administracion\/"},"modified":"2019-02-05T00:00:00","modified_gmt":"2019-02-04T23:00:00","slug":"publicadas-las-listas-definitivas-de-admitidos-y-excluidos-en-proceso-selectivo-promocion-interna-de-administracion","status":"publish","type":"post","link":"https:\/\/www.emplea-te.com\/noticias-oposiciones\/publicadas-las-listas-definitivas-de-admitidos-y-excluidos-en-proceso-selectivo-promocion-interna-de-administracion\/","title":{"rendered":"Publicadas las listas definitivas de admitidos y excluidos en proceso selectivo (promoci\u00f3n interna) de Administraci\u00f3n <br>"},"content":{"rendered":"<p>Se publica en el DOG n\u00famero 25 de fecha 5 de febrero de 2019 RESOLUCI\ufffdN del 29 de enero de 2019 de la Direcci\u00f3n General de Funci\u00f3n P\u00fablica, aprobando y publicando las listas definitivas de personas admitidas y excluidas en el proceso selectivo de admisi\u00f3n, mediante la ronda de promoci\u00f3n interna, en el \u00f3rgano de administraci\u00f3n de la Administraci\u00f3n. General de la Comunidad Aut\u00f3noma de Galicia, subgrupo A2.<\/p>\n<p>La lista final de candidatos admitidos se puede consultar en el portal web corporativo <span class=\"\"wysiwyg-color-green\"\">funcionpublica.xunta.gal<\/span>.<\/p>\n<p>La lista final de solicitantes excluidos excluidos, que indica la causa determinante de su exclusi\u00f3n, se adjunta como anexo a esta resoluci\u00f3n.<\/p>\n<p><a href=\"\"https:\/\/www.xunta.gal\/dog\/Publicados\/2019\/20190205\/AnuncioCA01-300119-0004_gl.html\"\" target=\"\"_blank\"\" rel=\"noopener noreferrer\"nofollow\"\"><span class=\"\"wysiwyg-color-green\"\">Enlace a resoluci\u00f3n<\/span><\/a><\/p>\n<p><a href=\"\"https:\/\/www.emplea-te.com\/48\/oposiciones-de-OPOSICIONES-DE-ADMINISTRATIVO-Y-AUX.-ADMINISTRATIVO%C2%A0-PROMOCION-INTERNA\"\" target=\"\"_blank\"\" rel=\"noopener noreferrer\"nofollow\"\"><span class=\"\"wysiwyg-color-green\"\">Prepara estas oposiciones en nuestros grupos presenciales reducidos<\/span><\/a><span class=\"\"wysiwyg-color-green\"\"> <\/span><\/p>\n<p><\/p>\n<p><\/p>\n<p>\u00ab<\/p>\n","protected":false},"excerpt":{"rendered":"<p>Se publica en el DOG n\u00famero 25 de fecha 5 de febrero de 2019 RESOLUCI\ufffdN del 29 de enero de 2019 de la Direcci\u00f3n General de Funci\u00f3n P\u00fablica, aprobando y publicando las listas definitivas de personas admitidas y excluidas en el proceso selectivo de admisi\u00f3n, mediante la ronda de promoci\u00f3n interna, en el \u00f3rgano de &hellip; <a href=\"https:\/\/www.emplea-te.com\/noticias-oposiciones\/publicadas-las-listas-definitivas-de-admitidos-y-excluidos-en-proceso-selectivo-promocion-interna-de-administracion\/\" class=\"more-link\">Continuar leyendo<span class=\"screen-reader-text\"> \u00abPublicadas las listas definitivas de admitidos y excluidos en proceso selectivo (promoci\u00f3n interna) de Administraci\u00f3n <br \/>\u00ab<\/span><\/a><\/p>\n","protected":false},"author":1,"featured_media":0,"comment_status":"open","ping_status":"open","sticky":false,"template":"","format":"standard","meta":{"footnotes":""},"categories":[],"tags":[],"class_list":["post-1327","post","type-post","status-publish","format-standard","hentry"],"yoast_head":"<!-- This site is optimized with the Yoast SEO plugin v27.5 - https:\/\/yoast.com\/product\/yoast-seo-wordpress\/ -->\n<title>Publicadas las listas definitivas de admitidos y excluidos en proceso selectivo (promoci\u00f3n interna) de Administraci\u00f3n  - Noticas de oposiciones por Academia Emplea-te<\/title>\n<meta name=\"description\" content=\"Se publica en el DOG n\u00famero 25 de fecha 5 de febrero de 2019 RESOLUCI\ufffdN del 29 de enero de 2019 de la Direcci\u00f3n General de Funci\u00f3n P\u00fablica, aprobando y publicando las listas definitivas de personas admitidas y excluidas en el proceso selectivo de admisi\u00f3n, mediante la ronda de promoci\u00f3n interna, en el \u00f3rgano de administraci\u00f3n de la Administraci\u00f3n. General de la Comunidad Aut\u00f3noma de Galicia, subgrupo A2. Enlace a resoluci\u00f3n &quot;\" \/>\n<meta name=\"robots\" content=\"index, follow, max-snippet:-1, max-image-preview:large, max-video-preview:-1\" \/>\n<link rel=\"canonical\" href=\"https:\/\/www.emplea-te.com\/noticias-oposiciones\/publicadas-las-listas-definitivas-de-admitidos-y-excluidos-en-proceso-selectivo-promocion-interna-de-administracion\/\" \/>\n<meta property=\"og:locale\" content=\"es_ES\" \/>\n<meta property=\"og:type\" content=\"article\" \/>\n<meta property=\"og:title\" content=\"Publicadas las listas definitivas de admitidos y excluidos en proceso selectivo (promoci\u00f3n interna) de Administraci\u00f3n  - Noticas de oposiciones por Academia Emplea-te\" \/>\n<meta property=\"og:description\" content=\"Se publica en el DOG n\u00famero 25 de fecha 5 de febrero de 2019 RESOLUCI\ufffdN del 29 de enero de 2019 de la Direcci\u00f3n General de Funci\u00f3n P\u00fablica, aprobando y publicando las listas definitivas de personas admitidas y excluidas en el proceso selectivo de admisi\u00f3n, mediante la ronda de promoci\u00f3n interna, en el \u00f3rgano de administraci\u00f3n de la Administraci\u00f3n. General de la Comunidad Aut\u00f3noma de Galicia, subgrupo A2. Enlace a resoluci\u00f3n &quot;\" \/>\n<meta property=\"og:url\" content=\"https:\/\/www.emplea-te.com\/noticias-oposiciones\/publicadas-las-listas-definitivas-de-admitidos-y-excluidos-en-proceso-selectivo-promocion-interna-de-administracion\/\" \/>\n<meta property=\"og:site_name\" content=\"Noticas de oposiciones por Academia Emplea-te\" \/>\n<meta property=\"article:publisher\" content=\"https:\/\/www.facebook.com\/AcademiaEmpleate\/\" \/>\n<meta property=\"article:published_time\" content=\"2019-02-04T23:00:00+00:00\" \/>\n<meta name=\"author\" content=\"Empleate\" \/>\n<meta name=\"twitter:card\" content=\"summary_large_image\" \/>\n<meta name=\"twitter:creator\" content=\"@Emplea_Te\" \/>\n<meta name=\"twitter:site\" content=\"@Emplea_Te\" \/>\n<meta name=\"twitter:label1\" content=\"Escrito por\" \/>\n\t<meta name=\"twitter:data1\" content=\"Empleate\" \/>\n\t<meta name=\"twitter:label2\" content=\"Tiempo de lectura\" \/>\n\t<meta name=\"twitter:data2\" content=\"1 minuto\" \/>\n<script type=\"application\/ld+json\" class=\"yoast-schema-graph\">{\"@context\":\"https:\\\/\\\/schema.org\",\"@graph\":[{\"@type\":\"Article\",\"@id\":\"https:\\\/\\\/www.emplea-te.com\\\/noticias-oposiciones\\\/publicadas-las-listas-definitivas-de-admitidos-y-excluidos-en-proceso-selectivo-promocion-interna-de-administracion\\\/#article\",\"isPartOf\":{\"@id\":\"https:\\\/\\\/www.emplea-te.com\\\/noticias-oposiciones\\\/publicadas-las-listas-definitivas-de-admitidos-y-excluidos-en-proceso-selectivo-promocion-interna-de-administracion\\\/\"},\"author\":{\"name\":\"Empleate\",\"@id\":\"https:\\\/\\\/www.emplea-te.com\\\/noticias-oposiciones\\\/#\\\/schema\\\/person\\\/d1bc587e1af2b95e9c32aba1795509a6\"},\"headline\":\"Publicadas las listas definitivas de admitidos y excluidos en proceso selectivo (promoci\u00f3n interna) de Administraci\u00f3n\",\"datePublished\":\"2019-02-04T23:00:00+00:00\",\"mainEntityOfPage\":{\"@id\":\"https:\\\/\\\/www.emplea-te.com\\\/noticias-oposiciones\\\/publicadas-las-listas-definitivas-de-admitidos-y-excluidos-en-proceso-selectivo-promocion-interna-de-administracion\\\/\"},\"wordCount\":143,\"commentCount\":0,\"publisher\":{\"@id\":\"https:\\\/\\\/www.emplea-te.com\\\/noticias-oposiciones\\\/#organization\"},\"inLanguage\":\"es\",\"potentialAction\":[{\"@type\":\"CommentAction\",\"name\":\"Comment\",\"target\":[\"https:\\\/\\\/www.emplea-te.com\\\/noticias-oposiciones\\\/publicadas-las-listas-definitivas-de-admitidos-y-excluidos-en-proceso-selectivo-promocion-interna-de-administracion\\\/#respond\"]}]},{\"@type\":\"WebPage\",\"@id\":\"https:\\\/\\\/www.emplea-te.com\\\/noticias-oposiciones\\\/publicadas-las-listas-definitivas-de-admitidos-y-excluidos-en-proceso-selectivo-promocion-interna-de-administracion\\\/\",\"url\":\"https:\\\/\\\/www.emplea-te.com\\\/noticias-oposiciones\\\/publicadas-las-listas-definitivas-de-admitidos-y-excluidos-en-proceso-selectivo-promocion-interna-de-administracion\\\/\",\"name\":\"Publicadas las listas definitivas de admitidos y excluidos en proceso selectivo (promoci\u00f3n interna) de Administraci\u00f3n - Noticas de oposiciones por Academia Emplea-te\",\"isPartOf\":{\"@id\":\"https:\\\/\\\/www.emplea-te.com\\\/noticias-oposiciones\\\/#website\"},\"datePublished\":\"2019-02-04T23:00:00+00:00\",\"description\":\"Se publica en el DOG n\u00famero 25 de fecha 5 de febrero de 2019 RESOLUCI\ufffdN del 29 de enero de 2019 de la Direcci\u00f3n General de Funci\u00f3n P\u00fablica, aprobando y publicando las listas definitivas de personas admitidas y excluidas en el proceso selectivo de admisi\u00f3n, mediante la ronda de promoci\u00f3n interna, en el \u00f3rgano de administraci\u00f3n de la Administraci\u00f3n. General de la Comunidad Aut\u00f3noma de Galicia, subgrupo A2. Enlace a resoluci\u00f3n \\\"\",\"breadcrumb\":{\"@id\":\"https:\\\/\\\/www.emplea-te.com\\\/noticias-oposiciones\\\/publicadas-las-listas-definitivas-de-admitidos-y-excluidos-en-proceso-selectivo-promocion-interna-de-administracion\\\/#breadcrumb\"},\"inLanguage\":\"es\",\"potentialAction\":[{\"@type\":\"ReadAction\",\"target\":[\"https:\\\/\\\/www.emplea-te.com\\\/noticias-oposiciones\\\/publicadas-las-listas-definitivas-de-admitidos-y-excluidos-en-proceso-selectivo-promocion-interna-de-administracion\\\/\"]}]},{\"@type\":\"BreadcrumbList\",\"@id\":\"https:\\\/\\\/www.emplea-te.com\\\/noticias-oposiciones\\\/publicadas-las-listas-definitivas-de-admitidos-y-excluidos-en-proceso-selectivo-promocion-interna-de-administracion\\\/#breadcrumb\",\"itemListElement\":[{\"@type\":\"ListItem\",\"position\":1,\"name\":\"Noticias Oposiciones\",\"item\":\"https:\\\/\\\/www.emplea-te.com\\\/noticias-oposiciones\\\/\"},{\"@type\":\"ListItem\",\"position\":2,\"name\":\"Publicadas las listas definitivas de admitidos y excluidos en proceso selectivo (promoci\u00f3n interna) de Administraci\u00f3n\"}]},{\"@type\":\"WebSite\",\"@id\":\"https:\\\/\\\/www.emplea-te.com\\\/noticias-oposiciones\\\/#website\",\"url\":\"https:\\\/\\\/www.emplea-te.com\\\/noticias-oposiciones\\\/\",\"name\":\"Noticas de oposiciones por Academia Emplea-te\",\"description\":\"Toda la actualidad de las ofertas y convocatorias.\",\"publisher\":{\"@id\":\"https:\\\/\\\/www.emplea-te.com\\\/noticias-oposiciones\\\/#organization\"},\"potentialAction\":[{\"@type\":\"SearchAction\",\"target\":{\"@type\":\"EntryPoint\",\"urlTemplate\":\"https:\\\/\\\/www.emplea-te.com\\\/noticias-oposiciones\\\/?s={search_term_string}\"},\"query-input\":{\"@type\":\"PropertyValueSpecification\",\"valueRequired\":true,\"valueName\":\"search_term_string\"}}],\"inLanguage\":\"es\"},{\"@type\":\"Organization\",\"@id\":\"https:\\\/\\\/www.emplea-te.com\\\/noticias-oposiciones\\\/#organization\",\"name\":\"Academia de oposiciones Empl\u00e9ate\",\"url\":\"https:\\\/\\\/www.emplea-te.com\\\/noticias-oposiciones\\\/\",\"logo\":{\"@type\":\"ImageObject\",\"inLanguage\":\"es\",\"@id\":\"https:\\\/\\\/www.emplea-te.com\\\/noticias-oposiciones\\\/#\\\/schema\\\/logo\\\/image\\\/\",\"url\":\"https:\\\/\\\/www.emplea-te.com\\\/noticias-oposiciones\\\/wp-content\\\/uploads\\\/2019\\\/04\\\/empleate.jpg\",\"contentUrl\":\"https:\\\/\\\/www.emplea-te.com\\\/noticias-oposiciones\\\/wp-content\\\/uploads\\\/2019\\\/04\\\/empleate.jpg\",\"width\":250,\"height\":150,\"caption\":\"Academia de oposiciones Empl\u00e9ate\"},\"image\":{\"@id\":\"https:\\\/\\\/www.emplea-te.com\\\/noticias-oposiciones\\\/#\\\/schema\\\/logo\\\/image\\\/\"},\"sameAs\":[\"https:\\\/\\\/www.facebook.com\\\/AcademiaEmpleate\\\/\",\"https:\\\/\\\/x.com\\\/Emplea_Te\",\"https:\\\/\\\/www.instagram.com\\\/academia_empleate\\\/\"]},{\"@type\":\"Person\",\"@id\":\"https:\\\/\\\/www.emplea-te.com\\\/noticias-oposiciones\\\/#\\\/schema\\\/person\\\/d1bc587e1af2b95e9c32aba1795509a6\",\"name\":\"Empleate\"}]}<\/script>\n<!-- \/ Yoast SEO plugin. -->","yoast_head_json":{"title":"Publicadas las listas definitivas de admitidos y excluidos en proceso selectivo (promoci\u00f3n interna) de Administraci\u00f3n  - Noticas de oposiciones por Academia Emplea-te","description":"Se publica en el DOG n\u00famero 25 de fecha 5 de febrero de 2019 RESOLUCI\ufffdN del 29 de enero de 2019 de la Direcci\u00f3n General de Funci\u00f3n P\u00fablica, aprobando y publicando las listas definitivas de personas admitidas y excluidas en el proceso selectivo de admisi\u00f3n, mediante la ronda de promoci\u00f3n interna, en el \u00f3rgano de administraci\u00f3n de la Administraci\u00f3n. General de la Comunidad Aut\u00f3noma de Galicia, subgrupo A2. Enlace a resoluci\u00f3n \"","robots":{"index":"index","follow":"follow","max-snippet":"max-snippet:-1","max-image-preview":"max-image-preview:large","max-video-preview":"max-video-preview:-1"},"canonical":"https:\/\/www.emplea-te.com\/noticias-oposiciones\/publicadas-las-listas-definitivas-de-admitidos-y-excluidos-en-proceso-selectivo-promocion-interna-de-administracion\/","og_locale":"es_ES","og_type":"article","og_title":"Publicadas las listas definitivas de admitidos y excluidos en proceso selectivo (promoci\u00f3n interna) de Administraci\u00f3n  - Noticas de oposiciones por Academia Emplea-te","og_description":"Se publica en el DOG n\u00famero 25 de fecha 5 de febrero de 2019 RESOLUCI\ufffdN del 29 de enero de 2019 de la Direcci\u00f3n General de Funci\u00f3n P\u00fablica, aprobando y publicando las listas definitivas de personas admitidas y excluidas en el proceso selectivo de admisi\u00f3n, mediante la ronda de promoci\u00f3n interna, en el \u00f3rgano de administraci\u00f3n de la Administraci\u00f3n. General de la Comunidad Aut\u00f3noma de Galicia, subgrupo A2. Enlace a resoluci\u00f3n \"","og_url":"https:\/\/www.emplea-te.com\/noticias-oposiciones\/publicadas-las-listas-definitivas-de-admitidos-y-excluidos-en-proceso-selectivo-promocion-interna-de-administracion\/","og_site_name":"Noticas de oposiciones por Academia Emplea-te","article_publisher":"https:\/\/www.facebook.com\/AcademiaEmpleate\/","article_published_time":"2019-02-04T23:00:00+00:00","author":"Empleate","twitter_card":"summary_large_image","twitter_creator":"@Emplea_Te","twitter_site":"@Emplea_Te","twitter_misc":{"Escrito por":"Empleate","Tiempo de lectura":"1 minuto"},"schema":{"@context":"https:\/\/schema.org","@graph":[{"@type":"Article","@id":"https:\/\/www.emplea-te.com\/noticias-oposiciones\/publicadas-las-listas-definitivas-de-admitidos-y-excluidos-en-proceso-selectivo-promocion-interna-de-administracion\/#article","isPartOf":{"@id":"https:\/\/www.emplea-te.com\/noticias-oposiciones\/publicadas-las-listas-definitivas-de-admitidos-y-excluidos-en-proceso-selectivo-promocion-interna-de-administracion\/"},"author":{"name":"Empleate","@id":"https:\/\/www.emplea-te.com\/noticias-oposiciones\/#\/schema\/person\/d1bc587e1af2b95e9c32aba1795509a6"},"headline":"Publicadas las listas definitivas de admitidos y excluidos en proceso selectivo (promoci\u00f3n interna) de Administraci\u00f3n","datePublished":"2019-02-04T23:00:00+00:00","mainEntityOfPage":{"@id":"https:\/\/www.emplea-te.com\/noticias-oposiciones\/publicadas-las-listas-definitivas-de-admitidos-y-excluidos-en-proceso-selectivo-promocion-interna-de-administracion\/"},"wordCount":143,"commentCount":0,"publisher":{"@id":"https:\/\/www.emplea-te.com\/noticias-oposiciones\/#organization"},"inLanguage":"es","potentialAction":[{"@type":"CommentAction","name":"Comment","target":["https:\/\/www.emplea-te.com\/noticias-oposiciones\/publicadas-las-listas-definitivas-de-admitidos-y-excluidos-en-proceso-selectivo-promocion-interna-de-administracion\/#respond"]}]},{"@type":"WebPage","@id":"https:\/\/www.emplea-te.com\/noticias-oposiciones\/publicadas-las-listas-definitivas-de-admitidos-y-excluidos-en-proceso-selectivo-promocion-interna-de-administracion\/","url":"https:\/\/www.emplea-te.com\/noticias-oposiciones\/publicadas-las-listas-definitivas-de-admitidos-y-excluidos-en-proceso-selectivo-promocion-interna-de-administracion\/","name":"Publicadas las listas definitivas de admitidos y excluidos en proceso selectivo (promoci\u00f3n interna) de Administraci\u00f3n - Noticas de oposiciones por Academia Emplea-te","isPartOf":{"@id":"https:\/\/www.emplea-te.com\/noticias-oposiciones\/#website"},"datePublished":"2019-02-04T23:00:00+00:00","description":"Se publica en el DOG n\u00famero 25 de fecha 5 de febrero de 2019 RESOLUCI\ufffdN del 29 de enero de 2019 de la Direcci\u00f3n General de Funci\u00f3n P\u00fablica, aprobando y publicando las listas definitivas de personas admitidas y excluidas en el proceso selectivo de admisi\u00f3n, mediante la ronda de promoci\u00f3n interna, en el \u00f3rgano de administraci\u00f3n de la Administraci\u00f3n. General de la Comunidad Aut\u00f3noma de Galicia, subgrupo A2. Enlace a resoluci\u00f3n \"","breadcrumb":{"@id":"https:\/\/www.emplea-te.com\/noticias-oposiciones\/publicadas-las-listas-definitivas-de-admitidos-y-excluidos-en-proceso-selectivo-promocion-interna-de-administracion\/#breadcrumb"},"inLanguage":"es","potentialAction":[{"@type":"ReadAction","target":["https:\/\/www.emplea-te.com\/noticias-oposiciones\/publicadas-las-listas-definitivas-de-admitidos-y-excluidos-en-proceso-selectivo-promocion-interna-de-administracion\/"]}]},{"@type":"BreadcrumbList","@id":"https:\/\/www.emplea-te.com\/noticias-oposiciones\/publicadas-las-listas-definitivas-de-admitidos-y-excluidos-en-proceso-selectivo-promocion-interna-de-administracion\/#breadcrumb","itemListElement":[{"@type":"ListItem","position":1,"name":"Noticias Oposiciones","item":"https:\/\/www.emplea-te.com\/noticias-oposiciones\/"},{"@type":"ListItem","position":2,"name":"Publicadas las listas definitivas de admitidos y excluidos en proceso selectivo (promoci\u00f3n interna) de Administraci\u00f3n"}]},{"@type":"WebSite","@id":"https:\/\/www.emplea-te.com\/noticias-oposiciones\/#website","url":"https:\/\/www.emplea-te.com\/noticias-oposiciones\/","name":"Noticas de oposiciones por Academia Emplea-te","description":"Toda la actualidad de las ofertas y convocatorias.","publisher":{"@id":"https:\/\/www.emplea-te.com\/noticias-oposiciones\/#organization"},"potentialAction":[{"@type":"SearchAction","target":{"@type":"EntryPoint","urlTemplate":"https:\/\/www.emplea-te.com\/noticias-oposiciones\/?s={search_term_string}"},"query-input":{"@type":"PropertyValueSpecification","valueRequired":true,"valueName":"search_term_string"}}],"inLanguage":"es"},{"@type":"Organization","@id":"https:\/\/www.emplea-te.com\/noticias-oposiciones\/#organization","name":"Academia de oposiciones Empl\u00e9ate","url":"https:\/\/www.emplea-te.com\/noticias-oposiciones\/","logo":{"@type":"ImageObject","inLanguage":"es","@id":"https:\/\/www.emplea-te.com\/noticias-oposiciones\/#\/schema\/logo\/image\/","url":"https:\/\/www.emplea-te.com\/noticias-oposiciones\/wp-content\/uploads\/2019\/04\/empleate.jpg","contentUrl":"https:\/\/www.emplea-te.com\/noticias-oposiciones\/wp-content\/uploads\/2019\/04\/empleate.jpg","width":250,"height":150,"caption":"Academia de oposiciones Empl\u00e9ate"},"image":{"@id":"https:\/\/www.emplea-te.com\/noticias-oposiciones\/#\/schema\/logo\/image\/"},"sameAs":["https:\/\/www.facebook.com\/AcademiaEmpleate\/","https:\/\/x.com\/Emplea_Te","https:\/\/www.instagram.com\/academia_empleate\/"]},{"@type":"Person","@id":"https:\/\/www.emplea-te.com\/noticias-oposiciones\/#\/schema\/person\/d1bc587e1af2b95e9c32aba1795509a6","name":"Empleate"}]}},"_links":{"self":[{"href":"https:\/\/www.emplea-te.com\/noticias-oposiciones\/wp-json\/wp\/v2\/posts\/1327","targetHints":{"allow":["GET"]}}],"collection":[{"href":"https:\/\/www.emplea-te.com\/noticias-oposiciones\/wp-json\/wp\/v2\/posts"}],"about":[{"href":"https:\/\/www.emplea-te.com\/noticias-oposiciones\/wp-json\/wp\/v2\/types\/post"}],"author":[{"embeddable":true,"href":"https:\/\/www.emplea-te.com\/noticias-oposiciones\/wp-json\/wp\/v2\/users\/1"}],"replies":[{"embeddable":true,"href":"https:\/\/www.emplea-te.com\/noticias-oposiciones\/wp-json\/wp\/v2\/comments?post=1327"}],"version-history":[{"count":0,"href":"https:\/\/www.emplea-te.com\/noticias-oposiciones\/wp-json\/wp\/v2\/posts\/1327\/revisions"}],"wp:attachment":[{"href":"https:\/\/www.emplea-te.com\/noticias-oposiciones\/wp-json\/wp\/v2\/media?parent=1327"}],"wp:term":[{"taxonomy":"category","embeddable":true,"href":"https:\/\/www.emplea-te.com\/noticias-oposiciones\/wp-json\/wp\/v2\/categories?post=1327"},{"taxonomy":"post_tag","embeddable":true,"href":"https:\/\/www.emplea-te.com\/noticias-oposiciones\/wp-json\/wp\/v2\/tags?post=1327"}],"curies":[{"name":"wp","href":"https:\/\/api.w.org\/{rel}","templated":true}]}}