{"id":1329,"date":"2019-02-05T00:00:00","date_gmt":"2019-02-04T23:00:00","guid":{"rendered":"https:\/\/www.emplea-te.com\/noticias-oposiciones\/la-diputacion-de-a-coruna-anuncia-la-extension-de-la-oferta-publica-de-empleo-del-ano-2018\/"},"modified":"2019-02-05T00:00:00","modified_gmt":"2019-02-04T23:00:00","slug":"la-diputacion-de-a-coruna-anuncia-la-extension-de-la-oferta-publica-de-empleo-del-ano-2018","status":"publish","type":"post","link":"https:\/\/www.emplea-te.com\/noticias-oposiciones\/la-diputacion-de-a-coruna-anuncia-la-extension-de-la-oferta-publica-de-empleo-del-ano-2018\/","title":{"rendered":"La Diputaci\u00f3n de A Coru\u00f1a anuncia la extensi\u00f3n de la Oferta P\u00fablica de empleo del a\u00f1o 2018<br>"},"content":{"rendered":"<p>En el DOG n\u00famero 25 de fecha 5 de febrero se anuncia: <\/p>\n<p>&nbsp;La extensi\u00f3n de la oferta p\u00fablica de empleo correspondiente al a\u00f1o 2018 de la Diputaci\u00f3n de A Coru\u00f1a<\/p>\n<p>La Junta de Gobierno, en sesi\u00f3n ordinaria el 18 de enero de 2019, aprob\u00f3 el siguiente acuerdo entre otros: <\/p>\n<p><a href=\"https:\/\/www.xunta.gal\/dog\/Publicados\/2019\/20190205\/AnuncioG1438-300119-0001_gl.html\" target=\"_blank\" rel=\"nofollow noopener noreferrer\"><span class=\"wysiwyg-color-green\">Aprobaci\u00f3n de la extensi\u00f3n de la oferta p\u00fablica de empleo para el a\u00f1o 2018 de la Diputaci\u00f3n de A Coru\u00f1a <\/span><\/a><\/p>\n<p><a href=\"https:\/\/www.emplea-te.com\/53-t%C3%89cnico-de-gesti%C3%93n-de-administracion-general-diputacion-de-a-coru%C3%91a\" target=\"_blank\" rel=\"nofollow noopener noreferrer\"><span class=\"wysiwyg-color-green\">Prepara las oposiciones de la Diputaci\u00f3n de A Coru\u00f1a en nuestros grupos presenciales reducidos <\/span><\/a><\/p>\n","protected":false},"excerpt":{"rendered":"<p>En el DOG n\u00famero 25 de fecha 5 de febrero se anuncia: &nbsp;La extensi\u00f3n de la oferta p\u00fablica de empleo correspondiente al a\u00f1o 2018 de la Diputaci\u00f3n de A Coru\u00f1a La Junta de Gobierno, en sesi\u00f3n ordinaria el 18 de enero de 2019, aprob\u00f3 el siguiente acuerdo entre otros: Aprobaci\u00f3n de la extensi\u00f3n de la &hellip; <a href=\"https:\/\/www.emplea-te.com\/noticias-oposiciones\/la-diputacion-de-a-coruna-anuncia-la-extension-de-la-oferta-publica-de-empleo-del-ano-2018\/\" class=\"more-link\">Continuar leyendo<span class=\"screen-reader-text\"> \u00abLa Diputaci\u00f3n de A Coru\u00f1a anuncia la extensi\u00f3n de la Oferta P\u00fablica de empleo del a\u00f1o 2018<br \/>\u00ab<\/span><\/a><\/p>\n","protected":false},"author":1,"featured_media":0,"comment_status":"open","ping_status":"open","sticky":false,"template":"","format":"standard","meta":{"footnotes":""},"categories":[],"tags":[],"class_list":["post-1329","post","type-post","status-publish","format-standard","hentry"],"yoast_head":"<!-- This site is optimized with the Yoast SEO plugin v27.5 - https:\/\/yoast.com\/product\/yoast-seo-wordpress\/ -->\n<title>La Diputaci\u00f3n de A Coru\u00f1a anuncia la extensi\u00f3n de la Oferta P\u00fablica de empleo del a\u00f1o 2018 - Noticas de oposiciones por Academia Emplea-te<\/title>\n<meta name=\"description\" content=\"En el DOG n\u00famero 25 de fecha 5 de febrero se anuncia: \u00a0La extensi\u00f3n de la oferta p\u00fablica de empleo correspondiente al a\u00f1o 2018 de la Diputaci\u00f3n de A Coru\u00f1a.La Junta de Gobierno, en sesi\u00f3n ordinaria el 18 de enero de 2019, aprob\u00f3 el siguiente acuerdo entre otros: Aprobaci\u00f3n de la extensi\u00f3n de la oferta p\u00fablica de empleo para el a\u00f1o 2018, que se relaciona a continuaci\u00f3n: Enlace a resoluci\u00f3n con la extensi\u00f3n de la OEP 2018 para la Diputaci\u00f3n de A Coru\u00f1a\" \/>\n<meta name=\"robots\" content=\"index, follow, max-snippet:-1, max-image-preview:large, max-video-preview:-1\" \/>\n<link rel=\"canonical\" href=\"https:\/\/www.emplea-te.com\/noticias-oposiciones\/la-diputacion-de-a-coruna-anuncia-la-extension-de-la-oferta-publica-de-empleo-del-ano-2018\/\" \/>\n<meta property=\"og:locale\" content=\"es_ES\" \/>\n<meta property=\"og:type\" content=\"article\" \/>\n<meta property=\"og:title\" content=\"La Diputaci\u00f3n de A Coru\u00f1a anuncia la extensi\u00f3n de la Oferta P\u00fablica de empleo del a\u00f1o 2018 - Noticas de oposiciones por Academia Emplea-te\" \/>\n<meta property=\"og:description\" content=\"En el DOG n\u00famero 25 de fecha 5 de febrero se anuncia: \u00a0La extensi\u00f3n de la oferta p\u00fablica de empleo correspondiente al a\u00f1o 2018 de la Diputaci\u00f3n de A Coru\u00f1a.La Junta de Gobierno, en sesi\u00f3n ordinaria el 18 de enero de 2019, aprob\u00f3 el siguiente acuerdo entre otros: Aprobaci\u00f3n de la extensi\u00f3n de la oferta p\u00fablica de empleo para el a\u00f1o 2018, que se relaciona a continuaci\u00f3n: Enlace a resoluci\u00f3n con la extensi\u00f3n de la OEP 2018 para la Diputaci\u00f3n de A Coru\u00f1a\" \/>\n<meta property=\"og:url\" content=\"https:\/\/www.emplea-te.com\/noticias-oposiciones\/la-diputacion-de-a-coruna-anuncia-la-extension-de-la-oferta-publica-de-empleo-del-ano-2018\/\" \/>\n<meta property=\"og:site_name\" content=\"Noticas de oposiciones por Academia Emplea-te\" \/>\n<meta property=\"article:publisher\" content=\"https:\/\/www.facebook.com\/AcademiaEmpleate\/\" \/>\n<meta property=\"article:published_time\" content=\"2019-02-04T23:00:00+00:00\" \/>\n<meta name=\"author\" content=\"Empleate\" \/>\n<meta name=\"twitter:card\" content=\"summary_large_image\" \/>\n<meta name=\"twitter:creator\" content=\"@Emplea_Te\" \/>\n<meta name=\"twitter:site\" content=\"@Emplea_Te\" \/>\n<meta name=\"twitter:label1\" content=\"Escrito por\" \/>\n\t<meta name=\"twitter:data1\" content=\"Empleate\" \/>\n<script type=\"application\/ld+json\" class=\"yoast-schema-graph\">{\"@context\":\"https:\\\/\\\/schema.org\",\"@graph\":[{\"@type\":\"Article\",\"@id\":\"https:\\\/\\\/www.emplea-te.com\\\/noticias-oposiciones\\\/la-diputacion-de-a-coruna-anuncia-la-extension-de-la-oferta-publica-de-empleo-del-ano-2018\\\/#article\",\"isPartOf\":{\"@id\":\"https:\\\/\\\/www.emplea-te.com\\\/noticias-oposiciones\\\/la-diputacion-de-a-coruna-anuncia-la-extension-de-la-oferta-publica-de-empleo-del-ano-2018\\\/\"},\"author\":{\"name\":\"Empleate\",\"@id\":\"https:\\\/\\\/www.emplea-te.com\\\/noticias-oposiciones\\\/#\\\/schema\\\/person\\\/d1bc587e1af2b95e9c32aba1795509a6\"},\"headline\":\"La Diputaci\u00f3n de A Coru\u00f1a anuncia la extensi\u00f3n de la Oferta P\u00fablica de empleo del a\u00f1o 2018\",\"datePublished\":\"2019-02-04T23:00:00+00:00\",\"mainEntityOfPage\":{\"@id\":\"https:\\\/\\\/www.emplea-te.com\\\/noticias-oposiciones\\\/la-diputacion-de-a-coruna-anuncia-la-extension-de-la-oferta-publica-de-empleo-del-ano-2018\\\/\"},\"wordCount\":114,\"commentCount\":0,\"publisher\":{\"@id\":\"https:\\\/\\\/www.emplea-te.com\\\/noticias-oposiciones\\\/#organization\"},\"inLanguage\":\"es\",\"potentialAction\":[{\"@type\":\"CommentAction\",\"name\":\"Comment\",\"target\":[\"https:\\\/\\\/www.emplea-te.com\\\/noticias-oposiciones\\\/la-diputacion-de-a-coruna-anuncia-la-extension-de-la-oferta-publica-de-empleo-del-ano-2018\\\/#respond\"]}]},{\"@type\":\"WebPage\",\"@id\":\"https:\\\/\\\/www.emplea-te.com\\\/noticias-oposiciones\\\/la-diputacion-de-a-coruna-anuncia-la-extension-de-la-oferta-publica-de-empleo-del-ano-2018\\\/\",\"url\":\"https:\\\/\\\/www.emplea-te.com\\\/noticias-oposiciones\\\/la-diputacion-de-a-coruna-anuncia-la-extension-de-la-oferta-publica-de-empleo-del-ano-2018\\\/\",\"name\":\"La Diputaci\u00f3n de A Coru\u00f1a anuncia la extensi\u00f3n de la Oferta P\u00fablica de empleo del a\u00f1o 2018 - Noticas de oposiciones por Academia Emplea-te\",\"isPartOf\":{\"@id\":\"https:\\\/\\\/www.emplea-te.com\\\/noticias-oposiciones\\\/#website\"},\"datePublished\":\"2019-02-04T23:00:00+00:00\",\"description\":\"En el DOG n\u00famero 25 de fecha 5 de febrero se anuncia: \u00a0La extensi\u00f3n de la oferta p\u00fablica de empleo correspondiente al a\u00f1o 2018 de la Diputaci\u00f3n de A Coru\u00f1a.La Junta de Gobierno, en sesi\u00f3n ordinaria el 18 de enero de 2019, aprob\u00f3 el siguiente acuerdo entre otros: Aprobaci\u00f3n de la extensi\u00f3n de la oferta p\u00fablica de empleo para el a\u00f1o 2018, que se relaciona a continuaci\u00f3n: Enlace a resoluci\u00f3n con la extensi\u00f3n de la OEP 2018 para la Diputaci\u00f3n de A Coru\u00f1a\",\"breadcrumb\":{\"@id\":\"https:\\\/\\\/www.emplea-te.com\\\/noticias-oposiciones\\\/la-diputacion-de-a-coruna-anuncia-la-extension-de-la-oferta-publica-de-empleo-del-ano-2018\\\/#breadcrumb\"},\"inLanguage\":\"es\",\"potentialAction\":[{\"@type\":\"ReadAction\",\"target\":[\"https:\\\/\\\/www.emplea-te.com\\\/noticias-oposiciones\\\/la-diputacion-de-a-coruna-anuncia-la-extension-de-la-oferta-publica-de-empleo-del-ano-2018\\\/\"]}]},{\"@type\":\"BreadcrumbList\",\"@id\":\"https:\\\/\\\/www.emplea-te.com\\\/noticias-oposiciones\\\/la-diputacion-de-a-coruna-anuncia-la-extension-de-la-oferta-publica-de-empleo-del-ano-2018\\\/#breadcrumb\",\"itemListElement\":[{\"@type\":\"ListItem\",\"position\":1,\"name\":\"Noticias Oposiciones\",\"item\":\"https:\\\/\\\/www.emplea-te.com\\\/noticias-oposiciones\\\/\"},{\"@type\":\"ListItem\",\"position\":2,\"name\":\"La Diputaci\u00f3n de A Coru\u00f1a anuncia la extensi\u00f3n de la Oferta P\u00fablica de empleo del a\u00f1o 2018\"}]},{\"@type\":\"WebSite\",\"@id\":\"https:\\\/\\\/www.emplea-te.com\\\/noticias-oposiciones\\\/#website\",\"url\":\"https:\\\/\\\/www.emplea-te.com\\\/noticias-oposiciones\\\/\",\"name\":\"Noticas de oposiciones por Academia Emplea-te\",\"description\":\"Toda la actualidad de las ofertas y convocatorias.\",\"publisher\":{\"@id\":\"https:\\\/\\\/www.emplea-te.com\\\/noticias-oposiciones\\\/#organization\"},\"potentialAction\":[{\"@type\":\"SearchAction\",\"target\":{\"@type\":\"EntryPoint\",\"urlTemplate\":\"https:\\\/\\\/www.emplea-te.com\\\/noticias-oposiciones\\\/?s={search_term_string}\"},\"query-input\":{\"@type\":\"PropertyValueSpecification\",\"valueRequired\":true,\"valueName\":\"search_term_string\"}}],\"inLanguage\":\"es\"},{\"@type\":\"Organization\",\"@id\":\"https:\\\/\\\/www.emplea-te.com\\\/noticias-oposiciones\\\/#organization\",\"name\":\"Academia de oposiciones Empl\u00e9ate\",\"url\":\"https:\\\/\\\/www.emplea-te.com\\\/noticias-oposiciones\\\/\",\"logo\":{\"@type\":\"ImageObject\",\"inLanguage\":\"es\",\"@id\":\"https:\\\/\\\/www.emplea-te.com\\\/noticias-oposiciones\\\/#\\\/schema\\\/logo\\\/image\\\/\",\"url\":\"https:\\\/\\\/www.emplea-te.com\\\/noticias-oposiciones\\\/wp-content\\\/uploads\\\/2019\\\/04\\\/empleate.jpg\",\"contentUrl\":\"https:\\\/\\\/www.emplea-te.com\\\/noticias-oposiciones\\\/wp-content\\\/uploads\\\/2019\\\/04\\\/empleate.jpg\",\"width\":250,\"height\":150,\"caption\":\"Academia de oposiciones Empl\u00e9ate\"},\"image\":{\"@id\":\"https:\\\/\\\/www.emplea-te.com\\\/noticias-oposiciones\\\/#\\\/schema\\\/logo\\\/image\\\/\"},\"sameAs\":[\"https:\\\/\\\/www.facebook.com\\\/AcademiaEmpleate\\\/\",\"https:\\\/\\\/x.com\\\/Emplea_Te\",\"https:\\\/\\\/www.instagram.com\\\/academia_empleate\\\/\"]},{\"@type\":\"Person\",\"@id\":\"https:\\\/\\\/www.emplea-te.com\\\/noticias-oposiciones\\\/#\\\/schema\\\/person\\\/d1bc587e1af2b95e9c32aba1795509a6\",\"name\":\"Empleate\"}]}<\/script>\n<!-- \/ Yoast SEO plugin. -->","yoast_head_json":{"title":"La Diputaci\u00f3n de A Coru\u00f1a anuncia la extensi\u00f3n de la Oferta P\u00fablica de empleo del a\u00f1o 2018 - Noticas de oposiciones por Academia Emplea-te","description":"En el DOG n\u00famero 25 de fecha 5 de febrero se anuncia: \u00a0La extensi\u00f3n de la oferta p\u00fablica de empleo correspondiente al a\u00f1o 2018 de la Diputaci\u00f3n de A Coru\u00f1a.La Junta de Gobierno, en sesi\u00f3n ordinaria el 18 de enero de 2019, aprob\u00f3 el siguiente acuerdo entre otros: Aprobaci\u00f3n de la extensi\u00f3n de la oferta p\u00fablica de empleo para el a\u00f1o 2018, que se relaciona a continuaci\u00f3n: Enlace a resoluci\u00f3n con la extensi\u00f3n de la OEP 2018 para la Diputaci\u00f3n de A Coru\u00f1a","robots":{"index":"index","follow":"follow","max-snippet":"max-snippet:-1","max-image-preview":"max-image-preview:large","max-video-preview":"max-video-preview:-1"},"canonical":"https:\/\/www.emplea-te.com\/noticias-oposiciones\/la-diputacion-de-a-coruna-anuncia-la-extension-de-la-oferta-publica-de-empleo-del-ano-2018\/","og_locale":"es_ES","og_type":"article","og_title":"La Diputaci\u00f3n de A Coru\u00f1a anuncia la extensi\u00f3n de la Oferta P\u00fablica de empleo del a\u00f1o 2018 - Noticas de oposiciones por Academia Emplea-te","og_description":"En el DOG n\u00famero 25 de fecha 5 de febrero se anuncia: \u00a0La extensi\u00f3n de la oferta p\u00fablica de empleo correspondiente al a\u00f1o 2018 de la Diputaci\u00f3n de A Coru\u00f1a.La Junta de Gobierno, en sesi\u00f3n ordinaria el 18 de enero de 2019, aprob\u00f3 el siguiente acuerdo entre otros: Aprobaci\u00f3n de la extensi\u00f3n de la oferta p\u00fablica de empleo para el a\u00f1o 2018, que se relaciona a continuaci\u00f3n: Enlace a resoluci\u00f3n con la extensi\u00f3n de la OEP 2018 para la Diputaci\u00f3n de A Coru\u00f1a","og_url":"https:\/\/www.emplea-te.com\/noticias-oposiciones\/la-diputacion-de-a-coruna-anuncia-la-extension-de-la-oferta-publica-de-empleo-del-ano-2018\/","og_site_name":"Noticas de oposiciones por Academia Emplea-te","article_publisher":"https:\/\/www.facebook.com\/AcademiaEmpleate\/","article_published_time":"2019-02-04T23:00:00+00:00","author":"Empleate","twitter_card":"summary_large_image","twitter_creator":"@Emplea_Te","twitter_site":"@Emplea_Te","twitter_misc":{"Escrito por":"Empleate"},"schema":{"@context":"https:\/\/schema.org","@graph":[{"@type":"Article","@id":"https:\/\/www.emplea-te.com\/noticias-oposiciones\/la-diputacion-de-a-coruna-anuncia-la-extension-de-la-oferta-publica-de-empleo-del-ano-2018\/#article","isPartOf":{"@id":"https:\/\/www.emplea-te.com\/noticias-oposiciones\/la-diputacion-de-a-coruna-anuncia-la-extension-de-la-oferta-publica-de-empleo-del-ano-2018\/"},"author":{"name":"Empleate","@id":"https:\/\/www.emplea-te.com\/noticias-oposiciones\/#\/schema\/person\/d1bc587e1af2b95e9c32aba1795509a6"},"headline":"La Diputaci\u00f3n de A Coru\u00f1a anuncia la extensi\u00f3n de la Oferta P\u00fablica de empleo del a\u00f1o 2018","datePublished":"2019-02-04T23:00:00+00:00","mainEntityOfPage":{"@id":"https:\/\/www.emplea-te.com\/noticias-oposiciones\/la-diputacion-de-a-coruna-anuncia-la-extension-de-la-oferta-publica-de-empleo-del-ano-2018\/"},"wordCount":114,"commentCount":0,"publisher":{"@id":"https:\/\/www.emplea-te.com\/noticias-oposiciones\/#organization"},"inLanguage":"es","potentialAction":[{"@type":"CommentAction","name":"Comment","target":["https:\/\/www.emplea-te.com\/noticias-oposiciones\/la-diputacion-de-a-coruna-anuncia-la-extension-de-la-oferta-publica-de-empleo-del-ano-2018\/#respond"]}]},{"@type":"WebPage","@id":"https:\/\/www.emplea-te.com\/noticias-oposiciones\/la-diputacion-de-a-coruna-anuncia-la-extension-de-la-oferta-publica-de-empleo-del-ano-2018\/","url":"https:\/\/www.emplea-te.com\/noticias-oposiciones\/la-diputacion-de-a-coruna-anuncia-la-extension-de-la-oferta-publica-de-empleo-del-ano-2018\/","name":"La Diputaci\u00f3n de A Coru\u00f1a anuncia la extensi\u00f3n de la Oferta P\u00fablica de empleo del a\u00f1o 2018 - Noticas de oposiciones por Academia Emplea-te","isPartOf":{"@id":"https:\/\/www.emplea-te.com\/noticias-oposiciones\/#website"},"datePublished":"2019-02-04T23:00:00+00:00","description":"En el DOG n\u00famero 25 de fecha 5 de febrero se anuncia: \u00a0La extensi\u00f3n de la oferta p\u00fablica de empleo correspondiente al a\u00f1o 2018 de la Diputaci\u00f3n de A Coru\u00f1a.La Junta de Gobierno, en sesi\u00f3n ordinaria el 18 de enero de 2019, aprob\u00f3 el siguiente acuerdo entre otros: Aprobaci\u00f3n de la extensi\u00f3n de la oferta p\u00fablica de empleo para el a\u00f1o 2018, que se relaciona a continuaci\u00f3n: Enlace a resoluci\u00f3n con la extensi\u00f3n de la OEP 2018 para la Diputaci\u00f3n de A Coru\u00f1a","breadcrumb":{"@id":"https:\/\/www.emplea-te.com\/noticias-oposiciones\/la-diputacion-de-a-coruna-anuncia-la-extension-de-la-oferta-publica-de-empleo-del-ano-2018\/#breadcrumb"},"inLanguage":"es","potentialAction":[{"@type":"ReadAction","target":["https:\/\/www.emplea-te.com\/noticias-oposiciones\/la-diputacion-de-a-coruna-anuncia-la-extension-de-la-oferta-publica-de-empleo-del-ano-2018\/"]}]},{"@type":"BreadcrumbList","@id":"https:\/\/www.emplea-te.com\/noticias-oposiciones\/la-diputacion-de-a-coruna-anuncia-la-extension-de-la-oferta-publica-de-empleo-del-ano-2018\/#breadcrumb","itemListElement":[{"@type":"ListItem","position":1,"name":"Noticias Oposiciones","item":"https:\/\/www.emplea-te.com\/noticias-oposiciones\/"},{"@type":"ListItem","position":2,"name":"La Diputaci\u00f3n de A Coru\u00f1a anuncia la extensi\u00f3n de la Oferta P\u00fablica de empleo del a\u00f1o 2018"}]},{"@type":"WebSite","@id":"https:\/\/www.emplea-te.com\/noticias-oposiciones\/#website","url":"https:\/\/www.emplea-te.com\/noticias-oposiciones\/","name":"Noticas de oposiciones por Academia Emplea-te","description":"Toda la actualidad de las ofertas y convocatorias.","publisher":{"@id":"https:\/\/www.emplea-te.com\/noticias-oposiciones\/#organization"},"potentialAction":[{"@type":"SearchAction","target":{"@type":"EntryPoint","urlTemplate":"https:\/\/www.emplea-te.com\/noticias-oposiciones\/?s={search_term_string}"},"query-input":{"@type":"PropertyValueSpecification","valueRequired":true,"valueName":"search_term_string"}}],"inLanguage":"es"},{"@type":"Organization","@id":"https:\/\/www.emplea-te.com\/noticias-oposiciones\/#organization","name":"Academia de oposiciones Empl\u00e9ate","url":"https:\/\/www.emplea-te.com\/noticias-oposiciones\/","logo":{"@type":"ImageObject","inLanguage":"es","@id":"https:\/\/www.emplea-te.com\/noticias-oposiciones\/#\/schema\/logo\/image\/","url":"https:\/\/www.emplea-te.com\/noticias-oposiciones\/wp-content\/uploads\/2019\/04\/empleate.jpg","contentUrl":"https:\/\/www.emplea-te.com\/noticias-oposiciones\/wp-content\/uploads\/2019\/04\/empleate.jpg","width":250,"height":150,"caption":"Academia de oposiciones Empl\u00e9ate"},"image":{"@id":"https:\/\/www.emplea-te.com\/noticias-oposiciones\/#\/schema\/logo\/image\/"},"sameAs":["https:\/\/www.facebook.com\/AcademiaEmpleate\/","https:\/\/x.com\/Emplea_Te","https:\/\/www.instagram.com\/academia_empleate\/"]},{"@type":"Person","@id":"https:\/\/www.emplea-te.com\/noticias-oposiciones\/#\/schema\/person\/d1bc587e1af2b95e9c32aba1795509a6","name":"Empleate"}]}},"_links":{"self":[{"href":"https:\/\/www.emplea-te.com\/noticias-oposiciones\/wp-json\/wp\/v2\/posts\/1329","targetHints":{"allow":["GET"]}}],"collection":[{"href":"https:\/\/www.emplea-te.com\/noticias-oposiciones\/wp-json\/wp\/v2\/posts"}],"about":[{"href":"https:\/\/www.emplea-te.com\/noticias-oposiciones\/wp-json\/wp\/v2\/types\/post"}],"author":[{"embeddable":true,"href":"https:\/\/www.emplea-te.com\/noticias-oposiciones\/wp-json\/wp\/v2\/users\/1"}],"replies":[{"embeddable":true,"href":"https:\/\/www.emplea-te.com\/noticias-oposiciones\/wp-json\/wp\/v2\/comments?post=1329"}],"version-history":[{"count":0,"href":"https:\/\/www.emplea-te.com\/noticias-oposiciones\/wp-json\/wp\/v2\/posts\/1329\/revisions"}],"wp:attachment":[{"href":"https:\/\/www.emplea-te.com\/noticias-oposiciones\/wp-json\/wp\/v2\/media?parent=1329"}],"wp:term":[{"taxonomy":"category","embeddable":true,"href":"https:\/\/www.emplea-te.com\/noticias-oposiciones\/wp-json\/wp\/v2\/categories?post=1329"},{"taxonomy":"post_tag","embeddable":true,"href":"https:\/\/www.emplea-te.com\/noticias-oposiciones\/wp-json\/wp\/v2\/tags?post=1329"}],"curies":[{"name":"wp","href":"https:\/\/api.w.org\/{rel}","templated":true}]}}