{"id":13341,"date":"2024-10-22T09:55:14","date_gmt":"2024-10-22T07:55:14","guid":{"rendered":"https:\/\/www.emplea-te.com\/noticias-oposiciones\/?p=13341"},"modified":"2024-10-22T09:55:14","modified_gmt":"2024-10-22T07:55:14","slug":"xunta-de-galicia-auxiliar-administrativo-c2-discapacidad-intelectual-relacion-de-aspirantes-que-han-superado-la-fase-de-oposicion","status":"publish","type":"post","link":"https:\/\/www.emplea-te.com\/noticias-oposiciones\/xunta-de-galicia-auxiliar-administrativo-c2-discapacidad-intelectual-relacion-de-aspirantes-que-han-superado-la-fase-de-oposicion\/","title":{"rendered":"Xunta de Galicia. Auxiliar Administrativo C2 (Discapacidad Intelectual). Relaci\u00f3n de aspirantes que han superado la fase de oposici\u00f3n."},"content":{"rendered":"<p>Se publica en el DOG de hoy, d\u00eda 22 de octubre de 2024, la Resoluci\u00f3n\u00a0 de 11 de octubre de 2024, del tribunal designado para juzgar el proceso selectivo para el ingreso, por los turnos de acceso libre y de promoci\u00f3n interna, en el cuerpo auxiliar de la Administraci\u00f3n general de la Comunidad Aut\u00f3noma de Galicia, subgrupo C2, en plazas reservadas para ser cubiertas por personas que acrediten discapacidad intelectual, convocado por la Resoluci\u00f3n de 30 de marzo de 2022 (Diario Oficial de Galicia n\u00famero 65, de 4 de abril), por la que se publica la relaci\u00f3n de aspirantes que superaron la fase de oposici\u00f3n del proceso selectivo.<\/p>\n<p><a href=\"https:\/\/www.xunta.gal\/dog\/Publicados\/2022\/20220404\/AnuncioG0597-280322-0002_es.html\" target=\"_blank\" rel=\"noopener\"><strong>De conformidad con lo dispuesto en la base 3 de la convocatoria<\/strong><\/a>, las personas aspirantes deber\u00e1n realizar un curso selectivo que, igualmente, deber\u00e1n superar con aprovechamiento como requisito indispensable para obtener su nombramiento como personal funcionario de carrera.<\/p>\n<p>El curso selectivo tendr\u00e1 una duraci\u00f3n de 2 meses y se regular\u00e1 mediante una resoluci\u00f3n dictada a tal efecto.<\/p>\n<p><a href=\"https:\/\/www.xunta.gal\/dog\/Publicados\/2022\/20220404\/AnuncioG0597-280322-0002_es.html\" target=\"_blank\" rel=\"noopener\"><strong>De conformidad con lo dispuesto en la base 5.2 de la convocatoria<\/strong><\/a>, las personas aspirantes dispondr\u00e1n de un plazo de 20\u00a0 d\u00edas h\u00e1biles, contados a partir del d\u00eda siguiente al de la publicaci\u00f3n en el Diario oficial de Galicia de esta resoluci\u00f3n, para presentar la documentaci\u00f3n prevista en la citada base.<br \/>\nPor tanto el plazo permanecer\u00e1 abierto desde el d\u00eda 23\/10\/2024 hasta el d\u00eda 20\/11\/2024<\/p>\n<p>\u00a1Enhorabuena!<\/p>\n<p><a href=\"https:\/\/www.xunta.gal\/dog\/Publicados\/2024\/20241022\/AnuncioG0597-111024-0002_es.html\" target=\"_blank\" rel=\"noopener\"><strong>Accede desde este enlace a la Resoluci\u00f3n con su contenido \u00edntegro.\u00a0<\/strong><\/a><\/p>\n<p>&nbsp;<\/p>\n","protected":false},"excerpt":{"rendered":"<p>Se publica en el DOG de hoy, d\u00eda 22 de octubre de 2024, la Resoluci\u00f3n\u00a0 de 11 de octubre de 2024, del tribunal designado para juzgar el proceso selectivo para el ingreso, por los turnos de acceso libre y de promoci\u00f3n interna, en el cuerpo auxiliar de la Administraci\u00f3n general de la Comunidad Aut\u00f3noma de &hellip; <a href=\"https:\/\/www.emplea-te.com\/noticias-oposiciones\/xunta-de-galicia-auxiliar-administrativo-c2-discapacidad-intelectual-relacion-de-aspirantes-que-han-superado-la-fase-de-oposicion\/\" class=\"more-link\">Continuar leyendo<span class=\"screen-reader-text\"> \u00abXunta de Galicia. Auxiliar Administrativo C2 (Discapacidad Intelectual). Relaci\u00f3n de aspirantes que han superado la fase de oposici\u00f3n.\u00bb<\/span><\/a><\/p>\n","protected":false},"author":1,"featured_media":0,"comment_status":"closed","ping_status":"closed","sticky":false,"template":"","format":"standard","meta":{"footnotes":""},"categories":[56,4],"tags":[88,103],"class_list":["post-13341","post","type-post","status-publish","format-standard","hentry","category-oposiciones-autonomicas-galicia","category-oposiciones-xunta","tag-aprobados-proceso-selectivo","tag-informacion-procesos-selectivos"],"yoast_head":"<!-- This site is optimized with the Yoast SEO plugin v27.5 - https:\/\/yoast.com\/product\/yoast-seo-wordpress\/ -->\n<title>Xunta de Galicia. Aux. Administrativo C2 (Discapacidad Intelectual)<\/title>\n<meta name=\"description\" content=\"Xunta de Galicia. Auxiliar Administrativo C2 (Discapacidad Intelectual). Relaci\u00f3n de aspirantes que han superado la fase de oposici\u00f3n.\" \/>\n<meta name=\"robots\" content=\"index, follow, max-snippet:-1, max-image-preview:large, max-video-preview:-1\" \/>\n<link rel=\"canonical\" href=\"https:\/\/www.emplea-te.com\/noticias-oposiciones\/xunta-de-galicia-auxiliar-administrativo-c2-discapacidad-intelectual-relacion-de-aspirantes-que-han-superado-la-fase-de-oposicion\/\" \/>\n<meta property=\"og:locale\" content=\"es_ES\" \/>\n<meta property=\"og:type\" content=\"article\" \/>\n<meta property=\"og:title\" content=\"Xunta de Galicia. Aux. Administrativo C2 (Discapacidad Intelectual)\" \/>\n<meta property=\"og:description\" content=\"Xunta de Galicia. Auxiliar Administrativo C2 (Discapacidad Intelectual). Relaci\u00f3n de aspirantes que han superado la fase de oposici\u00f3n.\" \/>\n<meta property=\"og:url\" content=\"https:\/\/www.emplea-te.com\/noticias-oposiciones\/xunta-de-galicia-auxiliar-administrativo-c2-discapacidad-intelectual-relacion-de-aspirantes-que-han-superado-la-fase-de-oposicion\/\" \/>\n<meta property=\"og:site_name\" content=\"Noticas de oposiciones por Academia Emplea-te\" \/>\n<meta property=\"article:publisher\" content=\"https:\/\/www.facebook.com\/AcademiaEmpleate\/\" \/>\n<meta property=\"article:published_time\" content=\"2024-10-22T07:55:14+00:00\" \/>\n<meta name=\"author\" content=\"Empleate\" \/>\n<meta name=\"twitter:card\" content=\"summary_large_image\" \/>\n<meta name=\"twitter:creator\" content=\"@Emplea_Te\" \/>\n<meta name=\"twitter:site\" content=\"@Emplea_Te\" \/>\n<meta name=\"twitter:label1\" content=\"Escrito por\" \/>\n\t<meta name=\"twitter:data1\" content=\"Empleate\" \/>\n\t<meta name=\"twitter:label2\" content=\"Tiempo de lectura\" \/>\n\t<meta name=\"twitter:data2\" content=\"2 minutos\" \/>\n<script type=\"application\/ld+json\" class=\"yoast-schema-graph\">{\"@context\":\"https:\\\/\\\/schema.org\",\"@graph\":[{\"@type\":\"Article\",\"@id\":\"https:\\\/\\\/www.emplea-te.com\\\/noticias-oposiciones\\\/xunta-de-galicia-auxiliar-administrativo-c2-discapacidad-intelectual-relacion-de-aspirantes-que-han-superado-la-fase-de-oposicion\\\/#article\",\"isPartOf\":{\"@id\":\"https:\\\/\\\/www.emplea-te.com\\\/noticias-oposiciones\\\/xunta-de-galicia-auxiliar-administrativo-c2-discapacidad-intelectual-relacion-de-aspirantes-que-han-superado-la-fase-de-oposicion\\\/\"},\"author\":{\"name\":\"Empleate\",\"@id\":\"https:\\\/\\\/www.emplea-te.com\\\/noticias-oposiciones\\\/#\\\/schema\\\/person\\\/d1bc587e1af2b95e9c32aba1795509a6\"},\"headline\":\"Xunta de Galicia. Auxiliar Administrativo C2 (Discapacidad Intelectual). Relaci\u00f3n de aspirantes que han superado la fase de oposici\u00f3n.\",\"datePublished\":\"2024-10-22T07:55:14+00:00\",\"mainEntityOfPage\":{\"@id\":\"https:\\\/\\\/www.emplea-te.com\\\/noticias-oposiciones\\\/xunta-de-galicia-auxiliar-administrativo-c2-discapacidad-intelectual-relacion-de-aspirantes-que-han-superado-la-fase-de-oposicion\\\/\"},\"wordCount\":272,\"publisher\":{\"@id\":\"https:\\\/\\\/www.emplea-te.com\\\/noticias-oposiciones\\\/#organization\"},\"keywords\":[\"Aprobados proceso selectivo\",\"Informaci\u00f3n procesos selectivos\"],\"articleSection\":[\"Oposiciones Auton\u00f3micas Galicia\",\"Oposiciones Xunta\"],\"inLanguage\":\"es\"},{\"@type\":\"WebPage\",\"@id\":\"https:\\\/\\\/www.emplea-te.com\\\/noticias-oposiciones\\\/xunta-de-galicia-auxiliar-administrativo-c2-discapacidad-intelectual-relacion-de-aspirantes-que-han-superado-la-fase-de-oposicion\\\/\",\"url\":\"https:\\\/\\\/www.emplea-te.com\\\/noticias-oposiciones\\\/xunta-de-galicia-auxiliar-administrativo-c2-discapacidad-intelectual-relacion-de-aspirantes-que-han-superado-la-fase-de-oposicion\\\/\",\"name\":\"Xunta de Galicia. Aux. Administrativo C2 (Discapacidad Intelectual)\",\"isPartOf\":{\"@id\":\"https:\\\/\\\/www.emplea-te.com\\\/noticias-oposiciones\\\/#website\"},\"datePublished\":\"2024-10-22T07:55:14+00:00\",\"description\":\"Xunta de Galicia. Auxiliar Administrativo C2 (Discapacidad Intelectual). Relaci\u00f3n de aspirantes que han superado la fase de oposici\u00f3n.\",\"breadcrumb\":{\"@id\":\"https:\\\/\\\/www.emplea-te.com\\\/noticias-oposiciones\\\/xunta-de-galicia-auxiliar-administrativo-c2-discapacidad-intelectual-relacion-de-aspirantes-que-han-superado-la-fase-de-oposicion\\\/#breadcrumb\"},\"inLanguage\":\"es\",\"potentialAction\":[{\"@type\":\"ReadAction\",\"target\":[\"https:\\\/\\\/www.emplea-te.com\\\/noticias-oposiciones\\\/xunta-de-galicia-auxiliar-administrativo-c2-discapacidad-intelectual-relacion-de-aspirantes-que-han-superado-la-fase-de-oposicion\\\/\"]}]},{\"@type\":\"BreadcrumbList\",\"@id\":\"https:\\\/\\\/www.emplea-te.com\\\/noticias-oposiciones\\\/xunta-de-galicia-auxiliar-administrativo-c2-discapacidad-intelectual-relacion-de-aspirantes-que-han-superado-la-fase-de-oposicion\\\/#breadcrumb\",\"itemListElement\":[{\"@type\":\"ListItem\",\"position\":1,\"name\":\"Noticias Oposiciones\",\"item\":\"https:\\\/\\\/www.emplea-te.com\\\/noticias-oposiciones\\\/\"},{\"@type\":\"ListItem\",\"position\":2,\"name\":\"Oposiciones Xunta\",\"item\":\"https:\\\/\\\/www.emplea-te.com\\\/noticias-oposiciones\\\/categoria\\\/oposiciones-xunta\\\/\"},{\"@type\":\"ListItem\",\"position\":3,\"name\":\"Xunta de Galicia. Auxiliar Administrativo C2 (Discapacidad Intelectual). Relaci\u00f3n de aspirantes que han superado la fase de oposici\u00f3n.\"}]},{\"@type\":\"WebSite\",\"@id\":\"https:\\\/\\\/www.emplea-te.com\\\/noticias-oposiciones\\\/#website\",\"url\":\"https:\\\/\\\/www.emplea-te.com\\\/noticias-oposiciones\\\/\",\"name\":\"Noticas de oposiciones por Academia Emplea-te\",\"description\":\"Toda la actualidad de las ofertas y convocatorias.\",\"publisher\":{\"@id\":\"https:\\\/\\\/www.emplea-te.com\\\/noticias-oposiciones\\\/#organization\"},\"potentialAction\":[{\"@type\":\"SearchAction\",\"target\":{\"@type\":\"EntryPoint\",\"urlTemplate\":\"https:\\\/\\\/www.emplea-te.com\\\/noticias-oposiciones\\\/?s={search_term_string}\"},\"query-input\":{\"@type\":\"PropertyValueSpecification\",\"valueRequired\":true,\"valueName\":\"search_term_string\"}}],\"inLanguage\":\"es\"},{\"@type\":\"Organization\",\"@id\":\"https:\\\/\\\/www.emplea-te.com\\\/noticias-oposiciones\\\/#organization\",\"name\":\"Academia de oposiciones Empl\u00e9ate\",\"url\":\"https:\\\/\\\/www.emplea-te.com\\\/noticias-oposiciones\\\/\",\"logo\":{\"@type\":\"ImageObject\",\"inLanguage\":\"es\",\"@id\":\"https:\\\/\\\/www.emplea-te.com\\\/noticias-oposiciones\\\/#\\\/schema\\\/logo\\\/image\\\/\",\"url\":\"https:\\\/\\\/www.emplea-te.com\\\/noticias-oposiciones\\\/wp-content\\\/uploads\\\/2019\\\/04\\\/empleate.jpg\",\"contentUrl\":\"https:\\\/\\\/www.emplea-te.com\\\/noticias-oposiciones\\\/wp-content\\\/uploads\\\/2019\\\/04\\\/empleate.jpg\",\"width\":250,\"height\":150,\"caption\":\"Academia de oposiciones Empl\u00e9ate\"},\"image\":{\"@id\":\"https:\\\/\\\/www.emplea-te.com\\\/noticias-oposiciones\\\/#\\\/schema\\\/logo\\\/image\\\/\"},\"sameAs\":[\"https:\\\/\\\/www.facebook.com\\\/AcademiaEmpleate\\\/\",\"https:\\\/\\\/x.com\\\/Emplea_Te\",\"https:\\\/\\\/www.instagram.com\\\/academia_empleate\\\/\"]},{\"@type\":\"Person\",\"@id\":\"https:\\\/\\\/www.emplea-te.com\\\/noticias-oposiciones\\\/#\\\/schema\\\/person\\\/d1bc587e1af2b95e9c32aba1795509a6\",\"name\":\"Empleate\"}]}<\/script>\n<!-- \/ Yoast SEO plugin. -->","yoast_head_json":{"title":"Xunta de Galicia. Aux. Administrativo C2 (Discapacidad Intelectual)","description":"Xunta de Galicia. Auxiliar Administrativo C2 (Discapacidad Intelectual). Relaci\u00f3n de aspirantes que han superado la fase de oposici\u00f3n.","robots":{"index":"index","follow":"follow","max-snippet":"max-snippet:-1","max-image-preview":"max-image-preview:large","max-video-preview":"max-video-preview:-1"},"canonical":"https:\/\/www.emplea-te.com\/noticias-oposiciones\/xunta-de-galicia-auxiliar-administrativo-c2-discapacidad-intelectual-relacion-de-aspirantes-que-han-superado-la-fase-de-oposicion\/","og_locale":"es_ES","og_type":"article","og_title":"Xunta de Galicia. Aux. Administrativo C2 (Discapacidad Intelectual)","og_description":"Xunta de Galicia. Auxiliar Administrativo C2 (Discapacidad Intelectual). Relaci\u00f3n de aspirantes que han superado la fase de oposici\u00f3n.","og_url":"https:\/\/www.emplea-te.com\/noticias-oposiciones\/xunta-de-galicia-auxiliar-administrativo-c2-discapacidad-intelectual-relacion-de-aspirantes-que-han-superado-la-fase-de-oposicion\/","og_site_name":"Noticas de oposiciones por Academia Emplea-te","article_publisher":"https:\/\/www.facebook.com\/AcademiaEmpleate\/","article_published_time":"2024-10-22T07:55:14+00:00","author":"Empleate","twitter_card":"summary_large_image","twitter_creator":"@Emplea_Te","twitter_site":"@Emplea_Te","twitter_misc":{"Escrito por":"Empleate","Tiempo de lectura":"2 minutos"},"schema":{"@context":"https:\/\/schema.org","@graph":[{"@type":"Article","@id":"https:\/\/www.emplea-te.com\/noticias-oposiciones\/xunta-de-galicia-auxiliar-administrativo-c2-discapacidad-intelectual-relacion-de-aspirantes-que-han-superado-la-fase-de-oposicion\/#article","isPartOf":{"@id":"https:\/\/www.emplea-te.com\/noticias-oposiciones\/xunta-de-galicia-auxiliar-administrativo-c2-discapacidad-intelectual-relacion-de-aspirantes-que-han-superado-la-fase-de-oposicion\/"},"author":{"name":"Empleate","@id":"https:\/\/www.emplea-te.com\/noticias-oposiciones\/#\/schema\/person\/d1bc587e1af2b95e9c32aba1795509a6"},"headline":"Xunta de Galicia. Auxiliar Administrativo C2 (Discapacidad Intelectual). Relaci\u00f3n de aspirantes que han superado la fase de oposici\u00f3n.","datePublished":"2024-10-22T07:55:14+00:00","mainEntityOfPage":{"@id":"https:\/\/www.emplea-te.com\/noticias-oposiciones\/xunta-de-galicia-auxiliar-administrativo-c2-discapacidad-intelectual-relacion-de-aspirantes-que-han-superado-la-fase-de-oposicion\/"},"wordCount":272,"publisher":{"@id":"https:\/\/www.emplea-te.com\/noticias-oposiciones\/#organization"},"keywords":["Aprobados proceso selectivo","Informaci\u00f3n procesos selectivos"],"articleSection":["Oposiciones Auton\u00f3micas Galicia","Oposiciones Xunta"],"inLanguage":"es"},{"@type":"WebPage","@id":"https:\/\/www.emplea-te.com\/noticias-oposiciones\/xunta-de-galicia-auxiliar-administrativo-c2-discapacidad-intelectual-relacion-de-aspirantes-que-han-superado-la-fase-de-oposicion\/","url":"https:\/\/www.emplea-te.com\/noticias-oposiciones\/xunta-de-galicia-auxiliar-administrativo-c2-discapacidad-intelectual-relacion-de-aspirantes-que-han-superado-la-fase-de-oposicion\/","name":"Xunta de Galicia. Aux. Administrativo C2 (Discapacidad Intelectual)","isPartOf":{"@id":"https:\/\/www.emplea-te.com\/noticias-oposiciones\/#website"},"datePublished":"2024-10-22T07:55:14+00:00","description":"Xunta de Galicia. Auxiliar Administrativo C2 (Discapacidad Intelectual). Relaci\u00f3n de aspirantes que han superado la fase de oposici\u00f3n.","breadcrumb":{"@id":"https:\/\/www.emplea-te.com\/noticias-oposiciones\/xunta-de-galicia-auxiliar-administrativo-c2-discapacidad-intelectual-relacion-de-aspirantes-que-han-superado-la-fase-de-oposicion\/#breadcrumb"},"inLanguage":"es","potentialAction":[{"@type":"ReadAction","target":["https:\/\/www.emplea-te.com\/noticias-oposiciones\/xunta-de-galicia-auxiliar-administrativo-c2-discapacidad-intelectual-relacion-de-aspirantes-que-han-superado-la-fase-de-oposicion\/"]}]},{"@type":"BreadcrumbList","@id":"https:\/\/www.emplea-te.com\/noticias-oposiciones\/xunta-de-galicia-auxiliar-administrativo-c2-discapacidad-intelectual-relacion-de-aspirantes-que-han-superado-la-fase-de-oposicion\/#breadcrumb","itemListElement":[{"@type":"ListItem","position":1,"name":"Noticias Oposiciones","item":"https:\/\/www.emplea-te.com\/noticias-oposiciones\/"},{"@type":"ListItem","position":2,"name":"Oposiciones Xunta","item":"https:\/\/www.emplea-te.com\/noticias-oposiciones\/categoria\/oposiciones-xunta\/"},{"@type":"ListItem","position":3,"name":"Xunta de Galicia. Auxiliar Administrativo C2 (Discapacidad Intelectual). Relaci\u00f3n de aspirantes que han superado la fase de oposici\u00f3n."}]},{"@type":"WebSite","@id":"https:\/\/www.emplea-te.com\/noticias-oposiciones\/#website","url":"https:\/\/www.emplea-te.com\/noticias-oposiciones\/","name":"Noticas de oposiciones por Academia Emplea-te","description":"Toda la actualidad de las ofertas y convocatorias.","publisher":{"@id":"https:\/\/www.emplea-te.com\/noticias-oposiciones\/#organization"},"potentialAction":[{"@type":"SearchAction","target":{"@type":"EntryPoint","urlTemplate":"https:\/\/www.emplea-te.com\/noticias-oposiciones\/?s={search_term_string}"},"query-input":{"@type":"PropertyValueSpecification","valueRequired":true,"valueName":"search_term_string"}}],"inLanguage":"es"},{"@type":"Organization","@id":"https:\/\/www.emplea-te.com\/noticias-oposiciones\/#organization","name":"Academia de oposiciones Empl\u00e9ate","url":"https:\/\/www.emplea-te.com\/noticias-oposiciones\/","logo":{"@type":"ImageObject","inLanguage":"es","@id":"https:\/\/www.emplea-te.com\/noticias-oposiciones\/#\/schema\/logo\/image\/","url":"https:\/\/www.emplea-te.com\/noticias-oposiciones\/wp-content\/uploads\/2019\/04\/empleate.jpg","contentUrl":"https:\/\/www.emplea-te.com\/noticias-oposiciones\/wp-content\/uploads\/2019\/04\/empleate.jpg","width":250,"height":150,"caption":"Academia de oposiciones Empl\u00e9ate"},"image":{"@id":"https:\/\/www.emplea-te.com\/noticias-oposiciones\/#\/schema\/logo\/image\/"},"sameAs":["https:\/\/www.facebook.com\/AcademiaEmpleate\/","https:\/\/x.com\/Emplea_Te","https:\/\/www.instagram.com\/academia_empleate\/"]},{"@type":"Person","@id":"https:\/\/www.emplea-te.com\/noticias-oposiciones\/#\/schema\/person\/d1bc587e1af2b95e9c32aba1795509a6","name":"Empleate"}]}},"_links":{"self":[{"href":"https:\/\/www.emplea-te.com\/noticias-oposiciones\/wp-json\/wp\/v2\/posts\/13341","targetHints":{"allow":["GET"]}}],"collection":[{"href":"https:\/\/www.emplea-te.com\/noticias-oposiciones\/wp-json\/wp\/v2\/posts"}],"about":[{"href":"https:\/\/www.emplea-te.com\/noticias-oposiciones\/wp-json\/wp\/v2\/types\/post"}],"author":[{"embeddable":true,"href":"https:\/\/www.emplea-te.com\/noticias-oposiciones\/wp-json\/wp\/v2\/users\/1"}],"replies":[{"embeddable":true,"href":"https:\/\/www.emplea-te.com\/noticias-oposiciones\/wp-json\/wp\/v2\/comments?post=13341"}],"version-history":[{"count":1,"href":"https:\/\/www.emplea-te.com\/noticias-oposiciones\/wp-json\/wp\/v2\/posts\/13341\/revisions"}],"predecessor-version":[{"id":13342,"href":"https:\/\/www.emplea-te.com\/noticias-oposiciones\/wp-json\/wp\/v2\/posts\/13341\/revisions\/13342"}],"wp:attachment":[{"href":"https:\/\/www.emplea-te.com\/noticias-oposiciones\/wp-json\/wp\/v2\/media?parent=13341"}],"wp:term":[{"taxonomy":"category","embeddable":true,"href":"https:\/\/www.emplea-te.com\/noticias-oposiciones\/wp-json\/wp\/v2\/categories?post=13341"},{"taxonomy":"post_tag","embeddable":true,"href":"https:\/\/www.emplea-te.com\/noticias-oposiciones\/wp-json\/wp\/v2\/tags?post=13341"}],"curies":[{"name":"wp","href":"https:\/\/api.w.org\/{rel}","templated":true}]}}