{"id":1336,"date":"2019-02-07T00:00:00","date_gmt":"2019-02-06T23:00:00","guid":{"rendered":"https:\/\/www.emplea-te.com\/noticias-oposiciones\/convocatoria-cuerpo-general-administrativo-de-35-plazas-especialidad-trafico-sistema-acceso-libre\/"},"modified":"2019-02-07T00:00:00","modified_gmt":"2019-02-06T23:00:00","slug":"convocatoria-cuerpo-general-administrativo-de-35-plazas-especialidad-trafico-sistema-acceso-libre","status":"publish","type":"post","link":"https:\/\/www.emplea-te.com\/noticias-oposiciones\/convocatoria-cuerpo-general-administrativo-de-35-plazas-especialidad-trafico-sistema-acceso-libre\/","title":{"rendered":"Convocatoria &nbsp;Cuerpo General Administrativo de 35 plazas&nbsp;especialidad tr\u00e1fico sistema acceso libre. <br>"},"content":{"rendered":"<p>Se publica hoy en el BOE n\u00famero 33 de fecha 7 de febrero la convocatoria de 35 plazas en el Cuerpo General Administrativo (especialidad tr\u00e1fico) por el sistema de acceso libre.<\/p>\n<p>Quienes deseen participar en estas pruebas selectivas deber\u00e1n cumplimentar electr\u00f3nicamente la solicitud de admisi\u00f3n a pruebas selectivas en el modelo oficial 790, al que se accede a trav\u00e9s del Punto de Acceso General en la URL: <\/p>\n<p><a href=\"http:\/\/administracion.gob.es\/PAG\/ips\" target=\"\" rel=\"noopener noreferrer\"><span class=\"wysiwyg-color-green\">http:\/\/administracion.gob.es\/PAG\/ips<\/span><\/a><span class=\"wysiwyg-color-green\">.<\/span><\/p>\n<p><span class=\"wysiwyg-color-green\"><\/span><\/p>\n<p>Los interesados dispondr\u00e1n de un plazo de veinte d\u00edas h\u00e1biles contados a partir del d\u00eda siguiente al de la fecha de publicaci\u00f3n de esta convocatoria en el \u00abBolet\u00edn Oficial del Estado\u00bb para presentar la solicitud (modelo 790) cumplimentada electr\u00f3nicamente en la forma establecida en las bases 5.4 y 5.6.<\/p>\n<p><a href=\"https:\/\/www.boe.es\/diario_boe\/txt.php?id=BOE-A-2019-1650\" target=\"_blank\" rel=\"nofollow noopener noreferrer\"><span class=\"wysiwyg-color-green\">Enlace a resoluci\u00f3n <\/span><\/a><\/p>\n","protected":false},"excerpt":{"rendered":"<p>Se publica hoy en el BOE n\u00famero 33 de fecha 7 de febrero la convocatoria de 35 plazas en el Cuerpo General Administrativo (especialidad tr\u00e1fico) por el sistema de acceso libre. Quienes deseen participar en estas pruebas selectivas deber\u00e1n cumplimentar electr\u00f3nicamente la solicitud de admisi\u00f3n a pruebas selectivas en el modelo oficial 790, al que &hellip; <a href=\"https:\/\/www.emplea-te.com\/noticias-oposiciones\/convocatoria-cuerpo-general-administrativo-de-35-plazas-especialidad-trafico-sistema-acceso-libre\/\" class=\"more-link\">Continuar leyendo<span class=\"screen-reader-text\"> \u00abConvocatoria &nbsp;Cuerpo General Administrativo de 35 plazas&nbsp;especialidad tr\u00e1fico sistema acceso libre. <br \/>\u00ab<\/span><\/a><\/p>\n","protected":false},"author":1,"featured_media":0,"comment_status":"open","ping_status":"open","sticky":false,"template":"","format":"standard","meta":{"footnotes":""},"categories":[],"tags":[],"class_list":["post-1336","post","type-post","status-publish","format-standard","hentry"],"yoast_head":"<!-- This site is optimized with the Yoast SEO plugin v27.5 - https:\/\/yoast.com\/product\/yoast-seo-wordpress\/ -->\n<title>Convocatoria &nbsp;Cuerpo General Administrativo de 35 plazas&nbsp;especialidad tr\u00e1fico sistema acceso libre.  - Noticas de oposiciones por Academia Emplea-te<\/title>\n<meta name=\"description\" content=\"\u00a0Se publica hoy en el BOE n\u00famero 33 de fecha 7 de febrero la convocatoria de 35 plazas en el Cuerpo General Administrativo (especialidad tr\u00e1fico) por el sistema de acceso libre. Enlace a resoluci\u00f3n\" \/>\n<meta name=\"robots\" content=\"index, follow, max-snippet:-1, max-image-preview:large, max-video-preview:-1\" \/>\n<link rel=\"canonical\" href=\"https:\/\/www.emplea-te.com\/noticias-oposiciones\/convocatoria-cuerpo-general-administrativo-de-35-plazas-especialidad-trafico-sistema-acceso-libre\/\" \/>\n<meta property=\"og:locale\" content=\"es_ES\" \/>\n<meta property=\"og:type\" content=\"article\" \/>\n<meta property=\"og:title\" content=\"Convocatoria &nbsp;Cuerpo General Administrativo de 35 plazas&nbsp;especialidad tr\u00e1fico sistema acceso libre.  - Noticas de oposiciones por Academia Emplea-te\" \/>\n<meta property=\"og:description\" content=\"\u00a0Se publica hoy en el BOE n\u00famero 33 de fecha 7 de febrero la convocatoria de 35 plazas en el Cuerpo General Administrativo (especialidad tr\u00e1fico) por el sistema de acceso libre. Enlace a resoluci\u00f3n\" \/>\n<meta property=\"og:url\" content=\"https:\/\/www.emplea-te.com\/noticias-oposiciones\/convocatoria-cuerpo-general-administrativo-de-35-plazas-especialidad-trafico-sistema-acceso-libre\/\" \/>\n<meta property=\"og:site_name\" content=\"Noticas de oposiciones por Academia Emplea-te\" \/>\n<meta property=\"article:publisher\" content=\"https:\/\/www.facebook.com\/AcademiaEmpleate\/\" \/>\n<meta property=\"article:published_time\" content=\"2019-02-06T23:00:00+00:00\" \/>\n<meta name=\"author\" content=\"Empleate\" \/>\n<meta name=\"twitter:card\" content=\"summary_large_image\" \/>\n<meta name=\"twitter:creator\" content=\"@Emplea_Te\" \/>\n<meta name=\"twitter:site\" content=\"@Emplea_Te\" \/>\n<meta name=\"twitter:label1\" content=\"Escrito por\" \/>\n\t<meta name=\"twitter:data1\" content=\"Empleate\" \/>\n\t<meta name=\"twitter:label2\" content=\"Tiempo de lectura\" \/>\n\t<meta name=\"twitter:data2\" content=\"1 minuto\" \/>\n<script type=\"application\/ld+json\" class=\"yoast-schema-graph\">{\"@context\":\"https:\\\/\\\/schema.org\",\"@graph\":[{\"@type\":\"Article\",\"@id\":\"https:\\\/\\\/www.emplea-te.com\\\/noticias-oposiciones\\\/convocatoria-cuerpo-general-administrativo-de-35-plazas-especialidad-trafico-sistema-acceso-libre\\\/#article\",\"isPartOf\":{\"@id\":\"https:\\\/\\\/www.emplea-te.com\\\/noticias-oposiciones\\\/convocatoria-cuerpo-general-administrativo-de-35-plazas-especialidad-trafico-sistema-acceso-libre\\\/\"},\"author\":{\"name\":\"Empleate\",\"@id\":\"https:\\\/\\\/www.emplea-te.com\\\/noticias-oposiciones\\\/#\\\/schema\\\/person\\\/d1bc587e1af2b95e9c32aba1795509a6\"},\"headline\":\"Convocatoria &nbsp;Cuerpo General Administrativo de 35 plazas&nbsp;especialidad tr\u00e1fico sistema acceso libre.\",\"datePublished\":\"2019-02-06T23:00:00+00:00\",\"mainEntityOfPage\":{\"@id\":\"https:\\\/\\\/www.emplea-te.com\\\/noticias-oposiciones\\\/convocatoria-cuerpo-general-administrativo-de-35-plazas-especialidad-trafico-sistema-acceso-libre\\\/\"},\"wordCount\":146,\"commentCount\":0,\"publisher\":{\"@id\":\"https:\\\/\\\/www.emplea-te.com\\\/noticias-oposiciones\\\/#organization\"},\"inLanguage\":\"es\",\"potentialAction\":[{\"@type\":\"CommentAction\",\"name\":\"Comment\",\"target\":[\"https:\\\/\\\/www.emplea-te.com\\\/noticias-oposiciones\\\/convocatoria-cuerpo-general-administrativo-de-35-plazas-especialidad-trafico-sistema-acceso-libre\\\/#respond\"]}]},{\"@type\":\"WebPage\",\"@id\":\"https:\\\/\\\/www.emplea-te.com\\\/noticias-oposiciones\\\/convocatoria-cuerpo-general-administrativo-de-35-plazas-especialidad-trafico-sistema-acceso-libre\\\/\",\"url\":\"https:\\\/\\\/www.emplea-te.com\\\/noticias-oposiciones\\\/convocatoria-cuerpo-general-administrativo-de-35-plazas-especialidad-trafico-sistema-acceso-libre\\\/\",\"name\":\"Convocatoria &nbsp;Cuerpo General Administrativo de 35 plazas&nbsp;especialidad tr\u00e1fico sistema acceso libre. - Noticas de oposiciones por Academia Emplea-te\",\"isPartOf\":{\"@id\":\"https:\\\/\\\/www.emplea-te.com\\\/noticias-oposiciones\\\/#website\"},\"datePublished\":\"2019-02-06T23:00:00+00:00\",\"description\":\"\u00a0Se publica hoy en el BOE n\u00famero 33 de fecha 7 de febrero la convocatoria de 35 plazas en el Cuerpo General Administrativo (especialidad tr\u00e1fico) por el sistema de acceso libre. Enlace a resoluci\u00f3n\",\"breadcrumb\":{\"@id\":\"https:\\\/\\\/www.emplea-te.com\\\/noticias-oposiciones\\\/convocatoria-cuerpo-general-administrativo-de-35-plazas-especialidad-trafico-sistema-acceso-libre\\\/#breadcrumb\"},\"inLanguage\":\"es\",\"potentialAction\":[{\"@type\":\"ReadAction\",\"target\":[\"https:\\\/\\\/www.emplea-te.com\\\/noticias-oposiciones\\\/convocatoria-cuerpo-general-administrativo-de-35-plazas-especialidad-trafico-sistema-acceso-libre\\\/\"]}]},{\"@type\":\"BreadcrumbList\",\"@id\":\"https:\\\/\\\/www.emplea-te.com\\\/noticias-oposiciones\\\/convocatoria-cuerpo-general-administrativo-de-35-plazas-especialidad-trafico-sistema-acceso-libre\\\/#breadcrumb\",\"itemListElement\":[{\"@type\":\"ListItem\",\"position\":1,\"name\":\"Noticias Oposiciones\",\"item\":\"https:\\\/\\\/www.emplea-te.com\\\/noticias-oposiciones\\\/\"},{\"@type\":\"ListItem\",\"position\":2,\"name\":\"Convocatoria &nbsp;Cuerpo General Administrativo de 35 plazas&nbsp;especialidad tr\u00e1fico sistema acceso libre.\"}]},{\"@type\":\"WebSite\",\"@id\":\"https:\\\/\\\/www.emplea-te.com\\\/noticias-oposiciones\\\/#website\",\"url\":\"https:\\\/\\\/www.emplea-te.com\\\/noticias-oposiciones\\\/\",\"name\":\"Noticas de oposiciones por Academia Emplea-te\",\"description\":\"Toda la actualidad de las ofertas y convocatorias.\",\"publisher\":{\"@id\":\"https:\\\/\\\/www.emplea-te.com\\\/noticias-oposiciones\\\/#organization\"},\"potentialAction\":[{\"@type\":\"SearchAction\",\"target\":{\"@type\":\"EntryPoint\",\"urlTemplate\":\"https:\\\/\\\/www.emplea-te.com\\\/noticias-oposiciones\\\/?s={search_term_string}\"},\"query-input\":{\"@type\":\"PropertyValueSpecification\",\"valueRequired\":true,\"valueName\":\"search_term_string\"}}],\"inLanguage\":\"es\"},{\"@type\":\"Organization\",\"@id\":\"https:\\\/\\\/www.emplea-te.com\\\/noticias-oposiciones\\\/#organization\",\"name\":\"Academia de oposiciones Empl\u00e9ate\",\"url\":\"https:\\\/\\\/www.emplea-te.com\\\/noticias-oposiciones\\\/\",\"logo\":{\"@type\":\"ImageObject\",\"inLanguage\":\"es\",\"@id\":\"https:\\\/\\\/www.emplea-te.com\\\/noticias-oposiciones\\\/#\\\/schema\\\/logo\\\/image\\\/\",\"url\":\"https:\\\/\\\/www.emplea-te.com\\\/noticias-oposiciones\\\/wp-content\\\/uploads\\\/2019\\\/04\\\/empleate.jpg\",\"contentUrl\":\"https:\\\/\\\/www.emplea-te.com\\\/noticias-oposiciones\\\/wp-content\\\/uploads\\\/2019\\\/04\\\/empleate.jpg\",\"width\":250,\"height\":150,\"caption\":\"Academia de oposiciones Empl\u00e9ate\"},\"image\":{\"@id\":\"https:\\\/\\\/www.emplea-te.com\\\/noticias-oposiciones\\\/#\\\/schema\\\/logo\\\/image\\\/\"},\"sameAs\":[\"https:\\\/\\\/www.facebook.com\\\/AcademiaEmpleate\\\/\",\"https:\\\/\\\/x.com\\\/Emplea_Te\",\"https:\\\/\\\/www.instagram.com\\\/academia_empleate\\\/\"]},{\"@type\":\"Person\",\"@id\":\"https:\\\/\\\/www.emplea-te.com\\\/noticias-oposiciones\\\/#\\\/schema\\\/person\\\/d1bc587e1af2b95e9c32aba1795509a6\",\"name\":\"Empleate\"}]}<\/script>\n<!-- \/ Yoast SEO plugin. -->","yoast_head_json":{"title":"Convocatoria &nbsp;Cuerpo General Administrativo de 35 plazas&nbsp;especialidad tr\u00e1fico sistema acceso libre.  - Noticas de oposiciones por Academia Emplea-te","description":"\u00a0Se publica hoy en el BOE n\u00famero 33 de fecha 7 de febrero la convocatoria de 35 plazas en el Cuerpo General Administrativo (especialidad tr\u00e1fico) por el sistema de acceso libre. Enlace a resoluci\u00f3n","robots":{"index":"index","follow":"follow","max-snippet":"max-snippet:-1","max-image-preview":"max-image-preview:large","max-video-preview":"max-video-preview:-1"},"canonical":"https:\/\/www.emplea-te.com\/noticias-oposiciones\/convocatoria-cuerpo-general-administrativo-de-35-plazas-especialidad-trafico-sistema-acceso-libre\/","og_locale":"es_ES","og_type":"article","og_title":"Convocatoria &nbsp;Cuerpo General Administrativo de 35 plazas&nbsp;especialidad tr\u00e1fico sistema acceso libre.  - Noticas de oposiciones por Academia Emplea-te","og_description":"\u00a0Se publica hoy en el BOE n\u00famero 33 de fecha 7 de febrero la convocatoria de 35 plazas en el Cuerpo General Administrativo (especialidad tr\u00e1fico) por el sistema de acceso libre. Enlace a resoluci\u00f3n","og_url":"https:\/\/www.emplea-te.com\/noticias-oposiciones\/convocatoria-cuerpo-general-administrativo-de-35-plazas-especialidad-trafico-sistema-acceso-libre\/","og_site_name":"Noticas de oposiciones por Academia Emplea-te","article_publisher":"https:\/\/www.facebook.com\/AcademiaEmpleate\/","article_published_time":"2019-02-06T23:00:00+00:00","author":"Empleate","twitter_card":"summary_large_image","twitter_creator":"@Emplea_Te","twitter_site":"@Emplea_Te","twitter_misc":{"Escrito por":"Empleate","Tiempo de lectura":"1 minuto"},"schema":{"@context":"https:\/\/schema.org","@graph":[{"@type":"Article","@id":"https:\/\/www.emplea-te.com\/noticias-oposiciones\/convocatoria-cuerpo-general-administrativo-de-35-plazas-especialidad-trafico-sistema-acceso-libre\/#article","isPartOf":{"@id":"https:\/\/www.emplea-te.com\/noticias-oposiciones\/convocatoria-cuerpo-general-administrativo-de-35-plazas-especialidad-trafico-sistema-acceso-libre\/"},"author":{"name":"Empleate","@id":"https:\/\/www.emplea-te.com\/noticias-oposiciones\/#\/schema\/person\/d1bc587e1af2b95e9c32aba1795509a6"},"headline":"Convocatoria &nbsp;Cuerpo General Administrativo de 35 plazas&nbsp;especialidad tr\u00e1fico sistema acceso libre.","datePublished":"2019-02-06T23:00:00+00:00","mainEntityOfPage":{"@id":"https:\/\/www.emplea-te.com\/noticias-oposiciones\/convocatoria-cuerpo-general-administrativo-de-35-plazas-especialidad-trafico-sistema-acceso-libre\/"},"wordCount":146,"commentCount":0,"publisher":{"@id":"https:\/\/www.emplea-te.com\/noticias-oposiciones\/#organization"},"inLanguage":"es","potentialAction":[{"@type":"CommentAction","name":"Comment","target":["https:\/\/www.emplea-te.com\/noticias-oposiciones\/convocatoria-cuerpo-general-administrativo-de-35-plazas-especialidad-trafico-sistema-acceso-libre\/#respond"]}]},{"@type":"WebPage","@id":"https:\/\/www.emplea-te.com\/noticias-oposiciones\/convocatoria-cuerpo-general-administrativo-de-35-plazas-especialidad-trafico-sistema-acceso-libre\/","url":"https:\/\/www.emplea-te.com\/noticias-oposiciones\/convocatoria-cuerpo-general-administrativo-de-35-plazas-especialidad-trafico-sistema-acceso-libre\/","name":"Convocatoria &nbsp;Cuerpo General Administrativo de 35 plazas&nbsp;especialidad tr\u00e1fico sistema acceso libre. - Noticas de oposiciones por Academia Emplea-te","isPartOf":{"@id":"https:\/\/www.emplea-te.com\/noticias-oposiciones\/#website"},"datePublished":"2019-02-06T23:00:00+00:00","description":"\u00a0Se publica hoy en el BOE n\u00famero 33 de fecha 7 de febrero la convocatoria de 35 plazas en el Cuerpo General Administrativo (especialidad tr\u00e1fico) por el sistema de acceso libre. Enlace a resoluci\u00f3n","breadcrumb":{"@id":"https:\/\/www.emplea-te.com\/noticias-oposiciones\/convocatoria-cuerpo-general-administrativo-de-35-plazas-especialidad-trafico-sistema-acceso-libre\/#breadcrumb"},"inLanguage":"es","potentialAction":[{"@type":"ReadAction","target":["https:\/\/www.emplea-te.com\/noticias-oposiciones\/convocatoria-cuerpo-general-administrativo-de-35-plazas-especialidad-trafico-sistema-acceso-libre\/"]}]},{"@type":"BreadcrumbList","@id":"https:\/\/www.emplea-te.com\/noticias-oposiciones\/convocatoria-cuerpo-general-administrativo-de-35-plazas-especialidad-trafico-sistema-acceso-libre\/#breadcrumb","itemListElement":[{"@type":"ListItem","position":1,"name":"Noticias Oposiciones","item":"https:\/\/www.emplea-te.com\/noticias-oposiciones\/"},{"@type":"ListItem","position":2,"name":"Convocatoria &nbsp;Cuerpo General Administrativo de 35 plazas&nbsp;especialidad tr\u00e1fico sistema acceso libre."}]},{"@type":"WebSite","@id":"https:\/\/www.emplea-te.com\/noticias-oposiciones\/#website","url":"https:\/\/www.emplea-te.com\/noticias-oposiciones\/","name":"Noticas de oposiciones por Academia Emplea-te","description":"Toda la actualidad de las ofertas y convocatorias.","publisher":{"@id":"https:\/\/www.emplea-te.com\/noticias-oposiciones\/#organization"},"potentialAction":[{"@type":"SearchAction","target":{"@type":"EntryPoint","urlTemplate":"https:\/\/www.emplea-te.com\/noticias-oposiciones\/?s={search_term_string}"},"query-input":{"@type":"PropertyValueSpecification","valueRequired":true,"valueName":"search_term_string"}}],"inLanguage":"es"},{"@type":"Organization","@id":"https:\/\/www.emplea-te.com\/noticias-oposiciones\/#organization","name":"Academia de oposiciones Empl\u00e9ate","url":"https:\/\/www.emplea-te.com\/noticias-oposiciones\/","logo":{"@type":"ImageObject","inLanguage":"es","@id":"https:\/\/www.emplea-te.com\/noticias-oposiciones\/#\/schema\/logo\/image\/","url":"https:\/\/www.emplea-te.com\/noticias-oposiciones\/wp-content\/uploads\/2019\/04\/empleate.jpg","contentUrl":"https:\/\/www.emplea-te.com\/noticias-oposiciones\/wp-content\/uploads\/2019\/04\/empleate.jpg","width":250,"height":150,"caption":"Academia de oposiciones Empl\u00e9ate"},"image":{"@id":"https:\/\/www.emplea-te.com\/noticias-oposiciones\/#\/schema\/logo\/image\/"},"sameAs":["https:\/\/www.facebook.com\/AcademiaEmpleate\/","https:\/\/x.com\/Emplea_Te","https:\/\/www.instagram.com\/academia_empleate\/"]},{"@type":"Person","@id":"https:\/\/www.emplea-te.com\/noticias-oposiciones\/#\/schema\/person\/d1bc587e1af2b95e9c32aba1795509a6","name":"Empleate"}]}},"_links":{"self":[{"href":"https:\/\/www.emplea-te.com\/noticias-oposiciones\/wp-json\/wp\/v2\/posts\/1336","targetHints":{"allow":["GET"]}}],"collection":[{"href":"https:\/\/www.emplea-te.com\/noticias-oposiciones\/wp-json\/wp\/v2\/posts"}],"about":[{"href":"https:\/\/www.emplea-te.com\/noticias-oposiciones\/wp-json\/wp\/v2\/types\/post"}],"author":[{"embeddable":true,"href":"https:\/\/www.emplea-te.com\/noticias-oposiciones\/wp-json\/wp\/v2\/users\/1"}],"replies":[{"embeddable":true,"href":"https:\/\/www.emplea-te.com\/noticias-oposiciones\/wp-json\/wp\/v2\/comments?post=1336"}],"version-history":[{"count":0,"href":"https:\/\/www.emplea-te.com\/noticias-oposiciones\/wp-json\/wp\/v2\/posts\/1336\/revisions"}],"wp:attachment":[{"href":"https:\/\/www.emplea-te.com\/noticias-oposiciones\/wp-json\/wp\/v2\/media?parent=1336"}],"wp:term":[{"taxonomy":"category","embeddable":true,"href":"https:\/\/www.emplea-te.com\/noticias-oposiciones\/wp-json\/wp\/v2\/categories?post=1336"},{"taxonomy":"post_tag","embeddable":true,"href":"https:\/\/www.emplea-te.com\/noticias-oposiciones\/wp-json\/wp\/v2\/tags?post=1336"}],"curies":[{"name":"wp","href":"https:\/\/api.w.org\/{rel}","templated":true}]}}